{"id":11882,"date":"2022-10-17T15:36:49","date_gmt":"2022-10-17T15:36:49","guid":{"rendered":"https:\/\/www.valparaisocreativo.cl\/?p=11882"},"modified":"2022-10-24T20:33:04","modified_gmt":"2022-10-24T20:33:04","slug":"fifv-vuelve-a-tomarse-la-ciudad-tras-dos-anos-de-realidad-virtualizada","status":"publish","type":"post","link":"https:\/\/dev.antudigital.cl\/sites\/vc\/fifv-vuelve-a-tomarse-la-ciudad-tras-dos-anos-de-realidad-virtualizada\/","title":{"rendered":"FIFV vuelve a tomarse la ciudad tras dos a\u00f1os de realidad virtualizada"},"content":{"rendered":"\n<p>Las plataformas virtuales quedan atr\u00e1s y el puerto vuelve a ser el epicentro del arte de escribir con luz con la nueva versi\u00f3n del <strong>Festival Internacional de Fotograf\u00eda de Valpara\u00edso que se realizar\u00e1 del 23 hasta al 30 de octubre,<\/strong> una semana para reencontrarse en torno a las im\u00e1genes, la experimentaci\u00f3n y el trabajo en terreno de fot\u00f3grafos y fot\u00f3grafas de Chile y el mundo.\u00a0\u00a0<strong>Su inauguraci\u00f3n es a las 18:00hrs. del 26 de octubre en el Teatro del parque cultural de Valpara\u00edso.<\/strong><\/p>\n\n\n\n<p>\u201cEl FIFV siempre se ha planteado como un espacio y tiempo de relaciones humanas, de encuentro, de acompa\u00f1arse, de escucharse y de mirarse entre pares, hacia afuera y tambi\u00e9n hacia uno mismo (\u2026) Pasamos dos a\u00f1os donde eso fue muy maltratado, donde las relaciones sencillas, pero vitales, fueron perturbadas y entonces este a\u00f1o el festival vuelve a la calle, vuelve a provocar esa comuni\u00f3n entre las personas\u201d, reflexiona Rodrigo G\u00f3mez Rovira, director art\u00edstico del Festival Internacional de Fotograf\u00eda de Valpara\u00edso, un proyecto financiado por el Fondo de Desarrollo Cultural y las Artes, Convocatoria 2022.<\/p>\n\n\n\n<figure class=\"wp-block-image size-large\"><img fetchpriority=\"high\" decoding=\"async\" width=\"1024\" height=\"684\" src=\"https:\/\/www.valparaisocreativo.cl\/wp-content\/uploads\/2022\/10\/Archivo-FIFV-2019_Parque-Cultural-de-Valparai\u0301so-3-1024x684.jpg\" alt=\"\" class=\"wp-image-11884\" srcset=\"https:\/\/dev.antudigital.cl\/sites\/vc\/wp-content\/uploads\/2022\/10\/Archivo-FIFV-2019_Parque-Cultural-de-Valparai\u0301so-3-1024x684.jpg 1024w, https:\/\/dev.antudigital.cl\/sites\/vc\/wp-content\/uploads\/2022\/10\/Archivo-FIFV-2019_Parque-Cultural-de-Valparai\u0301so-3-300x200.jpg 300w, https:\/\/dev.antudigital.cl\/sites\/vc\/wp-content\/uploads\/2022\/10\/Archivo-FIFV-2019_Parque-Cultural-de-Valparai\u0301so-3-768x513.jpg 768w, https:\/\/dev.antudigital.cl\/sites\/vc\/wp-content\/uploads\/2022\/10\/Archivo-FIFV-2019_Parque-Cultural-de-Valparai\u0301so-3-1536x1026.jpg 1536w, https:\/\/dev.antudigital.cl\/sites\/vc\/wp-content\/uploads\/2022\/10\/Archivo-FIFV-2019_Parque-Cultural-de-Valparai\u0301so-3-2048x1367.jpg 2048w, https:\/\/dev.antudigital.cl\/sites\/vc\/wp-content\/uploads\/2022\/10\/Archivo-FIFV-2019_Parque-Cultural-de-Valparai\u0301so-3-1080x721.jpg 1080w, https:\/\/dev.antudigital.cl\/sites\/vc\/wp-content\/uploads\/2022\/10\/Archivo-FIFV-2019_Parque-Cultural-de-Valparai\u0301so-3-1280x855.jpg 1280w, https:\/\/dev.antudigital.cl\/sites\/vc\/wp-content\/uploads\/2022\/10\/Archivo-FIFV-2019_Parque-Cultural-de-Valparai\u0301so-3-980x654.jpg 980w, https:\/\/dev.antudigital.cl\/sites\/vc\/wp-content\/uploads\/2022\/10\/Archivo-FIFV-2019_Parque-Cultural-de-Valparai\u0301so-3-480x320.jpg 480w\" sizes=\"(max-width: 1024px) 100vw, 1024px\" \/><\/figure>\n\n\n\n<p><strong>Exposiciones<\/strong><\/p>\n\n\n\n<p><strong>La exposici\u00f3n \u201cRa\u00edz &amp; Caos\u201d, que se inaugura el 26 de octubre a las 18:00 horas<\/strong>, contempla el resultado de la Residencia de Creaci\u00f3n que en 2021 llevaron a cabo cuatro reconocidas fot\u00f3grafas en Valpara\u00edso: Mar\u00eda Santoyo (Espa\u00f1a), Gisela Vol\u00e1 (Argentina), Maya Goded (M\u00e9xico) y Catalina Martin-Chico (Francia). En el mismo montaje se presentar\u00e1 el trabajo del proyecto \u201cResonancia\u201d, un programa de colaboraci\u00f3n internacional con la participaci\u00f3n de Goethe Institut, el Instituto Franc\u00e9s de Chile y los artistas Marie Bobo (Francia-Espa\u00f1a), Piotr Zamosky (Polonia-Alemania), Bruno Roy (Francia), Laura FIorio (Alemania-Italia) y Javiera Veliz (Chile). El montaje tambi\u00e9n reunir\u00e1 el trabajo del programa de formador de formadores de Imagen Salvaje y la obra de los ganadores del Visionado de Portafolios FIFV 2022 Atoq Ram\u00f3n (Per\u00fa) y Luiza Kons (Brasil).<\/p>\n\n\n\n<p>El Parque Cultural de Valpara\u00edso tambi\u00e9n albergar\u00e1 la exposici\u00f3n que muestra la culminaci\u00f3n de todos los procesos creativos realizados durante el festival: el resultado del trabajo de las Brigadas Fotogr\u00e1ficas y de los Workshops liderados por la experimentada curadora y editora japonesa Yumi Goto, el destacado fot\u00f3grafo chileno, residente en Suecia, Nicol\u00e1s Wormull y la reconocida fot\u00f3grafa y docente peruana Pilar Pedraza. <strong>La exhibici\u00f3n se presenta el 30 de octubre como hito de cierre del FIFV 2022.<\/strong><\/p>\n\n\n\n<figure class=\"wp-block-image size-large\"><img decoding=\"async\" width=\"1024\" height=\"683\" src=\"https:\/\/www.valparaisocreativo.cl\/wp-content\/uploads\/2022\/10\/2_Catalina-Martin-Chico-1024x683.jpg\" alt=\"\" class=\"wp-image-11885\" srcset=\"https:\/\/dev.antudigital.cl\/sites\/vc\/wp-content\/uploads\/2022\/10\/2_Catalina-Martin-Chico-1024x683.jpg 1024w, https:\/\/dev.antudigital.cl\/sites\/vc\/wp-content\/uploads\/2022\/10\/2_Catalina-Martin-Chico-300x200.jpg 300w, https:\/\/dev.antudigital.cl\/sites\/vc\/wp-content\/uploads\/2022\/10\/2_Catalina-Martin-Chico-768x512.jpg 768w, https:\/\/dev.antudigital.cl\/sites\/vc\/wp-content\/uploads\/2022\/10\/2_Catalina-Martin-Chico-1536x1024.jpg 1536w, https:\/\/dev.antudigital.cl\/sites\/vc\/wp-content\/uploads\/2022\/10\/2_Catalina-Martin-Chico-2048x1365.jpg 2048w, https:\/\/dev.antudigital.cl\/sites\/vc\/wp-content\/uploads\/2022\/10\/2_Catalina-Martin-Chico-1080x720.jpg 1080w, https:\/\/dev.antudigital.cl\/sites\/vc\/wp-content\/uploads\/2022\/10\/2_Catalina-Martin-Chico-1280x854.jpg 1280w, https:\/\/dev.antudigital.cl\/sites\/vc\/wp-content\/uploads\/2022\/10\/2_Catalina-Martin-Chico-980x653.jpg 980w, https:\/\/dev.antudigital.cl\/sites\/vc\/wp-content\/uploads\/2022\/10\/2_Catalina-Martin-Chico-480x320.jpg 480w\" sizes=\"(max-width: 1024px) 100vw, 1024px\" \/><figcaption>Catalina Martin Chico<\/figcaption><\/figure>\n\n\n\n<p>En la decimotercera versi\u00f3n del FIFV, gracias a un trabajo colaborativo entre el Museo Municipal de Bellas Artes de Valpara\u00edso, Cenfoto de la Universidad Diego Portales y el FIFV, el Palacio Baburizza <strong>abrir\u00e1 sus puertas el 28 de octubre al mediod\u00eda para recibir la exposici\u00f3n \u201cColecci\u00f3n Valpara\u00edso\u201d, <\/strong>un proyecto editorial que recopila el trabajo fotogr\u00e1fico que distintos autores nacionales e internacionales llevaron a cabo residencias de creaci\u00f3n en el puerto de 2010 a 2022.&nbsp;&nbsp;<\/p>\n\n\n\n<p>\u201cEs una muestra que pone en valor el poder narrativo de la fotograf\u00eda y expone el proyecto editorial de FIFV Ediciones que re\u00fane 15 publicaciones que dan cuenta de nuestra \u00e9poca desde Valpara\u00edso. Se trata de fotolibros realizados con la escritura visual de 15 autores invitados a posar una mirada sobre las realidades que constituyen nuestro cotidiano\u201d, explica el director art\u00edstico del festival.&nbsp;<\/p>\n\n\n\n<p><strong>Di\u00e1logos Fotogr\u00e1ficos<\/strong><\/p>\n\n\n\n<p>A partir del <strong>26 de octubre<\/strong>, la Sala Estudio del Parque Cultural de Valpara\u00edso ser\u00e1 el punto de encuentro y reflexi\u00f3n en torno a la imagen. Entre otros encuentros, Yumi Goto, Nicol\u00e1s Wormull y Pilar Pedraza liderar\u00e1n conversaciones sobre su experiencia y trabajo autoral; Javier \u00c1lvarez, Marcos Zegers y Catalina Juger Cerda nos presentar\u00e1n sus recientes libros y Caption Magazine compartir\u00e1 el proceso de diagramaci\u00f3n de su revista en vivo.<\/p>\n\n\n\n<p>La programaci\u00f3n completa del FIFV 2022 est\u00e1 disponible en <a href=\"http:\/\/www.fifv.cl\">www.fifv.cl<\/a><\/p>\n\n\n","protected":false},"excerpt":{"rendered":"<p>Las plataformas virtuales quedan atr\u00e1s y el puerto vuelve a ser el epicentro del arte de escribir con luz con la nueva versi\u00f3n del Festival Internacional de Fotograf\u00eda de Valpara\u00edso que se realizar\u00e1 del 23 hasta al 30 de octubre, una semana para reencontrarse en torno a las im\u00e1genes, la experimentaci\u00f3n y el trabajo en [&hellip;]<\/p>\n","protected":false},"author":1,"featured_media":11883,"comment_status":"open","ping_status":"closed","sticky":false,"template":"","format":"standard","meta":{"_acf_changed":false,"footnotes":""},"categories":[8],"tags":[],"class_list":["post-11882","post","type-post","status-publish","format-standard","has-post-thumbnail","hentry","category-noticia"],"acf":[],"yoast_head":"<!-- This site is optimized with the Yoast SEO plugin v27.1.1 - https:\/\/yoast.com\/product\/yoast-seo-wordpress\/ -->\n<title>FIFV vuelve a tomarse la ciudad tras dos a\u00f1os de realidad virtualizada - Valpara\u00ed\u00adso Creativo<\/title>\n<meta name=\"robots\" content=\"index, follow, max-snippet:-1, max-image-preview:large, max-video-preview:-1\" \/>\n<link rel=\"canonical\" href=\"https:\/\/dev.antudigital.cl\/sites\/vc\/fifv-vuelve-a-tomarse-la-ciudad-tras-dos-anos-de-realidad-virtualizada\/\" \/>\n<meta property=\"og:locale\" content=\"es_ES\" \/>\n<meta property=\"og:type\" content=\"article\" \/>\n<meta property=\"og:title\" content=\"FIFV vuelve a tomarse la ciudad tras dos a\u00f1os de realidad virtualizada - Valpara\u00ed\u00adso Creativo\" \/>\n<meta property=\"og:description\" content=\"Las plataformas virtuales quedan atr\u00e1s y el puerto vuelve a ser el epicentro del arte de escribir con luz con la nueva versi\u00f3n del Festival Internacional de Fotograf\u00eda de Valpara\u00edso que se realizar\u00e1 del 23 hasta al 30 de octubre, una semana para reencontrarse en torno a las im\u00e1genes, la experimentaci\u00f3n y el trabajo en [&hellip;]\" \/>\n<meta property=\"og:url\" content=\"https:\/\/dev.antudigital.cl\/sites\/vc\/fifv-vuelve-a-tomarse-la-ciudad-tras-dos-anos-de-realidad-virtualizada\/\" \/>\n<meta property=\"og:site_name\" content=\"Valpara\u00ed\u00adso Creativo\" \/>\n<meta property=\"article:published_time\" content=\"2022-10-17T15:36:49+00:00\" \/>\n<meta property=\"article:modified_time\" content=\"2022-10-24T20:33:04+00:00\" \/>\n<meta property=\"og:image\" content=\"https:\/\/dev.antudigital.cl\/sites\/vc\/wp-content\/uploads\/2022\/10\/221014_fifv_banner_afiche5.png\" \/>\n\t<meta property=\"og:image:width\" content=\"2917\" \/>\n\t<meta property=\"og:image:height\" content=\"1292\" \/>\n\t<meta property=\"og:image:type\" content=\"image\/png\" \/>\n<meta name=\"author\" content=\"Valpara\u00edso Creativo\" \/>\n<meta name=\"twitter:card\" content=\"summary_large_image\" \/>\n<meta name=\"twitter:label1\" content=\"Escrito por\" \/>\n\t<meta name=\"twitter:data1\" content=\"Valpara\u00edso Creativo\" \/>\n\t<meta name=\"twitter:label2\" content=\"Tiempo de lectura\" \/>\n\t<meta name=\"twitter:data2\" content=\"4 minutos\" \/>\n<script type=\"application\/ld+json\" class=\"yoast-schema-graph\">{\"@context\":\"https:\/\/schema.org\",\"@graph\":[{\"@type\":\"Article\",\"@id\":\"https:\/\/dev.antudigital.cl\/sites\/vc\/fifv-vuelve-a-tomarse-la-ciudad-tras-dos-anos-de-realidad-virtualizada\/#article\",\"isPartOf\":{\"@id\":\"https:\/\/dev.antudigital.cl\/sites\/vc\/fifv-vuelve-a-tomarse-la-ciudad-tras-dos-anos-de-realidad-virtualizada\/\"},\"author\":{\"name\":\"Valpara\u00edso Creativo\",\"@id\":\"https:\/\/dev.antudigital.cl\/sites\/vc\/#\/schema\/person\/c2b9da8dd545e27166fc5ab232837318\"},\"headline\":\"FIFV vuelve a tomarse la ciudad tras dos a\u00f1os de realidad virtualizada\",\"datePublished\":\"2022-10-17T15:36:49+00:00\",\"dateModified\":\"2022-10-24T20:33:04+00:00\",\"mainEntityOfPage\":{\"@id\":\"https:\/\/dev.antudigital.cl\/sites\/vc\/fifv-vuelve-a-tomarse-la-ciudad-tras-dos-anos-de-realidad-virtualizada\/\"},\"wordCount\":668,\"commentCount\":0,\"image\":{\"@id\":\"https:\/\/dev.antudigital.cl\/sites\/vc\/fifv-vuelve-a-tomarse-la-ciudad-tras-dos-anos-de-realidad-virtualizada\/#primaryimage\"},\"thumbnailUrl\":\"https:\/\/dev.antudigital.cl\/sites\/vc\/wp-content\/uploads\/2022\/10\/221014_fifv_banner_afiche5.png\",\"articleSection\":[\"Noticia\"],\"inLanguage\":\"es\",\"potentialAction\":[{\"@type\":\"CommentAction\",\"name\":\"Comment\",\"target\":[\"https:\/\/dev.antudigital.cl\/sites\/vc\/fifv-vuelve-a-tomarse-la-ciudad-tras-dos-anos-de-realidad-virtualizada\/#respond\"]}]},{\"@type\":\"WebPage\",\"@id\":\"https:\/\/dev.antudigital.cl\/sites\/vc\/fifv-vuelve-a-tomarse-la-ciudad-tras-dos-anos-de-realidad-virtualizada\/\",\"url\":\"https:\/\/dev.antudigital.cl\/sites\/vc\/fifv-vuelve-a-tomarse-la-ciudad-tras-dos-anos-de-realidad-virtualizada\/\",\"name\":\"FIFV vuelve a tomarse la ciudad tras dos a\u00f1os de realidad virtualizada - Valpara\u00ed\u00adso Creativo\",\"isPartOf\":{\"@id\":\"https:\/\/dev.antudigital.cl\/sites\/vc\/#website\"},\"primaryImageOfPage\":{\"@id\":\"https:\/\/dev.antudigital.cl\/sites\/vc\/fifv-vuelve-a-tomarse-la-ciudad-tras-dos-anos-de-realidad-virtualizada\/#primaryimage\"},\"image\":{\"@id\":\"https:\/\/dev.antudigital.cl\/sites\/vc\/fifv-vuelve-a-tomarse-la-ciudad-tras-dos-anos-de-realidad-virtualizada\/#primaryimage\"},\"thumbnailUrl\":\"https:\/\/dev.antudigital.cl\/sites\/vc\/wp-content\/uploads\/2022\/10\/221014_fifv_banner_afiche5.png\",\"datePublished\":\"2022-10-17T15:36:49+00:00\",\"dateModified\":\"2022-10-24T20:33:04+00:00\",\"author\":{\"@id\":\"https:\/\/dev.antudigital.cl\/sites\/vc\/#\/schema\/person\/c2b9da8dd545e27166fc5ab232837318\"},\"breadcrumb\":{\"@id\":\"https:\/\/dev.antudigital.cl\/sites\/vc\/fifv-vuelve-a-tomarse-la-ciudad-tras-dos-anos-de-realidad-virtualizada\/#breadcrumb\"},\"inLanguage\":\"es\",\"potentialAction\":[{\"@type\":\"ReadAction\",\"target\":[\"https:\/\/dev.antudigital.cl\/sites\/vc\/fifv-vuelve-a-tomarse-la-ciudad-tras-dos-anos-de-realidad-virtualizada\/\"]}]},{\"@type\":\"ImageObject\",\"inLanguage\":\"es\",\"@id\":\"https:\/\/dev.antudigital.cl\/sites\/vc\/fifv-vuelve-a-tomarse-la-ciudad-tras-dos-anos-de-realidad-virtualizada\/#primaryimage\",\"url\":\"https:\/\/dev.antudigital.cl\/sites\/vc\/wp-content\/uploads\/2022\/10\/221014_fifv_banner_afiche5.png\",\"contentUrl\":\"https:\/\/dev.antudigital.cl\/sites\/vc\/wp-content\/uploads\/2022\/10\/221014_fifv_banner_afiche5.png\",\"width\":2917,\"height\":1292},{\"@type\":\"BreadcrumbList\",\"@id\":\"https:\/\/dev.antudigital.cl\/sites\/vc\/fifv-vuelve-a-tomarse-la-ciudad-tras-dos-anos-de-realidad-virtualizada\/#breadcrumb\",\"itemListElement\":[{\"@type\":\"ListItem\",\"position\":1,\"name\":\"Home\",\"item\":\"https:\/\/dev.antudigital.cl\/sites\/vc\/\"},{\"@type\":\"ListItem\",\"position\":2,\"name\":\"FIFV vuelve a tomarse la ciudad tras dos a\u00f1os de realidad virtualizada\"}]},{\"@type\":\"WebSite\",\"@id\":\"https:\/\/dev.antudigital.cl\/sites\/vc\/#website\",\"url\":\"https:\/\/dev.antudigital.cl\/sites\/vc\/\",\"name\":\"Valpara\u00ed\u00adso Creativo\",\"description\":\"\",\"potentialAction\":[{\"@type\":\"SearchAction\",\"target\":{\"@type\":\"EntryPoint\",\"urlTemplate\":\"https:\/\/dev.antudigital.cl\/sites\/vc\/?s={search_term_string}\"},\"query-input\":{\"@type\":\"PropertyValueSpecification\",\"valueRequired\":true,\"valueName\":\"search_term_string\"}}],\"inLanguage\":\"es\"},{\"@type\":\"Person\",\"@id\":\"https:\/\/dev.antudigital.cl\/sites\/vc\/#\/schema\/person\/c2b9da8dd545e27166fc5ab232837318\",\"name\":\"Valpara\u00edso Creativo\",\"description\":\"Periodista de cultura en la Regi\u00f3n de Valpara\u00edso.\",\"url\":\"https:\/\/dev.antudigital.cl\/sites\/vc\/author\/valpoadmin\/\"}]}<\/script>\n<!-- \/ Yoast SEO plugin. -->","yoast_head_json":{"title":"FIFV vuelve a tomarse la ciudad tras dos a\u00f1os de realidad virtualizada - Valpara\u00ed\u00adso Creativo","robots":{"index":"index","follow":"follow","max-snippet":"max-snippet:-1","max-image-preview":"max-image-preview:large","max-video-preview":"max-video-preview:-1"},"canonical":"https:\/\/dev.antudigital.cl\/sites\/vc\/fifv-vuelve-a-tomarse-la-ciudad-tras-dos-anos-de-realidad-virtualizada\/","og_locale":"es_ES","og_type":"article","og_title":"FIFV vuelve a tomarse la ciudad tras dos a\u00f1os de realidad virtualizada - Valpara\u00ed\u00adso Creativo","og_description":"Las plataformas virtuales quedan atr\u00e1s y el puerto vuelve a ser el epicentro del arte de escribir con luz con la nueva versi\u00f3n del Festival Internacional de Fotograf\u00eda de Valpara\u00edso que se realizar\u00e1 del 23 hasta al 30 de octubre, una semana para reencontrarse en torno a las im\u00e1genes, la experimentaci\u00f3n y el trabajo en [&hellip;]","og_url":"https:\/\/dev.antudigital.cl\/sites\/vc\/fifv-vuelve-a-tomarse-la-ciudad-tras-dos-anos-de-realidad-virtualizada\/","og_site_name":"Valpara\u00ed\u00adso Creativo","article_published_time":"2022-10-17T15:36:49+00:00","article_modified_time":"2022-10-24T20:33:04+00:00","og_image":[{"width":2917,"height":1292,"url":"https:\/\/dev.antudigital.cl\/sites\/vc\/wp-content\/uploads\/2022\/10\/221014_fifv_banner_afiche5.png","type":"image\/png"}],"author":"Valpara\u00edso Creativo","twitter_card":"summary_large_image","twitter_misc":{"Escrito por":"Valpara\u00edso Creativo","Tiempo de lectura":"4 minutos"},"schema":{"@context":"https:\/\/schema.org","@graph":[{"@type":"Article","@id":"https:\/\/dev.antudigital.cl\/sites\/vc\/fifv-vuelve-a-tomarse-la-ciudad-tras-dos-anos-de-realidad-virtualizada\/#article","isPartOf":{"@id":"https:\/\/dev.antudigital.cl\/sites\/vc\/fifv-vuelve-a-tomarse-la-ciudad-tras-dos-anos-de-realidad-virtualizada\/"},"author":{"name":"Valpara\u00edso Creativo","@id":"https:\/\/dev.antudigital.cl\/sites\/vc\/#\/schema\/person\/c2b9da8dd545e27166fc5ab232837318"},"headline":"FIFV vuelve a tomarse la ciudad tras dos a\u00f1os de realidad virtualizada","datePublished":"2022-10-17T15:36:49+00:00","dateModified":"2022-10-24T20:33:04+00:00","mainEntityOfPage":{"@id":"https:\/\/dev.antudigital.cl\/sites\/vc\/fifv-vuelve-a-tomarse-la-ciudad-tras-dos-anos-de-realidad-virtualizada\/"},"wordCount":668,"commentCount":0,"image":{"@id":"https:\/\/dev.antudigital.cl\/sites\/vc\/fifv-vuelve-a-tomarse-la-ciudad-tras-dos-anos-de-realidad-virtualizada\/#primaryimage"},"thumbnailUrl":"https:\/\/dev.antudigital.cl\/sites\/vc\/wp-content\/uploads\/2022\/10\/221014_fifv_banner_afiche5.png","articleSection":["Noticia"],"inLanguage":"es","potentialAction":[{"@type":"CommentAction","name":"Comment","target":["https:\/\/dev.antudigital.cl\/sites\/vc\/fifv-vuelve-a-tomarse-la-ciudad-tras-dos-anos-de-realidad-virtualizada\/#respond"]}]},{"@type":"WebPage","@id":"https:\/\/dev.antudigital.cl\/sites\/vc\/fifv-vuelve-a-tomarse-la-ciudad-tras-dos-anos-de-realidad-virtualizada\/","url":"https:\/\/dev.antudigital.cl\/sites\/vc\/fifv-vuelve-a-tomarse-la-ciudad-tras-dos-anos-de-realidad-virtualizada\/","name":"FIFV vuelve a tomarse la ciudad tras dos a\u00f1os de realidad virtualizada - Valpara\u00ed\u00adso Creativo","isPartOf":{"@id":"https:\/\/dev.antudigital.cl\/sites\/vc\/#website"},"primaryImageOfPage":{"@id":"https:\/\/dev.antudigital.cl\/sites\/vc\/fifv-vuelve-a-tomarse-la-ciudad-tras-dos-anos-de-realidad-virtualizada\/#primaryimage"},"image":{"@id":"https:\/\/dev.antudigital.cl\/sites\/vc\/fifv-vuelve-a-tomarse-la-ciudad-tras-dos-anos-de-realidad-virtualizada\/#primaryimage"},"thumbnailUrl":"https:\/\/dev.antudigital.cl\/sites\/vc\/wp-content\/uploads\/2022\/10\/221014_fifv_banner_afiche5.png","datePublished":"2022-10-17T15:36:49+00:00","dateModified":"2022-10-24T20:33:04+00:00","author":{"@id":"https:\/\/dev.antudigital.cl\/sites\/vc\/#\/schema\/person\/c2b9da8dd545e27166fc5ab232837318"},"breadcrumb":{"@id":"https:\/\/dev.antudigital.cl\/sites\/vc\/fifv-vuelve-a-tomarse-la-ciudad-tras-dos-anos-de-realidad-virtualizada\/#breadcrumb"},"inLanguage":"es","potentialAction":[{"@type":"ReadAction","target":["https:\/\/dev.antudigital.cl\/sites\/vc\/fifv-vuelve-a-tomarse-la-ciudad-tras-dos-anos-de-realidad-virtualizada\/"]}]},{"@type":"ImageObject","inLanguage":"es","@id":"https:\/\/dev.antudigital.cl\/sites\/vc\/fifv-vuelve-a-tomarse-la-ciudad-tras-dos-anos-de-realidad-virtualizada\/#primaryimage","url":"https:\/\/dev.antudigital.cl\/sites\/vc\/wp-content\/uploads\/2022\/10\/221014_fifv_banner_afiche5.png","contentUrl":"https:\/\/dev.antudigital.cl\/sites\/vc\/wp-content\/uploads\/2022\/10\/221014_fifv_banner_afiche5.png","width":2917,"height":1292},{"@type":"BreadcrumbList","@id":"https:\/\/dev.antudigital.cl\/sites\/vc\/fifv-vuelve-a-tomarse-la-ciudad-tras-dos-anos-de-realidad-virtualizada\/#breadcrumb","itemListElement":[{"@type":"ListItem","position":1,"name":"Home","item":"https:\/\/dev.antudigital.cl\/sites\/vc\/"},{"@type":"ListItem","position":2,"name":"FIFV vuelve a tomarse la ciudad tras dos a\u00f1os de realidad virtualizada"}]},{"@type":"WebSite","@id":"https:\/\/dev.antudigital.cl\/sites\/vc\/#website","url":"https:\/\/dev.antudigital.cl\/sites\/vc\/","name":"Valpara\u00ed\u00adso Creativo","description":"","potentialAction":[{"@type":"SearchAction","target":{"@type":"EntryPoint","urlTemplate":"https:\/\/dev.antudigital.cl\/sites\/vc\/?s={search_term_string}"},"query-input":{"@type":"PropertyValueSpecification","valueRequired":true,"valueName":"search_term_string"}}],"inLanguage":"es"},{"@type":"Person","@id":"https:\/\/dev.antudigital.cl\/sites\/vc\/#\/schema\/person\/c2b9da8dd545e27166fc5ab232837318","name":"Valpara\u00edso Creativo","description":"Periodista de cultura en la Regi\u00f3n de Valpara\u00edso.","url":"https:\/\/dev.antudigital.cl\/sites\/vc\/author\/valpoadmin\/"}]}},"_links":{"self":[{"href":"https:\/\/dev.antudigital.cl\/sites\/vc\/wp-json\/wp\/v2\/posts\/11882","targetHints":{"allow":["GET"]}}],"collection":[{"href":"https:\/\/dev.antudigital.cl\/sites\/vc\/wp-json\/wp\/v2\/posts"}],"about":[{"href":"https:\/\/dev.antudigital.cl\/sites\/vc\/wp-json\/wp\/v2\/types\/post"}],"author":[{"embeddable":true,"href":"https:\/\/dev.antudigital.cl\/sites\/vc\/wp-json\/wp\/v2\/users\/1"}],"replies":[{"embeddable":true,"href":"https:\/\/dev.antudigital.cl\/sites\/vc\/wp-json\/wp\/v2\/comments?post=11882"}],"version-history":[{"count":4,"href":"https:\/\/dev.antudigital.cl\/sites\/vc\/wp-json\/wp\/v2\/posts\/11882\/revisions"}],"predecessor-version":[{"id":11910,"href":"https:\/\/dev.antudigital.cl\/sites\/vc\/wp-json\/wp\/v2\/posts\/11882\/revisions\/11910"}],"wp:featuredmedia":[{"embeddable":true,"href":"https:\/\/dev.antudigital.cl\/sites\/vc\/wp-json\/wp\/v2\/media\/11883"}],"wp:attachment":[{"href":"https:\/\/dev.antudigital.cl\/sites\/vc\/wp-json\/wp\/v2\/media?parent=11882"}],"wp:term":[{"taxonomy":"category","embeddable":true,"href":"https:\/\/dev.antudigital.cl\/sites\/vc\/wp-json\/wp\/v2\/categories?post=11882"},{"taxonomy":"post_tag","embeddable":true,"href":"https:\/\/dev.antudigital.cl\/sites\/vc\/wp-json\/wp\/v2\/tags?post=11882"}],"curies":[{"name":"wp","href":"https:\/\/api.w.org\/{rel}","templated":true}]}}