{"id":11888,"date":"2022-10-17T15:44:44","date_gmt":"2022-10-17T15:44:44","guid":{"rendered":"https:\/\/www.valparaisocreativo.cl\/?p=11888"},"modified":"2022-10-17T15:44:49","modified_gmt":"2022-10-17T15:44:49","slug":"nina-tormenta-se-presentara-en-espacio-la-compania","status":"publish","type":"post","link":"https:\/\/dev.antudigital.cl\/sites\/vc\/nina-tormenta-se-presentara-en-espacio-la-compania\/","title":{"rendered":"Ni\u00f1a Tormenta se presentar\u00e1 en Espacio La Compa\u00f1\u00eda"},"content":{"rendered":"\n<p>Ni\u00f1a Tormenta llega este s\u00e1bado a Espacio La Compa\u00f1\u00eda de Valpara\u00edso, un concierto en el que se podr\u00e1n escuchar las canciones de su nuevo disco <em>\u201cLas cosas lento\u201d<\/em> y en el que presentar\u00e1 a su banda, formada por Macarena Galaz (bombo leg\u00fcero y voz), Chini Ayarza (teclados y voz) y \u00c1lvaro Solar (guitarra el\u00e9ctrica), en un formato que mezcla los sonidos ac\u00fasticos con capas el\u00e9ctricas y con el cual se present\u00f3 en el festival BIME PRO de Colombia en mayo de este a\u00f1o.\u00a0<\/p>\n\n\n\n<p><strong>\u00bfConoces a Ni\u00f1a Tormenta?<\/strong><\/p>\n\n\n\n<p><strong>Ni\u00f1a Tormenta<\/strong> es el nombre del proyecto musical de la compositora autodidacta chilena <span style=\"text-decoration: underline;\">Tiare Galaz<\/span>, miembro del sello colectivo Uva Robot. Su m\u00fasica est\u00e1 sostenida principalmente en una l\u00edrica sencilla, que evoca elementos de lo cotidiano y el uso de instrumentos ac\u00fasticos como ukelele y bombo leg\u00fcero.\u00a0 El sonido de sus canciones mezcla el lazo familiar por la m\u00fasica folcl\u00f3rica, con exploraciones sonoras contempor\u00e1neas protagonizadas por el uso de capas de voces y una inclinaci\u00f3n por la simpleza. <\/p>\n\n\n\n<p>Hasta el momento ha editado el disco LOZA (2017) su primer LP, producido junto a Diego Lorenzini, con el cual recibi\u00f3 el premio Pulsar 2018 en la categor\u00eda \u201cArtista Revelaci\u00f3n\u201d y \u201cEn vivo desde Valpara\u00edso\u201d (2016), parte de la colecci\u00f3n de registros del ciclo Uva Robot en\u00a0 el programa Toma Directa, de radio Valent\u00edn Letelier de la Universidad de Valpara\u00edso. Actualmente se encuentra en proceso de grabaci\u00f3n de su nuevo disco, producido junto a Arturo Zegers, del cual ha adelantado los singles \u201cVoy a hacer las cosas lento\u201d y \u201cUna Calma\u201d.\u00a0<\/p>\n\n\n\n<p>Para m\u00e1s informaci\u00f3n sigue a <a href=\"https:\/\/www.instagram.com\/bailaryllorarproducciones\/\">Bailar y Llorar Producciones<\/a> o a<a href=\"https:\/\/www.instagram.com\/espaciolacompaniavalparaiso\/\"> Espacio La Compa\u00f1\u00eda.<\/a><\/p>\n\n\n\n<figure class=\"wp-block-image size-large\"><img fetchpriority=\"high\" decoding=\"async\" width=\"1024\" height=\"1024\" src=\"https:\/\/www.valparaisocreativo.cl\/wp-content\/uploads\/2022\/10\/image_6483441-1024x1024.jpg\" alt=\"\" class=\"wp-image-11889\" srcset=\"https:\/\/dev.antudigital.cl\/sites\/vc\/wp-content\/uploads\/2022\/10\/image_6483441-1024x1024.jpg 1024w, https:\/\/dev.antudigital.cl\/sites\/vc\/wp-content\/uploads\/2022\/10\/image_6483441-300x300.jpg 300w, https:\/\/dev.antudigital.cl\/sites\/vc\/wp-content\/uploads\/2022\/10\/image_6483441-150x150.jpg 150w, https:\/\/dev.antudigital.cl\/sites\/vc\/wp-content\/uploads\/2022\/10\/image_6483441-768x768.jpg 768w, https:\/\/dev.antudigital.cl\/sites\/vc\/wp-content\/uploads\/2022\/10\/image_6483441-1536x1536.jpg 1536w, https:\/\/dev.antudigital.cl\/sites\/vc\/wp-content\/uploads\/2022\/10\/image_6483441-1080x1080.jpg 1080w, https:\/\/dev.antudigital.cl\/sites\/vc\/wp-content\/uploads\/2022\/10\/image_6483441-1280x1280.jpg 1280w, https:\/\/dev.antudigital.cl\/sites\/vc\/wp-content\/uploads\/2022\/10\/image_6483441-980x980.jpg 980w, https:\/\/dev.antudigital.cl\/sites\/vc\/wp-content\/uploads\/2022\/10\/image_6483441-480x480.jpg 480w, https:\/\/dev.antudigital.cl\/sites\/vc\/wp-content\/uploads\/2022\/10\/image_6483441.jpg 1615w\" sizes=\"(max-width: 1024px) 100vw, 1024px\" \/><\/figure>\n","protected":false},"excerpt":{"rendered":"<p>Ni\u00f1a Tormenta llega este s\u00e1bado a Espacio La Compa\u00f1\u00eda de Valpara\u00edso, un concierto en el que se podr\u00e1n escuchar las canciones de su nuevo disco \u201cLas cosas lento\u201d y en el que presentar\u00e1 a su banda, formada por Macarena Galaz (bombo leg\u00fcero y voz), Chini Ayarza (teclados y voz) y \u00c1lvaro Solar (guitarra el\u00e9ctrica), en [&hellip;]<\/p>\n","protected":false},"author":1,"featured_media":11890,"comment_status":"open","ping_status":"closed","sticky":false,"template":"","format":"standard","meta":{"_acf_changed":false,"footnotes":""},"categories":[8],"tags":[],"class_list":["post-11888","post","type-post","status-publish","format-standard","has-post-thumbnail","hentry","category-noticia"],"acf":[],"yoast_head":"<!-- This site is optimized with the Yoast SEO plugin v27.1.1 - https:\/\/yoast.com\/product\/yoast-seo-wordpress\/ -->\n<title>Ni\u00f1a Tormenta se presentar\u00e1 en Espacio La Compa\u00f1\u00eda - Valpara\u00ed\u00adso Creativo<\/title>\n<meta name=\"robots\" content=\"index, follow, max-snippet:-1, max-image-preview:large, max-video-preview:-1\" \/>\n<link rel=\"canonical\" href=\"https:\/\/dev.antudigital.cl\/sites\/vc\/nina-tormenta-se-presentara-en-espacio-la-compania\/\" \/>\n<meta property=\"og:locale\" content=\"es_ES\" \/>\n<meta property=\"og:type\" content=\"article\" \/>\n<meta property=\"og:title\" content=\"Ni\u00f1a Tormenta se presentar\u00e1 en Espacio La Compa\u00f1\u00eda - Valpara\u00ed\u00adso Creativo\" \/>\n<meta property=\"og:description\" content=\"Ni\u00f1a Tormenta llega este s\u00e1bado a Espacio La Compa\u00f1\u00eda de Valpara\u00edso, un concierto en el que se podr\u00e1n escuchar las canciones de su nuevo disco \u201cLas cosas lento\u201d y en el que presentar\u00e1 a su banda, formada por Macarena Galaz (bombo leg\u00fcero y voz), Chini Ayarza (teclados y voz) y \u00c1lvaro Solar (guitarra el\u00e9ctrica), en [&hellip;]\" \/>\n<meta property=\"og:url\" content=\"https:\/\/dev.antudigital.cl\/sites\/vc\/nina-tormenta-se-presentara-en-espacio-la-compania\/\" \/>\n<meta property=\"og:site_name\" content=\"Valpara\u00ed\u00adso Creativo\" \/>\n<meta property=\"article:published_time\" content=\"2022-10-17T15:44:44+00:00\" \/>\n<meta property=\"article:modified_time\" content=\"2022-10-17T15:44:49+00:00\" \/>\n<meta property=\"og:image\" content=\"https:\/\/dev.antudigital.cl\/sites\/vc\/wp-content\/uploads\/2022\/10\/Chile-Nin\u0303a-Tormenta-\u2013-Loza.jpg\" \/>\n\t<meta property=\"og:image:width\" content=\"960\" \/>\n\t<meta property=\"og:image:height\" content=\"538\" \/>\n\t<meta property=\"og:image:type\" content=\"image\/jpeg\" \/>\n<meta name=\"author\" content=\"Valpara\u00edso Creativo\" \/>\n<meta name=\"twitter:card\" content=\"summary_large_image\" \/>\n<meta name=\"twitter:label1\" content=\"Escrito por\" \/>\n\t<meta name=\"twitter:data1\" content=\"Valpara\u00edso Creativo\" \/>\n\t<meta name=\"twitter:label2\" content=\"Tiempo de lectura\" \/>\n\t<meta name=\"twitter:data2\" content=\"2 minutos\" \/>\n<script type=\"application\/ld+json\" class=\"yoast-schema-graph\">{\"@context\":\"https:\/\/schema.org\",\"@graph\":[{\"@type\":\"Article\",\"@id\":\"https:\/\/dev.antudigital.cl\/sites\/vc\/nina-tormenta-se-presentara-en-espacio-la-compania\/#article\",\"isPartOf\":{\"@id\":\"https:\/\/dev.antudigital.cl\/sites\/vc\/nina-tormenta-se-presentara-en-espacio-la-compania\/\"},\"author\":{\"name\":\"Valpara\u00edso Creativo\",\"@id\":\"https:\/\/dev.antudigital.cl\/sites\/vc\/#\/schema\/person\/c2b9da8dd545e27166fc5ab232837318\"},\"headline\":\"Ni\u00f1a Tormenta se presentar\u00e1 en Espacio La Compa\u00f1\u00eda\",\"datePublished\":\"2022-10-17T15:44:44+00:00\",\"dateModified\":\"2022-10-17T15:44:49+00:00\",\"mainEntityOfPage\":{\"@id\":\"https:\/\/dev.antudigital.cl\/sites\/vc\/nina-tormenta-se-presentara-en-espacio-la-compania\/\"},\"wordCount\":307,\"commentCount\":0,\"image\":{\"@id\":\"https:\/\/dev.antudigital.cl\/sites\/vc\/nina-tormenta-se-presentara-en-espacio-la-compania\/#primaryimage\"},\"thumbnailUrl\":\"https:\/\/dev.antudigital.cl\/sites\/vc\/wp-content\/uploads\/2022\/10\/Chile-Nin\u0303a-Tormenta-\u2013-Loza.jpg\",\"articleSection\":[\"Noticia\"],\"inLanguage\":\"es\",\"potentialAction\":[{\"@type\":\"CommentAction\",\"name\":\"Comment\",\"target\":[\"https:\/\/dev.antudigital.cl\/sites\/vc\/nina-tormenta-se-presentara-en-espacio-la-compania\/#respond\"]}]},{\"@type\":\"WebPage\",\"@id\":\"https:\/\/dev.antudigital.cl\/sites\/vc\/nina-tormenta-se-presentara-en-espacio-la-compania\/\",\"url\":\"https:\/\/dev.antudigital.cl\/sites\/vc\/nina-tormenta-se-presentara-en-espacio-la-compania\/\",\"name\":\"Ni\u00f1a Tormenta se presentar\u00e1 en Espacio La Compa\u00f1\u00eda - Valpara\u00ed\u00adso Creativo\",\"isPartOf\":{\"@id\":\"https:\/\/dev.antudigital.cl\/sites\/vc\/#website\"},\"primaryImageOfPage\":{\"@id\":\"https:\/\/dev.antudigital.cl\/sites\/vc\/nina-tormenta-se-presentara-en-espacio-la-compania\/#primaryimage\"},\"image\":{\"@id\":\"https:\/\/dev.antudigital.cl\/sites\/vc\/nina-tormenta-se-presentara-en-espacio-la-compania\/#primaryimage\"},\"thumbnailUrl\":\"https:\/\/dev.antudigital.cl\/sites\/vc\/wp-content\/uploads\/2022\/10\/Chile-Nin\u0303a-Tormenta-\u2013-Loza.jpg\",\"datePublished\":\"2022-10-17T15:44:44+00:00\",\"dateModified\":\"2022-10-17T15:44:49+00:00\",\"author\":{\"@id\":\"https:\/\/dev.antudigital.cl\/sites\/vc\/#\/schema\/person\/c2b9da8dd545e27166fc5ab232837318\"},\"breadcrumb\":{\"@id\":\"https:\/\/dev.antudigital.cl\/sites\/vc\/nina-tormenta-se-presentara-en-espacio-la-compania\/#breadcrumb\"},\"inLanguage\":\"es\",\"potentialAction\":[{\"@type\":\"ReadAction\",\"target\":[\"https:\/\/dev.antudigital.cl\/sites\/vc\/nina-tormenta-se-presentara-en-espacio-la-compania\/\"]}]},{\"@type\":\"ImageObject\",\"inLanguage\":\"es\",\"@id\":\"https:\/\/dev.antudigital.cl\/sites\/vc\/nina-tormenta-se-presentara-en-espacio-la-compania\/#primaryimage\",\"url\":\"https:\/\/dev.antudigital.cl\/sites\/vc\/wp-content\/uploads\/2022\/10\/Chile-Nin\u0303a-Tormenta-\u2013-Loza.jpg\",\"contentUrl\":\"https:\/\/dev.antudigital.cl\/sites\/vc\/wp-content\/uploads\/2022\/10\/Chile-Nin\u0303a-Tormenta-\u2013-Loza.jpg\",\"width\":960,\"height\":538},{\"@type\":\"BreadcrumbList\",\"@id\":\"https:\/\/dev.antudigital.cl\/sites\/vc\/nina-tormenta-se-presentara-en-espacio-la-compania\/#breadcrumb\",\"itemListElement\":[{\"@type\":\"ListItem\",\"position\":1,\"name\":\"Home\",\"item\":\"https:\/\/dev.antudigital.cl\/sites\/vc\/\"},{\"@type\":\"ListItem\",\"position\":2,\"name\":\"Ni\u00f1a Tormenta se presentar\u00e1 en Espacio La Compa\u00f1\u00eda\"}]},{\"@type\":\"WebSite\",\"@id\":\"https:\/\/dev.antudigital.cl\/sites\/vc\/#website\",\"url\":\"https:\/\/dev.antudigital.cl\/sites\/vc\/\",\"name\":\"Valpara\u00ed\u00adso Creativo\",\"description\":\"\",\"potentialAction\":[{\"@type\":\"SearchAction\",\"target\":{\"@type\":\"EntryPoint\",\"urlTemplate\":\"https:\/\/dev.antudigital.cl\/sites\/vc\/?s={search_term_string}\"},\"query-input\":{\"@type\":\"PropertyValueSpecification\",\"valueRequired\":true,\"valueName\":\"search_term_string\"}}],\"inLanguage\":\"es\"},{\"@type\":\"Person\",\"@id\":\"https:\/\/dev.antudigital.cl\/sites\/vc\/#\/schema\/person\/c2b9da8dd545e27166fc5ab232837318\",\"name\":\"Valpara\u00edso Creativo\",\"description\":\"Periodista de cultura en la Regi\u00f3n de Valpara\u00edso.\",\"url\":\"https:\/\/dev.antudigital.cl\/sites\/vc\/author\/valpoadmin\/\"}]}<\/script>\n<!-- \/ Yoast SEO plugin. -->","yoast_head_json":{"title":"Ni\u00f1a Tormenta se presentar\u00e1 en Espacio La Compa\u00f1\u00eda - Valpara\u00ed\u00adso Creativo","robots":{"index":"index","follow":"follow","max-snippet":"max-snippet:-1","max-image-preview":"max-image-preview:large","max-video-preview":"max-video-preview:-1"},"canonical":"https:\/\/dev.antudigital.cl\/sites\/vc\/nina-tormenta-se-presentara-en-espacio-la-compania\/","og_locale":"es_ES","og_type":"article","og_title":"Ni\u00f1a Tormenta se presentar\u00e1 en Espacio La Compa\u00f1\u00eda - Valpara\u00ed\u00adso Creativo","og_description":"Ni\u00f1a Tormenta llega este s\u00e1bado a Espacio La Compa\u00f1\u00eda de Valpara\u00edso, un concierto en el que se podr\u00e1n escuchar las canciones de su nuevo disco \u201cLas cosas lento\u201d y en el que presentar\u00e1 a su banda, formada por Macarena Galaz (bombo leg\u00fcero y voz), Chini Ayarza (teclados y voz) y \u00c1lvaro Solar (guitarra el\u00e9ctrica), en [&hellip;]","og_url":"https:\/\/dev.antudigital.cl\/sites\/vc\/nina-tormenta-se-presentara-en-espacio-la-compania\/","og_site_name":"Valpara\u00ed\u00adso Creativo","article_published_time":"2022-10-17T15:44:44+00:00","article_modified_time":"2022-10-17T15:44:49+00:00","og_image":[{"width":960,"height":538,"url":"https:\/\/dev.antudigital.cl\/sites\/vc\/wp-content\/uploads\/2022\/10\/Chile-Nin\u0303a-Tormenta-\u2013-Loza.jpg","type":"image\/jpeg"}],"author":"Valpara\u00edso Creativo","twitter_card":"summary_large_image","twitter_misc":{"Escrito por":"Valpara\u00edso Creativo","Tiempo de lectura":"2 minutos"},"schema":{"@context":"https:\/\/schema.org","@graph":[{"@type":"Article","@id":"https:\/\/dev.antudigital.cl\/sites\/vc\/nina-tormenta-se-presentara-en-espacio-la-compania\/#article","isPartOf":{"@id":"https:\/\/dev.antudigital.cl\/sites\/vc\/nina-tormenta-se-presentara-en-espacio-la-compania\/"},"author":{"name":"Valpara\u00edso Creativo","@id":"https:\/\/dev.antudigital.cl\/sites\/vc\/#\/schema\/person\/c2b9da8dd545e27166fc5ab232837318"},"headline":"Ni\u00f1a Tormenta se presentar\u00e1 en Espacio La Compa\u00f1\u00eda","datePublished":"2022-10-17T15:44:44+00:00","dateModified":"2022-10-17T15:44:49+00:00","mainEntityOfPage":{"@id":"https:\/\/dev.antudigital.cl\/sites\/vc\/nina-tormenta-se-presentara-en-espacio-la-compania\/"},"wordCount":307,"commentCount":0,"image":{"@id":"https:\/\/dev.antudigital.cl\/sites\/vc\/nina-tormenta-se-presentara-en-espacio-la-compania\/#primaryimage"},"thumbnailUrl":"https:\/\/dev.antudigital.cl\/sites\/vc\/wp-content\/uploads\/2022\/10\/Chile-Nin\u0303a-Tormenta-\u2013-Loza.jpg","articleSection":["Noticia"],"inLanguage":"es","potentialAction":[{"@type":"CommentAction","name":"Comment","target":["https:\/\/dev.antudigital.cl\/sites\/vc\/nina-tormenta-se-presentara-en-espacio-la-compania\/#respond"]}]},{"@type":"WebPage","@id":"https:\/\/dev.antudigital.cl\/sites\/vc\/nina-tormenta-se-presentara-en-espacio-la-compania\/","url":"https:\/\/dev.antudigital.cl\/sites\/vc\/nina-tormenta-se-presentara-en-espacio-la-compania\/","name":"Ni\u00f1a Tormenta se presentar\u00e1 en Espacio La Compa\u00f1\u00eda - Valpara\u00ed\u00adso Creativo","isPartOf":{"@id":"https:\/\/dev.antudigital.cl\/sites\/vc\/#website"},"primaryImageOfPage":{"@id":"https:\/\/dev.antudigital.cl\/sites\/vc\/nina-tormenta-se-presentara-en-espacio-la-compania\/#primaryimage"},"image":{"@id":"https:\/\/dev.antudigital.cl\/sites\/vc\/nina-tormenta-se-presentara-en-espacio-la-compania\/#primaryimage"},"thumbnailUrl":"https:\/\/dev.antudigital.cl\/sites\/vc\/wp-content\/uploads\/2022\/10\/Chile-Nin\u0303a-Tormenta-\u2013-Loza.jpg","datePublished":"2022-10-17T15:44:44+00:00","dateModified":"2022-10-17T15:44:49+00:00","author":{"@id":"https:\/\/dev.antudigital.cl\/sites\/vc\/#\/schema\/person\/c2b9da8dd545e27166fc5ab232837318"},"breadcrumb":{"@id":"https:\/\/dev.antudigital.cl\/sites\/vc\/nina-tormenta-se-presentara-en-espacio-la-compania\/#breadcrumb"},"inLanguage":"es","potentialAction":[{"@type":"ReadAction","target":["https:\/\/dev.antudigital.cl\/sites\/vc\/nina-tormenta-se-presentara-en-espacio-la-compania\/"]}]},{"@type":"ImageObject","inLanguage":"es","@id":"https:\/\/dev.antudigital.cl\/sites\/vc\/nina-tormenta-se-presentara-en-espacio-la-compania\/#primaryimage","url":"https:\/\/dev.antudigital.cl\/sites\/vc\/wp-content\/uploads\/2022\/10\/Chile-Nin\u0303a-Tormenta-\u2013-Loza.jpg","contentUrl":"https:\/\/dev.antudigital.cl\/sites\/vc\/wp-content\/uploads\/2022\/10\/Chile-Nin\u0303a-Tormenta-\u2013-Loza.jpg","width":960,"height":538},{"@type":"BreadcrumbList","@id":"https:\/\/dev.antudigital.cl\/sites\/vc\/nina-tormenta-se-presentara-en-espacio-la-compania\/#breadcrumb","itemListElement":[{"@type":"ListItem","position":1,"name":"Home","item":"https:\/\/dev.antudigital.cl\/sites\/vc\/"},{"@type":"ListItem","position":2,"name":"Ni\u00f1a Tormenta se presentar\u00e1 en Espacio La Compa\u00f1\u00eda"}]},{"@type":"WebSite","@id":"https:\/\/dev.antudigital.cl\/sites\/vc\/#website","url":"https:\/\/dev.antudigital.cl\/sites\/vc\/","name":"Valpara\u00ed\u00adso Creativo","description":"","potentialAction":[{"@type":"SearchAction","target":{"@type":"EntryPoint","urlTemplate":"https:\/\/dev.antudigital.cl\/sites\/vc\/?s={search_term_string}"},"query-input":{"@type":"PropertyValueSpecification","valueRequired":true,"valueName":"search_term_string"}}],"inLanguage":"es"},{"@type":"Person","@id":"https:\/\/dev.antudigital.cl\/sites\/vc\/#\/schema\/person\/c2b9da8dd545e27166fc5ab232837318","name":"Valpara\u00edso Creativo","description":"Periodista de cultura en la Regi\u00f3n de Valpara\u00edso.","url":"https:\/\/dev.antudigital.cl\/sites\/vc\/author\/valpoadmin\/"}]}},"_links":{"self":[{"href":"https:\/\/dev.antudigital.cl\/sites\/vc\/wp-json\/wp\/v2\/posts\/11888","targetHints":{"allow":["GET"]}}],"collection":[{"href":"https:\/\/dev.antudigital.cl\/sites\/vc\/wp-json\/wp\/v2\/posts"}],"about":[{"href":"https:\/\/dev.antudigital.cl\/sites\/vc\/wp-json\/wp\/v2\/types\/post"}],"author":[{"embeddable":true,"href":"https:\/\/dev.antudigital.cl\/sites\/vc\/wp-json\/wp\/v2\/users\/1"}],"replies":[{"embeddable":true,"href":"https:\/\/dev.antudigital.cl\/sites\/vc\/wp-json\/wp\/v2\/comments?post=11888"}],"version-history":[{"count":1,"href":"https:\/\/dev.antudigital.cl\/sites\/vc\/wp-json\/wp\/v2\/posts\/11888\/revisions"}],"predecessor-version":[{"id":11891,"href":"https:\/\/dev.antudigital.cl\/sites\/vc\/wp-json\/wp\/v2\/posts\/11888\/revisions\/11891"}],"wp:featuredmedia":[{"embeddable":true,"href":"https:\/\/dev.antudigital.cl\/sites\/vc\/wp-json\/wp\/v2\/media\/11890"}],"wp:attachment":[{"href":"https:\/\/dev.antudigital.cl\/sites\/vc\/wp-json\/wp\/v2\/media?parent=11888"}],"wp:term":[{"taxonomy":"category","embeddable":true,"href":"https:\/\/dev.antudigital.cl\/sites\/vc\/wp-json\/wp\/v2\/categories?post=11888"},{"taxonomy":"post_tag","embeddable":true,"href":"https:\/\/dev.antudigital.cl\/sites\/vc\/wp-json\/wp\/v2\/tags?post=11888"}],"curies":[{"name":"wp","href":"https:\/\/api.w.org\/{rel}","templated":true}]}}