{"id":11897,"date":"2022-10-17T20:55:29","date_gmt":"2022-10-17T20:55:29","guid":{"rendered":"https:\/\/www.valparaisocreativo.cl\/?p=11897"},"modified":"2022-10-17T20:55:43","modified_gmt":"2022-10-17T20:55:43","slug":"convocatoria-barrios-comerciales-2022","status":"publish","type":"post","link":"https:\/\/dev.antudigital.cl\/sites\/vc\/convocatoria-barrios-comerciales-2022\/","title":{"rendered":"Convocatoria: Barrios Comerciales 2022"},"content":{"rendered":"\n<p>Est\u00e1 abierta la convocatoria Barrios Comerciales 2022 de Sercotec, enfocada en el Fortalecimiento de Barrios Comerciales, a trav\u00e9s de un programa que promueve la adopci\u00f3n de estrategias asociativas a nivel de barrio comercial, buscando que, a trav\u00e9s de la cooperaci\u00f3n, las micro y peque\u00f1as empresas comerciales que lo conforman puedan aumentar su competitividad y mejorar el entorno urbano en que se desenvuelven.<\/p>\n\n\n\n<p><strong>\u00bfQu\u00e9 apoyo se entrega?<\/strong><\/p>\n\n\n\n<p>Un subsidio anual promedio de hasta 25 millones de pesos y el acompa\u00f1amiento especializado de un gestor o gestora de barrio para dise\u00f1ar de modo participativo una estrategia de desarrollo y un plan de acciones comerciales y urbanas, a ejecutar a 3 a\u00f1os, en el \u00e1mbito de la asociatividad, el mejoramiento de la oferta comercial y de los negocios del barrio, as\u00ed como del entorno urbano comercial.<\/p>\n\n\n\n<p><strong>\u00bfQui\u00e9nes pueden acceder?<\/strong><\/p>\n\n\n\n<p>Organizaciones legalmente constituidas y vigentes, con RUT ante el Servicio de Impuestos Internos o agrupaciones representadas por un mandante, compuestas por al menos 15 locales de comercios o servicios, que tengan inicio de actividades en primera categor\u00eda y domicilio en un barrio comercial que evidencie concentraci\u00f3n y continuidad relevante de comercios y una identidad reconocida como zona comercial dentro de su \u00e1rea de influencia.<\/p>\n\n\n\n<p><strong>Conoce las barrios y requisitos en <a href=\"https:\/\/www.sercotec.cl\/barrios-comerciales-2022\/\">el siguiente link<\/a>.<\/strong><\/p>\n\n\n\n<figure class=\"wp-block-image size-full\"><img fetchpriority=\"high\" decoding=\"async\" width=\"597\" height=\"592\" src=\"https:\/\/www.valparaisocreativo.cl\/wp-content\/uploads\/2022\/10\/Captura-de-Pantalla-2022-10-17-a-las-13.21.04.png\" alt=\"\" class=\"wp-image-11898\" srcset=\"https:\/\/dev.antudigital.cl\/sites\/vc\/wp-content\/uploads\/2022\/10\/Captura-de-Pantalla-2022-10-17-a-las-13.21.04.png 597w, https:\/\/dev.antudigital.cl\/sites\/vc\/wp-content\/uploads\/2022\/10\/Captura-de-Pantalla-2022-10-17-a-las-13.21.04-300x297.png 300w, https:\/\/dev.antudigital.cl\/sites\/vc\/wp-content\/uploads\/2022\/10\/Captura-de-Pantalla-2022-10-17-a-las-13.21.04-150x150.png 150w, https:\/\/dev.antudigital.cl\/sites\/vc\/wp-content\/uploads\/2022\/10\/Captura-de-Pantalla-2022-10-17-a-las-13.21.04-480x476.png 480w\" sizes=\"(max-width: 597px) 100vw, 597px\" \/><\/figure>\n","protected":false},"excerpt":{"rendered":"<p>Est\u00e1 abierta la convocatoria Barrios Comerciales 2022 de Sercotec, enfocada en el Fortalecimiento de Barrios Comerciales, a trav\u00e9s de un programa que promueve la adopci\u00f3n de estrategias asociativas a nivel de barrio comercial, buscando que, a trav\u00e9s de la cooperaci\u00f3n, las micro y peque\u00f1as empresas comerciales que lo conforman puedan aumentar su competitividad y mejorar [&hellip;]<\/p>\n","protected":false},"author":1,"featured_media":11899,"comment_status":"open","ping_status":"closed","sticky":false,"template":"","format":"standard","meta":{"_acf_changed":false,"footnotes":""},"categories":[8],"tags":[],"class_list":["post-11897","post","type-post","status-publish","format-standard","has-post-thumbnail","hentry","category-noticia"],"acf":[],"yoast_head":"<!-- This site is optimized with the Yoast SEO plugin v27.1.1 - https:\/\/yoast.com\/product\/yoast-seo-wordpress\/ -->\n<title>Convocatoria: Barrios Comerciales 2022 - Valpara\u00ed\u00adso Creativo<\/title>\n<meta name=\"robots\" content=\"index, follow, max-snippet:-1, max-image-preview:large, max-video-preview:-1\" \/>\n<link rel=\"canonical\" href=\"https:\/\/dev.antudigital.cl\/sites\/vc\/convocatoria-barrios-comerciales-2022\/\" \/>\n<meta property=\"og:locale\" content=\"es_ES\" \/>\n<meta property=\"og:type\" content=\"article\" \/>\n<meta property=\"og:title\" content=\"Convocatoria: Barrios Comerciales 2022 - Valpara\u00ed\u00adso Creativo\" \/>\n<meta property=\"og:description\" content=\"Est\u00e1 abierta la convocatoria Barrios Comerciales 2022 de Sercotec, enfocada en el Fortalecimiento de Barrios Comerciales, a trav\u00e9s de un programa que promueve la adopci\u00f3n de estrategias asociativas a nivel de barrio comercial, buscando que, a trav\u00e9s de la cooperaci\u00f3n, las micro y peque\u00f1as empresas comerciales que lo conforman puedan aumentar su competitividad y mejorar [&hellip;]\" \/>\n<meta property=\"og:url\" content=\"https:\/\/dev.antudigital.cl\/sites\/vc\/convocatoria-barrios-comerciales-2022\/\" \/>\n<meta property=\"og:site_name\" content=\"Valpara\u00ed\u00adso Creativo\" \/>\n<meta property=\"article:published_time\" content=\"2022-10-17T20:55:29+00:00\" \/>\n<meta property=\"article:modified_time\" content=\"2022-10-17T20:55:43+00:00\" \/>\n<meta property=\"og:image\" content=\"https:\/\/dev.antudigital.cl\/sites\/vc\/wp-content\/uploads\/2022\/10\/309650587_419577226993200_5060156827347587739_n.png\" \/>\n\t<meta property=\"og:image:width\" content=\"820\" \/>\n\t<meta property=\"og:image:height\" content=\"312\" \/>\n\t<meta property=\"og:image:type\" content=\"image\/png\" \/>\n<meta name=\"author\" content=\"Valpara\u00edso Creativo\" \/>\n<meta name=\"twitter:card\" content=\"summary_large_image\" \/>\n<meta name=\"twitter:label1\" content=\"Escrito por\" \/>\n\t<meta name=\"twitter:data1\" content=\"Valpara\u00edso Creativo\" \/>\n\t<meta name=\"twitter:label2\" content=\"Tiempo de lectura\" \/>\n\t<meta name=\"twitter:data2\" content=\"2 minutos\" \/>\n<script type=\"application\/ld+json\" class=\"yoast-schema-graph\">{\"@context\":\"https:\/\/schema.org\",\"@graph\":[{\"@type\":\"Article\",\"@id\":\"https:\/\/dev.antudigital.cl\/sites\/vc\/convocatoria-barrios-comerciales-2022\/#article\",\"isPartOf\":{\"@id\":\"https:\/\/dev.antudigital.cl\/sites\/vc\/convocatoria-barrios-comerciales-2022\/\"},\"author\":{\"name\":\"Valpara\u00edso Creativo\",\"@id\":\"https:\/\/dev.antudigital.cl\/sites\/vc\/#\/schema\/person\/c2b9da8dd545e27166fc5ab232837318\"},\"headline\":\"Convocatoria: Barrios Comerciales 2022\",\"datePublished\":\"2022-10-17T20:55:29+00:00\",\"dateModified\":\"2022-10-17T20:55:43+00:00\",\"mainEntityOfPage\":{\"@id\":\"https:\/\/dev.antudigital.cl\/sites\/vc\/convocatoria-barrios-comerciales-2022\/\"},\"wordCount\":219,\"commentCount\":0,\"image\":{\"@id\":\"https:\/\/dev.antudigital.cl\/sites\/vc\/convocatoria-barrios-comerciales-2022\/#primaryimage\"},\"thumbnailUrl\":\"https:\/\/dev.antudigital.cl\/sites\/vc\/wp-content\/uploads\/2022\/10\/309650587_419577226993200_5060156827347587739_n.png\",\"articleSection\":[\"Noticia\"],\"inLanguage\":\"es\",\"potentialAction\":[{\"@type\":\"CommentAction\",\"name\":\"Comment\",\"target\":[\"https:\/\/dev.antudigital.cl\/sites\/vc\/convocatoria-barrios-comerciales-2022\/#respond\"]}]},{\"@type\":\"WebPage\",\"@id\":\"https:\/\/dev.antudigital.cl\/sites\/vc\/convocatoria-barrios-comerciales-2022\/\",\"url\":\"https:\/\/dev.antudigital.cl\/sites\/vc\/convocatoria-barrios-comerciales-2022\/\",\"name\":\"Convocatoria: Barrios Comerciales 2022 - Valpara\u00ed\u00adso Creativo\",\"isPartOf\":{\"@id\":\"https:\/\/dev.antudigital.cl\/sites\/vc\/#website\"},\"primaryImageOfPage\":{\"@id\":\"https:\/\/dev.antudigital.cl\/sites\/vc\/convocatoria-barrios-comerciales-2022\/#primaryimage\"},\"image\":{\"@id\":\"https:\/\/dev.antudigital.cl\/sites\/vc\/convocatoria-barrios-comerciales-2022\/#primaryimage\"},\"thumbnailUrl\":\"https:\/\/dev.antudigital.cl\/sites\/vc\/wp-content\/uploads\/2022\/10\/309650587_419577226993200_5060156827347587739_n.png\",\"datePublished\":\"2022-10-17T20:55:29+00:00\",\"dateModified\":\"2022-10-17T20:55:43+00:00\",\"author\":{\"@id\":\"https:\/\/dev.antudigital.cl\/sites\/vc\/#\/schema\/person\/c2b9da8dd545e27166fc5ab232837318\"},\"breadcrumb\":{\"@id\":\"https:\/\/dev.antudigital.cl\/sites\/vc\/convocatoria-barrios-comerciales-2022\/#breadcrumb\"},\"inLanguage\":\"es\",\"potentialAction\":[{\"@type\":\"ReadAction\",\"target\":[\"https:\/\/dev.antudigital.cl\/sites\/vc\/convocatoria-barrios-comerciales-2022\/\"]}]},{\"@type\":\"ImageObject\",\"inLanguage\":\"es\",\"@id\":\"https:\/\/dev.antudigital.cl\/sites\/vc\/convocatoria-barrios-comerciales-2022\/#primaryimage\",\"url\":\"https:\/\/dev.antudigital.cl\/sites\/vc\/wp-content\/uploads\/2022\/10\/309650587_419577226993200_5060156827347587739_n.png\",\"contentUrl\":\"https:\/\/dev.antudigital.cl\/sites\/vc\/wp-content\/uploads\/2022\/10\/309650587_419577226993200_5060156827347587739_n.png\",\"width\":820,\"height\":312},{\"@type\":\"BreadcrumbList\",\"@id\":\"https:\/\/dev.antudigital.cl\/sites\/vc\/convocatoria-barrios-comerciales-2022\/#breadcrumb\",\"itemListElement\":[{\"@type\":\"ListItem\",\"position\":1,\"name\":\"Home\",\"item\":\"https:\/\/dev.antudigital.cl\/sites\/vc\/\"},{\"@type\":\"ListItem\",\"position\":2,\"name\":\"Convocatoria: Barrios Comerciales 2022\"}]},{\"@type\":\"WebSite\",\"@id\":\"https:\/\/dev.antudigital.cl\/sites\/vc\/#website\",\"url\":\"https:\/\/dev.antudigital.cl\/sites\/vc\/\",\"name\":\"Valpara\u00ed\u00adso Creativo\",\"description\":\"\",\"potentialAction\":[{\"@type\":\"SearchAction\",\"target\":{\"@type\":\"EntryPoint\",\"urlTemplate\":\"https:\/\/dev.antudigital.cl\/sites\/vc\/?s={search_term_string}\"},\"query-input\":{\"@type\":\"PropertyValueSpecification\",\"valueRequired\":true,\"valueName\":\"search_term_string\"}}],\"inLanguage\":\"es\"},{\"@type\":\"Person\",\"@id\":\"https:\/\/dev.antudigital.cl\/sites\/vc\/#\/schema\/person\/c2b9da8dd545e27166fc5ab232837318\",\"name\":\"Valpara\u00edso Creativo\",\"description\":\"Periodista de cultura en la Regi\u00f3n de Valpara\u00edso.\",\"url\":\"https:\/\/dev.antudigital.cl\/sites\/vc\/author\/valpoadmin\/\"}]}<\/script>\n<!-- \/ Yoast SEO plugin. -->","yoast_head_json":{"title":"Convocatoria: Barrios Comerciales 2022 - Valpara\u00ed\u00adso Creativo","robots":{"index":"index","follow":"follow","max-snippet":"max-snippet:-1","max-image-preview":"max-image-preview:large","max-video-preview":"max-video-preview:-1"},"canonical":"https:\/\/dev.antudigital.cl\/sites\/vc\/convocatoria-barrios-comerciales-2022\/","og_locale":"es_ES","og_type":"article","og_title":"Convocatoria: Barrios Comerciales 2022 - Valpara\u00ed\u00adso Creativo","og_description":"Est\u00e1 abierta la convocatoria Barrios Comerciales 2022 de Sercotec, enfocada en el Fortalecimiento de Barrios Comerciales, a trav\u00e9s de un programa que promueve la adopci\u00f3n de estrategias asociativas a nivel de barrio comercial, buscando que, a trav\u00e9s de la cooperaci\u00f3n, las micro y peque\u00f1as empresas comerciales que lo conforman puedan aumentar su competitividad y mejorar [&hellip;]","og_url":"https:\/\/dev.antudigital.cl\/sites\/vc\/convocatoria-barrios-comerciales-2022\/","og_site_name":"Valpara\u00ed\u00adso Creativo","article_published_time":"2022-10-17T20:55:29+00:00","article_modified_time":"2022-10-17T20:55:43+00:00","og_image":[{"width":820,"height":312,"url":"https:\/\/dev.antudigital.cl\/sites\/vc\/wp-content\/uploads\/2022\/10\/309650587_419577226993200_5060156827347587739_n.png","type":"image\/png"}],"author":"Valpara\u00edso Creativo","twitter_card":"summary_large_image","twitter_misc":{"Escrito por":"Valpara\u00edso Creativo","Tiempo de lectura":"2 minutos"},"schema":{"@context":"https:\/\/schema.org","@graph":[{"@type":"Article","@id":"https:\/\/dev.antudigital.cl\/sites\/vc\/convocatoria-barrios-comerciales-2022\/#article","isPartOf":{"@id":"https:\/\/dev.antudigital.cl\/sites\/vc\/convocatoria-barrios-comerciales-2022\/"},"author":{"name":"Valpara\u00edso Creativo","@id":"https:\/\/dev.antudigital.cl\/sites\/vc\/#\/schema\/person\/c2b9da8dd545e27166fc5ab232837318"},"headline":"Convocatoria: Barrios Comerciales 2022","datePublished":"2022-10-17T20:55:29+00:00","dateModified":"2022-10-17T20:55:43+00:00","mainEntityOfPage":{"@id":"https:\/\/dev.antudigital.cl\/sites\/vc\/convocatoria-barrios-comerciales-2022\/"},"wordCount":219,"commentCount":0,"image":{"@id":"https:\/\/dev.antudigital.cl\/sites\/vc\/convocatoria-barrios-comerciales-2022\/#primaryimage"},"thumbnailUrl":"https:\/\/dev.antudigital.cl\/sites\/vc\/wp-content\/uploads\/2022\/10\/309650587_419577226993200_5060156827347587739_n.png","articleSection":["Noticia"],"inLanguage":"es","potentialAction":[{"@type":"CommentAction","name":"Comment","target":["https:\/\/dev.antudigital.cl\/sites\/vc\/convocatoria-barrios-comerciales-2022\/#respond"]}]},{"@type":"WebPage","@id":"https:\/\/dev.antudigital.cl\/sites\/vc\/convocatoria-barrios-comerciales-2022\/","url":"https:\/\/dev.antudigital.cl\/sites\/vc\/convocatoria-barrios-comerciales-2022\/","name":"Convocatoria: Barrios Comerciales 2022 - Valpara\u00ed\u00adso Creativo","isPartOf":{"@id":"https:\/\/dev.antudigital.cl\/sites\/vc\/#website"},"primaryImageOfPage":{"@id":"https:\/\/dev.antudigital.cl\/sites\/vc\/convocatoria-barrios-comerciales-2022\/#primaryimage"},"image":{"@id":"https:\/\/dev.antudigital.cl\/sites\/vc\/convocatoria-barrios-comerciales-2022\/#primaryimage"},"thumbnailUrl":"https:\/\/dev.antudigital.cl\/sites\/vc\/wp-content\/uploads\/2022\/10\/309650587_419577226993200_5060156827347587739_n.png","datePublished":"2022-10-17T20:55:29+00:00","dateModified":"2022-10-17T20:55:43+00:00","author":{"@id":"https:\/\/dev.antudigital.cl\/sites\/vc\/#\/schema\/person\/c2b9da8dd545e27166fc5ab232837318"},"breadcrumb":{"@id":"https:\/\/dev.antudigital.cl\/sites\/vc\/convocatoria-barrios-comerciales-2022\/#breadcrumb"},"inLanguage":"es","potentialAction":[{"@type":"ReadAction","target":["https:\/\/dev.antudigital.cl\/sites\/vc\/convocatoria-barrios-comerciales-2022\/"]}]},{"@type":"ImageObject","inLanguage":"es","@id":"https:\/\/dev.antudigital.cl\/sites\/vc\/convocatoria-barrios-comerciales-2022\/#primaryimage","url":"https:\/\/dev.antudigital.cl\/sites\/vc\/wp-content\/uploads\/2022\/10\/309650587_419577226993200_5060156827347587739_n.png","contentUrl":"https:\/\/dev.antudigital.cl\/sites\/vc\/wp-content\/uploads\/2022\/10\/309650587_419577226993200_5060156827347587739_n.png","width":820,"height":312},{"@type":"BreadcrumbList","@id":"https:\/\/dev.antudigital.cl\/sites\/vc\/convocatoria-barrios-comerciales-2022\/#breadcrumb","itemListElement":[{"@type":"ListItem","position":1,"name":"Home","item":"https:\/\/dev.antudigital.cl\/sites\/vc\/"},{"@type":"ListItem","position":2,"name":"Convocatoria: Barrios Comerciales 2022"}]},{"@type":"WebSite","@id":"https:\/\/dev.antudigital.cl\/sites\/vc\/#website","url":"https:\/\/dev.antudigital.cl\/sites\/vc\/","name":"Valpara\u00ed\u00adso Creativo","description":"","potentialAction":[{"@type":"SearchAction","target":{"@type":"EntryPoint","urlTemplate":"https:\/\/dev.antudigital.cl\/sites\/vc\/?s={search_term_string}"},"query-input":{"@type":"PropertyValueSpecification","valueRequired":true,"valueName":"search_term_string"}}],"inLanguage":"es"},{"@type":"Person","@id":"https:\/\/dev.antudigital.cl\/sites\/vc\/#\/schema\/person\/c2b9da8dd545e27166fc5ab232837318","name":"Valpara\u00edso Creativo","description":"Periodista de cultura en la Regi\u00f3n de Valpara\u00edso.","url":"https:\/\/dev.antudigital.cl\/sites\/vc\/author\/valpoadmin\/"}]}},"_links":{"self":[{"href":"https:\/\/dev.antudigital.cl\/sites\/vc\/wp-json\/wp\/v2\/posts\/11897","targetHints":{"allow":["GET"]}}],"collection":[{"href":"https:\/\/dev.antudigital.cl\/sites\/vc\/wp-json\/wp\/v2\/posts"}],"about":[{"href":"https:\/\/dev.antudigital.cl\/sites\/vc\/wp-json\/wp\/v2\/types\/post"}],"author":[{"embeddable":true,"href":"https:\/\/dev.antudigital.cl\/sites\/vc\/wp-json\/wp\/v2\/users\/1"}],"replies":[{"embeddable":true,"href":"https:\/\/dev.antudigital.cl\/sites\/vc\/wp-json\/wp\/v2\/comments?post=11897"}],"version-history":[{"count":1,"href":"https:\/\/dev.antudigital.cl\/sites\/vc\/wp-json\/wp\/v2\/posts\/11897\/revisions"}],"predecessor-version":[{"id":11900,"href":"https:\/\/dev.antudigital.cl\/sites\/vc\/wp-json\/wp\/v2\/posts\/11897\/revisions\/11900"}],"wp:featuredmedia":[{"embeddable":true,"href":"https:\/\/dev.antudigital.cl\/sites\/vc\/wp-json\/wp\/v2\/media\/11899"}],"wp:attachment":[{"href":"https:\/\/dev.antudigital.cl\/sites\/vc\/wp-json\/wp\/v2\/media?parent=11897"}],"wp:term":[{"taxonomy":"category","embeddable":true,"href":"https:\/\/dev.antudigital.cl\/sites\/vc\/wp-json\/wp\/v2\/categories?post=11897"},{"taxonomy":"post_tag","embeddable":true,"href":"https:\/\/dev.antudigital.cl\/sites\/vc\/wp-json\/wp\/v2\/tags?post=11897"}],"curies":[{"name":"wp","href":"https:\/\/api.w.org\/{rel}","templated":true}]}}