{"id":11901,"date":"2022-10-17T21:09:24","date_gmt":"2022-10-17T21:09:24","guid":{"rendered":"https:\/\/www.valparaisocreativo.cl\/?p=11901"},"modified":"2022-10-17T21:09:31","modified_gmt":"2022-10-17T21:09:31","slug":"carmen-pizza-y-taller-innovacion-gastronomica-desde-concon","status":"publish","type":"post","link":"https:\/\/dev.antudigital.cl\/sites\/vc\/carmen-pizza-y-taller-innovacion-gastronomica-desde-concon\/","title":{"rendered":"Carmen Pizza y taller: innovaci\u00f3n gastron\u00f3mica desde Conc\u00f3n"},"content":{"rendered":"\n<p>En Avenida Blanca Estela 1927 se encuentra ubicada <a href=\"https:\/\/www.instagram.com\/carmenpizzaytaller\/\">Carmen pizza y taller,<\/a> un espacio dedicado a la cocina desde el rol del hacedor y tambi\u00e9n desde la experimentaci\u00f3n, ya que intentan hacer la mayor cantidad de ingredientes ellos mismos, o adobarlos en su taller.<\/p>\n\n\n\n<p>De la pandemia surgi\u00f3 esta idea de dos hermanos, quienes combinaron su pasi\u00f3n por la comida con una opci\u00f3n de vida: intentar tener un restaurante y qu\u00e9 mejor si es de comida r\u00e1pida, en espec\u00edfico de pizzas.<\/p>\n\n\n\n<p>Dos oriundos de Santiago decidieron dejar sus vidas en la capital para venir a probar suerte a la quinta costa. Cabe mencionar que Conc\u00f3n ha sido elegida como capital gastron\u00f3mica del pa\u00eds. Esto usualmente por sus platos marinos y t\u00edpicas empanadas. Pero como toda comuna en crecimiento, de a poco existe m\u00e1s oferta e innovaci\u00f3n en la cocina y desde esa vereda es que quieren aportar con <a href=\"https:\/\/www.carmenpizzaytaller.cl\/\">Carmen Pizza y Taller.<\/a><\/p>\n\n\n\n<p>Uno de sus \u00edtems diferenciadores es que la carta tiene algunas propuestas fijas, pero el resto es seg\u00fan temporada, para poder tener ingredientes frescos, que adem\u00e1s son de proveedores locales en su gran mayor\u00eda, lo que le da una gama de sabores \u00fanica a sus creaciones.<\/p>\n\n\n\n<figure class=\"wp-block-image size-full\"><img fetchpriority=\"high\" decoding=\"async\" width=\"478\" height=\"599\" src=\"https:\/\/www.valparaisocreativo.cl\/wp-content\/uploads\/2022\/10\/Captura-de-Pantalla-2022-10-17-a-las-18.07.35.png\" alt=\"\" class=\"wp-image-11903\" srcset=\"https:\/\/dev.antudigital.cl\/sites\/vc\/wp-content\/uploads\/2022\/10\/Captura-de-Pantalla-2022-10-17-a-las-18.07.35.png 478w, https:\/\/dev.antudigital.cl\/sites\/vc\/wp-content\/uploads\/2022\/10\/Captura-de-Pantalla-2022-10-17-a-las-18.07.35-239x300.png 239w\" sizes=\"(max-width: 478px) 100vw, 478px\" \/><\/figure>\n\n\n\n<p>Puedes encontrar pizzas con prieta, o con arrollado, ingredientes que no son comunes en una pizza. Adem\u00e1s hay apuestas vegetarianas con berenjenas u otros vegetales que, combinados con especias y aderezos, realzan sus sabores en el paladar.<\/p>\n\n\n\n<p>Se definen con el t\u00e9rmino de \u00abpizzer\u00eda de autor\u00bb debido a estos elementos diferenciadores: buscan explorar combinaciones y generar una propuesta nueva y atractiva, \u00fanica para el p\u00fablico que ha llegado hasta aqu\u00ed y que han ido fidelizando desde este rinc\u00f3n de Conc\u00f3n.<\/p>\n\n\n\n<figure class=\"wp-block-image size-full\"><img decoding=\"async\" width=\"486\" height=\"403\" src=\"https:\/\/www.valparaisocreativo.cl\/wp-content\/uploads\/2022\/10\/Captura-de-Pantalla-2022-10-17-a-las-18.07.26.png\" alt=\"\" class=\"wp-image-11902\" srcset=\"https:\/\/dev.antudigital.cl\/sites\/vc\/wp-content\/uploads\/2022\/10\/Captura-de-Pantalla-2022-10-17-a-las-18.07.26.png 486w, https:\/\/dev.antudigital.cl\/sites\/vc\/wp-content\/uploads\/2022\/10\/Captura-de-Pantalla-2022-10-17-a-las-18.07.26-300x249.png 300w, https:\/\/dev.antudigital.cl\/sites\/vc\/wp-content\/uploads\/2022\/10\/Captura-de-Pantalla-2022-10-17-a-las-18.07.26-480x398.png 480w\" sizes=\"(max-width: 486px) 100vw, 486px\" \/><\/figure>\n\n\n\n<p>Su pasi\u00f3n por la cocina sin duda se traspasa, y eso est\u00e1 plasmado en estas pizzas de masa madre cuya masa trabajan ellos mismos. Decidieron probar con esta idea para alejarse de las t\u00edpicas propuestas de pizzer\u00edas a la italiana que hay en la Regi\u00f3n, acerc\u00e1ndose m\u00e1s a los procesos que les acomodar para lograr otra consistencia con la masa e ingredientes.<\/p>\n\n\n\n<p>Sin duda es un lugar atractivo para conocer: para quienes son sibaritas, deben probar Carmen Pizza y taller.<\/p>\n\n\n\n<p>Sigue su sitio web: <a href=\"https:\/\/www.carmenpizzaytaller.cl\/\">https:\/\/www.carmenpizzaytaller.cl\/<\/a><\/p>\n","protected":false},"excerpt":{"rendered":"<p>En Avenida Blanca Estela 1927 se encuentra ubicada Carmen pizza y taller, un espacio dedicado a la cocina desde el rol del hacedor y tambi\u00e9n desde la experimentaci\u00f3n, ya que intentan hacer la mayor cantidad de ingredientes ellos mismos, o adobarlos en su taller. De la pandemia surgi\u00f3 esta idea de dos hermanos, quienes combinaron [&hellip;]<\/p>\n","protected":false},"author":1,"featured_media":11904,"comment_status":"open","ping_status":"closed","sticky":false,"template":"","format":"standard","meta":{"_acf_changed":false,"footnotes":""},"categories":[8],"tags":[],"class_list":["post-11901","post","type-post","status-publish","format-standard","has-post-thumbnail","hentry","category-noticia"],"acf":[],"yoast_head":"<!-- This site is optimized with the Yoast SEO plugin v27.1.1 - https:\/\/yoast.com\/product\/yoast-seo-wordpress\/ -->\n<title>Carmen Pizza y taller: innovaci\u00f3n gastron\u00f3mica desde Conc\u00f3n - Valpara\u00ed\u00adso Creativo<\/title>\n<meta name=\"robots\" content=\"index, follow, max-snippet:-1, max-image-preview:large, max-video-preview:-1\" \/>\n<link rel=\"canonical\" href=\"https:\/\/dev.antudigital.cl\/sites\/vc\/carmen-pizza-y-taller-innovacion-gastronomica-desde-concon\/\" \/>\n<meta property=\"og:locale\" content=\"es_ES\" \/>\n<meta property=\"og:type\" content=\"article\" \/>\n<meta property=\"og:title\" content=\"Carmen Pizza y taller: innovaci\u00f3n gastron\u00f3mica desde Conc\u00f3n - Valpara\u00ed\u00adso Creativo\" \/>\n<meta property=\"og:description\" content=\"En Avenida Blanca Estela 1927 se encuentra ubicada Carmen pizza y taller, un espacio dedicado a la cocina desde el rol del hacedor y tambi\u00e9n desde la experimentaci\u00f3n, ya que intentan hacer la mayor cantidad de ingredientes ellos mismos, o adobarlos en su taller. De la pandemia surgi\u00f3 esta idea de dos hermanos, quienes combinaron [&hellip;]\" \/>\n<meta property=\"og:url\" content=\"https:\/\/dev.antudigital.cl\/sites\/vc\/carmen-pizza-y-taller-innovacion-gastronomica-desde-concon\/\" \/>\n<meta property=\"og:site_name\" content=\"Valpara\u00ed\u00adso Creativo\" \/>\n<meta property=\"article:published_time\" content=\"2022-10-17T21:09:24+00:00\" \/>\n<meta property=\"article:modified_time\" content=\"2022-10-17T21:09:31+00:00\" \/>\n<meta property=\"og:image\" content=\"https:\/\/dev.antudigital.cl\/sites\/vc\/wp-content\/uploads\/2022\/10\/Captura-de-Pantalla-2022-10-17-a-las-18.07.55.png\" \/>\n\t<meta property=\"og:image:width\" content=\"714\" \/>\n\t<meta property=\"og:image:height\" content=\"533\" \/>\n\t<meta property=\"og:image:type\" content=\"image\/png\" \/>\n<meta name=\"author\" content=\"Valpara\u00edso Creativo\" \/>\n<meta name=\"twitter:card\" content=\"summary_large_image\" \/>\n<meta name=\"twitter:label1\" content=\"Escrito por\" \/>\n\t<meta name=\"twitter:data1\" content=\"Valpara\u00edso Creativo\" \/>\n\t<meta name=\"twitter:label2\" content=\"Tiempo de lectura\" \/>\n\t<meta name=\"twitter:data2\" content=\"3 minutos\" \/>\n<script type=\"application\/ld+json\" class=\"yoast-schema-graph\">{\"@context\":\"https:\/\/schema.org\",\"@graph\":[{\"@type\":\"Article\",\"@id\":\"https:\/\/dev.antudigital.cl\/sites\/vc\/carmen-pizza-y-taller-innovacion-gastronomica-desde-concon\/#article\",\"isPartOf\":{\"@id\":\"https:\/\/dev.antudigital.cl\/sites\/vc\/carmen-pizza-y-taller-innovacion-gastronomica-desde-concon\/\"},\"author\":{\"name\":\"Valpara\u00edso Creativo\",\"@id\":\"https:\/\/dev.antudigital.cl\/sites\/vc\/#\/schema\/person\/c2b9da8dd545e27166fc5ab232837318\"},\"headline\":\"Carmen Pizza y taller: innovaci\u00f3n gastron\u00f3mica desde Conc\u00f3n\",\"datePublished\":\"2022-10-17T21:09:24+00:00\",\"dateModified\":\"2022-10-17T21:09:31+00:00\",\"mainEntityOfPage\":{\"@id\":\"https:\/\/dev.antudigital.cl\/sites\/vc\/carmen-pizza-y-taller-innovacion-gastronomica-desde-concon\/\"},\"wordCount\":403,\"commentCount\":0,\"image\":{\"@id\":\"https:\/\/dev.antudigital.cl\/sites\/vc\/carmen-pizza-y-taller-innovacion-gastronomica-desde-concon\/#primaryimage\"},\"thumbnailUrl\":\"https:\/\/dev.antudigital.cl\/sites\/vc\/wp-content\/uploads\/2022\/10\/Captura-de-Pantalla-2022-10-17-a-las-18.07.55.png\",\"articleSection\":[\"Noticia\"],\"inLanguage\":\"es\",\"potentialAction\":[{\"@type\":\"CommentAction\",\"name\":\"Comment\",\"target\":[\"https:\/\/dev.antudigital.cl\/sites\/vc\/carmen-pizza-y-taller-innovacion-gastronomica-desde-concon\/#respond\"]}]},{\"@type\":\"WebPage\",\"@id\":\"https:\/\/dev.antudigital.cl\/sites\/vc\/carmen-pizza-y-taller-innovacion-gastronomica-desde-concon\/\",\"url\":\"https:\/\/dev.antudigital.cl\/sites\/vc\/carmen-pizza-y-taller-innovacion-gastronomica-desde-concon\/\",\"name\":\"Carmen Pizza y taller: innovaci\u00f3n gastron\u00f3mica desde Conc\u00f3n - Valpara\u00ed\u00adso Creativo\",\"isPartOf\":{\"@id\":\"https:\/\/dev.antudigital.cl\/sites\/vc\/#website\"},\"primaryImageOfPage\":{\"@id\":\"https:\/\/dev.antudigital.cl\/sites\/vc\/carmen-pizza-y-taller-innovacion-gastronomica-desde-concon\/#primaryimage\"},\"image\":{\"@id\":\"https:\/\/dev.antudigital.cl\/sites\/vc\/carmen-pizza-y-taller-innovacion-gastronomica-desde-concon\/#primaryimage\"},\"thumbnailUrl\":\"https:\/\/dev.antudigital.cl\/sites\/vc\/wp-content\/uploads\/2022\/10\/Captura-de-Pantalla-2022-10-17-a-las-18.07.55.png\",\"datePublished\":\"2022-10-17T21:09:24+00:00\",\"dateModified\":\"2022-10-17T21:09:31+00:00\",\"author\":{\"@id\":\"https:\/\/dev.antudigital.cl\/sites\/vc\/#\/schema\/person\/c2b9da8dd545e27166fc5ab232837318\"},\"breadcrumb\":{\"@id\":\"https:\/\/dev.antudigital.cl\/sites\/vc\/carmen-pizza-y-taller-innovacion-gastronomica-desde-concon\/#breadcrumb\"},\"inLanguage\":\"es\",\"potentialAction\":[{\"@type\":\"ReadAction\",\"target\":[\"https:\/\/dev.antudigital.cl\/sites\/vc\/carmen-pizza-y-taller-innovacion-gastronomica-desde-concon\/\"]}]},{\"@type\":\"ImageObject\",\"inLanguage\":\"es\",\"@id\":\"https:\/\/dev.antudigital.cl\/sites\/vc\/carmen-pizza-y-taller-innovacion-gastronomica-desde-concon\/#primaryimage\",\"url\":\"https:\/\/dev.antudigital.cl\/sites\/vc\/wp-content\/uploads\/2022\/10\/Captura-de-Pantalla-2022-10-17-a-las-18.07.55.png\",\"contentUrl\":\"https:\/\/dev.antudigital.cl\/sites\/vc\/wp-content\/uploads\/2022\/10\/Captura-de-Pantalla-2022-10-17-a-las-18.07.55.png\",\"width\":714,\"height\":533},{\"@type\":\"BreadcrumbList\",\"@id\":\"https:\/\/dev.antudigital.cl\/sites\/vc\/carmen-pizza-y-taller-innovacion-gastronomica-desde-concon\/#breadcrumb\",\"itemListElement\":[{\"@type\":\"ListItem\",\"position\":1,\"name\":\"Home\",\"item\":\"https:\/\/dev.antudigital.cl\/sites\/vc\/\"},{\"@type\":\"ListItem\",\"position\":2,\"name\":\"Carmen Pizza y taller: innovaci\u00f3n gastron\u00f3mica desde Conc\u00f3n\"}]},{\"@type\":\"WebSite\",\"@id\":\"https:\/\/dev.antudigital.cl\/sites\/vc\/#website\",\"url\":\"https:\/\/dev.antudigital.cl\/sites\/vc\/\",\"name\":\"Valpara\u00ed\u00adso Creativo\",\"description\":\"\",\"potentialAction\":[{\"@type\":\"SearchAction\",\"target\":{\"@type\":\"EntryPoint\",\"urlTemplate\":\"https:\/\/dev.antudigital.cl\/sites\/vc\/?s={search_term_string}\"},\"query-input\":{\"@type\":\"PropertyValueSpecification\",\"valueRequired\":true,\"valueName\":\"search_term_string\"}}],\"inLanguage\":\"es\"},{\"@type\":\"Person\",\"@id\":\"https:\/\/dev.antudigital.cl\/sites\/vc\/#\/schema\/person\/c2b9da8dd545e27166fc5ab232837318\",\"name\":\"Valpara\u00edso Creativo\",\"description\":\"Periodista de cultura en la Regi\u00f3n de Valpara\u00edso.\",\"url\":\"https:\/\/dev.antudigital.cl\/sites\/vc\/author\/valpoadmin\/\"}]}<\/script>\n<!-- \/ Yoast SEO plugin. -->","yoast_head_json":{"title":"Carmen Pizza y taller: innovaci\u00f3n gastron\u00f3mica desde Conc\u00f3n - Valpara\u00ed\u00adso Creativo","robots":{"index":"index","follow":"follow","max-snippet":"max-snippet:-1","max-image-preview":"max-image-preview:large","max-video-preview":"max-video-preview:-1"},"canonical":"https:\/\/dev.antudigital.cl\/sites\/vc\/carmen-pizza-y-taller-innovacion-gastronomica-desde-concon\/","og_locale":"es_ES","og_type":"article","og_title":"Carmen Pizza y taller: innovaci\u00f3n gastron\u00f3mica desde Conc\u00f3n - Valpara\u00ed\u00adso Creativo","og_description":"En Avenida Blanca Estela 1927 se encuentra ubicada Carmen pizza y taller, un espacio dedicado a la cocina desde el rol del hacedor y tambi\u00e9n desde la experimentaci\u00f3n, ya que intentan hacer la mayor cantidad de ingredientes ellos mismos, o adobarlos en su taller. De la pandemia surgi\u00f3 esta idea de dos hermanos, quienes combinaron [&hellip;]","og_url":"https:\/\/dev.antudigital.cl\/sites\/vc\/carmen-pizza-y-taller-innovacion-gastronomica-desde-concon\/","og_site_name":"Valpara\u00ed\u00adso Creativo","article_published_time":"2022-10-17T21:09:24+00:00","article_modified_time":"2022-10-17T21:09:31+00:00","og_image":[{"width":714,"height":533,"url":"https:\/\/dev.antudigital.cl\/sites\/vc\/wp-content\/uploads\/2022\/10\/Captura-de-Pantalla-2022-10-17-a-las-18.07.55.png","type":"image\/png"}],"author":"Valpara\u00edso Creativo","twitter_card":"summary_large_image","twitter_misc":{"Escrito por":"Valpara\u00edso Creativo","Tiempo de lectura":"3 minutos"},"schema":{"@context":"https:\/\/schema.org","@graph":[{"@type":"Article","@id":"https:\/\/dev.antudigital.cl\/sites\/vc\/carmen-pizza-y-taller-innovacion-gastronomica-desde-concon\/#article","isPartOf":{"@id":"https:\/\/dev.antudigital.cl\/sites\/vc\/carmen-pizza-y-taller-innovacion-gastronomica-desde-concon\/"},"author":{"name":"Valpara\u00edso Creativo","@id":"https:\/\/dev.antudigital.cl\/sites\/vc\/#\/schema\/person\/c2b9da8dd545e27166fc5ab232837318"},"headline":"Carmen Pizza y taller: innovaci\u00f3n gastron\u00f3mica desde Conc\u00f3n","datePublished":"2022-10-17T21:09:24+00:00","dateModified":"2022-10-17T21:09:31+00:00","mainEntityOfPage":{"@id":"https:\/\/dev.antudigital.cl\/sites\/vc\/carmen-pizza-y-taller-innovacion-gastronomica-desde-concon\/"},"wordCount":403,"commentCount":0,"image":{"@id":"https:\/\/dev.antudigital.cl\/sites\/vc\/carmen-pizza-y-taller-innovacion-gastronomica-desde-concon\/#primaryimage"},"thumbnailUrl":"https:\/\/dev.antudigital.cl\/sites\/vc\/wp-content\/uploads\/2022\/10\/Captura-de-Pantalla-2022-10-17-a-las-18.07.55.png","articleSection":["Noticia"],"inLanguage":"es","potentialAction":[{"@type":"CommentAction","name":"Comment","target":["https:\/\/dev.antudigital.cl\/sites\/vc\/carmen-pizza-y-taller-innovacion-gastronomica-desde-concon\/#respond"]}]},{"@type":"WebPage","@id":"https:\/\/dev.antudigital.cl\/sites\/vc\/carmen-pizza-y-taller-innovacion-gastronomica-desde-concon\/","url":"https:\/\/dev.antudigital.cl\/sites\/vc\/carmen-pizza-y-taller-innovacion-gastronomica-desde-concon\/","name":"Carmen Pizza y taller: innovaci\u00f3n gastron\u00f3mica desde Conc\u00f3n - Valpara\u00ed\u00adso Creativo","isPartOf":{"@id":"https:\/\/dev.antudigital.cl\/sites\/vc\/#website"},"primaryImageOfPage":{"@id":"https:\/\/dev.antudigital.cl\/sites\/vc\/carmen-pizza-y-taller-innovacion-gastronomica-desde-concon\/#primaryimage"},"image":{"@id":"https:\/\/dev.antudigital.cl\/sites\/vc\/carmen-pizza-y-taller-innovacion-gastronomica-desde-concon\/#primaryimage"},"thumbnailUrl":"https:\/\/dev.antudigital.cl\/sites\/vc\/wp-content\/uploads\/2022\/10\/Captura-de-Pantalla-2022-10-17-a-las-18.07.55.png","datePublished":"2022-10-17T21:09:24+00:00","dateModified":"2022-10-17T21:09:31+00:00","author":{"@id":"https:\/\/dev.antudigital.cl\/sites\/vc\/#\/schema\/person\/c2b9da8dd545e27166fc5ab232837318"},"breadcrumb":{"@id":"https:\/\/dev.antudigital.cl\/sites\/vc\/carmen-pizza-y-taller-innovacion-gastronomica-desde-concon\/#breadcrumb"},"inLanguage":"es","potentialAction":[{"@type":"ReadAction","target":["https:\/\/dev.antudigital.cl\/sites\/vc\/carmen-pizza-y-taller-innovacion-gastronomica-desde-concon\/"]}]},{"@type":"ImageObject","inLanguage":"es","@id":"https:\/\/dev.antudigital.cl\/sites\/vc\/carmen-pizza-y-taller-innovacion-gastronomica-desde-concon\/#primaryimage","url":"https:\/\/dev.antudigital.cl\/sites\/vc\/wp-content\/uploads\/2022\/10\/Captura-de-Pantalla-2022-10-17-a-las-18.07.55.png","contentUrl":"https:\/\/dev.antudigital.cl\/sites\/vc\/wp-content\/uploads\/2022\/10\/Captura-de-Pantalla-2022-10-17-a-las-18.07.55.png","width":714,"height":533},{"@type":"BreadcrumbList","@id":"https:\/\/dev.antudigital.cl\/sites\/vc\/carmen-pizza-y-taller-innovacion-gastronomica-desde-concon\/#breadcrumb","itemListElement":[{"@type":"ListItem","position":1,"name":"Home","item":"https:\/\/dev.antudigital.cl\/sites\/vc\/"},{"@type":"ListItem","position":2,"name":"Carmen Pizza y taller: innovaci\u00f3n gastron\u00f3mica desde Conc\u00f3n"}]},{"@type":"WebSite","@id":"https:\/\/dev.antudigital.cl\/sites\/vc\/#website","url":"https:\/\/dev.antudigital.cl\/sites\/vc\/","name":"Valpara\u00ed\u00adso Creativo","description":"","potentialAction":[{"@type":"SearchAction","target":{"@type":"EntryPoint","urlTemplate":"https:\/\/dev.antudigital.cl\/sites\/vc\/?s={search_term_string}"},"query-input":{"@type":"PropertyValueSpecification","valueRequired":true,"valueName":"search_term_string"}}],"inLanguage":"es"},{"@type":"Person","@id":"https:\/\/dev.antudigital.cl\/sites\/vc\/#\/schema\/person\/c2b9da8dd545e27166fc5ab232837318","name":"Valpara\u00edso Creativo","description":"Periodista de cultura en la Regi\u00f3n de Valpara\u00edso.","url":"https:\/\/dev.antudigital.cl\/sites\/vc\/author\/valpoadmin\/"}]}},"_links":{"self":[{"href":"https:\/\/dev.antudigital.cl\/sites\/vc\/wp-json\/wp\/v2\/posts\/11901","targetHints":{"allow":["GET"]}}],"collection":[{"href":"https:\/\/dev.antudigital.cl\/sites\/vc\/wp-json\/wp\/v2\/posts"}],"about":[{"href":"https:\/\/dev.antudigital.cl\/sites\/vc\/wp-json\/wp\/v2\/types\/post"}],"author":[{"embeddable":true,"href":"https:\/\/dev.antudigital.cl\/sites\/vc\/wp-json\/wp\/v2\/users\/1"}],"replies":[{"embeddable":true,"href":"https:\/\/dev.antudigital.cl\/sites\/vc\/wp-json\/wp\/v2\/comments?post=11901"}],"version-history":[{"count":1,"href":"https:\/\/dev.antudigital.cl\/sites\/vc\/wp-json\/wp\/v2\/posts\/11901\/revisions"}],"predecessor-version":[{"id":11905,"href":"https:\/\/dev.antudigital.cl\/sites\/vc\/wp-json\/wp\/v2\/posts\/11901\/revisions\/11905"}],"wp:featuredmedia":[{"embeddable":true,"href":"https:\/\/dev.antudigital.cl\/sites\/vc\/wp-json\/wp\/v2\/media\/11904"}],"wp:attachment":[{"href":"https:\/\/dev.antudigital.cl\/sites\/vc\/wp-json\/wp\/v2\/media?parent=11901"}],"wp:term":[{"taxonomy":"category","embeddable":true,"href":"https:\/\/dev.antudigital.cl\/sites\/vc\/wp-json\/wp\/v2\/categories?post=11901"},{"taxonomy":"post_tag","embeddable":true,"href":"https:\/\/dev.antudigital.cl\/sites\/vc\/wp-json\/wp\/v2\/tags?post=11901"}],"curies":[{"name":"wp","href":"https:\/\/api.w.org\/{rel}","templated":true}]}}