{"id":11914,"date":"2022-10-24T20:41:48","date_gmt":"2022-10-24T20:41:48","guid":{"rendered":"https:\/\/www.valparaisocreativo.cl\/?p=11914"},"modified":"2022-10-24T20:41:53","modified_gmt":"2022-10-24T20:41:53","slug":"soulfia-y-magicenelbeat-encabezan-octavo-encuentro-internacional-de-musica-y-sonido-de-arcos","status":"publish","type":"post","link":"https:\/\/dev.antudigital.cl\/sites\/vc\/soulfia-y-magicenelbeat-encabezan-octavo-encuentro-internacional-de-musica-y-sonido-de-arcos\/","title":{"rendered":"Soulf\u00eda y Magicenelbeat encabezan octavo encuentro internacional de m\u00fasica y sonido de Arcos"},"content":{"rendered":"\n<h2 class=\"wp-block-heading\"><strong><em>La ganadora del premio Pulsar, Soulf\u00eda y el afamado productor Magicenelbeat, dos de los nombres m\u00e1s relevantes de la m\u00fasica chilena en la \u00faltima temporada, ser\u00e1n los principales participantes de la octava versi\u00f3n del Encuentro Internacional de Sonido y M\u00fasica ARCOS, en que profesionales de la escena revelar\u00e1n m\u00e1s pistas sobre su proceso creativo, todo en el marco del Mes de la Creatividad organizado por Territorio Pe\u00f1alol\u00e9n Creativa.<\/em><\/strong><\/h2>\n\n\n\n<p><strong>El evento tambi\u00e9n incluye conciertos de Camila Moreno y Mora Lucay, y este a\u00f1o habr\u00e1 actividades tanto en Santiago como en Vi\u00f1a del Mar.<\/strong><\/p>\n\n\n\n<p>Las charlas se podr\u00e1n seguir v\u00eda streaming a trav\u00e9s del&nbsp;canal de YouTube&nbsp;\u201cEscuela de Sonido y M\u00fasica ARCOS\u201d.<\/p>\n\n\n\n<p>Seg\u00fan afirma el director de la Escuela de Sonido y M\u00fasica de ARCOS, Roberto Mu\u00f1oz: \u201c<em>estamos muy comprometidos con la escena nacional. Con ese sentido creamos este espacio de encuentro, para que personas creativas puedan compartir sus experiencias y conocimientos con estudiantes y docentes, \u00e1vidos de aprender e interactuar con ellos. En esta versi\u00f3n mantenemos la diversidad de tem\u00e1ticas, estilos musicales y oficios, entre los que se incluyen la composici\u00f3n, la direcci\u00f3n musical, la grabaci\u00f3n y la producci\u00f3n<\/em>\u201d.<\/p>\n\n\n\n<p>Las actividades comenzar\u00e1n el jueves 27 a las 10:00 am en la casa central del Instituto ARCOS con la charla que realizar\u00e1 el productor de m\u00fasica urbana, Magicenelbeat, quien detallar\u00e1 c\u00f3mo se posicion\u00f3 en la escena, produjo el hit global \u201cUltra Solo\u201d y lleg\u00f3 a trabajar con Bad Bunny; justo despu\u00e9s, a las 11:45 horas, ser\u00e1 el turno de Soulfia: la ganadora del premio Pulsar como Mejor Nuevo Artista conversar\u00e1 con los presentes sobre su explosiva carrera y su reci\u00e9n estrenado disco debut, \u201cBrujer\u00edas de Cantina\u201d.<\/p>\n\n\n\n<p>Durante la tarde del jueves tambi\u00e9n destaca el encuentro con el influyente productor argentino, Mario Breuer, quien compartir\u00e1 su experiencia de varias d\u00e9cadas trabajando con m\u00faltiples proyectos, desde Charly Garc\u00eda hasta Soda Stereo, pasando por locales como Los Tres o Lucybell. Ese d\u00eda la jornada terminar\u00e1 a las 18:00 horas con un concierto y masterclass de Camila Moreno que estar\u00e1 centrado en su m\u00e1s reciente \u00e1lbum, el premiado \u201cRey\u201d.<\/p>\n\n\n\n<p><strong>Una de las grandes novedades de esta edici\u00f3n del encuentro es que, en su segunda jornada, el viernes 28, la acci\u00f3n se trasladar\u00e1 a la sede de Vi\u00f1a del Mar de ARCOS. Ah\u00ed las actividades comenzar\u00e1n a las 11:00 am e incluyen charlas de la gestora Ilse Far\u00edas (UDARA), uno de los directores del Cirque Du Soleil, Jim Bevan y el m\u00fasico de Los Jaivas, Alan Reale. Para el cierre, la ascendente cantautora porte\u00f1a Mora Lucay ofrecer\u00e1 un \u201cconcierto did\u00e1ctico\u201d desde las 17:00 horas.\u00bb<\/strong><\/p>\n\n\n\n<p><strong>Puedes descargar tu ticket en el <a href=\"https:\/\/www.eventbrite.cl\/e\/8vo-encuentro-internacional-de-sonido-y-musica-arcos-28-octubre-v-region-tickets-444776537597\">siguiente link.<\/a><\/strong><\/p>\n\n\n\n<figure class=\"wp-block-image size-large\"><img fetchpriority=\"high\" decoding=\"async\" width=\"1024\" height=\"1024\" src=\"https:\/\/www.valparaisocreativo.cl\/wp-content\/uploads\/2022\/10\/Programacio\u0301n-28-oct-8\u00b0-Encuentro-SyM-5.0-1024x1024.jpg\" alt=\"\" class=\"wp-image-11915\" srcset=\"https:\/\/dev.antudigital.cl\/sites\/vc\/wp-content\/uploads\/2022\/10\/Programacio\u0301n-28-oct-8\u00b0-Encuentro-SyM-5.0-1024x1024.jpg 1024w, https:\/\/dev.antudigital.cl\/sites\/vc\/wp-content\/uploads\/2022\/10\/Programacio\u0301n-28-oct-8\u00b0-Encuentro-SyM-5.0-300x300.jpg 300w, https:\/\/dev.antudigital.cl\/sites\/vc\/wp-content\/uploads\/2022\/10\/Programacio\u0301n-28-oct-8\u00b0-Encuentro-SyM-5.0-150x150.jpg 150w, https:\/\/dev.antudigital.cl\/sites\/vc\/wp-content\/uploads\/2022\/10\/Programacio\u0301n-28-oct-8\u00b0-Encuentro-SyM-5.0-768x769.jpg 768w, https:\/\/dev.antudigital.cl\/sites\/vc\/wp-content\/uploads\/2022\/10\/Programacio\u0301n-28-oct-8\u00b0-Encuentro-SyM-5.0-980x981.jpg 980w, https:\/\/dev.antudigital.cl\/sites\/vc\/wp-content\/uploads\/2022\/10\/Programacio\u0301n-28-oct-8\u00b0-Encuentro-SyM-5.0-480x480.jpg 480w, https:\/\/dev.antudigital.cl\/sites\/vc\/wp-content\/uploads\/2022\/10\/Programacio\u0301n-28-oct-8\u00b0-Encuentro-SyM-5.0.jpg 1080w\" sizes=\"(max-width: 1024px) 100vw, 1024px\" \/><\/figure>\n","protected":false},"excerpt":{"rendered":"<p>La ganadora del premio Pulsar, Soulf\u00eda y el afamado productor Magicenelbeat, dos de los nombres m\u00e1s relevantes de la m\u00fasica chilena en la \u00faltima temporada, ser\u00e1n los principales participantes de la octava versi\u00f3n del Encuentro Internacional de Sonido y M\u00fasica ARCOS, en que profesionales de la escena revelar\u00e1n m\u00e1s pistas sobre su proceso creativo, todo [&hellip;]<\/p>\n","protected":false},"author":1,"featured_media":11916,"comment_status":"open","ping_status":"closed","sticky":false,"template":"","format":"standard","meta":{"_acf_changed":false,"footnotes":""},"categories":[8],"tags":[],"class_list":["post-11914","post","type-post","status-publish","format-standard","has-post-thumbnail","hentry","category-noticia"],"acf":[],"yoast_head":"<!-- This site is optimized with the Yoast SEO plugin v27.1.1 - https:\/\/yoast.com\/product\/yoast-seo-wordpress\/ -->\n<title>Soulf\u00eda y Magicenelbeat encabezan octavo encuentro internacional de m\u00fasica y sonido de Arcos - Valpara\u00ed\u00adso Creativo<\/title>\n<meta name=\"robots\" content=\"index, follow, max-snippet:-1, max-image-preview:large, max-video-preview:-1\" \/>\n<link rel=\"canonical\" href=\"https:\/\/dev.antudigital.cl\/sites\/vc\/soulfia-y-magicenelbeat-encabezan-octavo-encuentro-internacional-de-musica-y-sonido-de-arcos\/\" \/>\n<meta property=\"og:locale\" content=\"es_ES\" \/>\n<meta property=\"og:type\" content=\"article\" \/>\n<meta property=\"og:title\" content=\"Soulf\u00eda y Magicenelbeat encabezan octavo encuentro internacional de m\u00fasica y sonido de Arcos - Valpara\u00ed\u00adso Creativo\" \/>\n<meta property=\"og:description\" content=\"La ganadora del premio Pulsar, Soulf\u00eda y el afamado productor Magicenelbeat, dos de los nombres m\u00e1s relevantes de la m\u00fasica chilena en la \u00faltima temporada, ser\u00e1n los principales participantes de la octava versi\u00f3n del Encuentro Internacional de Sonido y M\u00fasica ARCOS, en que profesionales de la escena revelar\u00e1n m\u00e1s pistas sobre su proceso creativo, todo [&hellip;]\" \/>\n<meta property=\"og:url\" content=\"https:\/\/dev.antudigital.cl\/sites\/vc\/soulfia-y-magicenelbeat-encabezan-octavo-encuentro-internacional-de-musica-y-sonido-de-arcos\/\" \/>\n<meta property=\"og:site_name\" content=\"Valpara\u00ed\u00adso Creativo\" \/>\n<meta property=\"article:published_time\" content=\"2022-10-24T20:41:48+00:00\" \/>\n<meta property=\"article:modified_time\" content=\"2022-10-24T20:41:53+00:00\" \/>\n<meta property=\"og:image\" content=\"https:\/\/dev.antudigital.cl\/sites\/vc\/wp-content\/uploads\/2022\/10\/logo_arcos_letras_negras.png\" \/>\n\t<meta property=\"og:image:width\" content=\"906\" \/>\n\t<meta property=\"og:image:height\" content=\"425\" \/>\n\t<meta property=\"og:image:type\" content=\"image\/png\" \/>\n<meta name=\"author\" content=\"Valpara\u00edso Creativo\" \/>\n<meta name=\"twitter:card\" content=\"summary_large_image\" \/>\n<meta name=\"twitter:label1\" content=\"Escrito por\" \/>\n\t<meta name=\"twitter:data1\" content=\"Valpara\u00edso Creativo\" \/>\n\t<meta name=\"twitter:label2\" content=\"Tiempo de lectura\" \/>\n\t<meta name=\"twitter:data2\" content=\"3 minutos\" \/>\n<script type=\"application\/ld+json\" class=\"yoast-schema-graph\">{\"@context\":\"https:\/\/schema.org\",\"@graph\":[{\"@type\":\"Article\",\"@id\":\"https:\/\/dev.antudigital.cl\/sites\/vc\/soulfia-y-magicenelbeat-encabezan-octavo-encuentro-internacional-de-musica-y-sonido-de-arcos\/#article\",\"isPartOf\":{\"@id\":\"https:\/\/dev.antudigital.cl\/sites\/vc\/soulfia-y-magicenelbeat-encabezan-octavo-encuentro-internacional-de-musica-y-sonido-de-arcos\/\"},\"author\":{\"name\":\"Valpara\u00edso Creativo\",\"@id\":\"https:\/\/dev.antudigital.cl\/sites\/vc\/#\/schema\/person\/c2b9da8dd545e27166fc5ab232837318\"},\"headline\":\"Soulf\u00eda y Magicenelbeat encabezan octavo encuentro internacional de m\u00fasica y sonido de Arcos\",\"datePublished\":\"2022-10-24T20:41:48+00:00\",\"dateModified\":\"2022-10-24T20:41:53+00:00\",\"mainEntityOfPage\":{\"@id\":\"https:\/\/dev.antudigital.cl\/sites\/vc\/soulfia-y-magicenelbeat-encabezan-octavo-encuentro-internacional-de-musica-y-sonido-de-arcos\/\"},\"wordCount\":492,\"commentCount\":0,\"image\":{\"@id\":\"https:\/\/dev.antudigital.cl\/sites\/vc\/soulfia-y-magicenelbeat-encabezan-octavo-encuentro-internacional-de-musica-y-sonido-de-arcos\/#primaryimage\"},\"thumbnailUrl\":\"https:\/\/dev.antudigital.cl\/sites\/vc\/wp-content\/uploads\/2022\/10\/logo_arcos_letras_negras.png\",\"articleSection\":[\"Noticia\"],\"inLanguage\":\"es\",\"potentialAction\":[{\"@type\":\"CommentAction\",\"name\":\"Comment\",\"target\":[\"https:\/\/dev.antudigital.cl\/sites\/vc\/soulfia-y-magicenelbeat-encabezan-octavo-encuentro-internacional-de-musica-y-sonido-de-arcos\/#respond\"]}]},{\"@type\":\"WebPage\",\"@id\":\"https:\/\/dev.antudigital.cl\/sites\/vc\/soulfia-y-magicenelbeat-encabezan-octavo-encuentro-internacional-de-musica-y-sonido-de-arcos\/\",\"url\":\"https:\/\/dev.antudigital.cl\/sites\/vc\/soulfia-y-magicenelbeat-encabezan-octavo-encuentro-internacional-de-musica-y-sonido-de-arcos\/\",\"name\":\"Soulf\u00eda y Magicenelbeat encabezan octavo encuentro internacional de m\u00fasica y sonido de Arcos - Valpara\u00ed\u00adso Creativo\",\"isPartOf\":{\"@id\":\"https:\/\/dev.antudigital.cl\/sites\/vc\/#website\"},\"primaryImageOfPage\":{\"@id\":\"https:\/\/dev.antudigital.cl\/sites\/vc\/soulfia-y-magicenelbeat-encabezan-octavo-encuentro-internacional-de-musica-y-sonido-de-arcos\/#primaryimage\"},\"image\":{\"@id\":\"https:\/\/dev.antudigital.cl\/sites\/vc\/soulfia-y-magicenelbeat-encabezan-octavo-encuentro-internacional-de-musica-y-sonido-de-arcos\/#primaryimage\"},\"thumbnailUrl\":\"https:\/\/dev.antudigital.cl\/sites\/vc\/wp-content\/uploads\/2022\/10\/logo_arcos_letras_negras.png\",\"datePublished\":\"2022-10-24T20:41:48+00:00\",\"dateModified\":\"2022-10-24T20:41:53+00:00\",\"author\":{\"@id\":\"https:\/\/dev.antudigital.cl\/sites\/vc\/#\/schema\/person\/c2b9da8dd545e27166fc5ab232837318\"},\"breadcrumb\":{\"@id\":\"https:\/\/dev.antudigital.cl\/sites\/vc\/soulfia-y-magicenelbeat-encabezan-octavo-encuentro-internacional-de-musica-y-sonido-de-arcos\/#breadcrumb\"},\"inLanguage\":\"es\",\"potentialAction\":[{\"@type\":\"ReadAction\",\"target\":[\"https:\/\/dev.antudigital.cl\/sites\/vc\/soulfia-y-magicenelbeat-encabezan-octavo-encuentro-internacional-de-musica-y-sonido-de-arcos\/\"]}]},{\"@type\":\"ImageObject\",\"inLanguage\":\"es\",\"@id\":\"https:\/\/dev.antudigital.cl\/sites\/vc\/soulfia-y-magicenelbeat-encabezan-octavo-encuentro-internacional-de-musica-y-sonido-de-arcos\/#primaryimage\",\"url\":\"https:\/\/dev.antudigital.cl\/sites\/vc\/wp-content\/uploads\/2022\/10\/logo_arcos_letras_negras.png\",\"contentUrl\":\"https:\/\/dev.antudigital.cl\/sites\/vc\/wp-content\/uploads\/2022\/10\/logo_arcos_letras_negras.png\",\"width\":906,\"height\":425},{\"@type\":\"BreadcrumbList\",\"@id\":\"https:\/\/dev.antudigital.cl\/sites\/vc\/soulfia-y-magicenelbeat-encabezan-octavo-encuentro-internacional-de-musica-y-sonido-de-arcos\/#breadcrumb\",\"itemListElement\":[{\"@type\":\"ListItem\",\"position\":1,\"name\":\"Home\",\"item\":\"https:\/\/dev.antudigital.cl\/sites\/vc\/\"},{\"@type\":\"ListItem\",\"position\":2,\"name\":\"Soulf\u00eda y Magicenelbeat encabezan octavo encuentro internacional de m\u00fasica y sonido de Arcos\"}]},{\"@type\":\"WebSite\",\"@id\":\"https:\/\/dev.antudigital.cl\/sites\/vc\/#website\",\"url\":\"https:\/\/dev.antudigital.cl\/sites\/vc\/\",\"name\":\"Valpara\u00ed\u00adso Creativo\",\"description\":\"\",\"potentialAction\":[{\"@type\":\"SearchAction\",\"target\":{\"@type\":\"EntryPoint\",\"urlTemplate\":\"https:\/\/dev.antudigital.cl\/sites\/vc\/?s={search_term_string}\"},\"query-input\":{\"@type\":\"PropertyValueSpecification\",\"valueRequired\":true,\"valueName\":\"search_term_string\"}}],\"inLanguage\":\"es\"},{\"@type\":\"Person\",\"@id\":\"https:\/\/dev.antudigital.cl\/sites\/vc\/#\/schema\/person\/c2b9da8dd545e27166fc5ab232837318\",\"name\":\"Valpara\u00edso Creativo\",\"description\":\"Periodista de cultura en la Regi\u00f3n de Valpara\u00edso.\",\"url\":\"https:\/\/dev.antudigital.cl\/sites\/vc\/author\/valpoadmin\/\"}]}<\/script>\n<!-- \/ Yoast SEO plugin. -->","yoast_head_json":{"title":"Soulf\u00eda y Magicenelbeat encabezan octavo encuentro internacional de m\u00fasica y sonido de Arcos - Valpara\u00ed\u00adso Creativo","robots":{"index":"index","follow":"follow","max-snippet":"max-snippet:-1","max-image-preview":"max-image-preview:large","max-video-preview":"max-video-preview:-1"},"canonical":"https:\/\/dev.antudigital.cl\/sites\/vc\/soulfia-y-magicenelbeat-encabezan-octavo-encuentro-internacional-de-musica-y-sonido-de-arcos\/","og_locale":"es_ES","og_type":"article","og_title":"Soulf\u00eda y Magicenelbeat encabezan octavo encuentro internacional de m\u00fasica y sonido de Arcos - Valpara\u00ed\u00adso Creativo","og_description":"La ganadora del premio Pulsar, Soulf\u00eda y el afamado productor Magicenelbeat, dos de los nombres m\u00e1s relevantes de la m\u00fasica chilena en la \u00faltima temporada, ser\u00e1n los principales participantes de la octava versi\u00f3n del Encuentro Internacional de Sonido y M\u00fasica ARCOS, en que profesionales de la escena revelar\u00e1n m\u00e1s pistas sobre su proceso creativo, todo [&hellip;]","og_url":"https:\/\/dev.antudigital.cl\/sites\/vc\/soulfia-y-magicenelbeat-encabezan-octavo-encuentro-internacional-de-musica-y-sonido-de-arcos\/","og_site_name":"Valpara\u00ed\u00adso Creativo","article_published_time":"2022-10-24T20:41:48+00:00","article_modified_time":"2022-10-24T20:41:53+00:00","og_image":[{"width":906,"height":425,"url":"https:\/\/dev.antudigital.cl\/sites\/vc\/wp-content\/uploads\/2022\/10\/logo_arcos_letras_negras.png","type":"image\/png"}],"author":"Valpara\u00edso Creativo","twitter_card":"summary_large_image","twitter_misc":{"Escrito por":"Valpara\u00edso Creativo","Tiempo de lectura":"3 minutos"},"schema":{"@context":"https:\/\/schema.org","@graph":[{"@type":"Article","@id":"https:\/\/dev.antudigital.cl\/sites\/vc\/soulfia-y-magicenelbeat-encabezan-octavo-encuentro-internacional-de-musica-y-sonido-de-arcos\/#article","isPartOf":{"@id":"https:\/\/dev.antudigital.cl\/sites\/vc\/soulfia-y-magicenelbeat-encabezan-octavo-encuentro-internacional-de-musica-y-sonido-de-arcos\/"},"author":{"name":"Valpara\u00edso Creativo","@id":"https:\/\/dev.antudigital.cl\/sites\/vc\/#\/schema\/person\/c2b9da8dd545e27166fc5ab232837318"},"headline":"Soulf\u00eda y Magicenelbeat encabezan octavo encuentro internacional de m\u00fasica y sonido de Arcos","datePublished":"2022-10-24T20:41:48+00:00","dateModified":"2022-10-24T20:41:53+00:00","mainEntityOfPage":{"@id":"https:\/\/dev.antudigital.cl\/sites\/vc\/soulfia-y-magicenelbeat-encabezan-octavo-encuentro-internacional-de-musica-y-sonido-de-arcos\/"},"wordCount":492,"commentCount":0,"image":{"@id":"https:\/\/dev.antudigital.cl\/sites\/vc\/soulfia-y-magicenelbeat-encabezan-octavo-encuentro-internacional-de-musica-y-sonido-de-arcos\/#primaryimage"},"thumbnailUrl":"https:\/\/dev.antudigital.cl\/sites\/vc\/wp-content\/uploads\/2022\/10\/logo_arcos_letras_negras.png","articleSection":["Noticia"],"inLanguage":"es","potentialAction":[{"@type":"CommentAction","name":"Comment","target":["https:\/\/dev.antudigital.cl\/sites\/vc\/soulfia-y-magicenelbeat-encabezan-octavo-encuentro-internacional-de-musica-y-sonido-de-arcos\/#respond"]}]},{"@type":"WebPage","@id":"https:\/\/dev.antudigital.cl\/sites\/vc\/soulfia-y-magicenelbeat-encabezan-octavo-encuentro-internacional-de-musica-y-sonido-de-arcos\/","url":"https:\/\/dev.antudigital.cl\/sites\/vc\/soulfia-y-magicenelbeat-encabezan-octavo-encuentro-internacional-de-musica-y-sonido-de-arcos\/","name":"Soulf\u00eda y Magicenelbeat encabezan octavo encuentro internacional de m\u00fasica y sonido de Arcos - Valpara\u00ed\u00adso Creativo","isPartOf":{"@id":"https:\/\/dev.antudigital.cl\/sites\/vc\/#website"},"primaryImageOfPage":{"@id":"https:\/\/dev.antudigital.cl\/sites\/vc\/soulfia-y-magicenelbeat-encabezan-octavo-encuentro-internacional-de-musica-y-sonido-de-arcos\/#primaryimage"},"image":{"@id":"https:\/\/dev.antudigital.cl\/sites\/vc\/soulfia-y-magicenelbeat-encabezan-octavo-encuentro-internacional-de-musica-y-sonido-de-arcos\/#primaryimage"},"thumbnailUrl":"https:\/\/dev.antudigital.cl\/sites\/vc\/wp-content\/uploads\/2022\/10\/logo_arcos_letras_negras.png","datePublished":"2022-10-24T20:41:48+00:00","dateModified":"2022-10-24T20:41:53+00:00","author":{"@id":"https:\/\/dev.antudigital.cl\/sites\/vc\/#\/schema\/person\/c2b9da8dd545e27166fc5ab232837318"},"breadcrumb":{"@id":"https:\/\/dev.antudigital.cl\/sites\/vc\/soulfia-y-magicenelbeat-encabezan-octavo-encuentro-internacional-de-musica-y-sonido-de-arcos\/#breadcrumb"},"inLanguage":"es","potentialAction":[{"@type":"ReadAction","target":["https:\/\/dev.antudigital.cl\/sites\/vc\/soulfia-y-magicenelbeat-encabezan-octavo-encuentro-internacional-de-musica-y-sonido-de-arcos\/"]}]},{"@type":"ImageObject","inLanguage":"es","@id":"https:\/\/dev.antudigital.cl\/sites\/vc\/soulfia-y-magicenelbeat-encabezan-octavo-encuentro-internacional-de-musica-y-sonido-de-arcos\/#primaryimage","url":"https:\/\/dev.antudigital.cl\/sites\/vc\/wp-content\/uploads\/2022\/10\/logo_arcos_letras_negras.png","contentUrl":"https:\/\/dev.antudigital.cl\/sites\/vc\/wp-content\/uploads\/2022\/10\/logo_arcos_letras_negras.png","width":906,"height":425},{"@type":"BreadcrumbList","@id":"https:\/\/dev.antudigital.cl\/sites\/vc\/soulfia-y-magicenelbeat-encabezan-octavo-encuentro-internacional-de-musica-y-sonido-de-arcos\/#breadcrumb","itemListElement":[{"@type":"ListItem","position":1,"name":"Home","item":"https:\/\/dev.antudigital.cl\/sites\/vc\/"},{"@type":"ListItem","position":2,"name":"Soulf\u00eda y Magicenelbeat encabezan octavo encuentro internacional de m\u00fasica y sonido de Arcos"}]},{"@type":"WebSite","@id":"https:\/\/dev.antudigital.cl\/sites\/vc\/#website","url":"https:\/\/dev.antudigital.cl\/sites\/vc\/","name":"Valpara\u00ed\u00adso Creativo","description":"","potentialAction":[{"@type":"SearchAction","target":{"@type":"EntryPoint","urlTemplate":"https:\/\/dev.antudigital.cl\/sites\/vc\/?s={search_term_string}"},"query-input":{"@type":"PropertyValueSpecification","valueRequired":true,"valueName":"search_term_string"}}],"inLanguage":"es"},{"@type":"Person","@id":"https:\/\/dev.antudigital.cl\/sites\/vc\/#\/schema\/person\/c2b9da8dd545e27166fc5ab232837318","name":"Valpara\u00edso Creativo","description":"Periodista de cultura en la Regi\u00f3n de Valpara\u00edso.","url":"https:\/\/dev.antudigital.cl\/sites\/vc\/author\/valpoadmin\/"}]}},"_links":{"self":[{"href":"https:\/\/dev.antudigital.cl\/sites\/vc\/wp-json\/wp\/v2\/posts\/11914","targetHints":{"allow":["GET"]}}],"collection":[{"href":"https:\/\/dev.antudigital.cl\/sites\/vc\/wp-json\/wp\/v2\/posts"}],"about":[{"href":"https:\/\/dev.antudigital.cl\/sites\/vc\/wp-json\/wp\/v2\/types\/post"}],"author":[{"embeddable":true,"href":"https:\/\/dev.antudigital.cl\/sites\/vc\/wp-json\/wp\/v2\/users\/1"}],"replies":[{"embeddable":true,"href":"https:\/\/dev.antudigital.cl\/sites\/vc\/wp-json\/wp\/v2\/comments?post=11914"}],"version-history":[{"count":1,"href":"https:\/\/dev.antudigital.cl\/sites\/vc\/wp-json\/wp\/v2\/posts\/11914\/revisions"}],"predecessor-version":[{"id":11917,"href":"https:\/\/dev.antudigital.cl\/sites\/vc\/wp-json\/wp\/v2\/posts\/11914\/revisions\/11917"}],"wp:featuredmedia":[{"embeddable":true,"href":"https:\/\/dev.antudigital.cl\/sites\/vc\/wp-json\/wp\/v2\/media\/11916"}],"wp:attachment":[{"href":"https:\/\/dev.antudigital.cl\/sites\/vc\/wp-json\/wp\/v2\/media?parent=11914"}],"wp:term":[{"taxonomy":"category","embeddable":true,"href":"https:\/\/dev.antudigital.cl\/sites\/vc\/wp-json\/wp\/v2\/categories?post=11914"},{"taxonomy":"post_tag","embeddable":true,"href":"https:\/\/dev.antudigital.cl\/sites\/vc\/wp-json\/wp\/v2\/tags?post=11914"}],"curies":[{"name":"wp","href":"https:\/\/api.w.org\/{rel}","templated":true}]}}