{"id":11918,"date":"2022-10-24T20:46:44","date_gmt":"2022-10-24T20:46:44","guid":{"rendered":"https:\/\/www.valparaisocreativo.cl\/?p=11918"},"modified":"2022-10-24T20:46:49","modified_gmt":"2022-10-24T20:46:49","slug":"sumate-a-los-nodos-accion-climatica-de-corfo","status":"publish","type":"post","link":"https:\/\/dev.antudigital.cl\/sites\/vc\/sumate-a-los-nodos-accion-climatica-de-corfo\/","title":{"rendered":"S\u00famate a los Nodos Acci\u00f3n Clim\u00e1tica de Corfo"},"content":{"rendered":"\n<h3 class=\"wp-block-heading\">Corfo invita a \u00abInnova Acci\u00f3n\u00bb, una instancia para activar la colaboraci\u00f3n en torno a tem\u00e1ticas claves que nos permitir\u00e1n transitar hacia un desarrollo sostenible, a partir de soluciones basadas en la I+D+i.<\/h3>\n\n\n\n<h2 class=\"wp-block-heading\">\u00bfQU\u00c9 ES?<\/h2>\n\n\n\n<p>Se trata de 2 horas de <strong>speed networking<\/strong> en base a <strong>10 nodos <\/strong>con tem\u00e1ticas claves sobre tecnolog\u00edas disruptivas para la <strong>acci\u00f3n clim\u00e1tica<\/strong> e innovaci\u00f3n de impacto.<\/p>\n\n\n\n<p>Si buscas vincularte con expertos y soluciones innovadoras en torno a la acci\u00f3n clim\u00e1tica, s\u00famate a esta instancia que tendr\u00e1 lugar el 3 de noviembre.<\/p>\n\n\n\n<p>Para conocer en qu\u00e9 consiste y c\u00f3mo participar, te invitamos a revisar la web oficial: <a href=\"https:\/\/innovaimpacta.cl\/nodos-accionclimatica\/\">click aqu\u00ed.<\/a><\/p>\n\n\n\n<figure class=\"wp-block-image size-large\"><img fetchpriority=\"high\" decoding=\"async\" width=\"1024\" height=\"1024\" src=\"https:\/\/www.valparaisocreativo.cl\/wp-content\/uploads\/2022\/10\/Su\u0301mate-a-la-Accio\u0301n-Clima\u0301tica-1024x1024.jpg\" alt=\"\" class=\"wp-image-11919\" srcset=\"https:\/\/dev.antudigital.cl\/sites\/vc\/wp-content\/uploads\/2022\/10\/Su\u0301mate-a-la-Accio\u0301n-Clima\u0301tica-1024x1024.jpg 1024w, https:\/\/dev.antudigital.cl\/sites\/vc\/wp-content\/uploads\/2022\/10\/Su\u0301mate-a-la-Accio\u0301n-Clima\u0301tica-300x300.jpg 300w, https:\/\/dev.antudigital.cl\/sites\/vc\/wp-content\/uploads\/2022\/10\/Su\u0301mate-a-la-Accio\u0301n-Clima\u0301tica-150x150.jpg 150w, https:\/\/dev.antudigital.cl\/sites\/vc\/wp-content\/uploads\/2022\/10\/Su\u0301mate-a-la-Accio\u0301n-Clima\u0301tica-768x768.jpg 768w, https:\/\/dev.antudigital.cl\/sites\/vc\/wp-content\/uploads\/2022\/10\/Su\u0301mate-a-la-Accio\u0301n-Clima\u0301tica-1080x1080.jpg 1080w, https:\/\/dev.antudigital.cl\/sites\/vc\/wp-content\/uploads\/2022\/10\/Su\u0301mate-a-la-Accio\u0301n-Clima\u0301tica-980x980.jpg 980w, https:\/\/dev.antudigital.cl\/sites\/vc\/wp-content\/uploads\/2022\/10\/Su\u0301mate-a-la-Accio\u0301n-Clima\u0301tica-480x480.jpg 480w, https:\/\/dev.antudigital.cl\/sites\/vc\/wp-content\/uploads\/2022\/10\/Su\u0301mate-a-la-Accio\u0301n-Clima\u0301tica.jpg 1280w\" sizes=\"(max-width: 1024px) 100vw, 1024px\" \/><\/figure>\n","protected":false},"excerpt":{"rendered":"<p>Corfo invita a \u00abInnova Acci\u00f3n\u00bb, una instancia para activar la colaboraci\u00f3n en torno a tem\u00e1ticas claves que nos permitir\u00e1n transitar hacia un desarrollo sostenible, a partir de soluciones basadas en la I+D+i. \u00bfQU\u00c9 ES? Se trata de 2 horas de speed networking en base a 10 nodos con tem\u00e1ticas claves sobre tecnolog\u00edas disruptivas para la [&hellip;]<\/p>\n","protected":false},"author":1,"featured_media":9938,"comment_status":"open","ping_status":"closed","sticky":false,"template":"","format":"standard","meta":{"_acf_changed":false,"footnotes":""},"categories":[8],"tags":[],"class_list":["post-11918","post","type-post","status-publish","format-standard","has-post-thumbnail","hentry","category-noticia"],"acf":[],"yoast_head":"<!-- This site is optimized with the Yoast SEO plugin v27.1.1 - https:\/\/yoast.com\/product\/yoast-seo-wordpress\/ -->\n<title>S\u00famate a los Nodos Acci\u00f3n Clim\u00e1tica de Corfo - Valpara\u00ed\u00adso Creativo<\/title>\n<meta name=\"robots\" content=\"index, follow, max-snippet:-1, max-image-preview:large, max-video-preview:-1\" \/>\n<link rel=\"canonical\" href=\"https:\/\/dev.antudigital.cl\/sites\/vc\/sumate-a-los-nodos-accion-climatica-de-corfo\/\" \/>\n<meta property=\"og:locale\" content=\"es_ES\" \/>\n<meta property=\"og:type\" content=\"article\" \/>\n<meta property=\"og:title\" content=\"S\u00famate a los Nodos Acci\u00f3n Clim\u00e1tica de Corfo - Valpara\u00ed\u00adso Creativo\" \/>\n<meta property=\"og:description\" content=\"Corfo invita a \u00abInnova Acci\u00f3n\u00bb, una instancia para activar la colaboraci\u00f3n en torno a tem\u00e1ticas claves que nos permitir\u00e1n transitar hacia un desarrollo sostenible, a partir de soluciones basadas en la I+D+i. \u00bfQU\u00c9 ES? Se trata de 2 horas de speed networking en base a 10 nodos con tem\u00e1ticas claves sobre tecnolog\u00edas disruptivas para la [&hellip;]\" \/>\n<meta property=\"og:url\" content=\"https:\/\/dev.antudigital.cl\/sites\/vc\/sumate-a-los-nodos-accion-climatica-de-corfo\/\" \/>\n<meta property=\"og:site_name\" content=\"Valpara\u00ed\u00adso Creativo\" \/>\n<meta property=\"article:published_time\" content=\"2022-10-24T20:46:44+00:00\" \/>\n<meta property=\"article:modified_time\" content=\"2022-10-24T20:46:49+00:00\" \/>\n<meta property=\"og:image\" content=\"https:\/\/dev.antudigital.cl\/sites\/vc\/wp-content\/uploads\/2022\/03\/corfo2.jpg\" \/>\n\t<meta property=\"og:image:width\" content=\"1500\" \/>\n\t<meta property=\"og:image:height\" content=\"500\" \/>\n\t<meta property=\"og:image:type\" content=\"image\/jpeg\" \/>\n<meta name=\"author\" content=\"Valpara\u00edso Creativo\" \/>\n<meta name=\"twitter:card\" content=\"summary_large_image\" \/>\n<meta name=\"twitter:label1\" content=\"Escrito por\" \/>\n\t<meta name=\"twitter:data1\" content=\"Valpara\u00edso Creativo\" \/>\n\t<meta name=\"twitter:label2\" content=\"Tiempo de lectura\" \/>\n\t<meta name=\"twitter:data2\" content=\"1 minuto\" \/>\n<script type=\"application\/ld+json\" class=\"yoast-schema-graph\">{\"@context\":\"https:\/\/schema.org\",\"@graph\":[{\"@type\":\"Article\",\"@id\":\"https:\/\/dev.antudigital.cl\/sites\/vc\/sumate-a-los-nodos-accion-climatica-de-corfo\/#article\",\"isPartOf\":{\"@id\":\"https:\/\/dev.antudigital.cl\/sites\/vc\/sumate-a-los-nodos-accion-climatica-de-corfo\/\"},\"author\":{\"name\":\"Valpara\u00edso Creativo\",\"@id\":\"https:\/\/dev.antudigital.cl\/sites\/vc\/#\/schema\/person\/c2b9da8dd545e27166fc5ab232837318\"},\"headline\":\"S\u00famate a los Nodos Acci\u00f3n Clim\u00e1tica de Corfo\",\"datePublished\":\"2022-10-24T20:46:44+00:00\",\"dateModified\":\"2022-10-24T20:46:49+00:00\",\"mainEntityOfPage\":{\"@id\":\"https:\/\/dev.antudigital.cl\/sites\/vc\/sumate-a-los-nodos-accion-climatica-de-corfo\/\"},\"wordCount\":126,\"commentCount\":0,\"image\":{\"@id\":\"https:\/\/dev.antudigital.cl\/sites\/vc\/sumate-a-los-nodos-accion-climatica-de-corfo\/#primaryimage\"},\"thumbnailUrl\":\"https:\/\/dev.antudigital.cl\/sites\/vc\/wp-content\/uploads\/2022\/03\/corfo2.jpg\",\"articleSection\":[\"Noticia\"],\"inLanguage\":\"es\",\"potentialAction\":[{\"@type\":\"CommentAction\",\"name\":\"Comment\",\"target\":[\"https:\/\/dev.antudigital.cl\/sites\/vc\/sumate-a-los-nodos-accion-climatica-de-corfo\/#respond\"]}]},{\"@type\":\"WebPage\",\"@id\":\"https:\/\/dev.antudigital.cl\/sites\/vc\/sumate-a-los-nodos-accion-climatica-de-corfo\/\",\"url\":\"https:\/\/dev.antudigital.cl\/sites\/vc\/sumate-a-los-nodos-accion-climatica-de-corfo\/\",\"name\":\"S\u00famate a los Nodos Acci\u00f3n Clim\u00e1tica de Corfo - Valpara\u00ed\u00adso Creativo\",\"isPartOf\":{\"@id\":\"https:\/\/dev.antudigital.cl\/sites\/vc\/#website\"},\"primaryImageOfPage\":{\"@id\":\"https:\/\/dev.antudigital.cl\/sites\/vc\/sumate-a-los-nodos-accion-climatica-de-corfo\/#primaryimage\"},\"image\":{\"@id\":\"https:\/\/dev.antudigital.cl\/sites\/vc\/sumate-a-los-nodos-accion-climatica-de-corfo\/#primaryimage\"},\"thumbnailUrl\":\"https:\/\/dev.antudigital.cl\/sites\/vc\/wp-content\/uploads\/2022\/03\/corfo2.jpg\",\"datePublished\":\"2022-10-24T20:46:44+00:00\",\"dateModified\":\"2022-10-24T20:46:49+00:00\",\"author\":{\"@id\":\"https:\/\/dev.antudigital.cl\/sites\/vc\/#\/schema\/person\/c2b9da8dd545e27166fc5ab232837318\"},\"breadcrumb\":{\"@id\":\"https:\/\/dev.antudigital.cl\/sites\/vc\/sumate-a-los-nodos-accion-climatica-de-corfo\/#breadcrumb\"},\"inLanguage\":\"es\",\"potentialAction\":[{\"@type\":\"ReadAction\",\"target\":[\"https:\/\/dev.antudigital.cl\/sites\/vc\/sumate-a-los-nodos-accion-climatica-de-corfo\/\"]}]},{\"@type\":\"ImageObject\",\"inLanguage\":\"es\",\"@id\":\"https:\/\/dev.antudigital.cl\/sites\/vc\/sumate-a-los-nodos-accion-climatica-de-corfo\/#primaryimage\",\"url\":\"https:\/\/dev.antudigital.cl\/sites\/vc\/wp-content\/uploads\/2022\/03\/corfo2.jpg\",\"contentUrl\":\"https:\/\/dev.antudigital.cl\/sites\/vc\/wp-content\/uploads\/2022\/03\/corfo2.jpg\",\"width\":1500,\"height\":500},{\"@type\":\"BreadcrumbList\",\"@id\":\"https:\/\/dev.antudigital.cl\/sites\/vc\/sumate-a-los-nodos-accion-climatica-de-corfo\/#breadcrumb\",\"itemListElement\":[{\"@type\":\"ListItem\",\"position\":1,\"name\":\"Home\",\"item\":\"https:\/\/dev.antudigital.cl\/sites\/vc\/\"},{\"@type\":\"ListItem\",\"position\":2,\"name\":\"S\u00famate a los Nodos Acci\u00f3n Clim\u00e1tica de Corfo\"}]},{\"@type\":\"WebSite\",\"@id\":\"https:\/\/dev.antudigital.cl\/sites\/vc\/#website\",\"url\":\"https:\/\/dev.antudigital.cl\/sites\/vc\/\",\"name\":\"Valpara\u00ed\u00adso Creativo\",\"description\":\"\",\"potentialAction\":[{\"@type\":\"SearchAction\",\"target\":{\"@type\":\"EntryPoint\",\"urlTemplate\":\"https:\/\/dev.antudigital.cl\/sites\/vc\/?s={search_term_string}\"},\"query-input\":{\"@type\":\"PropertyValueSpecification\",\"valueRequired\":true,\"valueName\":\"search_term_string\"}}],\"inLanguage\":\"es\"},{\"@type\":\"Person\",\"@id\":\"https:\/\/dev.antudigital.cl\/sites\/vc\/#\/schema\/person\/c2b9da8dd545e27166fc5ab232837318\",\"name\":\"Valpara\u00edso Creativo\",\"description\":\"Periodista de cultura en la Regi\u00f3n de Valpara\u00edso.\",\"url\":\"https:\/\/dev.antudigital.cl\/sites\/vc\/author\/valpoadmin\/\"}]}<\/script>\n<!-- \/ Yoast SEO plugin. -->","yoast_head_json":{"title":"S\u00famate a los Nodos Acci\u00f3n Clim\u00e1tica de Corfo - Valpara\u00ed\u00adso Creativo","robots":{"index":"index","follow":"follow","max-snippet":"max-snippet:-1","max-image-preview":"max-image-preview:large","max-video-preview":"max-video-preview:-1"},"canonical":"https:\/\/dev.antudigital.cl\/sites\/vc\/sumate-a-los-nodos-accion-climatica-de-corfo\/","og_locale":"es_ES","og_type":"article","og_title":"S\u00famate a los Nodos Acci\u00f3n Clim\u00e1tica de Corfo - Valpara\u00ed\u00adso Creativo","og_description":"Corfo invita a \u00abInnova Acci\u00f3n\u00bb, una instancia para activar la colaboraci\u00f3n en torno a tem\u00e1ticas claves que nos permitir\u00e1n transitar hacia un desarrollo sostenible, a partir de soluciones basadas en la I+D+i. \u00bfQU\u00c9 ES? Se trata de 2 horas de speed networking en base a 10 nodos con tem\u00e1ticas claves sobre tecnolog\u00edas disruptivas para la [&hellip;]","og_url":"https:\/\/dev.antudigital.cl\/sites\/vc\/sumate-a-los-nodos-accion-climatica-de-corfo\/","og_site_name":"Valpara\u00ed\u00adso Creativo","article_published_time":"2022-10-24T20:46:44+00:00","article_modified_time":"2022-10-24T20:46:49+00:00","og_image":[{"width":1500,"height":500,"url":"https:\/\/dev.antudigital.cl\/sites\/vc\/wp-content\/uploads\/2022\/03\/corfo2.jpg","type":"image\/jpeg"}],"author":"Valpara\u00edso Creativo","twitter_card":"summary_large_image","twitter_misc":{"Escrito por":"Valpara\u00edso Creativo","Tiempo de lectura":"1 minuto"},"schema":{"@context":"https:\/\/schema.org","@graph":[{"@type":"Article","@id":"https:\/\/dev.antudigital.cl\/sites\/vc\/sumate-a-los-nodos-accion-climatica-de-corfo\/#article","isPartOf":{"@id":"https:\/\/dev.antudigital.cl\/sites\/vc\/sumate-a-los-nodos-accion-climatica-de-corfo\/"},"author":{"name":"Valpara\u00edso Creativo","@id":"https:\/\/dev.antudigital.cl\/sites\/vc\/#\/schema\/person\/c2b9da8dd545e27166fc5ab232837318"},"headline":"S\u00famate a los Nodos Acci\u00f3n Clim\u00e1tica de Corfo","datePublished":"2022-10-24T20:46:44+00:00","dateModified":"2022-10-24T20:46:49+00:00","mainEntityOfPage":{"@id":"https:\/\/dev.antudigital.cl\/sites\/vc\/sumate-a-los-nodos-accion-climatica-de-corfo\/"},"wordCount":126,"commentCount":0,"image":{"@id":"https:\/\/dev.antudigital.cl\/sites\/vc\/sumate-a-los-nodos-accion-climatica-de-corfo\/#primaryimage"},"thumbnailUrl":"https:\/\/dev.antudigital.cl\/sites\/vc\/wp-content\/uploads\/2022\/03\/corfo2.jpg","articleSection":["Noticia"],"inLanguage":"es","potentialAction":[{"@type":"CommentAction","name":"Comment","target":["https:\/\/dev.antudigital.cl\/sites\/vc\/sumate-a-los-nodos-accion-climatica-de-corfo\/#respond"]}]},{"@type":"WebPage","@id":"https:\/\/dev.antudigital.cl\/sites\/vc\/sumate-a-los-nodos-accion-climatica-de-corfo\/","url":"https:\/\/dev.antudigital.cl\/sites\/vc\/sumate-a-los-nodos-accion-climatica-de-corfo\/","name":"S\u00famate a los Nodos Acci\u00f3n Clim\u00e1tica de Corfo - Valpara\u00ed\u00adso Creativo","isPartOf":{"@id":"https:\/\/dev.antudigital.cl\/sites\/vc\/#website"},"primaryImageOfPage":{"@id":"https:\/\/dev.antudigital.cl\/sites\/vc\/sumate-a-los-nodos-accion-climatica-de-corfo\/#primaryimage"},"image":{"@id":"https:\/\/dev.antudigital.cl\/sites\/vc\/sumate-a-los-nodos-accion-climatica-de-corfo\/#primaryimage"},"thumbnailUrl":"https:\/\/dev.antudigital.cl\/sites\/vc\/wp-content\/uploads\/2022\/03\/corfo2.jpg","datePublished":"2022-10-24T20:46:44+00:00","dateModified":"2022-10-24T20:46:49+00:00","author":{"@id":"https:\/\/dev.antudigital.cl\/sites\/vc\/#\/schema\/person\/c2b9da8dd545e27166fc5ab232837318"},"breadcrumb":{"@id":"https:\/\/dev.antudigital.cl\/sites\/vc\/sumate-a-los-nodos-accion-climatica-de-corfo\/#breadcrumb"},"inLanguage":"es","potentialAction":[{"@type":"ReadAction","target":["https:\/\/dev.antudigital.cl\/sites\/vc\/sumate-a-los-nodos-accion-climatica-de-corfo\/"]}]},{"@type":"ImageObject","inLanguage":"es","@id":"https:\/\/dev.antudigital.cl\/sites\/vc\/sumate-a-los-nodos-accion-climatica-de-corfo\/#primaryimage","url":"https:\/\/dev.antudigital.cl\/sites\/vc\/wp-content\/uploads\/2022\/03\/corfo2.jpg","contentUrl":"https:\/\/dev.antudigital.cl\/sites\/vc\/wp-content\/uploads\/2022\/03\/corfo2.jpg","width":1500,"height":500},{"@type":"BreadcrumbList","@id":"https:\/\/dev.antudigital.cl\/sites\/vc\/sumate-a-los-nodos-accion-climatica-de-corfo\/#breadcrumb","itemListElement":[{"@type":"ListItem","position":1,"name":"Home","item":"https:\/\/dev.antudigital.cl\/sites\/vc\/"},{"@type":"ListItem","position":2,"name":"S\u00famate a los Nodos Acci\u00f3n Clim\u00e1tica de Corfo"}]},{"@type":"WebSite","@id":"https:\/\/dev.antudigital.cl\/sites\/vc\/#website","url":"https:\/\/dev.antudigital.cl\/sites\/vc\/","name":"Valpara\u00ed\u00adso Creativo","description":"","potentialAction":[{"@type":"SearchAction","target":{"@type":"EntryPoint","urlTemplate":"https:\/\/dev.antudigital.cl\/sites\/vc\/?s={search_term_string}"},"query-input":{"@type":"PropertyValueSpecification","valueRequired":true,"valueName":"search_term_string"}}],"inLanguage":"es"},{"@type":"Person","@id":"https:\/\/dev.antudigital.cl\/sites\/vc\/#\/schema\/person\/c2b9da8dd545e27166fc5ab232837318","name":"Valpara\u00edso Creativo","description":"Periodista de cultura en la Regi\u00f3n de Valpara\u00edso.","url":"https:\/\/dev.antudigital.cl\/sites\/vc\/author\/valpoadmin\/"}]}},"_links":{"self":[{"href":"https:\/\/dev.antudigital.cl\/sites\/vc\/wp-json\/wp\/v2\/posts\/11918","targetHints":{"allow":["GET"]}}],"collection":[{"href":"https:\/\/dev.antudigital.cl\/sites\/vc\/wp-json\/wp\/v2\/posts"}],"about":[{"href":"https:\/\/dev.antudigital.cl\/sites\/vc\/wp-json\/wp\/v2\/types\/post"}],"author":[{"embeddable":true,"href":"https:\/\/dev.antudigital.cl\/sites\/vc\/wp-json\/wp\/v2\/users\/1"}],"replies":[{"embeddable":true,"href":"https:\/\/dev.antudigital.cl\/sites\/vc\/wp-json\/wp\/v2\/comments?post=11918"}],"version-history":[{"count":1,"href":"https:\/\/dev.antudigital.cl\/sites\/vc\/wp-json\/wp\/v2\/posts\/11918\/revisions"}],"predecessor-version":[{"id":11920,"href":"https:\/\/dev.antudigital.cl\/sites\/vc\/wp-json\/wp\/v2\/posts\/11918\/revisions\/11920"}],"wp:featuredmedia":[{"embeddable":true,"href":"https:\/\/dev.antudigital.cl\/sites\/vc\/wp-json\/wp\/v2\/media\/9938"}],"wp:attachment":[{"href":"https:\/\/dev.antudigital.cl\/sites\/vc\/wp-json\/wp\/v2\/media?parent=11918"}],"wp:term":[{"taxonomy":"category","embeddable":true,"href":"https:\/\/dev.antudigital.cl\/sites\/vc\/wp-json\/wp\/v2\/categories?post=11918"},{"taxonomy":"post_tag","embeddable":true,"href":"https:\/\/dev.antudigital.cl\/sites\/vc\/wp-json\/wp\/v2\/tags?post=11918"}],"curies":[{"name":"wp","href":"https:\/\/api.w.org\/{rel}","templated":true}]}}