{"id":11921,"date":"2022-10-24T20:52:33","date_gmt":"2022-10-24T20:52:33","guid":{"rendered":"https:\/\/www.valparaisocreativo.cl\/?p=11921"},"modified":"2022-10-24T20:52:38","modified_gmt":"2022-10-24T20:52:38","slug":"ya-esta-disponible-convocatoria-activa-chile-apoya","status":"publish","type":"post","link":"https:\/\/dev.antudigital.cl\/sites\/vc\/ya-esta-disponible-convocatoria-activa-chile-apoya\/","title":{"rendered":"Ya est\u00e1 disponible: convocatoria Activa Chile Apoya"},"content":{"rendered":"\n<p>Hasta el 17 de noviembre est\u00e1 abierta la convocatoria Activa Chile Apoya Regi\u00f3n de Valpara\u00edso, que busca apoyar a peque\u00f1as y medianas empresas, en la recuperaci\u00f3n de su actividad econ\u00f3mica, mediante el apoyo a trav\u00e9s del cofinanciamiento de proyectos individuales que contemplen la adquisici\u00f3n de activo fijo, recuperaci\u00f3n o construcci\u00f3n de nueva infraestructura productiva y\/o para capital de trabajo.<\/p>\n\n\n\n<p>La suspensi\u00f3n de la convocatoria, por superar el 20% de los recursos disponibles, <strong>ser\u00e1 informada con un aviso previo de 24 horas en el sitio web.<\/strong><\/p>\n\n\n\n<p>\u00bfQuienes pueden postular?<\/p>\n\n\n\n<ul class=\"wp-block-list\"><li>Contribuyentes con inicio de actividades, que tributen en primera categor\u00eda.<\/li><li>Deber\u00e1n tener un nivel de ventas mayor a las 2.400 UF e inferior a las 100.000 UF.<\/li><\/ul>\n\n\n\n<p>A trav\u00e9s del mismo se har\u00e1 entrega de hasta $15.000.000 (quince millones de pesos) de financiamiento por proyecto.<\/p>\n\n\n\n<p><strong>Revisa en el <a href=\"https:\/\/www.corfo.cl\/sites\/cpp\/convocatorias\/movil\/aca_valparaiso\">siguiente link las bases legales<\/a>.<\/strong><\/p>\n\n\n\n<figure class=\"wp-block-image size-large\"><img fetchpriority=\"high\" decoding=\"async\" width=\"1024\" height=\"1024\" src=\"https:\/\/www.valparaisocreativo.cl\/wp-content\/uploads\/2022\/10\/311439711_10159096774028907_3526141617858967778_n-1024x1024.png\" alt=\"\" class=\"wp-image-11922\" srcset=\"https:\/\/dev.antudigital.cl\/sites\/vc\/wp-content\/uploads\/2022\/10\/311439711_10159096774028907_3526141617858967778_n-1024x1024.png 1024w, https:\/\/dev.antudigital.cl\/sites\/vc\/wp-content\/uploads\/2022\/10\/311439711_10159096774028907_3526141617858967778_n-300x300.png 300w, https:\/\/dev.antudigital.cl\/sites\/vc\/wp-content\/uploads\/2022\/10\/311439711_10159096774028907_3526141617858967778_n-150x150.png 150w, https:\/\/dev.antudigital.cl\/sites\/vc\/wp-content\/uploads\/2022\/10\/311439711_10159096774028907_3526141617858967778_n-768x768.png 768w, https:\/\/dev.antudigital.cl\/sites\/vc\/wp-content\/uploads\/2022\/10\/311439711_10159096774028907_3526141617858967778_n-980x980.png 980w, https:\/\/dev.antudigital.cl\/sites\/vc\/wp-content\/uploads\/2022\/10\/311439711_10159096774028907_3526141617858967778_n-480x480.png 480w, https:\/\/dev.antudigital.cl\/sites\/vc\/wp-content\/uploads\/2022\/10\/311439711_10159096774028907_3526141617858967778_n.png 1080w\" sizes=\"(max-width: 1024px) 100vw, 1024px\" \/><\/figure>\n","protected":false},"excerpt":{"rendered":"<p>Hasta el 17 de noviembre est\u00e1 abierta la convocatoria Activa Chile Apoya Regi\u00f3n de Valpara\u00edso, que busca apoyar a peque\u00f1as y medianas empresas, en la recuperaci\u00f3n de su actividad econ\u00f3mica, mediante el apoyo a trav\u00e9s del cofinanciamiento de proyectos individuales que contemplen la adquisici\u00f3n de activo fijo, recuperaci\u00f3n o construcci\u00f3n de nueva infraestructura productiva y\/o [&hellip;]<\/p>\n","protected":false},"author":1,"featured_media":8518,"comment_status":"open","ping_status":"closed","sticky":false,"template":"","format":"standard","meta":{"_acf_changed":false,"footnotes":""},"categories":[8],"tags":[],"class_list":["post-11921","post","type-post","status-publish","format-standard","has-post-thumbnail","hentry","category-noticia"],"acf":[],"yoast_head":"<!-- This site is optimized with the Yoast SEO plugin v27.1.1 - https:\/\/yoast.com\/product\/yoast-seo-wordpress\/ -->\n<title>Ya est\u00e1 disponible: convocatoria Activa Chile Apoya - Valpara\u00ed\u00adso Creativo<\/title>\n<meta name=\"robots\" content=\"index, follow, max-snippet:-1, max-image-preview:large, max-video-preview:-1\" \/>\n<link rel=\"canonical\" href=\"https:\/\/dev.antudigital.cl\/sites\/vc\/ya-esta-disponible-convocatoria-activa-chile-apoya\/\" \/>\n<meta property=\"og:locale\" content=\"es_ES\" \/>\n<meta property=\"og:type\" content=\"article\" \/>\n<meta property=\"og:title\" content=\"Ya est\u00e1 disponible: convocatoria Activa Chile Apoya - Valpara\u00ed\u00adso Creativo\" \/>\n<meta property=\"og:description\" content=\"Hasta el 17 de noviembre est\u00e1 abierta la convocatoria Activa Chile Apoya Regi\u00f3n de Valpara\u00edso, que busca apoyar a peque\u00f1as y medianas empresas, en la recuperaci\u00f3n de su actividad econ\u00f3mica, mediante el apoyo a trav\u00e9s del cofinanciamiento de proyectos individuales que contemplen la adquisici\u00f3n de activo fijo, recuperaci\u00f3n o construcci\u00f3n de nueva infraestructura productiva y\/o [&hellip;]\" \/>\n<meta property=\"og:url\" content=\"https:\/\/dev.antudigital.cl\/sites\/vc\/ya-esta-disponible-convocatoria-activa-chile-apoya\/\" \/>\n<meta property=\"og:site_name\" content=\"Valpara\u00ed\u00adso Creativo\" \/>\n<meta property=\"article:published_time\" content=\"2022-10-24T20:52:33+00:00\" \/>\n<meta property=\"article:modified_time\" content=\"2022-10-24T20:52:38+00:00\" \/>\n<meta property=\"og:image\" content=\"https:\/\/dev.antudigital.cl\/sites\/vc\/wp-content\/uploads\/2020\/11\/corfo.png\" \/>\n\t<meta property=\"og:image:width\" content=\"851\" \/>\n\t<meta property=\"og:image:height\" content=\"315\" \/>\n\t<meta property=\"og:image:type\" content=\"image\/png\" \/>\n<meta name=\"author\" content=\"Valpara\u00edso Creativo\" \/>\n<meta name=\"twitter:card\" content=\"summary_large_image\" \/>\n<meta name=\"twitter:label1\" content=\"Escrito por\" \/>\n\t<meta name=\"twitter:data1\" content=\"Valpara\u00edso Creativo\" \/>\n\t<meta name=\"twitter:label2\" content=\"Tiempo de lectura\" \/>\n\t<meta name=\"twitter:data2\" content=\"1 minuto\" \/>\n<script type=\"application\/ld+json\" class=\"yoast-schema-graph\">{\"@context\":\"https:\/\/schema.org\",\"@graph\":[{\"@type\":\"Article\",\"@id\":\"https:\/\/dev.antudigital.cl\/sites\/vc\/ya-esta-disponible-convocatoria-activa-chile-apoya\/#article\",\"isPartOf\":{\"@id\":\"https:\/\/dev.antudigital.cl\/sites\/vc\/ya-esta-disponible-convocatoria-activa-chile-apoya\/\"},\"author\":{\"name\":\"Valpara\u00edso Creativo\",\"@id\":\"https:\/\/dev.antudigital.cl\/sites\/vc\/#\/schema\/person\/c2b9da8dd545e27166fc5ab232837318\"},\"headline\":\"Ya est\u00e1 disponible: convocatoria Activa Chile Apoya\",\"datePublished\":\"2022-10-24T20:52:33+00:00\",\"dateModified\":\"2022-10-24T20:52:38+00:00\",\"mainEntityOfPage\":{\"@id\":\"https:\/\/dev.antudigital.cl\/sites\/vc\/ya-esta-disponible-convocatoria-activa-chile-apoya\/\"},\"wordCount\":156,\"commentCount\":0,\"image\":{\"@id\":\"https:\/\/dev.antudigital.cl\/sites\/vc\/ya-esta-disponible-convocatoria-activa-chile-apoya\/#primaryimage\"},\"thumbnailUrl\":\"https:\/\/dev.antudigital.cl\/sites\/vc\/wp-content\/uploads\/2020\/11\/corfo.png\",\"articleSection\":[\"Noticia\"],\"inLanguage\":\"es\",\"potentialAction\":[{\"@type\":\"CommentAction\",\"name\":\"Comment\",\"target\":[\"https:\/\/dev.antudigital.cl\/sites\/vc\/ya-esta-disponible-convocatoria-activa-chile-apoya\/#respond\"]}]},{\"@type\":\"WebPage\",\"@id\":\"https:\/\/dev.antudigital.cl\/sites\/vc\/ya-esta-disponible-convocatoria-activa-chile-apoya\/\",\"url\":\"https:\/\/dev.antudigital.cl\/sites\/vc\/ya-esta-disponible-convocatoria-activa-chile-apoya\/\",\"name\":\"Ya est\u00e1 disponible: convocatoria Activa Chile Apoya - Valpara\u00ed\u00adso Creativo\",\"isPartOf\":{\"@id\":\"https:\/\/dev.antudigital.cl\/sites\/vc\/#website\"},\"primaryImageOfPage\":{\"@id\":\"https:\/\/dev.antudigital.cl\/sites\/vc\/ya-esta-disponible-convocatoria-activa-chile-apoya\/#primaryimage\"},\"image\":{\"@id\":\"https:\/\/dev.antudigital.cl\/sites\/vc\/ya-esta-disponible-convocatoria-activa-chile-apoya\/#primaryimage\"},\"thumbnailUrl\":\"https:\/\/dev.antudigital.cl\/sites\/vc\/wp-content\/uploads\/2020\/11\/corfo.png\",\"datePublished\":\"2022-10-24T20:52:33+00:00\",\"dateModified\":\"2022-10-24T20:52:38+00:00\",\"author\":{\"@id\":\"https:\/\/dev.antudigital.cl\/sites\/vc\/#\/schema\/person\/c2b9da8dd545e27166fc5ab232837318\"},\"breadcrumb\":{\"@id\":\"https:\/\/dev.antudigital.cl\/sites\/vc\/ya-esta-disponible-convocatoria-activa-chile-apoya\/#breadcrumb\"},\"inLanguage\":\"es\",\"potentialAction\":[{\"@type\":\"ReadAction\",\"target\":[\"https:\/\/dev.antudigital.cl\/sites\/vc\/ya-esta-disponible-convocatoria-activa-chile-apoya\/\"]}]},{\"@type\":\"ImageObject\",\"inLanguage\":\"es\",\"@id\":\"https:\/\/dev.antudigital.cl\/sites\/vc\/ya-esta-disponible-convocatoria-activa-chile-apoya\/#primaryimage\",\"url\":\"https:\/\/dev.antudigital.cl\/sites\/vc\/wp-content\/uploads\/2020\/11\/corfo.png\",\"contentUrl\":\"https:\/\/dev.antudigital.cl\/sites\/vc\/wp-content\/uploads\/2020\/11\/corfo.png\",\"width\":851,\"height\":315},{\"@type\":\"BreadcrumbList\",\"@id\":\"https:\/\/dev.antudigital.cl\/sites\/vc\/ya-esta-disponible-convocatoria-activa-chile-apoya\/#breadcrumb\",\"itemListElement\":[{\"@type\":\"ListItem\",\"position\":1,\"name\":\"Home\",\"item\":\"https:\/\/dev.antudigital.cl\/sites\/vc\/\"},{\"@type\":\"ListItem\",\"position\":2,\"name\":\"Ya est\u00e1 disponible: convocatoria Activa Chile Apoya\"}]},{\"@type\":\"WebSite\",\"@id\":\"https:\/\/dev.antudigital.cl\/sites\/vc\/#website\",\"url\":\"https:\/\/dev.antudigital.cl\/sites\/vc\/\",\"name\":\"Valpara\u00ed\u00adso Creativo\",\"description\":\"\",\"potentialAction\":[{\"@type\":\"SearchAction\",\"target\":{\"@type\":\"EntryPoint\",\"urlTemplate\":\"https:\/\/dev.antudigital.cl\/sites\/vc\/?s={search_term_string}\"},\"query-input\":{\"@type\":\"PropertyValueSpecification\",\"valueRequired\":true,\"valueName\":\"search_term_string\"}}],\"inLanguage\":\"es\"},{\"@type\":\"Person\",\"@id\":\"https:\/\/dev.antudigital.cl\/sites\/vc\/#\/schema\/person\/c2b9da8dd545e27166fc5ab232837318\",\"name\":\"Valpara\u00edso Creativo\",\"description\":\"Periodista de cultura en la Regi\u00f3n de Valpara\u00edso.\",\"url\":\"https:\/\/dev.antudigital.cl\/sites\/vc\/author\/valpoadmin\/\"}]}<\/script>\n<!-- \/ Yoast SEO plugin. -->","yoast_head_json":{"title":"Ya est\u00e1 disponible: convocatoria Activa Chile Apoya - Valpara\u00ed\u00adso Creativo","robots":{"index":"index","follow":"follow","max-snippet":"max-snippet:-1","max-image-preview":"max-image-preview:large","max-video-preview":"max-video-preview:-1"},"canonical":"https:\/\/dev.antudigital.cl\/sites\/vc\/ya-esta-disponible-convocatoria-activa-chile-apoya\/","og_locale":"es_ES","og_type":"article","og_title":"Ya est\u00e1 disponible: convocatoria Activa Chile Apoya - Valpara\u00ed\u00adso Creativo","og_description":"Hasta el 17 de noviembre est\u00e1 abierta la convocatoria Activa Chile Apoya Regi\u00f3n de Valpara\u00edso, que busca apoyar a peque\u00f1as y medianas empresas, en la recuperaci\u00f3n de su actividad econ\u00f3mica, mediante el apoyo a trav\u00e9s del cofinanciamiento de proyectos individuales que contemplen la adquisici\u00f3n de activo fijo, recuperaci\u00f3n o construcci\u00f3n de nueva infraestructura productiva y\/o [&hellip;]","og_url":"https:\/\/dev.antudigital.cl\/sites\/vc\/ya-esta-disponible-convocatoria-activa-chile-apoya\/","og_site_name":"Valpara\u00ed\u00adso Creativo","article_published_time":"2022-10-24T20:52:33+00:00","article_modified_time":"2022-10-24T20:52:38+00:00","og_image":[{"width":851,"height":315,"url":"https:\/\/dev.antudigital.cl\/sites\/vc\/wp-content\/uploads\/2020\/11\/corfo.png","type":"image\/png"}],"author":"Valpara\u00edso Creativo","twitter_card":"summary_large_image","twitter_misc":{"Escrito por":"Valpara\u00edso Creativo","Tiempo de lectura":"1 minuto"},"schema":{"@context":"https:\/\/schema.org","@graph":[{"@type":"Article","@id":"https:\/\/dev.antudigital.cl\/sites\/vc\/ya-esta-disponible-convocatoria-activa-chile-apoya\/#article","isPartOf":{"@id":"https:\/\/dev.antudigital.cl\/sites\/vc\/ya-esta-disponible-convocatoria-activa-chile-apoya\/"},"author":{"name":"Valpara\u00edso Creativo","@id":"https:\/\/dev.antudigital.cl\/sites\/vc\/#\/schema\/person\/c2b9da8dd545e27166fc5ab232837318"},"headline":"Ya est\u00e1 disponible: convocatoria Activa Chile Apoya","datePublished":"2022-10-24T20:52:33+00:00","dateModified":"2022-10-24T20:52:38+00:00","mainEntityOfPage":{"@id":"https:\/\/dev.antudigital.cl\/sites\/vc\/ya-esta-disponible-convocatoria-activa-chile-apoya\/"},"wordCount":156,"commentCount":0,"image":{"@id":"https:\/\/dev.antudigital.cl\/sites\/vc\/ya-esta-disponible-convocatoria-activa-chile-apoya\/#primaryimage"},"thumbnailUrl":"https:\/\/dev.antudigital.cl\/sites\/vc\/wp-content\/uploads\/2020\/11\/corfo.png","articleSection":["Noticia"],"inLanguage":"es","potentialAction":[{"@type":"CommentAction","name":"Comment","target":["https:\/\/dev.antudigital.cl\/sites\/vc\/ya-esta-disponible-convocatoria-activa-chile-apoya\/#respond"]}]},{"@type":"WebPage","@id":"https:\/\/dev.antudigital.cl\/sites\/vc\/ya-esta-disponible-convocatoria-activa-chile-apoya\/","url":"https:\/\/dev.antudigital.cl\/sites\/vc\/ya-esta-disponible-convocatoria-activa-chile-apoya\/","name":"Ya est\u00e1 disponible: convocatoria Activa Chile Apoya - Valpara\u00ed\u00adso Creativo","isPartOf":{"@id":"https:\/\/dev.antudigital.cl\/sites\/vc\/#website"},"primaryImageOfPage":{"@id":"https:\/\/dev.antudigital.cl\/sites\/vc\/ya-esta-disponible-convocatoria-activa-chile-apoya\/#primaryimage"},"image":{"@id":"https:\/\/dev.antudigital.cl\/sites\/vc\/ya-esta-disponible-convocatoria-activa-chile-apoya\/#primaryimage"},"thumbnailUrl":"https:\/\/dev.antudigital.cl\/sites\/vc\/wp-content\/uploads\/2020\/11\/corfo.png","datePublished":"2022-10-24T20:52:33+00:00","dateModified":"2022-10-24T20:52:38+00:00","author":{"@id":"https:\/\/dev.antudigital.cl\/sites\/vc\/#\/schema\/person\/c2b9da8dd545e27166fc5ab232837318"},"breadcrumb":{"@id":"https:\/\/dev.antudigital.cl\/sites\/vc\/ya-esta-disponible-convocatoria-activa-chile-apoya\/#breadcrumb"},"inLanguage":"es","potentialAction":[{"@type":"ReadAction","target":["https:\/\/dev.antudigital.cl\/sites\/vc\/ya-esta-disponible-convocatoria-activa-chile-apoya\/"]}]},{"@type":"ImageObject","inLanguage":"es","@id":"https:\/\/dev.antudigital.cl\/sites\/vc\/ya-esta-disponible-convocatoria-activa-chile-apoya\/#primaryimage","url":"https:\/\/dev.antudigital.cl\/sites\/vc\/wp-content\/uploads\/2020\/11\/corfo.png","contentUrl":"https:\/\/dev.antudigital.cl\/sites\/vc\/wp-content\/uploads\/2020\/11\/corfo.png","width":851,"height":315},{"@type":"BreadcrumbList","@id":"https:\/\/dev.antudigital.cl\/sites\/vc\/ya-esta-disponible-convocatoria-activa-chile-apoya\/#breadcrumb","itemListElement":[{"@type":"ListItem","position":1,"name":"Home","item":"https:\/\/dev.antudigital.cl\/sites\/vc\/"},{"@type":"ListItem","position":2,"name":"Ya est\u00e1 disponible: convocatoria Activa Chile Apoya"}]},{"@type":"WebSite","@id":"https:\/\/dev.antudigital.cl\/sites\/vc\/#website","url":"https:\/\/dev.antudigital.cl\/sites\/vc\/","name":"Valpara\u00ed\u00adso Creativo","description":"","potentialAction":[{"@type":"SearchAction","target":{"@type":"EntryPoint","urlTemplate":"https:\/\/dev.antudigital.cl\/sites\/vc\/?s={search_term_string}"},"query-input":{"@type":"PropertyValueSpecification","valueRequired":true,"valueName":"search_term_string"}}],"inLanguage":"es"},{"@type":"Person","@id":"https:\/\/dev.antudigital.cl\/sites\/vc\/#\/schema\/person\/c2b9da8dd545e27166fc5ab232837318","name":"Valpara\u00edso Creativo","description":"Periodista de cultura en la Regi\u00f3n de Valpara\u00edso.","url":"https:\/\/dev.antudigital.cl\/sites\/vc\/author\/valpoadmin\/"}]}},"_links":{"self":[{"href":"https:\/\/dev.antudigital.cl\/sites\/vc\/wp-json\/wp\/v2\/posts\/11921","targetHints":{"allow":["GET"]}}],"collection":[{"href":"https:\/\/dev.antudigital.cl\/sites\/vc\/wp-json\/wp\/v2\/posts"}],"about":[{"href":"https:\/\/dev.antudigital.cl\/sites\/vc\/wp-json\/wp\/v2\/types\/post"}],"author":[{"embeddable":true,"href":"https:\/\/dev.antudigital.cl\/sites\/vc\/wp-json\/wp\/v2\/users\/1"}],"replies":[{"embeddable":true,"href":"https:\/\/dev.antudigital.cl\/sites\/vc\/wp-json\/wp\/v2\/comments?post=11921"}],"version-history":[{"count":1,"href":"https:\/\/dev.antudigital.cl\/sites\/vc\/wp-json\/wp\/v2\/posts\/11921\/revisions"}],"predecessor-version":[{"id":11923,"href":"https:\/\/dev.antudigital.cl\/sites\/vc\/wp-json\/wp\/v2\/posts\/11921\/revisions\/11923"}],"wp:featuredmedia":[{"embeddable":true,"href":"https:\/\/dev.antudigital.cl\/sites\/vc\/wp-json\/wp\/v2\/media\/8518"}],"wp:attachment":[{"href":"https:\/\/dev.antudigital.cl\/sites\/vc\/wp-json\/wp\/v2\/media?parent=11921"}],"wp:term":[{"taxonomy":"category","embeddable":true,"href":"https:\/\/dev.antudigital.cl\/sites\/vc\/wp-json\/wp\/v2\/categories?post=11921"},{"taxonomy":"post_tag","embeddable":true,"href":"https:\/\/dev.antudigital.cl\/sites\/vc\/wp-json\/wp\/v2\/tags?post=11921"}],"curies":[{"name":"wp","href":"https:\/\/api.w.org\/{rel}","templated":true}]}}