{"id":11928,"date":"2022-10-24T21:29:04","date_gmt":"2022-10-24T21:29:04","guid":{"rendered":"https:\/\/www.valparaisocreativo.cl\/?p=11928"},"modified":"2022-10-24T21:29:13","modified_gmt":"2022-10-24T21:29:13","slug":"se-acerca-la-fecha-de-festival-accion-azul-en-el-mar","status":"publish","type":"post","link":"https:\/\/dev.antudigital.cl\/sites\/vc\/se-acerca-la-fecha-de-festival-accion-azul-en-el-mar\/","title":{"rendered":"Se acerca la fecha de Festival Acci\u00f3n Azul \u00a1en el mar!"},"content":{"rendered":"\n<p>El 3, 4 y 5 de Noviembre, en Valpara\u00edso, todas las personas podr\u00e1n conectar con el oc\u00e9ano y todas las buenas iniciativas que se est\u00e1n gestando en \u00e9l.<br><br>Llega <a href=\"https:\/\/accionazul.org\/\">Festival Acci\u00f3n Azul,<\/a> a trav\u00e9s del cual nos aproximaremos a la ciencia, innovaci\u00f3n y tecnolog\u00eda a trav\u00e9s de expertos que expondr\u00e1n sus proyectos en los foros y conferencias del oc\u00e9ano.<br><br><strong>Presenciaremos un espect\u00e1culo musical en el primer escenario flotante de Chile.<\/strong><br><br>Podremos maravillarnos con las asombrosas postales submarinas que ser\u00e1n presentadas en la expo de fotograf\u00eda submarina<br><br>Habr\u00e1 lugar para recorrer y aprender en la feria de ciencias del mar, adem\u00e1s de conseguir productos o servicios en la feria de emprendimiento.<br><br>Valpara\u00edso es sede de la primera versi\u00f3n del Festival Acci\u00f3n Azul y t\u00fa puedes ser parte.<br><br>&#x1f30a;Todas las actividades son gratuitas.&#x1f41f;<br><br>&#x1f5d3;&#xfe0f;3 y 4 de Noviembre:<br>Terminal de Pasajeros de Valpara\u00edso<br>De 09:00 a 18:00 hrs<br><br>&#x1f5d3;&#xfe0f;5 de Noviembre:<br>Paseo Wheelwright (Borde costero Muelle Bar\u00f3n)<br>De 10:00 a 18:00 hrs<br>Escenario flotante, sector muelle bar\u00f3n<br>De 10:30 a 14:00 hrs<br><br>Para el esceneario flotante se han tomado todas las medidas ambientales de mitigacion y prevenci\u00f3n, para proteger el ecosistema, como parte de nuestro sompr9miso con la sustentabilidad.<br>Una de las medidas m\u00e1s importantes es la caracterizaci\u00f3n ambiental inicial del h\u00e1bitat costero donde se emplazara el escenario, ademas de controlar decibeles, direccionamiento de sonido, distancia cercana al borde costero (para no tanto volumen) capacitacion al equipo de trabajo, entre otras &#x1f44f;&#x1f44f;&#x1f44f;<br><br>Nos vemos en el agua. M\u00e1s info en<a href=\"https:\/\/accionazul.org\/\"> https:\/\/accionazul.org\/<\/a><\/p>\n\n\n\n<p><\/p>\n\n\n\n<figure class=\"wp-block-image size-full\"><img fetchpriority=\"high\" decoding=\"async\" width=\"602\" height=\"604\" src=\"https:\/\/www.valparaisocreativo.cl\/wp-content\/uploads\/2022\/10\/Captura-de-Pantalla-2022-10-24-a-las-18.24.29.png\" alt=\"\" class=\"wp-image-11930\" srcset=\"https:\/\/dev.antudigital.cl\/sites\/vc\/wp-content\/uploads\/2022\/10\/Captura-de-Pantalla-2022-10-24-a-las-18.24.29.png 602w, https:\/\/dev.antudigital.cl\/sites\/vc\/wp-content\/uploads\/2022\/10\/Captura-de-Pantalla-2022-10-24-a-las-18.24.29-300x300.png 300w, https:\/\/dev.antudigital.cl\/sites\/vc\/wp-content\/uploads\/2022\/10\/Captura-de-Pantalla-2022-10-24-a-las-18.24.29-150x150.png 150w, https:\/\/dev.antudigital.cl\/sites\/vc\/wp-content\/uploads\/2022\/10\/Captura-de-Pantalla-2022-10-24-a-las-18.24.29-480x482.png 480w\" sizes=\"(max-width: 602px) 100vw, 602px\" \/><\/figure>\n","protected":false},"excerpt":{"rendered":"<p>El 3, 4 y 5 de Noviembre, en Valpara\u00edso, todas las personas podr\u00e1n conectar con el oc\u00e9ano y todas las buenas iniciativas que se est\u00e1n gestando en \u00e9l. Llega Festival Acci\u00f3n Azul, a trav\u00e9s del cual nos aproximaremos a la ciencia, innovaci\u00f3n y tecnolog\u00eda a trav\u00e9s de expertos que expondr\u00e1n sus proyectos en los foros [&hellip;]<\/p>\n","protected":false},"author":1,"featured_media":11929,"comment_status":"open","ping_status":"closed","sticky":false,"template":"","format":"standard","meta":{"_acf_changed":false,"footnotes":""},"categories":[8],"tags":[],"class_list":["post-11928","post","type-post","status-publish","format-standard","has-post-thumbnail","hentry","category-noticia"],"acf":[],"yoast_head":"<!-- This site is optimized with the Yoast SEO plugin v27.1.1 - https:\/\/yoast.com\/product\/yoast-seo-wordpress\/ -->\n<title>Se acerca la fecha de Festival Acci\u00f3n Azul \u00a1en el mar! - Valpara\u00ed\u00adso Creativo<\/title>\n<meta name=\"robots\" content=\"index, follow, max-snippet:-1, max-image-preview:large, max-video-preview:-1\" \/>\n<link rel=\"canonical\" href=\"https:\/\/dev.antudigital.cl\/sites\/vc\/se-acerca-la-fecha-de-festival-accion-azul-en-el-mar\/\" \/>\n<meta property=\"og:locale\" content=\"es_ES\" \/>\n<meta property=\"og:type\" content=\"article\" \/>\n<meta property=\"og:title\" content=\"Se acerca la fecha de Festival Acci\u00f3n Azul \u00a1en el mar! - Valpara\u00ed\u00adso Creativo\" \/>\n<meta property=\"og:description\" content=\"El 3, 4 y 5 de Noviembre, en Valpara\u00edso, todas las personas podr\u00e1n conectar con el oc\u00e9ano y todas las buenas iniciativas que se est\u00e1n gestando en \u00e9l. Llega Festival Acci\u00f3n Azul, a trav\u00e9s del cual nos aproximaremos a la ciencia, innovaci\u00f3n y tecnolog\u00eda a trav\u00e9s de expertos que expondr\u00e1n sus proyectos en los foros [&hellip;]\" \/>\n<meta property=\"og:url\" content=\"https:\/\/dev.antudigital.cl\/sites\/vc\/se-acerca-la-fecha-de-festival-accion-azul-en-el-mar\/\" \/>\n<meta property=\"og:site_name\" content=\"Valpara\u00ed\u00adso Creativo\" \/>\n<meta property=\"article:published_time\" content=\"2022-10-24T21:29:04+00:00\" \/>\n<meta property=\"article:modified_time\" content=\"2022-10-24T21:29:13+00:00\" \/>\n<meta property=\"og:image\" content=\"https:\/\/dev.antudigital.cl\/sites\/vc\/wp-content\/uploads\/2022\/10\/Captura-de-Pantalla-2022-10-24-a-las-18.26.49.png\" \/>\n\t<meta property=\"og:image:width\" content=\"1325\" \/>\n\t<meta property=\"og:image:height\" content=\"481\" \/>\n\t<meta property=\"og:image:type\" content=\"image\/png\" \/>\n<meta name=\"author\" content=\"Valpara\u00edso Creativo\" \/>\n<meta name=\"twitter:card\" content=\"summary_large_image\" \/>\n<meta name=\"twitter:label1\" content=\"Escrito por\" \/>\n\t<meta name=\"twitter:data1\" content=\"Valpara\u00edso Creativo\" \/>\n\t<meta name=\"twitter:label2\" content=\"Tiempo de lectura\" \/>\n\t<meta name=\"twitter:data2\" content=\"2 minutos\" \/>\n<script type=\"application\/ld+json\" class=\"yoast-schema-graph\">{\"@context\":\"https:\/\/schema.org\",\"@graph\":[{\"@type\":\"Article\",\"@id\":\"https:\/\/dev.antudigital.cl\/sites\/vc\/se-acerca-la-fecha-de-festival-accion-azul-en-el-mar\/#article\",\"isPartOf\":{\"@id\":\"https:\/\/dev.antudigital.cl\/sites\/vc\/se-acerca-la-fecha-de-festival-accion-azul-en-el-mar\/\"},\"author\":{\"name\":\"Valpara\u00edso Creativo\",\"@id\":\"https:\/\/dev.antudigital.cl\/sites\/vc\/#\/schema\/person\/c2b9da8dd545e27166fc5ab232837318\"},\"headline\":\"Se acerca la fecha de Festival Acci\u00f3n Azul \u00a1en el mar!\",\"datePublished\":\"2022-10-24T21:29:04+00:00\",\"dateModified\":\"2022-10-24T21:29:13+00:00\",\"mainEntityOfPage\":{\"@id\":\"https:\/\/dev.antudigital.cl\/sites\/vc\/se-acerca-la-fecha-de-festival-accion-azul-en-el-mar\/\"},\"wordCount\":299,\"commentCount\":0,\"image\":{\"@id\":\"https:\/\/dev.antudigital.cl\/sites\/vc\/se-acerca-la-fecha-de-festival-accion-azul-en-el-mar\/#primaryimage\"},\"thumbnailUrl\":\"https:\/\/dev.antudigital.cl\/sites\/vc\/wp-content\/uploads\/2022\/10\/Captura-de-Pantalla-2022-10-24-a-las-18.26.49.png\",\"articleSection\":[\"Noticia\"],\"inLanguage\":\"es\",\"potentialAction\":[{\"@type\":\"CommentAction\",\"name\":\"Comment\",\"target\":[\"https:\/\/dev.antudigital.cl\/sites\/vc\/se-acerca-la-fecha-de-festival-accion-azul-en-el-mar\/#respond\"]}]},{\"@type\":\"WebPage\",\"@id\":\"https:\/\/dev.antudigital.cl\/sites\/vc\/se-acerca-la-fecha-de-festival-accion-azul-en-el-mar\/\",\"url\":\"https:\/\/dev.antudigital.cl\/sites\/vc\/se-acerca-la-fecha-de-festival-accion-azul-en-el-mar\/\",\"name\":\"Se acerca la fecha de Festival Acci\u00f3n Azul \u00a1en el mar! - Valpara\u00ed\u00adso Creativo\",\"isPartOf\":{\"@id\":\"https:\/\/dev.antudigital.cl\/sites\/vc\/#website\"},\"primaryImageOfPage\":{\"@id\":\"https:\/\/dev.antudigital.cl\/sites\/vc\/se-acerca-la-fecha-de-festival-accion-azul-en-el-mar\/#primaryimage\"},\"image\":{\"@id\":\"https:\/\/dev.antudigital.cl\/sites\/vc\/se-acerca-la-fecha-de-festival-accion-azul-en-el-mar\/#primaryimage\"},\"thumbnailUrl\":\"https:\/\/dev.antudigital.cl\/sites\/vc\/wp-content\/uploads\/2022\/10\/Captura-de-Pantalla-2022-10-24-a-las-18.26.49.png\",\"datePublished\":\"2022-10-24T21:29:04+00:00\",\"dateModified\":\"2022-10-24T21:29:13+00:00\",\"author\":{\"@id\":\"https:\/\/dev.antudigital.cl\/sites\/vc\/#\/schema\/person\/c2b9da8dd545e27166fc5ab232837318\"},\"breadcrumb\":{\"@id\":\"https:\/\/dev.antudigital.cl\/sites\/vc\/se-acerca-la-fecha-de-festival-accion-azul-en-el-mar\/#breadcrumb\"},\"inLanguage\":\"es\",\"potentialAction\":[{\"@type\":\"ReadAction\",\"target\":[\"https:\/\/dev.antudigital.cl\/sites\/vc\/se-acerca-la-fecha-de-festival-accion-azul-en-el-mar\/\"]}]},{\"@type\":\"ImageObject\",\"inLanguage\":\"es\",\"@id\":\"https:\/\/dev.antudigital.cl\/sites\/vc\/se-acerca-la-fecha-de-festival-accion-azul-en-el-mar\/#primaryimage\",\"url\":\"https:\/\/dev.antudigital.cl\/sites\/vc\/wp-content\/uploads\/2022\/10\/Captura-de-Pantalla-2022-10-24-a-las-18.26.49.png\",\"contentUrl\":\"https:\/\/dev.antudigital.cl\/sites\/vc\/wp-content\/uploads\/2022\/10\/Captura-de-Pantalla-2022-10-24-a-las-18.26.49.png\",\"width\":1325,\"height\":481},{\"@type\":\"BreadcrumbList\",\"@id\":\"https:\/\/dev.antudigital.cl\/sites\/vc\/se-acerca-la-fecha-de-festival-accion-azul-en-el-mar\/#breadcrumb\",\"itemListElement\":[{\"@type\":\"ListItem\",\"position\":1,\"name\":\"Home\",\"item\":\"https:\/\/dev.antudigital.cl\/sites\/vc\/\"},{\"@type\":\"ListItem\",\"position\":2,\"name\":\"Se acerca la fecha de Festival Acci\u00f3n Azul \u00a1en el mar!\"}]},{\"@type\":\"WebSite\",\"@id\":\"https:\/\/dev.antudigital.cl\/sites\/vc\/#website\",\"url\":\"https:\/\/dev.antudigital.cl\/sites\/vc\/\",\"name\":\"Valpara\u00ed\u00adso Creativo\",\"description\":\"\",\"potentialAction\":[{\"@type\":\"SearchAction\",\"target\":{\"@type\":\"EntryPoint\",\"urlTemplate\":\"https:\/\/dev.antudigital.cl\/sites\/vc\/?s={search_term_string}\"},\"query-input\":{\"@type\":\"PropertyValueSpecification\",\"valueRequired\":true,\"valueName\":\"search_term_string\"}}],\"inLanguage\":\"es\"},{\"@type\":\"Person\",\"@id\":\"https:\/\/dev.antudigital.cl\/sites\/vc\/#\/schema\/person\/c2b9da8dd545e27166fc5ab232837318\",\"name\":\"Valpara\u00edso Creativo\",\"description\":\"Periodista de cultura en la Regi\u00f3n de Valpara\u00edso.\",\"url\":\"https:\/\/dev.antudigital.cl\/sites\/vc\/author\/valpoadmin\/\"}]}<\/script>\n<!-- \/ Yoast SEO plugin. -->","yoast_head_json":{"title":"Se acerca la fecha de Festival Acci\u00f3n Azul \u00a1en el mar! - Valpara\u00ed\u00adso Creativo","robots":{"index":"index","follow":"follow","max-snippet":"max-snippet:-1","max-image-preview":"max-image-preview:large","max-video-preview":"max-video-preview:-1"},"canonical":"https:\/\/dev.antudigital.cl\/sites\/vc\/se-acerca-la-fecha-de-festival-accion-azul-en-el-mar\/","og_locale":"es_ES","og_type":"article","og_title":"Se acerca la fecha de Festival Acci\u00f3n Azul \u00a1en el mar! - Valpara\u00ed\u00adso Creativo","og_description":"El 3, 4 y 5 de Noviembre, en Valpara\u00edso, todas las personas podr\u00e1n conectar con el oc\u00e9ano y todas las buenas iniciativas que se est\u00e1n gestando en \u00e9l. Llega Festival Acci\u00f3n Azul, a trav\u00e9s del cual nos aproximaremos a la ciencia, innovaci\u00f3n y tecnolog\u00eda a trav\u00e9s de expertos que expondr\u00e1n sus proyectos en los foros [&hellip;]","og_url":"https:\/\/dev.antudigital.cl\/sites\/vc\/se-acerca-la-fecha-de-festival-accion-azul-en-el-mar\/","og_site_name":"Valpara\u00ed\u00adso Creativo","article_published_time":"2022-10-24T21:29:04+00:00","article_modified_time":"2022-10-24T21:29:13+00:00","og_image":[{"width":1325,"height":481,"url":"https:\/\/dev.antudigital.cl\/sites\/vc\/wp-content\/uploads\/2022\/10\/Captura-de-Pantalla-2022-10-24-a-las-18.26.49.png","type":"image\/png"}],"author":"Valpara\u00edso Creativo","twitter_card":"summary_large_image","twitter_misc":{"Escrito por":"Valpara\u00edso Creativo","Tiempo de lectura":"2 minutos"},"schema":{"@context":"https:\/\/schema.org","@graph":[{"@type":"Article","@id":"https:\/\/dev.antudigital.cl\/sites\/vc\/se-acerca-la-fecha-de-festival-accion-azul-en-el-mar\/#article","isPartOf":{"@id":"https:\/\/dev.antudigital.cl\/sites\/vc\/se-acerca-la-fecha-de-festival-accion-azul-en-el-mar\/"},"author":{"name":"Valpara\u00edso Creativo","@id":"https:\/\/dev.antudigital.cl\/sites\/vc\/#\/schema\/person\/c2b9da8dd545e27166fc5ab232837318"},"headline":"Se acerca la fecha de Festival Acci\u00f3n Azul \u00a1en el mar!","datePublished":"2022-10-24T21:29:04+00:00","dateModified":"2022-10-24T21:29:13+00:00","mainEntityOfPage":{"@id":"https:\/\/dev.antudigital.cl\/sites\/vc\/se-acerca-la-fecha-de-festival-accion-azul-en-el-mar\/"},"wordCount":299,"commentCount":0,"image":{"@id":"https:\/\/dev.antudigital.cl\/sites\/vc\/se-acerca-la-fecha-de-festival-accion-azul-en-el-mar\/#primaryimage"},"thumbnailUrl":"https:\/\/dev.antudigital.cl\/sites\/vc\/wp-content\/uploads\/2022\/10\/Captura-de-Pantalla-2022-10-24-a-las-18.26.49.png","articleSection":["Noticia"],"inLanguage":"es","potentialAction":[{"@type":"CommentAction","name":"Comment","target":["https:\/\/dev.antudigital.cl\/sites\/vc\/se-acerca-la-fecha-de-festival-accion-azul-en-el-mar\/#respond"]}]},{"@type":"WebPage","@id":"https:\/\/dev.antudigital.cl\/sites\/vc\/se-acerca-la-fecha-de-festival-accion-azul-en-el-mar\/","url":"https:\/\/dev.antudigital.cl\/sites\/vc\/se-acerca-la-fecha-de-festival-accion-azul-en-el-mar\/","name":"Se acerca la fecha de Festival Acci\u00f3n Azul \u00a1en el mar! - Valpara\u00ed\u00adso Creativo","isPartOf":{"@id":"https:\/\/dev.antudigital.cl\/sites\/vc\/#website"},"primaryImageOfPage":{"@id":"https:\/\/dev.antudigital.cl\/sites\/vc\/se-acerca-la-fecha-de-festival-accion-azul-en-el-mar\/#primaryimage"},"image":{"@id":"https:\/\/dev.antudigital.cl\/sites\/vc\/se-acerca-la-fecha-de-festival-accion-azul-en-el-mar\/#primaryimage"},"thumbnailUrl":"https:\/\/dev.antudigital.cl\/sites\/vc\/wp-content\/uploads\/2022\/10\/Captura-de-Pantalla-2022-10-24-a-las-18.26.49.png","datePublished":"2022-10-24T21:29:04+00:00","dateModified":"2022-10-24T21:29:13+00:00","author":{"@id":"https:\/\/dev.antudigital.cl\/sites\/vc\/#\/schema\/person\/c2b9da8dd545e27166fc5ab232837318"},"breadcrumb":{"@id":"https:\/\/dev.antudigital.cl\/sites\/vc\/se-acerca-la-fecha-de-festival-accion-azul-en-el-mar\/#breadcrumb"},"inLanguage":"es","potentialAction":[{"@type":"ReadAction","target":["https:\/\/dev.antudigital.cl\/sites\/vc\/se-acerca-la-fecha-de-festival-accion-azul-en-el-mar\/"]}]},{"@type":"ImageObject","inLanguage":"es","@id":"https:\/\/dev.antudigital.cl\/sites\/vc\/se-acerca-la-fecha-de-festival-accion-azul-en-el-mar\/#primaryimage","url":"https:\/\/dev.antudigital.cl\/sites\/vc\/wp-content\/uploads\/2022\/10\/Captura-de-Pantalla-2022-10-24-a-las-18.26.49.png","contentUrl":"https:\/\/dev.antudigital.cl\/sites\/vc\/wp-content\/uploads\/2022\/10\/Captura-de-Pantalla-2022-10-24-a-las-18.26.49.png","width":1325,"height":481},{"@type":"BreadcrumbList","@id":"https:\/\/dev.antudigital.cl\/sites\/vc\/se-acerca-la-fecha-de-festival-accion-azul-en-el-mar\/#breadcrumb","itemListElement":[{"@type":"ListItem","position":1,"name":"Home","item":"https:\/\/dev.antudigital.cl\/sites\/vc\/"},{"@type":"ListItem","position":2,"name":"Se acerca la fecha de Festival Acci\u00f3n Azul \u00a1en el mar!"}]},{"@type":"WebSite","@id":"https:\/\/dev.antudigital.cl\/sites\/vc\/#website","url":"https:\/\/dev.antudigital.cl\/sites\/vc\/","name":"Valpara\u00ed\u00adso Creativo","description":"","potentialAction":[{"@type":"SearchAction","target":{"@type":"EntryPoint","urlTemplate":"https:\/\/dev.antudigital.cl\/sites\/vc\/?s={search_term_string}"},"query-input":{"@type":"PropertyValueSpecification","valueRequired":true,"valueName":"search_term_string"}}],"inLanguage":"es"},{"@type":"Person","@id":"https:\/\/dev.antudigital.cl\/sites\/vc\/#\/schema\/person\/c2b9da8dd545e27166fc5ab232837318","name":"Valpara\u00edso Creativo","description":"Periodista de cultura en la Regi\u00f3n de Valpara\u00edso.","url":"https:\/\/dev.antudigital.cl\/sites\/vc\/author\/valpoadmin\/"}]}},"_links":{"self":[{"href":"https:\/\/dev.antudigital.cl\/sites\/vc\/wp-json\/wp\/v2\/posts\/11928","targetHints":{"allow":["GET"]}}],"collection":[{"href":"https:\/\/dev.antudigital.cl\/sites\/vc\/wp-json\/wp\/v2\/posts"}],"about":[{"href":"https:\/\/dev.antudigital.cl\/sites\/vc\/wp-json\/wp\/v2\/types\/post"}],"author":[{"embeddable":true,"href":"https:\/\/dev.antudigital.cl\/sites\/vc\/wp-json\/wp\/v2\/users\/1"}],"replies":[{"embeddable":true,"href":"https:\/\/dev.antudigital.cl\/sites\/vc\/wp-json\/wp\/v2\/comments?post=11928"}],"version-history":[{"count":1,"href":"https:\/\/dev.antudigital.cl\/sites\/vc\/wp-json\/wp\/v2\/posts\/11928\/revisions"}],"predecessor-version":[{"id":11931,"href":"https:\/\/dev.antudigital.cl\/sites\/vc\/wp-json\/wp\/v2\/posts\/11928\/revisions\/11931"}],"wp:featuredmedia":[{"embeddable":true,"href":"https:\/\/dev.antudigital.cl\/sites\/vc\/wp-json\/wp\/v2\/media\/11929"}],"wp:attachment":[{"href":"https:\/\/dev.antudigital.cl\/sites\/vc\/wp-json\/wp\/v2\/media?parent=11928"}],"wp:term":[{"taxonomy":"category","embeddable":true,"href":"https:\/\/dev.antudigital.cl\/sites\/vc\/wp-json\/wp\/v2\/categories?post=11928"},{"taxonomy":"post_tag","embeddable":true,"href":"https:\/\/dev.antudigital.cl\/sites\/vc\/wp-json\/wp\/v2\/tags?post=11928"}],"curies":[{"name":"wp","href":"https:\/\/api.w.org\/{rel}","templated":true}]}}