{"id":11932,"date":"2022-10-24T21:35:57","date_gmt":"2022-10-24T21:35:57","guid":{"rendered":"https:\/\/www.valparaisocreativo.cl\/?p=11932"},"modified":"2022-10-24T21:36:03","modified_gmt":"2022-10-24T21:36:03","slug":"desde-quillota-abren-concurso-para-muralistas-2022","status":"publish","type":"post","link":"https:\/\/dev.antudigital.cl\/sites\/vc\/desde-quillota-abren-concurso-para-muralistas-2022\/","title":{"rendered":"Desde Quillota: abren concurso para muralistas 2022"},"content":{"rendered":"\n<p>La comuna de Quillota cuenta con una distribuci\u00f3n territorial de aproximadamente 80% sector rural y 20% de sector urbano, por lo cual la vida en el campo tiene una gran relevancia en la identidad de la comuna, as\u00ed como tambi\u00e9n los importantes hitos hist\u00f3ricos ocurridos en la comuna, sumando la presencia de la feria de Sargento Aldea que ofrece una variedad de productos locales y otros, la importancia de valorar los oficios t\u00edpicos de la comuna, desde una visi\u00f3n identitaria. Por este motivo, la Oficina de Turismo y la Direcci\u00f3n de Cultura de la Municipalidad de Quillota, en conjunto con la Fundaci\u00f3n Banamor convocan al concurso de murales 2022.<\/p>\n\n\n\n<p><br><strong>Objetivo;<\/strong><br>\u2756 Promocionar la identidad de la comuna contemplando su vida rural desde sus saberes y costumbres, oficios t\u00edpicos e importancia hist\u00f3rica como parte de la revalorizaci\u00f3n de la identidad quillotana.<\/p>\n\n\n\n<p><a href=\"https:\/\/quillota.cl\/municipalidad\/repositorio\/BASES%20CONCURSO%20MURALES%202022.pdf\"><strong>Revisa aqu\u00ed las bases del concurso<\/strong><\/a><\/p>\n\n\n\n<figure class=\"wp-block-image size-full\"><img fetchpriority=\"high\" decoding=\"async\" width=\"604\" height=\"609\" src=\"https:\/\/www.valparaisocreativo.cl\/wp-content\/uploads\/2022\/10\/Captura-de-Pantalla-2022-10-24-a-las-18.32.03.png\" alt=\"\" class=\"wp-image-11933\" srcset=\"https:\/\/dev.antudigital.cl\/sites\/vc\/wp-content\/uploads\/2022\/10\/Captura-de-Pantalla-2022-10-24-a-las-18.32.03.png 604w, https:\/\/dev.antudigital.cl\/sites\/vc\/wp-content\/uploads\/2022\/10\/Captura-de-Pantalla-2022-10-24-a-las-18.32.03-298x300.png 298w, https:\/\/dev.antudigital.cl\/sites\/vc\/wp-content\/uploads\/2022\/10\/Captura-de-Pantalla-2022-10-24-a-las-18.32.03-150x150.png 150w, https:\/\/dev.antudigital.cl\/sites\/vc\/wp-content\/uploads\/2022\/10\/Captura-de-Pantalla-2022-10-24-a-las-18.32.03-480x484.png 480w\" sizes=\"(max-width: 604px) 100vw, 604px\" \/><\/figure>\n","protected":false},"excerpt":{"rendered":"<p>La comuna de Quillota cuenta con una distribuci\u00f3n territorial de aproximadamente 80% sector rural y 20% de sector urbano, por lo cual la vida en el campo tiene una gran relevancia en la identidad de la comuna, as\u00ed como tambi\u00e9n los importantes hitos hist\u00f3ricos ocurridos en la comuna, sumando la presencia de la feria de [&hellip;]<\/p>\n","protected":false},"author":1,"featured_media":11934,"comment_status":"open","ping_status":"closed","sticky":false,"template":"","format":"standard","meta":{"_acf_changed":false,"footnotes":""},"categories":[8],"tags":[],"class_list":["post-11932","post","type-post","status-publish","format-standard","has-post-thumbnail","hentry","category-noticia"],"acf":[],"yoast_head":"<!-- This site is optimized with the Yoast SEO plugin v27.1.1 - https:\/\/yoast.com\/product\/yoast-seo-wordpress\/ -->\n<title>Desde Quillota: abren concurso para muralistas 2022 - Valpara\u00ed\u00adso Creativo<\/title>\n<meta name=\"robots\" content=\"index, follow, max-snippet:-1, max-image-preview:large, max-video-preview:-1\" \/>\n<link rel=\"canonical\" href=\"https:\/\/dev.antudigital.cl\/sites\/vc\/desde-quillota-abren-concurso-para-muralistas-2022\/\" \/>\n<meta property=\"og:locale\" content=\"es_ES\" \/>\n<meta property=\"og:type\" content=\"article\" \/>\n<meta property=\"og:title\" content=\"Desde Quillota: abren concurso para muralistas 2022 - Valpara\u00ed\u00adso Creativo\" \/>\n<meta property=\"og:description\" content=\"La comuna de Quillota cuenta con una distribuci\u00f3n territorial de aproximadamente 80% sector rural y 20% de sector urbano, por lo cual la vida en el campo tiene una gran relevancia en la identidad de la comuna, as\u00ed como tambi\u00e9n los importantes hitos hist\u00f3ricos ocurridos en la comuna, sumando la presencia de la feria de [&hellip;]\" \/>\n<meta property=\"og:url\" content=\"https:\/\/dev.antudigital.cl\/sites\/vc\/desde-quillota-abren-concurso-para-muralistas-2022\/\" \/>\n<meta property=\"og:site_name\" content=\"Valpara\u00ed\u00adso Creativo\" \/>\n<meta property=\"article:published_time\" content=\"2022-10-24T21:35:57+00:00\" \/>\n<meta property=\"article:modified_time\" content=\"2022-10-24T21:36:03+00:00\" \/>\n<meta property=\"og:image\" content=\"https:\/\/dev.antudigital.cl\/sites\/vc\/wp-content\/uploads\/2022\/10\/quirolla-acuerdo.jpg\" \/>\n\t<meta property=\"og:image:width\" content=\"650\" \/>\n\t<meta property=\"og:image:height\" content=\"433\" \/>\n\t<meta property=\"og:image:type\" content=\"image\/jpeg\" \/>\n<meta name=\"author\" content=\"Valpara\u00edso Creativo\" \/>\n<meta name=\"twitter:card\" content=\"summary_large_image\" \/>\n<meta name=\"twitter:label1\" content=\"Escrito por\" \/>\n\t<meta name=\"twitter:data1\" content=\"Valpara\u00edso Creativo\" \/>\n\t<meta name=\"twitter:label2\" content=\"Tiempo de lectura\" \/>\n\t<meta name=\"twitter:data2\" content=\"1 minuto\" \/>\n<script type=\"application\/ld+json\" class=\"yoast-schema-graph\">{\"@context\":\"https:\/\/schema.org\",\"@graph\":[{\"@type\":\"Article\",\"@id\":\"https:\/\/dev.antudigital.cl\/sites\/vc\/desde-quillota-abren-concurso-para-muralistas-2022\/#article\",\"isPartOf\":{\"@id\":\"https:\/\/dev.antudigital.cl\/sites\/vc\/desde-quillota-abren-concurso-para-muralistas-2022\/\"},\"author\":{\"name\":\"Valpara\u00edso Creativo\",\"@id\":\"https:\/\/dev.antudigital.cl\/sites\/vc\/#\/schema\/person\/c2b9da8dd545e27166fc5ab232837318\"},\"headline\":\"Desde Quillota: abren concurso para muralistas 2022\",\"datePublished\":\"2022-10-24T21:35:57+00:00\",\"dateModified\":\"2022-10-24T21:36:03+00:00\",\"mainEntityOfPage\":{\"@id\":\"https:\/\/dev.antudigital.cl\/sites\/vc\/desde-quillota-abren-concurso-para-muralistas-2022\/\"},\"wordCount\":158,\"commentCount\":0,\"image\":{\"@id\":\"https:\/\/dev.antudigital.cl\/sites\/vc\/desde-quillota-abren-concurso-para-muralistas-2022\/#primaryimage\"},\"thumbnailUrl\":\"https:\/\/dev.antudigital.cl\/sites\/vc\/wp-content\/uploads\/2022\/10\/quirolla-acuerdo.jpg\",\"articleSection\":[\"Noticia\"],\"inLanguage\":\"es\",\"potentialAction\":[{\"@type\":\"CommentAction\",\"name\":\"Comment\",\"target\":[\"https:\/\/dev.antudigital.cl\/sites\/vc\/desde-quillota-abren-concurso-para-muralistas-2022\/#respond\"]}]},{\"@type\":\"WebPage\",\"@id\":\"https:\/\/dev.antudigital.cl\/sites\/vc\/desde-quillota-abren-concurso-para-muralistas-2022\/\",\"url\":\"https:\/\/dev.antudigital.cl\/sites\/vc\/desde-quillota-abren-concurso-para-muralistas-2022\/\",\"name\":\"Desde Quillota: abren concurso para muralistas 2022 - Valpara\u00ed\u00adso Creativo\",\"isPartOf\":{\"@id\":\"https:\/\/dev.antudigital.cl\/sites\/vc\/#website\"},\"primaryImageOfPage\":{\"@id\":\"https:\/\/dev.antudigital.cl\/sites\/vc\/desde-quillota-abren-concurso-para-muralistas-2022\/#primaryimage\"},\"image\":{\"@id\":\"https:\/\/dev.antudigital.cl\/sites\/vc\/desde-quillota-abren-concurso-para-muralistas-2022\/#primaryimage\"},\"thumbnailUrl\":\"https:\/\/dev.antudigital.cl\/sites\/vc\/wp-content\/uploads\/2022\/10\/quirolla-acuerdo.jpg\",\"datePublished\":\"2022-10-24T21:35:57+00:00\",\"dateModified\":\"2022-10-24T21:36:03+00:00\",\"author\":{\"@id\":\"https:\/\/dev.antudigital.cl\/sites\/vc\/#\/schema\/person\/c2b9da8dd545e27166fc5ab232837318\"},\"breadcrumb\":{\"@id\":\"https:\/\/dev.antudigital.cl\/sites\/vc\/desde-quillota-abren-concurso-para-muralistas-2022\/#breadcrumb\"},\"inLanguage\":\"es\",\"potentialAction\":[{\"@type\":\"ReadAction\",\"target\":[\"https:\/\/dev.antudigital.cl\/sites\/vc\/desde-quillota-abren-concurso-para-muralistas-2022\/\"]}]},{\"@type\":\"ImageObject\",\"inLanguage\":\"es\",\"@id\":\"https:\/\/dev.antudigital.cl\/sites\/vc\/desde-quillota-abren-concurso-para-muralistas-2022\/#primaryimage\",\"url\":\"https:\/\/dev.antudigital.cl\/sites\/vc\/wp-content\/uploads\/2022\/10\/quirolla-acuerdo.jpg\",\"contentUrl\":\"https:\/\/dev.antudigital.cl\/sites\/vc\/wp-content\/uploads\/2022\/10\/quirolla-acuerdo.jpg\",\"width\":650,\"height\":433},{\"@type\":\"BreadcrumbList\",\"@id\":\"https:\/\/dev.antudigital.cl\/sites\/vc\/desde-quillota-abren-concurso-para-muralistas-2022\/#breadcrumb\",\"itemListElement\":[{\"@type\":\"ListItem\",\"position\":1,\"name\":\"Home\",\"item\":\"https:\/\/dev.antudigital.cl\/sites\/vc\/\"},{\"@type\":\"ListItem\",\"position\":2,\"name\":\"Desde Quillota: abren concurso para muralistas 2022\"}]},{\"@type\":\"WebSite\",\"@id\":\"https:\/\/dev.antudigital.cl\/sites\/vc\/#website\",\"url\":\"https:\/\/dev.antudigital.cl\/sites\/vc\/\",\"name\":\"Valpara\u00ed\u00adso Creativo\",\"description\":\"\",\"potentialAction\":[{\"@type\":\"SearchAction\",\"target\":{\"@type\":\"EntryPoint\",\"urlTemplate\":\"https:\/\/dev.antudigital.cl\/sites\/vc\/?s={search_term_string}\"},\"query-input\":{\"@type\":\"PropertyValueSpecification\",\"valueRequired\":true,\"valueName\":\"search_term_string\"}}],\"inLanguage\":\"es\"},{\"@type\":\"Person\",\"@id\":\"https:\/\/dev.antudigital.cl\/sites\/vc\/#\/schema\/person\/c2b9da8dd545e27166fc5ab232837318\",\"name\":\"Valpara\u00edso Creativo\",\"description\":\"Periodista de cultura en la Regi\u00f3n de Valpara\u00edso.\",\"url\":\"https:\/\/dev.antudigital.cl\/sites\/vc\/author\/valpoadmin\/\"}]}<\/script>\n<!-- \/ Yoast SEO plugin. -->","yoast_head_json":{"title":"Desde Quillota: abren concurso para muralistas 2022 - Valpara\u00ed\u00adso Creativo","robots":{"index":"index","follow":"follow","max-snippet":"max-snippet:-1","max-image-preview":"max-image-preview:large","max-video-preview":"max-video-preview:-1"},"canonical":"https:\/\/dev.antudigital.cl\/sites\/vc\/desde-quillota-abren-concurso-para-muralistas-2022\/","og_locale":"es_ES","og_type":"article","og_title":"Desde Quillota: abren concurso para muralistas 2022 - Valpara\u00ed\u00adso Creativo","og_description":"La comuna de Quillota cuenta con una distribuci\u00f3n territorial de aproximadamente 80% sector rural y 20% de sector urbano, por lo cual la vida en el campo tiene una gran relevancia en la identidad de la comuna, as\u00ed como tambi\u00e9n los importantes hitos hist\u00f3ricos ocurridos en la comuna, sumando la presencia de la feria de [&hellip;]","og_url":"https:\/\/dev.antudigital.cl\/sites\/vc\/desde-quillota-abren-concurso-para-muralistas-2022\/","og_site_name":"Valpara\u00ed\u00adso Creativo","article_published_time":"2022-10-24T21:35:57+00:00","article_modified_time":"2022-10-24T21:36:03+00:00","og_image":[{"width":650,"height":433,"url":"https:\/\/dev.antudigital.cl\/sites\/vc\/wp-content\/uploads\/2022\/10\/quirolla-acuerdo.jpg","type":"image\/jpeg"}],"author":"Valpara\u00edso Creativo","twitter_card":"summary_large_image","twitter_misc":{"Escrito por":"Valpara\u00edso Creativo","Tiempo de lectura":"1 minuto"},"schema":{"@context":"https:\/\/schema.org","@graph":[{"@type":"Article","@id":"https:\/\/dev.antudigital.cl\/sites\/vc\/desde-quillota-abren-concurso-para-muralistas-2022\/#article","isPartOf":{"@id":"https:\/\/dev.antudigital.cl\/sites\/vc\/desde-quillota-abren-concurso-para-muralistas-2022\/"},"author":{"name":"Valpara\u00edso Creativo","@id":"https:\/\/dev.antudigital.cl\/sites\/vc\/#\/schema\/person\/c2b9da8dd545e27166fc5ab232837318"},"headline":"Desde Quillota: abren concurso para muralistas 2022","datePublished":"2022-10-24T21:35:57+00:00","dateModified":"2022-10-24T21:36:03+00:00","mainEntityOfPage":{"@id":"https:\/\/dev.antudigital.cl\/sites\/vc\/desde-quillota-abren-concurso-para-muralistas-2022\/"},"wordCount":158,"commentCount":0,"image":{"@id":"https:\/\/dev.antudigital.cl\/sites\/vc\/desde-quillota-abren-concurso-para-muralistas-2022\/#primaryimage"},"thumbnailUrl":"https:\/\/dev.antudigital.cl\/sites\/vc\/wp-content\/uploads\/2022\/10\/quirolla-acuerdo.jpg","articleSection":["Noticia"],"inLanguage":"es","potentialAction":[{"@type":"CommentAction","name":"Comment","target":["https:\/\/dev.antudigital.cl\/sites\/vc\/desde-quillota-abren-concurso-para-muralistas-2022\/#respond"]}]},{"@type":"WebPage","@id":"https:\/\/dev.antudigital.cl\/sites\/vc\/desde-quillota-abren-concurso-para-muralistas-2022\/","url":"https:\/\/dev.antudigital.cl\/sites\/vc\/desde-quillota-abren-concurso-para-muralistas-2022\/","name":"Desde Quillota: abren concurso para muralistas 2022 - Valpara\u00ed\u00adso Creativo","isPartOf":{"@id":"https:\/\/dev.antudigital.cl\/sites\/vc\/#website"},"primaryImageOfPage":{"@id":"https:\/\/dev.antudigital.cl\/sites\/vc\/desde-quillota-abren-concurso-para-muralistas-2022\/#primaryimage"},"image":{"@id":"https:\/\/dev.antudigital.cl\/sites\/vc\/desde-quillota-abren-concurso-para-muralistas-2022\/#primaryimage"},"thumbnailUrl":"https:\/\/dev.antudigital.cl\/sites\/vc\/wp-content\/uploads\/2022\/10\/quirolla-acuerdo.jpg","datePublished":"2022-10-24T21:35:57+00:00","dateModified":"2022-10-24T21:36:03+00:00","author":{"@id":"https:\/\/dev.antudigital.cl\/sites\/vc\/#\/schema\/person\/c2b9da8dd545e27166fc5ab232837318"},"breadcrumb":{"@id":"https:\/\/dev.antudigital.cl\/sites\/vc\/desde-quillota-abren-concurso-para-muralistas-2022\/#breadcrumb"},"inLanguage":"es","potentialAction":[{"@type":"ReadAction","target":["https:\/\/dev.antudigital.cl\/sites\/vc\/desde-quillota-abren-concurso-para-muralistas-2022\/"]}]},{"@type":"ImageObject","inLanguage":"es","@id":"https:\/\/dev.antudigital.cl\/sites\/vc\/desde-quillota-abren-concurso-para-muralistas-2022\/#primaryimage","url":"https:\/\/dev.antudigital.cl\/sites\/vc\/wp-content\/uploads\/2022\/10\/quirolla-acuerdo.jpg","contentUrl":"https:\/\/dev.antudigital.cl\/sites\/vc\/wp-content\/uploads\/2022\/10\/quirolla-acuerdo.jpg","width":650,"height":433},{"@type":"BreadcrumbList","@id":"https:\/\/dev.antudigital.cl\/sites\/vc\/desde-quillota-abren-concurso-para-muralistas-2022\/#breadcrumb","itemListElement":[{"@type":"ListItem","position":1,"name":"Home","item":"https:\/\/dev.antudigital.cl\/sites\/vc\/"},{"@type":"ListItem","position":2,"name":"Desde Quillota: abren concurso para muralistas 2022"}]},{"@type":"WebSite","@id":"https:\/\/dev.antudigital.cl\/sites\/vc\/#website","url":"https:\/\/dev.antudigital.cl\/sites\/vc\/","name":"Valpara\u00ed\u00adso Creativo","description":"","potentialAction":[{"@type":"SearchAction","target":{"@type":"EntryPoint","urlTemplate":"https:\/\/dev.antudigital.cl\/sites\/vc\/?s={search_term_string}"},"query-input":{"@type":"PropertyValueSpecification","valueRequired":true,"valueName":"search_term_string"}}],"inLanguage":"es"},{"@type":"Person","@id":"https:\/\/dev.antudigital.cl\/sites\/vc\/#\/schema\/person\/c2b9da8dd545e27166fc5ab232837318","name":"Valpara\u00edso Creativo","description":"Periodista de cultura en la Regi\u00f3n de Valpara\u00edso.","url":"https:\/\/dev.antudigital.cl\/sites\/vc\/author\/valpoadmin\/"}]}},"_links":{"self":[{"href":"https:\/\/dev.antudigital.cl\/sites\/vc\/wp-json\/wp\/v2\/posts\/11932","targetHints":{"allow":["GET"]}}],"collection":[{"href":"https:\/\/dev.antudigital.cl\/sites\/vc\/wp-json\/wp\/v2\/posts"}],"about":[{"href":"https:\/\/dev.antudigital.cl\/sites\/vc\/wp-json\/wp\/v2\/types\/post"}],"author":[{"embeddable":true,"href":"https:\/\/dev.antudigital.cl\/sites\/vc\/wp-json\/wp\/v2\/users\/1"}],"replies":[{"embeddable":true,"href":"https:\/\/dev.antudigital.cl\/sites\/vc\/wp-json\/wp\/v2\/comments?post=11932"}],"version-history":[{"count":1,"href":"https:\/\/dev.antudigital.cl\/sites\/vc\/wp-json\/wp\/v2\/posts\/11932\/revisions"}],"predecessor-version":[{"id":11935,"href":"https:\/\/dev.antudigital.cl\/sites\/vc\/wp-json\/wp\/v2\/posts\/11932\/revisions\/11935"}],"wp:featuredmedia":[{"embeddable":true,"href":"https:\/\/dev.antudigital.cl\/sites\/vc\/wp-json\/wp\/v2\/media\/11934"}],"wp:attachment":[{"href":"https:\/\/dev.antudigital.cl\/sites\/vc\/wp-json\/wp\/v2\/media?parent=11932"}],"wp:term":[{"taxonomy":"category","embeddable":true,"href":"https:\/\/dev.antudigital.cl\/sites\/vc\/wp-json\/wp\/v2\/categories?post=11932"},{"taxonomy":"post_tag","embeddable":true,"href":"https:\/\/dev.antudigital.cl\/sites\/vc\/wp-json\/wp\/v2\/tags?post=11932"}],"curies":[{"name":"wp","href":"https:\/\/api.w.org\/{rel}","templated":true}]}}