{"id":11936,"date":"2022-10-24T22:40:36","date_gmt":"2022-10-24T22:40:36","guid":{"rendered":"https:\/\/www.valparaisocreativo.cl\/?p=11936"},"modified":"2022-10-24T22:40:41","modified_gmt":"2022-10-24T22:40:41","slug":"sumergiendonos-en-el-museo-universitario-de-grabado","status":"publish","type":"post","link":"https:\/\/dev.antudigital.cl\/sites\/vc\/sumergiendonos-en-el-museo-universitario-de-grabado\/","title":{"rendered":"Sumergi\u00e9ndonos en el Museo Universitario de Grabado"},"content":{"rendered":"\n<p>El Cerro Alegre est\u00e1 lleno de joyas, y una de estas es el <a href=\"https:\/\/www.mugupla.cl\/\">Museo Universitario de Grabado de la Universidad de Playa Ancha<\/a>. Ubicado en Lautaro Rosas 485, en una de las arterias centrales del barrio.&nbsp;<\/p>\n\n\n\n<p>Este lugar ya cumple un a\u00f1o de existencia con sus puertas abiertas, exhibiendo una variedad importante de artistas, a trav\u00e9s de obras que fueron donadas a la instituci\u00f3n hace m\u00e1s de una d\u00e9cada, y que estaban guardados hasta que el Museo comenz\u00f3 sus acciones.<\/p>\n\n\n\n<p>Cuando llegamos nos recibe parte del equipo, junto a su mediadora Mar\u00eda Paz Huemul quien est\u00e1 encargada de llevar el recorrido del Museo y de contar la historia tras cada una de las piezas que ac\u00e1 se pueden encontrar. Tambi\u00e9n se encuentra Mar\u00eda Teresa Devia, quien es la Directora del Museo y es la encargada de llevar la organizaci\u00f3n.<\/p>\n\n\n\n<p>Esta es una vitrina tanto para j\u00f3venes grabadores como para eminencias en este arte, con exhibiciones dedicadas a Carlos Hermosilla, Santos Ch\u00e1vez, Nemesio Ant\u00fanez, Julio Esc\u00e1mez, Roser Bru, entre otros grandes nombres.<\/p>\n\n\n\n<figure class=\"wp-block-image size-large\"><img fetchpriority=\"high\" decoding=\"async\" width=\"1024\" height=\"576\" src=\"https:\/\/www.valparaisocreativo.cl\/wp-content\/uploads\/2022\/10\/Ima\u0301gen-4-1024x576.png\" alt=\"\" class=\"wp-image-11938\" srcset=\"https:\/\/dev.antudigital.cl\/sites\/vc\/wp-content\/uploads\/2022\/10\/Ima\u0301gen-4-1024x576.png 1024w, https:\/\/dev.antudigital.cl\/sites\/vc\/wp-content\/uploads\/2022\/10\/Ima\u0301gen-4-300x169.png 300w, https:\/\/dev.antudigital.cl\/sites\/vc\/wp-content\/uploads\/2022\/10\/Ima\u0301gen-4-768x432.png 768w, https:\/\/dev.antudigital.cl\/sites\/vc\/wp-content\/uploads\/2022\/10\/Ima\u0301gen-4-1080x608.png 1080w, https:\/\/dev.antudigital.cl\/sites\/vc\/wp-content\/uploads\/2022\/10\/Ima\u0301gen-4-1280x720.png 1280w, https:\/\/dev.antudigital.cl\/sites\/vc\/wp-content\/uploads\/2022\/10\/Ima\u0301gen-4-980x551.png 980w, https:\/\/dev.antudigital.cl\/sites\/vc\/wp-content\/uploads\/2022\/10\/Ima\u0301gen-4-480x270.png 480w, https:\/\/dev.antudigital.cl\/sites\/vc\/wp-content\/uploads\/2022\/10\/Ima\u0301gen-4.png 1500w\" sizes=\"(max-width: 1024px) 100vw, 1024px\" \/><\/figure>\n\n\n\n<p><strong>El potencial de grabado de la comuna<\/strong><\/p>\n\n\n\n<p>\u201cEn Valpara\u00edso hay muchos grabadores j\u00f3venes y necesitan un espacio\u201d, comenta Mar\u00eda Teresa, quien establece que en el MUG (Museo Universitario de Grabado) trabajan por abrir espacios tanto de formaci\u00f3n, como de exposici\u00f3n y comercializaci\u00f3n a los y las artistas.<\/p>\n\n\n\n<p>Una de estas posibilidades es la cafeter\u00eda que se acaba de abrir dentro de sus instalaciones, que como menciona Mar\u00eda Teresa Devia, \u201cse decidi\u00f3 que es una cafeter\u00eda de arte, donde en este momento se exhiben unas pinturas que no compiten con el grabado. Queremos que sea un espacio donde se pueda comercializar el arte de los grabadores y grabadoras que est\u00e1n involucrados en el espacio\u201d.<\/p>\n\n\n\n<p>Adem\u00e1s agrega que: \u201cNosotros tambi\u00e9n abrimos una tienda de merchandising para comercializar parte de las obras que tenemos. La calle no es el lugar m\u00e1s digno para vender una obra de arte, entonces tenemos que crear m\u00e1s espacios o infraestructura apropiada para que los y las grabadoras vendan sus resultados en forma digna\u201d.<\/p>\n\n\n\n<p><strong>Abordando nuevas audiencias<\/strong><\/p>\n\n\n\n<p>\u00bfC\u00f3mo se vinculan con sus p\u00fablicos, con el entorno? La Directora nos comenta que han intentado ser lo m\u00e1s inclusivos posible, agregando lenguaje de braille en sus informaciones y, actualmente, abriendo de a poco el museo a la poblaci\u00f3n TEA. \u201cPara eso a\u00fan debemos generar material especial, para p\u00fablicos distintos, lo que ya hemos hecho con los adultos mayores\u201d.<\/p>\n\n\n\n<p>\u201cEstamos articulados con los vecinos del cerro, por ejemplo generamos una Gu\u00eda del Museo para personas mayores, entonces acudimos a las personas para conocer las condiciones de h\u00e1bitat del cerro, lo que se puede conectar con las obras\u201d, se\u00f1ala.<\/p>\n\n\n\n<p>En sus palabras, \u201cnecesitamos que el Museo sea un aporte para la sociedad y los pasos de inclusi\u00f3n de toda la poblaci\u00f3n est\u00e1n en nuestro horizonte. Hay que atreverse\u201d.\u00a0\u00a0<\/p>\n\n\n\n<figure class=\"wp-block-image size-large\"><img decoding=\"async\" width=\"1024\" height=\"576\" src=\"https:\/\/www.valparaisocreativo.cl\/wp-content\/uploads\/2022\/10\/Ima\u0301gen-6-1024x576.png\" alt=\"\" class=\"wp-image-11940\" srcset=\"https:\/\/dev.antudigital.cl\/sites\/vc\/wp-content\/uploads\/2022\/10\/Ima\u0301gen-6-1024x576.png 1024w, https:\/\/dev.antudigital.cl\/sites\/vc\/wp-content\/uploads\/2022\/10\/Ima\u0301gen-6-300x169.png 300w, https:\/\/dev.antudigital.cl\/sites\/vc\/wp-content\/uploads\/2022\/10\/Ima\u0301gen-6-768x432.png 768w, https:\/\/dev.antudigital.cl\/sites\/vc\/wp-content\/uploads\/2022\/10\/Ima\u0301gen-6-1080x608.png 1080w, https:\/\/dev.antudigital.cl\/sites\/vc\/wp-content\/uploads\/2022\/10\/Ima\u0301gen-6-1280x720.png 1280w, https:\/\/dev.antudigital.cl\/sites\/vc\/wp-content\/uploads\/2022\/10\/Ima\u0301gen-6-980x551.png 980w, https:\/\/dev.antudigital.cl\/sites\/vc\/wp-content\/uploads\/2022\/10\/Ima\u0301gen-6-480x270.png 480w, https:\/\/dev.antudigital.cl\/sites\/vc\/wp-content\/uploads\/2022\/10\/Ima\u0301gen-6.png 1500w\" sizes=\"(max-width: 1024px) 100vw, 1024px\" \/><\/figure>\n\n\n\n<p><strong>\u201cMatrices de ense\u00f1anza del grabado\u201d<\/strong><\/p>\n\n\n\n<p>La curator\u00eda hecha por Alberto Madrid es la que est\u00e1 en exhibici\u00f3n, dedicada a maestros y aprendices del grabado, desde las primeras escuelas de la disciplina hasta las m\u00e1s nuevas. Es por eso que la muestra principal tiene este t\u00edtulo de \u201cMatrices de ense\u00f1anza del grabado\u201d.<\/p>\n\n\n\n<p>Este recorrido nos lleva por la historia de las diversas escuelas de grabado, desde Taller 99 a Casaplan (espacio actual de formaci\u00f3n radicado en Valpara\u00edso). Atravesando las diversas etapas del arte a trav\u00e9s de cada sal\u00f3n.<\/p>\n\n\n\n<p><br><strong>Este mes el MUG se encuentra de aniversario, por lo que puedes encontrar sus actividades en torno a esta fecha en su <a href=\"https:\/\/www.mugupla.cl\/\">p\u00e1gina web.<\/a><\/strong><\/p>\n\n\n\n<figure class=\"wp-block-image size-full\"><img decoding=\"async\" width=\"640\" height=\"430\" src=\"https:\/\/www.valparaisocreativo.cl\/wp-content\/uploads\/2022\/10\/Ima\u0301gen-01-1.png\" alt=\"\" class=\"wp-image-11941\" srcset=\"https:\/\/dev.antudigital.cl\/sites\/vc\/wp-content\/uploads\/2022\/10\/Ima\u0301gen-01-1.png 640w, https:\/\/dev.antudigital.cl\/sites\/vc\/wp-content\/uploads\/2022\/10\/Ima\u0301gen-01-1-300x202.png 300w, https:\/\/dev.antudigital.cl\/sites\/vc\/wp-content\/uploads\/2022\/10\/Ima\u0301gen-01-1-480x323.png 480w\" sizes=\"(max-width: 640px) 100vw, 640px\" \/><\/figure>\n","protected":false},"excerpt":{"rendered":"<p>El Cerro Alegre est\u00e1 lleno de joyas, y una de estas es el Museo Universitario de Grabado de la Universidad de Playa Ancha. Ubicado en Lautaro Rosas 485, en una de las arterias centrales del barrio.&nbsp; Este lugar ya cumple un a\u00f1o de existencia con sus puertas abiertas, exhibiendo una variedad importante de artistas, a [&hellip;]<\/p>\n","protected":false},"author":1,"featured_media":11937,"comment_status":"open","ping_status":"closed","sticky":false,"template":"","format":"standard","meta":{"_acf_changed":false,"footnotes":""},"categories":[8],"tags":[],"class_list":["post-11936","post","type-post","status-publish","format-standard","has-post-thumbnail","hentry","category-noticia"],"acf":[],"yoast_head":"<!-- This site is optimized with the Yoast SEO plugin v27.1.1 - https:\/\/yoast.com\/product\/yoast-seo-wordpress\/ -->\n<title>Sumergi\u00e9ndonos en el Museo Universitario de Grabado - Valpara\u00ed\u00adso Creativo<\/title>\n<meta name=\"robots\" content=\"index, follow, max-snippet:-1, max-image-preview:large, max-video-preview:-1\" \/>\n<link rel=\"canonical\" href=\"https:\/\/dev.antudigital.cl\/sites\/vc\/sumergiendonos-en-el-museo-universitario-de-grabado\/\" \/>\n<meta property=\"og:locale\" content=\"es_ES\" \/>\n<meta property=\"og:type\" content=\"article\" \/>\n<meta property=\"og:title\" content=\"Sumergi\u00e9ndonos en el Museo Universitario de Grabado - Valpara\u00ed\u00adso Creativo\" \/>\n<meta property=\"og:description\" content=\"El Cerro Alegre est\u00e1 lleno de joyas, y una de estas es el Museo Universitario de Grabado de la Universidad de Playa Ancha. Ubicado en Lautaro Rosas 485, en una de las arterias centrales del barrio.&nbsp; Este lugar ya cumple un a\u00f1o de existencia con sus puertas abiertas, exhibiendo una variedad importante de artistas, a [&hellip;]\" \/>\n<meta property=\"og:url\" content=\"https:\/\/dev.antudigital.cl\/sites\/vc\/sumergiendonos-en-el-museo-universitario-de-grabado\/\" \/>\n<meta property=\"og:site_name\" content=\"Valpara\u00ed\u00adso Creativo\" \/>\n<meta property=\"article:published_time\" content=\"2022-10-24T22:40:36+00:00\" \/>\n<meta property=\"article:modified_time\" content=\"2022-10-24T22:40:41+00:00\" \/>\n<meta property=\"og:image\" content=\"https:\/\/dev.antudigital.cl\/sites\/vc\/wp-content\/uploads\/2022\/10\/Ima\u0301gen-05.png\" \/>\n\t<meta property=\"og:image:width\" content=\"640\" \/>\n\t<meta property=\"og:image:height\" content=\"430\" \/>\n\t<meta property=\"og:image:type\" content=\"image\/png\" \/>\n<meta name=\"author\" content=\"Valpara\u00edso Creativo\" \/>\n<meta name=\"twitter:card\" content=\"summary_large_image\" \/>\n<meta name=\"twitter:label1\" content=\"Escrito por\" \/>\n\t<meta name=\"twitter:data1\" content=\"Valpara\u00edso Creativo\" \/>\n\t<meta name=\"twitter:label2\" content=\"Tiempo de lectura\" \/>\n\t<meta name=\"twitter:data2\" content=\"4 minutos\" \/>\n<script type=\"application\/ld+json\" class=\"yoast-schema-graph\">{\"@context\":\"https:\/\/schema.org\",\"@graph\":[{\"@type\":\"Article\",\"@id\":\"https:\/\/dev.antudigital.cl\/sites\/vc\/sumergiendonos-en-el-museo-universitario-de-grabado\/#article\",\"isPartOf\":{\"@id\":\"https:\/\/dev.antudigital.cl\/sites\/vc\/sumergiendonos-en-el-museo-universitario-de-grabado\/\"},\"author\":{\"name\":\"Valpara\u00edso Creativo\",\"@id\":\"https:\/\/dev.antudigital.cl\/sites\/vc\/#\/schema\/person\/c2b9da8dd545e27166fc5ab232837318\"},\"headline\":\"Sumergi\u00e9ndonos en el Museo Universitario de Grabado\",\"datePublished\":\"2022-10-24T22:40:36+00:00\",\"dateModified\":\"2022-10-24T22:40:41+00:00\",\"mainEntityOfPage\":{\"@id\":\"https:\/\/dev.antudigital.cl\/sites\/vc\/sumergiendonos-en-el-museo-universitario-de-grabado\/\"},\"wordCount\":635,\"commentCount\":0,\"image\":{\"@id\":\"https:\/\/dev.antudigital.cl\/sites\/vc\/sumergiendonos-en-el-museo-universitario-de-grabado\/#primaryimage\"},\"thumbnailUrl\":\"https:\/\/dev.antudigital.cl\/sites\/vc\/wp-content\/uploads\/2022\/10\/Ima\u0301gen-05.png\",\"articleSection\":[\"Noticia\"],\"inLanguage\":\"es\",\"potentialAction\":[{\"@type\":\"CommentAction\",\"name\":\"Comment\",\"target\":[\"https:\/\/dev.antudigital.cl\/sites\/vc\/sumergiendonos-en-el-museo-universitario-de-grabado\/#respond\"]}]},{\"@type\":\"WebPage\",\"@id\":\"https:\/\/dev.antudigital.cl\/sites\/vc\/sumergiendonos-en-el-museo-universitario-de-grabado\/\",\"url\":\"https:\/\/dev.antudigital.cl\/sites\/vc\/sumergiendonos-en-el-museo-universitario-de-grabado\/\",\"name\":\"Sumergi\u00e9ndonos en el Museo Universitario de Grabado - Valpara\u00ed\u00adso Creativo\",\"isPartOf\":{\"@id\":\"https:\/\/dev.antudigital.cl\/sites\/vc\/#website\"},\"primaryImageOfPage\":{\"@id\":\"https:\/\/dev.antudigital.cl\/sites\/vc\/sumergiendonos-en-el-museo-universitario-de-grabado\/#primaryimage\"},\"image\":{\"@id\":\"https:\/\/dev.antudigital.cl\/sites\/vc\/sumergiendonos-en-el-museo-universitario-de-grabado\/#primaryimage\"},\"thumbnailUrl\":\"https:\/\/dev.antudigital.cl\/sites\/vc\/wp-content\/uploads\/2022\/10\/Ima\u0301gen-05.png\",\"datePublished\":\"2022-10-24T22:40:36+00:00\",\"dateModified\":\"2022-10-24T22:40:41+00:00\",\"author\":{\"@id\":\"https:\/\/dev.antudigital.cl\/sites\/vc\/#\/schema\/person\/c2b9da8dd545e27166fc5ab232837318\"},\"breadcrumb\":{\"@id\":\"https:\/\/dev.antudigital.cl\/sites\/vc\/sumergiendonos-en-el-museo-universitario-de-grabado\/#breadcrumb\"},\"inLanguage\":\"es\",\"potentialAction\":[{\"@type\":\"ReadAction\",\"target\":[\"https:\/\/dev.antudigital.cl\/sites\/vc\/sumergiendonos-en-el-museo-universitario-de-grabado\/\"]}]},{\"@type\":\"ImageObject\",\"inLanguage\":\"es\",\"@id\":\"https:\/\/dev.antudigital.cl\/sites\/vc\/sumergiendonos-en-el-museo-universitario-de-grabado\/#primaryimage\",\"url\":\"https:\/\/dev.antudigital.cl\/sites\/vc\/wp-content\/uploads\/2022\/10\/Ima\u0301gen-05.png\",\"contentUrl\":\"https:\/\/dev.antudigital.cl\/sites\/vc\/wp-content\/uploads\/2022\/10\/Ima\u0301gen-05.png\",\"width\":640,\"height\":430},{\"@type\":\"BreadcrumbList\",\"@id\":\"https:\/\/dev.antudigital.cl\/sites\/vc\/sumergiendonos-en-el-museo-universitario-de-grabado\/#breadcrumb\",\"itemListElement\":[{\"@type\":\"ListItem\",\"position\":1,\"name\":\"Home\",\"item\":\"https:\/\/dev.antudigital.cl\/sites\/vc\/\"},{\"@type\":\"ListItem\",\"position\":2,\"name\":\"Sumergi\u00e9ndonos en el Museo Universitario de Grabado\"}]},{\"@type\":\"WebSite\",\"@id\":\"https:\/\/dev.antudigital.cl\/sites\/vc\/#website\",\"url\":\"https:\/\/dev.antudigital.cl\/sites\/vc\/\",\"name\":\"Valpara\u00ed\u00adso Creativo\",\"description\":\"\",\"potentialAction\":[{\"@type\":\"SearchAction\",\"target\":{\"@type\":\"EntryPoint\",\"urlTemplate\":\"https:\/\/dev.antudigital.cl\/sites\/vc\/?s={search_term_string}\"},\"query-input\":{\"@type\":\"PropertyValueSpecification\",\"valueRequired\":true,\"valueName\":\"search_term_string\"}}],\"inLanguage\":\"es\"},{\"@type\":\"Person\",\"@id\":\"https:\/\/dev.antudigital.cl\/sites\/vc\/#\/schema\/person\/c2b9da8dd545e27166fc5ab232837318\",\"name\":\"Valpara\u00edso Creativo\",\"description\":\"Periodista de cultura en la Regi\u00f3n de Valpara\u00edso.\",\"url\":\"https:\/\/dev.antudigital.cl\/sites\/vc\/author\/valpoadmin\/\"}]}<\/script>\n<!-- \/ Yoast SEO plugin. -->","yoast_head_json":{"title":"Sumergi\u00e9ndonos en el Museo Universitario de Grabado - Valpara\u00ed\u00adso Creativo","robots":{"index":"index","follow":"follow","max-snippet":"max-snippet:-1","max-image-preview":"max-image-preview:large","max-video-preview":"max-video-preview:-1"},"canonical":"https:\/\/dev.antudigital.cl\/sites\/vc\/sumergiendonos-en-el-museo-universitario-de-grabado\/","og_locale":"es_ES","og_type":"article","og_title":"Sumergi\u00e9ndonos en el Museo Universitario de Grabado - Valpara\u00ed\u00adso Creativo","og_description":"El Cerro Alegre est\u00e1 lleno de joyas, y una de estas es el Museo Universitario de Grabado de la Universidad de Playa Ancha. Ubicado en Lautaro Rosas 485, en una de las arterias centrales del barrio.&nbsp; Este lugar ya cumple un a\u00f1o de existencia con sus puertas abiertas, exhibiendo una variedad importante de artistas, a [&hellip;]","og_url":"https:\/\/dev.antudigital.cl\/sites\/vc\/sumergiendonos-en-el-museo-universitario-de-grabado\/","og_site_name":"Valpara\u00ed\u00adso Creativo","article_published_time":"2022-10-24T22:40:36+00:00","article_modified_time":"2022-10-24T22:40:41+00:00","og_image":[{"width":640,"height":430,"url":"https:\/\/dev.antudigital.cl\/sites\/vc\/wp-content\/uploads\/2022\/10\/Ima\u0301gen-05.png","type":"image\/png"}],"author":"Valpara\u00edso Creativo","twitter_card":"summary_large_image","twitter_misc":{"Escrito por":"Valpara\u00edso Creativo","Tiempo de lectura":"4 minutos"},"schema":{"@context":"https:\/\/schema.org","@graph":[{"@type":"Article","@id":"https:\/\/dev.antudigital.cl\/sites\/vc\/sumergiendonos-en-el-museo-universitario-de-grabado\/#article","isPartOf":{"@id":"https:\/\/dev.antudigital.cl\/sites\/vc\/sumergiendonos-en-el-museo-universitario-de-grabado\/"},"author":{"name":"Valpara\u00edso Creativo","@id":"https:\/\/dev.antudigital.cl\/sites\/vc\/#\/schema\/person\/c2b9da8dd545e27166fc5ab232837318"},"headline":"Sumergi\u00e9ndonos en el Museo Universitario de Grabado","datePublished":"2022-10-24T22:40:36+00:00","dateModified":"2022-10-24T22:40:41+00:00","mainEntityOfPage":{"@id":"https:\/\/dev.antudigital.cl\/sites\/vc\/sumergiendonos-en-el-museo-universitario-de-grabado\/"},"wordCount":635,"commentCount":0,"image":{"@id":"https:\/\/dev.antudigital.cl\/sites\/vc\/sumergiendonos-en-el-museo-universitario-de-grabado\/#primaryimage"},"thumbnailUrl":"https:\/\/dev.antudigital.cl\/sites\/vc\/wp-content\/uploads\/2022\/10\/Ima\u0301gen-05.png","articleSection":["Noticia"],"inLanguage":"es","potentialAction":[{"@type":"CommentAction","name":"Comment","target":["https:\/\/dev.antudigital.cl\/sites\/vc\/sumergiendonos-en-el-museo-universitario-de-grabado\/#respond"]}]},{"@type":"WebPage","@id":"https:\/\/dev.antudigital.cl\/sites\/vc\/sumergiendonos-en-el-museo-universitario-de-grabado\/","url":"https:\/\/dev.antudigital.cl\/sites\/vc\/sumergiendonos-en-el-museo-universitario-de-grabado\/","name":"Sumergi\u00e9ndonos en el Museo Universitario de Grabado - Valpara\u00ed\u00adso Creativo","isPartOf":{"@id":"https:\/\/dev.antudigital.cl\/sites\/vc\/#website"},"primaryImageOfPage":{"@id":"https:\/\/dev.antudigital.cl\/sites\/vc\/sumergiendonos-en-el-museo-universitario-de-grabado\/#primaryimage"},"image":{"@id":"https:\/\/dev.antudigital.cl\/sites\/vc\/sumergiendonos-en-el-museo-universitario-de-grabado\/#primaryimage"},"thumbnailUrl":"https:\/\/dev.antudigital.cl\/sites\/vc\/wp-content\/uploads\/2022\/10\/Ima\u0301gen-05.png","datePublished":"2022-10-24T22:40:36+00:00","dateModified":"2022-10-24T22:40:41+00:00","author":{"@id":"https:\/\/dev.antudigital.cl\/sites\/vc\/#\/schema\/person\/c2b9da8dd545e27166fc5ab232837318"},"breadcrumb":{"@id":"https:\/\/dev.antudigital.cl\/sites\/vc\/sumergiendonos-en-el-museo-universitario-de-grabado\/#breadcrumb"},"inLanguage":"es","potentialAction":[{"@type":"ReadAction","target":["https:\/\/dev.antudigital.cl\/sites\/vc\/sumergiendonos-en-el-museo-universitario-de-grabado\/"]}]},{"@type":"ImageObject","inLanguage":"es","@id":"https:\/\/dev.antudigital.cl\/sites\/vc\/sumergiendonos-en-el-museo-universitario-de-grabado\/#primaryimage","url":"https:\/\/dev.antudigital.cl\/sites\/vc\/wp-content\/uploads\/2022\/10\/Ima\u0301gen-05.png","contentUrl":"https:\/\/dev.antudigital.cl\/sites\/vc\/wp-content\/uploads\/2022\/10\/Ima\u0301gen-05.png","width":640,"height":430},{"@type":"BreadcrumbList","@id":"https:\/\/dev.antudigital.cl\/sites\/vc\/sumergiendonos-en-el-museo-universitario-de-grabado\/#breadcrumb","itemListElement":[{"@type":"ListItem","position":1,"name":"Home","item":"https:\/\/dev.antudigital.cl\/sites\/vc\/"},{"@type":"ListItem","position":2,"name":"Sumergi\u00e9ndonos en el Museo Universitario de Grabado"}]},{"@type":"WebSite","@id":"https:\/\/dev.antudigital.cl\/sites\/vc\/#website","url":"https:\/\/dev.antudigital.cl\/sites\/vc\/","name":"Valpara\u00ed\u00adso Creativo","description":"","potentialAction":[{"@type":"SearchAction","target":{"@type":"EntryPoint","urlTemplate":"https:\/\/dev.antudigital.cl\/sites\/vc\/?s={search_term_string}"},"query-input":{"@type":"PropertyValueSpecification","valueRequired":true,"valueName":"search_term_string"}}],"inLanguage":"es"},{"@type":"Person","@id":"https:\/\/dev.antudigital.cl\/sites\/vc\/#\/schema\/person\/c2b9da8dd545e27166fc5ab232837318","name":"Valpara\u00edso Creativo","description":"Periodista de cultura en la Regi\u00f3n de Valpara\u00edso.","url":"https:\/\/dev.antudigital.cl\/sites\/vc\/author\/valpoadmin\/"}]}},"_links":{"self":[{"href":"https:\/\/dev.antudigital.cl\/sites\/vc\/wp-json\/wp\/v2\/posts\/11936","targetHints":{"allow":["GET"]}}],"collection":[{"href":"https:\/\/dev.antudigital.cl\/sites\/vc\/wp-json\/wp\/v2\/posts"}],"about":[{"href":"https:\/\/dev.antudigital.cl\/sites\/vc\/wp-json\/wp\/v2\/types\/post"}],"author":[{"embeddable":true,"href":"https:\/\/dev.antudigital.cl\/sites\/vc\/wp-json\/wp\/v2\/users\/1"}],"replies":[{"embeddable":true,"href":"https:\/\/dev.antudigital.cl\/sites\/vc\/wp-json\/wp\/v2\/comments?post=11936"}],"version-history":[{"count":1,"href":"https:\/\/dev.antudigital.cl\/sites\/vc\/wp-json\/wp\/v2\/posts\/11936\/revisions"}],"predecessor-version":[{"id":11942,"href":"https:\/\/dev.antudigital.cl\/sites\/vc\/wp-json\/wp\/v2\/posts\/11936\/revisions\/11942"}],"wp:featuredmedia":[{"embeddable":true,"href":"https:\/\/dev.antudigital.cl\/sites\/vc\/wp-json\/wp\/v2\/media\/11937"}],"wp:attachment":[{"href":"https:\/\/dev.antudigital.cl\/sites\/vc\/wp-json\/wp\/v2\/media?parent=11936"}],"wp:term":[{"taxonomy":"category","embeddable":true,"href":"https:\/\/dev.antudigital.cl\/sites\/vc\/wp-json\/wp\/v2\/categories?post=11936"},{"taxonomy":"post_tag","embeddable":true,"href":"https:\/\/dev.antudigital.cl\/sites\/vc\/wp-json\/wp\/v2\/tags?post=11936"}],"curies":[{"name":"wp","href":"https:\/\/api.w.org\/{rel}","templated":true}]}}