{"id":11944,"date":"2022-10-31T19:47:43","date_gmt":"2022-10-31T19:47:43","guid":{"rendered":"https:\/\/www.valparaisocreativo.cl\/?p=11944"},"modified":"2022-10-31T19:47:48","modified_gmt":"2022-10-31T19:47:48","slug":"fecich-realizara-talleres-online-y-presenciales-en-cinco-comunas-de-la-region","status":"publish","type":"post","link":"https:\/\/dev.antudigital.cl\/sites\/vc\/fecich-realizara-talleres-online-y-presenciales-en-cinco-comunas-de-la-region\/","title":{"rendered":"FECICH realizar\u00e1 talleres online y presenciales en cinco comunas de la regi\u00f3n"},"content":{"rendered":"\n<p>En el marco previo al 15vo aniversario del Festival de Cine Chileno (FECICH), llevar\u00e1n a cabo su sexta Escuela de Espectadores de Cine Chileno. Se trata de una invitaci\u00f3n a este programa de desarrollo y formaci\u00f3n de p\u00fablicos, espacio de encuentro y reflexi\u00f3n en torno a obras nacionales.<\/p>\n\n\n\n<p>Para este a\u00f1o, y como novedad, se integraron a la Escuela de Espectadores cinco talleres de cine comunitario, que actualmente se est\u00e1n desarrollando en Quilpu\u00e9, Villa Alemana, Quillota, Quintero y Llay llay. Adem\u00e1s, se realizar\u00e1n dos talleres en modalidad virtual, de ocho sesiones cada uno.<\/p>\n\n\n\n<p>Por un lado, estar\u00e1 el Taller de Curator\u00eda Participativa: p\u00fablicos del futuro, el cual busca convocar a un grupo de personas para que seleccionen una serie de t\u00edtulos que formar\u00e1n parte de la edici\u00f3n 2023. La actividad se llevar\u00e1 a cabo siempre de 18:00 a 19:00 horas todos los mi\u00e9rcoles a partir del 26 de octubre hasta el 21 de diciembre.<\/p>\n\n\n\n<p>Por otra parte, el Taller de Moderadores Ciudadanos, busca alimentar el debate en torno al cine y la capacidad de la audiencia para dialogar sobre los temas que este inspira, permitiendo a los participantes moderar los conversatorios del festival en enero; y se desarrollar\u00e1 de 18:00 a 20:30 horas todos los jueves a partir del 27 de octubre hasta el 22 de diciembre.<\/p>\n\n\n\n<p>Ambos talleres estar\u00e1n acompa\u00f1ados de una selecci\u00f3n de 15 largometrajes chilenos de las y los m\u00e1s importantes realizadores\/as que han sido parte de los 15 a\u00f1os de FECICH, relevando tem\u00e1ticas contingentes para nuestro pa\u00eds, y que podr\u00e1n ser vistas a trav\u00e9s de la plataforma <a href=\"http:\/\/ondamedia.cl\">Ondamedia.cl<\/a><a href=\"https:\/\/bitacoradecine.cl\/tag\/ondamedia\/\" target=\"_blank\" rel=\"noreferrer noopener\"><\/a><\/p>\n\n\n\n<p>Es importante se\u00f1alar que de estos talleres saldr\u00e1 el Jurado Ciudadano, que entregar\u00e1 el premio al Mejor Cortometraje y Largometraje de la Competencia Radiograf\u00eda Nacional del 15\u00ba FECICH. Adicionalmente, habr\u00e1 certificaci\u00f3n para aquellas personas que cumplan con la totalidad de las sesiones.<\/p>\n\n\n\n<p>Finalmente, cabe destacar que la pr\u00f3xima edici\u00f3n del Festival de Cine Chileno se desarrollar\u00e1 presencialmente del<strong> 20 al 28 de enero de 2023<\/strong>, en el Teatro Municipal Juan Bustos Ram\u00edrez de Quilpu\u00e9, con extensi\u00f3n en las comunas de Villa Alemana, Quillota, Quintero y Llay-Llay.<\/p>\n\n\n\n<p>Para mayor informaci\u00f3n, te recomendamos visitar las redes sociales \u2014<a href=\"https:\/\/www.facebook.com\/fecich\/\" target=\"_blank\" rel=\"noreferrer noopener\">Facebook,<\/a>\u00a0<a href=\"https:\/\/twitter.com\/Fecich\" target=\"_blank\" rel=\"noreferrer noopener\">Twitter<\/a>\u00a0e\u00a0<a href=\"https:\/\/www.instagram.com\/fecich14\/\" target=\"_blank\" rel=\"noreferrer noopener\">Instagram<\/a>\u2014 o\u00a0<a href=\"https:\/\/fecich.cl\/\" target=\"_blank\" rel=\"noreferrer noopener\">el sitio web del festival<\/a>.<\/p>\n","protected":false},"excerpt":{"rendered":"<p>En el marco previo al 15vo aniversario del Festival de Cine Chileno (FECICH), llevar\u00e1n a cabo su sexta Escuela de Espectadores de Cine Chileno. Se trata de una invitaci\u00f3n a este programa de desarrollo y formaci\u00f3n de p\u00fablicos, espacio de encuentro y reflexi\u00f3n en torno a obras nacionales. Para este a\u00f1o, y como novedad, se [&hellip;]<\/p>\n","protected":false},"author":1,"featured_media":11945,"comment_status":"open","ping_status":"closed","sticky":false,"template":"","format":"standard","meta":{"_acf_changed":false,"footnotes":""},"categories":[8],"tags":[],"class_list":["post-11944","post","type-post","status-publish","format-standard","has-post-thumbnail","hentry","category-noticia"],"acf":[],"yoast_head":"<!-- This site is optimized with the Yoast SEO plugin v27.1.1 - https:\/\/yoast.com\/product\/yoast-seo-wordpress\/ -->\n<title>FECICH realizar\u00e1 talleres online y presenciales en cinco comunas de la regi\u00f3n - Valpara\u00ed\u00adso Creativo<\/title>\n<meta name=\"robots\" content=\"index, follow, max-snippet:-1, max-image-preview:large, max-video-preview:-1\" \/>\n<link rel=\"canonical\" href=\"https:\/\/dev.antudigital.cl\/sites\/vc\/fecich-realizara-talleres-online-y-presenciales-en-cinco-comunas-de-la-region\/\" \/>\n<meta property=\"og:locale\" content=\"es_ES\" \/>\n<meta property=\"og:type\" content=\"article\" \/>\n<meta property=\"og:title\" content=\"FECICH realizar\u00e1 talleres online y presenciales en cinco comunas de la regi\u00f3n - Valpara\u00ed\u00adso Creativo\" \/>\n<meta property=\"og:description\" content=\"En el marco previo al 15vo aniversario del Festival de Cine Chileno (FECICH), llevar\u00e1n a cabo su sexta Escuela de Espectadores de Cine Chileno. Se trata de una invitaci\u00f3n a este programa de desarrollo y formaci\u00f3n de p\u00fablicos, espacio de encuentro y reflexi\u00f3n en torno a obras nacionales. Para este a\u00f1o, y como novedad, se [&hellip;]\" \/>\n<meta property=\"og:url\" content=\"https:\/\/dev.antudigital.cl\/sites\/vc\/fecich-realizara-talleres-online-y-presenciales-en-cinco-comunas-de-la-region\/\" \/>\n<meta property=\"og:site_name\" content=\"Valpara\u00ed\u00adso Creativo\" \/>\n<meta property=\"article:published_time\" content=\"2022-10-31T19:47:43+00:00\" \/>\n<meta property=\"article:modified_time\" content=\"2022-10-31T19:47:48+00:00\" \/>\n<meta property=\"og:image\" content=\"https:\/\/dev.antudigital.cl\/sites\/vc\/wp-content\/uploads\/2022\/10\/fecich.jpg\" \/>\n\t<meta property=\"og:image:width\" content=\"1280\" \/>\n\t<meta property=\"og:image:height\" content=\"720\" \/>\n\t<meta property=\"og:image:type\" content=\"image\/jpeg\" \/>\n<meta name=\"author\" content=\"Valpara\u00edso Creativo\" \/>\n<meta name=\"twitter:card\" content=\"summary_large_image\" \/>\n<meta name=\"twitter:label1\" content=\"Escrito por\" \/>\n\t<meta name=\"twitter:data1\" content=\"Valpara\u00edso Creativo\" \/>\n\t<meta name=\"twitter:label2\" content=\"Tiempo de lectura\" \/>\n\t<meta name=\"twitter:data2\" content=\"2 minutos\" \/>\n<script type=\"application\/ld+json\" class=\"yoast-schema-graph\">{\"@context\":\"https:\/\/schema.org\",\"@graph\":[{\"@type\":\"Article\",\"@id\":\"https:\/\/dev.antudigital.cl\/sites\/vc\/fecich-realizara-talleres-online-y-presenciales-en-cinco-comunas-de-la-region\/#article\",\"isPartOf\":{\"@id\":\"https:\/\/dev.antudigital.cl\/sites\/vc\/fecich-realizara-talleres-online-y-presenciales-en-cinco-comunas-de-la-region\/\"},\"author\":{\"name\":\"Valpara\u00edso Creativo\",\"@id\":\"https:\/\/dev.antudigital.cl\/sites\/vc\/#\/schema\/person\/c2b9da8dd545e27166fc5ab232837318\"},\"headline\":\"FECICH realizar\u00e1 talleres online y presenciales en cinco comunas de la regi\u00f3n\",\"datePublished\":\"2022-10-31T19:47:43+00:00\",\"dateModified\":\"2022-10-31T19:47:48+00:00\",\"mainEntityOfPage\":{\"@id\":\"https:\/\/dev.antudigital.cl\/sites\/vc\/fecich-realizara-talleres-online-y-presenciales-en-cinco-comunas-de-la-region\/\"},\"wordCount\":399,\"commentCount\":0,\"image\":{\"@id\":\"https:\/\/dev.antudigital.cl\/sites\/vc\/fecich-realizara-talleres-online-y-presenciales-en-cinco-comunas-de-la-region\/#primaryimage\"},\"thumbnailUrl\":\"https:\/\/dev.antudigital.cl\/sites\/vc\/wp-content\/uploads\/2022\/10\/fecich.jpg\",\"articleSection\":[\"Noticia\"],\"inLanguage\":\"es\",\"potentialAction\":[{\"@type\":\"CommentAction\",\"name\":\"Comment\",\"target\":[\"https:\/\/dev.antudigital.cl\/sites\/vc\/fecich-realizara-talleres-online-y-presenciales-en-cinco-comunas-de-la-region\/#respond\"]}]},{\"@type\":\"WebPage\",\"@id\":\"https:\/\/dev.antudigital.cl\/sites\/vc\/fecich-realizara-talleres-online-y-presenciales-en-cinco-comunas-de-la-region\/\",\"url\":\"https:\/\/dev.antudigital.cl\/sites\/vc\/fecich-realizara-talleres-online-y-presenciales-en-cinco-comunas-de-la-region\/\",\"name\":\"FECICH realizar\u00e1 talleres online y presenciales en cinco comunas de la regi\u00f3n - Valpara\u00ed\u00adso Creativo\",\"isPartOf\":{\"@id\":\"https:\/\/dev.antudigital.cl\/sites\/vc\/#website\"},\"primaryImageOfPage\":{\"@id\":\"https:\/\/dev.antudigital.cl\/sites\/vc\/fecich-realizara-talleres-online-y-presenciales-en-cinco-comunas-de-la-region\/#primaryimage\"},\"image\":{\"@id\":\"https:\/\/dev.antudigital.cl\/sites\/vc\/fecich-realizara-talleres-online-y-presenciales-en-cinco-comunas-de-la-region\/#primaryimage\"},\"thumbnailUrl\":\"https:\/\/dev.antudigital.cl\/sites\/vc\/wp-content\/uploads\/2022\/10\/fecich.jpg\",\"datePublished\":\"2022-10-31T19:47:43+00:00\",\"dateModified\":\"2022-10-31T19:47:48+00:00\",\"author\":{\"@id\":\"https:\/\/dev.antudigital.cl\/sites\/vc\/#\/schema\/person\/c2b9da8dd545e27166fc5ab232837318\"},\"breadcrumb\":{\"@id\":\"https:\/\/dev.antudigital.cl\/sites\/vc\/fecich-realizara-talleres-online-y-presenciales-en-cinco-comunas-de-la-region\/#breadcrumb\"},\"inLanguage\":\"es\",\"potentialAction\":[{\"@type\":\"ReadAction\",\"target\":[\"https:\/\/dev.antudigital.cl\/sites\/vc\/fecich-realizara-talleres-online-y-presenciales-en-cinco-comunas-de-la-region\/\"]}]},{\"@type\":\"ImageObject\",\"inLanguage\":\"es\",\"@id\":\"https:\/\/dev.antudigital.cl\/sites\/vc\/fecich-realizara-talleres-online-y-presenciales-en-cinco-comunas-de-la-region\/#primaryimage\",\"url\":\"https:\/\/dev.antudigital.cl\/sites\/vc\/wp-content\/uploads\/2022\/10\/fecich.jpg\",\"contentUrl\":\"https:\/\/dev.antudigital.cl\/sites\/vc\/wp-content\/uploads\/2022\/10\/fecich.jpg\",\"width\":1280,\"height\":720},{\"@type\":\"BreadcrumbList\",\"@id\":\"https:\/\/dev.antudigital.cl\/sites\/vc\/fecich-realizara-talleres-online-y-presenciales-en-cinco-comunas-de-la-region\/#breadcrumb\",\"itemListElement\":[{\"@type\":\"ListItem\",\"position\":1,\"name\":\"Home\",\"item\":\"https:\/\/dev.antudigital.cl\/sites\/vc\/\"},{\"@type\":\"ListItem\",\"position\":2,\"name\":\"FECICH realizar\u00e1 talleres online y presenciales en cinco comunas de la regi\u00f3n\"}]},{\"@type\":\"WebSite\",\"@id\":\"https:\/\/dev.antudigital.cl\/sites\/vc\/#website\",\"url\":\"https:\/\/dev.antudigital.cl\/sites\/vc\/\",\"name\":\"Valpara\u00ed\u00adso Creativo\",\"description\":\"\",\"potentialAction\":[{\"@type\":\"SearchAction\",\"target\":{\"@type\":\"EntryPoint\",\"urlTemplate\":\"https:\/\/dev.antudigital.cl\/sites\/vc\/?s={search_term_string}\"},\"query-input\":{\"@type\":\"PropertyValueSpecification\",\"valueRequired\":true,\"valueName\":\"search_term_string\"}}],\"inLanguage\":\"es\"},{\"@type\":\"Person\",\"@id\":\"https:\/\/dev.antudigital.cl\/sites\/vc\/#\/schema\/person\/c2b9da8dd545e27166fc5ab232837318\",\"name\":\"Valpara\u00edso Creativo\",\"description\":\"Periodista de cultura en la Regi\u00f3n de Valpara\u00edso.\",\"url\":\"https:\/\/dev.antudigital.cl\/sites\/vc\/author\/valpoadmin\/\"}]}<\/script>\n<!-- \/ Yoast SEO plugin. -->","yoast_head_json":{"title":"FECICH realizar\u00e1 talleres online y presenciales en cinco comunas de la regi\u00f3n - Valpara\u00ed\u00adso Creativo","robots":{"index":"index","follow":"follow","max-snippet":"max-snippet:-1","max-image-preview":"max-image-preview:large","max-video-preview":"max-video-preview:-1"},"canonical":"https:\/\/dev.antudigital.cl\/sites\/vc\/fecich-realizara-talleres-online-y-presenciales-en-cinco-comunas-de-la-region\/","og_locale":"es_ES","og_type":"article","og_title":"FECICH realizar\u00e1 talleres online y presenciales en cinco comunas de la regi\u00f3n - Valpara\u00ed\u00adso Creativo","og_description":"En el marco previo al 15vo aniversario del Festival de Cine Chileno (FECICH), llevar\u00e1n a cabo su sexta Escuela de Espectadores de Cine Chileno. Se trata de una invitaci\u00f3n a este programa de desarrollo y formaci\u00f3n de p\u00fablicos, espacio de encuentro y reflexi\u00f3n en torno a obras nacionales. Para este a\u00f1o, y como novedad, se [&hellip;]","og_url":"https:\/\/dev.antudigital.cl\/sites\/vc\/fecich-realizara-talleres-online-y-presenciales-en-cinco-comunas-de-la-region\/","og_site_name":"Valpara\u00ed\u00adso Creativo","article_published_time":"2022-10-31T19:47:43+00:00","article_modified_time":"2022-10-31T19:47:48+00:00","og_image":[{"width":1280,"height":720,"url":"https:\/\/dev.antudigital.cl\/sites\/vc\/wp-content\/uploads\/2022\/10\/fecich.jpg","type":"image\/jpeg"}],"author":"Valpara\u00edso Creativo","twitter_card":"summary_large_image","twitter_misc":{"Escrito por":"Valpara\u00edso Creativo","Tiempo de lectura":"2 minutos"},"schema":{"@context":"https:\/\/schema.org","@graph":[{"@type":"Article","@id":"https:\/\/dev.antudigital.cl\/sites\/vc\/fecich-realizara-talleres-online-y-presenciales-en-cinco-comunas-de-la-region\/#article","isPartOf":{"@id":"https:\/\/dev.antudigital.cl\/sites\/vc\/fecich-realizara-talleres-online-y-presenciales-en-cinco-comunas-de-la-region\/"},"author":{"name":"Valpara\u00edso Creativo","@id":"https:\/\/dev.antudigital.cl\/sites\/vc\/#\/schema\/person\/c2b9da8dd545e27166fc5ab232837318"},"headline":"FECICH realizar\u00e1 talleres online y presenciales en cinco comunas de la regi\u00f3n","datePublished":"2022-10-31T19:47:43+00:00","dateModified":"2022-10-31T19:47:48+00:00","mainEntityOfPage":{"@id":"https:\/\/dev.antudigital.cl\/sites\/vc\/fecich-realizara-talleres-online-y-presenciales-en-cinco-comunas-de-la-region\/"},"wordCount":399,"commentCount":0,"image":{"@id":"https:\/\/dev.antudigital.cl\/sites\/vc\/fecich-realizara-talleres-online-y-presenciales-en-cinco-comunas-de-la-region\/#primaryimage"},"thumbnailUrl":"https:\/\/dev.antudigital.cl\/sites\/vc\/wp-content\/uploads\/2022\/10\/fecich.jpg","articleSection":["Noticia"],"inLanguage":"es","potentialAction":[{"@type":"CommentAction","name":"Comment","target":["https:\/\/dev.antudigital.cl\/sites\/vc\/fecich-realizara-talleres-online-y-presenciales-en-cinco-comunas-de-la-region\/#respond"]}]},{"@type":"WebPage","@id":"https:\/\/dev.antudigital.cl\/sites\/vc\/fecich-realizara-talleres-online-y-presenciales-en-cinco-comunas-de-la-region\/","url":"https:\/\/dev.antudigital.cl\/sites\/vc\/fecich-realizara-talleres-online-y-presenciales-en-cinco-comunas-de-la-region\/","name":"FECICH realizar\u00e1 talleres online y presenciales en cinco comunas de la regi\u00f3n - Valpara\u00ed\u00adso Creativo","isPartOf":{"@id":"https:\/\/dev.antudigital.cl\/sites\/vc\/#website"},"primaryImageOfPage":{"@id":"https:\/\/dev.antudigital.cl\/sites\/vc\/fecich-realizara-talleres-online-y-presenciales-en-cinco-comunas-de-la-region\/#primaryimage"},"image":{"@id":"https:\/\/dev.antudigital.cl\/sites\/vc\/fecich-realizara-talleres-online-y-presenciales-en-cinco-comunas-de-la-region\/#primaryimage"},"thumbnailUrl":"https:\/\/dev.antudigital.cl\/sites\/vc\/wp-content\/uploads\/2022\/10\/fecich.jpg","datePublished":"2022-10-31T19:47:43+00:00","dateModified":"2022-10-31T19:47:48+00:00","author":{"@id":"https:\/\/dev.antudigital.cl\/sites\/vc\/#\/schema\/person\/c2b9da8dd545e27166fc5ab232837318"},"breadcrumb":{"@id":"https:\/\/dev.antudigital.cl\/sites\/vc\/fecich-realizara-talleres-online-y-presenciales-en-cinco-comunas-de-la-region\/#breadcrumb"},"inLanguage":"es","potentialAction":[{"@type":"ReadAction","target":["https:\/\/dev.antudigital.cl\/sites\/vc\/fecich-realizara-talleres-online-y-presenciales-en-cinco-comunas-de-la-region\/"]}]},{"@type":"ImageObject","inLanguage":"es","@id":"https:\/\/dev.antudigital.cl\/sites\/vc\/fecich-realizara-talleres-online-y-presenciales-en-cinco-comunas-de-la-region\/#primaryimage","url":"https:\/\/dev.antudigital.cl\/sites\/vc\/wp-content\/uploads\/2022\/10\/fecich.jpg","contentUrl":"https:\/\/dev.antudigital.cl\/sites\/vc\/wp-content\/uploads\/2022\/10\/fecich.jpg","width":1280,"height":720},{"@type":"BreadcrumbList","@id":"https:\/\/dev.antudigital.cl\/sites\/vc\/fecich-realizara-talleres-online-y-presenciales-en-cinco-comunas-de-la-region\/#breadcrumb","itemListElement":[{"@type":"ListItem","position":1,"name":"Home","item":"https:\/\/dev.antudigital.cl\/sites\/vc\/"},{"@type":"ListItem","position":2,"name":"FECICH realizar\u00e1 talleres online y presenciales en cinco comunas de la regi\u00f3n"}]},{"@type":"WebSite","@id":"https:\/\/dev.antudigital.cl\/sites\/vc\/#website","url":"https:\/\/dev.antudigital.cl\/sites\/vc\/","name":"Valpara\u00ed\u00adso Creativo","description":"","potentialAction":[{"@type":"SearchAction","target":{"@type":"EntryPoint","urlTemplate":"https:\/\/dev.antudigital.cl\/sites\/vc\/?s={search_term_string}"},"query-input":{"@type":"PropertyValueSpecification","valueRequired":true,"valueName":"search_term_string"}}],"inLanguage":"es"},{"@type":"Person","@id":"https:\/\/dev.antudigital.cl\/sites\/vc\/#\/schema\/person\/c2b9da8dd545e27166fc5ab232837318","name":"Valpara\u00edso Creativo","description":"Periodista de cultura en la Regi\u00f3n de Valpara\u00edso.","url":"https:\/\/dev.antudigital.cl\/sites\/vc\/author\/valpoadmin\/"}]}},"_links":{"self":[{"href":"https:\/\/dev.antudigital.cl\/sites\/vc\/wp-json\/wp\/v2\/posts\/11944","targetHints":{"allow":["GET"]}}],"collection":[{"href":"https:\/\/dev.antudigital.cl\/sites\/vc\/wp-json\/wp\/v2\/posts"}],"about":[{"href":"https:\/\/dev.antudigital.cl\/sites\/vc\/wp-json\/wp\/v2\/types\/post"}],"author":[{"embeddable":true,"href":"https:\/\/dev.antudigital.cl\/sites\/vc\/wp-json\/wp\/v2\/users\/1"}],"replies":[{"embeddable":true,"href":"https:\/\/dev.antudigital.cl\/sites\/vc\/wp-json\/wp\/v2\/comments?post=11944"}],"version-history":[{"count":1,"href":"https:\/\/dev.antudigital.cl\/sites\/vc\/wp-json\/wp\/v2\/posts\/11944\/revisions"}],"predecessor-version":[{"id":11946,"href":"https:\/\/dev.antudigital.cl\/sites\/vc\/wp-json\/wp\/v2\/posts\/11944\/revisions\/11946"}],"wp:featuredmedia":[{"embeddable":true,"href":"https:\/\/dev.antudigital.cl\/sites\/vc\/wp-json\/wp\/v2\/media\/11945"}],"wp:attachment":[{"href":"https:\/\/dev.antudigital.cl\/sites\/vc\/wp-json\/wp\/v2\/media?parent=11944"}],"wp:term":[{"taxonomy":"category","embeddable":true,"href":"https:\/\/dev.antudigital.cl\/sites\/vc\/wp-json\/wp\/v2\/categories?post=11944"},{"taxonomy":"post_tag","embeddable":true,"href":"https:\/\/dev.antudigital.cl\/sites\/vc\/wp-json\/wp\/v2\/tags?post=11944"}],"curies":[{"name":"wp","href":"https:\/\/api.w.org\/{rel}","templated":true}]}}