{"id":11947,"date":"2022-10-31T19:56:27","date_gmt":"2022-10-31T19:56:27","guid":{"rendered":"https:\/\/www.valparaisocreativo.cl\/?p=11947"},"modified":"2022-10-31T19:56:42","modified_gmt":"2022-10-31T19:56:42","slug":"javiera-mena-estara-este-4-de-noviembre-en-valparaiso","status":"publish","type":"post","link":"https:\/\/dev.antudigital.cl\/sites\/vc\/javiera-mena-estara-este-4-de-noviembre-en-valparaiso\/","title":{"rendered":"Javiera Mena estar\u00e1 este 4 de noviembre en Valpara\u00edso"},"content":{"rendered":"\n<p>Nocturna es el quinto \u00e1lbum de la chilena <strong>Javiera Mena,<\/strong> engendrado en el Estallido Social de Chile, producido en pandemia y nueva normalidad que se sumerge en las noches de bares y discotecas versus las noches en medio de los Andes. Es la representaci\u00f3n de la dualidad en la que habita la artista, al ser una chilena residente en Espa\u00f1a.<\/p>\n\n\n\n<p>Javiera reconoce que es su disco m\u00e1s colectivo, ya que algunas canciones fueron compuestas por ella misma junto a m\u00e1s personas que, a trav\u00e9s de su filtro, le ayudaron a encontrar lo que quer\u00eda comunicar. Es el caso de artistas como Chico Blanco o Myriam Hern\u00e1ndez.<\/p>\n\n\n\n<p>Se anuncia como un trabajo de pop sintetizado con mucha energ\u00eda e impregnado de t\u00f3picos internos, como la sombra, los vicios y la p\u00e9rdida del sentido, con hueco para canciones m\u00e1s \u2018chill\u2019, inspiradas en la l\u00ednea soft pop de cl\u00e1sicos de los 90 como Sade, George Michael o Lisa Stansfield.<\/p>\n\n\n\n<p><strong>Viernes 04 de noviembre 20:00 hrs.<\/strong><\/p>\n\n\n\n<p><strong>Teatro municipal de Valpara\u00edso\u00a0<\/strong><\/p>\n\n\n\n<p>Entradas en Passline.com&nbsp;<\/p>\n\n\n\n<p><a href=\"https:\/\/www.passline.com\/eventos-plano\/javiera-mena-en-valparaiso\" target=\"_blank\" rel=\"noreferrer noopener\">https:\/\/www.passline.com\/eventos-plano\/javiera-mena-en-valparaiso<\/a><br>Sin recargo Via WhatsApp | +56991597907 | Tienda Arte M\u00fasica Av Pedro Montt 2053 Valpara\u00edso<\/p>\n\n\n\n<figure class=\"wp-block-image size-large\"><img fetchpriority=\"high\" decoding=\"async\" width=\"1024\" height=\"1024\" src=\"https:\/\/www.valparaisocreativo.cl\/wp-content\/uploads\/2022\/10\/JAVIERA-MENA1080x1080-1024x1024.jpg\" alt=\"\" class=\"wp-image-11949\" srcset=\"https:\/\/dev.antudigital.cl\/sites\/vc\/wp-content\/uploads\/2022\/10\/JAVIERA-MENA1080x1080-1024x1024.jpg 1024w, https:\/\/dev.antudigital.cl\/sites\/vc\/wp-content\/uploads\/2022\/10\/JAVIERA-MENA1080x1080-300x300.jpg 300w, https:\/\/dev.antudigital.cl\/sites\/vc\/wp-content\/uploads\/2022\/10\/JAVIERA-MENA1080x1080-150x150.jpg 150w, https:\/\/dev.antudigital.cl\/sites\/vc\/wp-content\/uploads\/2022\/10\/JAVIERA-MENA1080x1080-768x768.jpg 768w, https:\/\/dev.antudigital.cl\/sites\/vc\/wp-content\/uploads\/2022\/10\/JAVIERA-MENA1080x1080-980x980.jpg 980w, https:\/\/dev.antudigital.cl\/sites\/vc\/wp-content\/uploads\/2022\/10\/JAVIERA-MENA1080x1080-480x480.jpg 480w, https:\/\/dev.antudigital.cl\/sites\/vc\/wp-content\/uploads\/2022\/10\/JAVIERA-MENA1080x1080.jpg 1080w\" sizes=\"(max-width: 1024px) 100vw, 1024px\" \/><\/figure>\n","protected":false},"excerpt":{"rendered":"<p>Nocturna es el quinto \u00e1lbum de la chilena Javiera Mena, engendrado en el Estallido Social de Chile, producido en pandemia y nueva normalidad que se sumerge en las noches de bares y discotecas versus las noches en medio de los Andes. Es la representaci\u00f3n de la dualidad en la que habita la artista, al ser [&hellip;]<\/p>\n","protected":false},"author":1,"featured_media":11948,"comment_status":"open","ping_status":"closed","sticky":false,"template":"","format":"standard","meta":{"_acf_changed":false,"footnotes":""},"categories":[8],"tags":[],"class_list":["post-11947","post","type-post","status-publish","format-standard","has-post-thumbnail","hentry","category-noticia"],"acf":[],"yoast_head":"<!-- This site is optimized with the Yoast SEO plugin v27.1.1 - https:\/\/yoast.com\/product\/yoast-seo-wordpress\/ -->\n<title>Javiera Mena estar\u00e1 este 4 de noviembre en Valpara\u00edso - Valpara\u00ed\u00adso Creativo<\/title>\n<meta name=\"robots\" content=\"index, follow, max-snippet:-1, max-image-preview:large, max-video-preview:-1\" \/>\n<link rel=\"canonical\" href=\"https:\/\/dev.antudigital.cl\/sites\/vc\/javiera-mena-estara-este-4-de-noviembre-en-valparaiso\/\" \/>\n<meta property=\"og:locale\" content=\"es_ES\" \/>\n<meta property=\"og:type\" content=\"article\" \/>\n<meta property=\"og:title\" content=\"Javiera Mena estar\u00e1 este 4 de noviembre en Valpara\u00edso - Valpara\u00ed\u00adso Creativo\" \/>\n<meta property=\"og:description\" content=\"Nocturna es el quinto \u00e1lbum de la chilena Javiera Mena, engendrado en el Estallido Social de Chile, producido en pandemia y nueva normalidad que se sumerge en las noches de bares y discotecas versus las noches en medio de los Andes. Es la representaci\u00f3n de la dualidad en la que habita la artista, al ser [&hellip;]\" \/>\n<meta property=\"og:url\" content=\"https:\/\/dev.antudigital.cl\/sites\/vc\/javiera-mena-estara-este-4-de-noviembre-en-valparaiso\/\" \/>\n<meta property=\"og:site_name\" content=\"Valpara\u00ed\u00adso Creativo\" \/>\n<meta property=\"article:published_time\" content=\"2022-10-31T19:56:27+00:00\" \/>\n<meta property=\"article:modified_time\" content=\"2022-10-31T19:56:42+00:00\" \/>\n<meta property=\"og:image\" content=\"https:\/\/dev.antudigital.cl\/sites\/vc\/wp-content\/uploads\/2022\/10\/Captura-de-Pantalla-2022-10-31-a-las-16.54.40.png\" \/>\n\t<meta property=\"og:image:width\" content=\"701\" \/>\n\t<meta property=\"og:image:height\" content=\"412\" \/>\n\t<meta property=\"og:image:type\" content=\"image\/png\" \/>\n<meta name=\"author\" content=\"Valpara\u00edso Creativo\" \/>\n<meta name=\"twitter:card\" content=\"summary_large_image\" \/>\n<meta name=\"twitter:label1\" content=\"Escrito por\" \/>\n\t<meta name=\"twitter:data1\" content=\"Valpara\u00edso Creativo\" \/>\n\t<meta name=\"twitter:label2\" content=\"Tiempo de lectura\" \/>\n\t<meta name=\"twitter:data2\" content=\"2 minutos\" \/>\n<script type=\"application\/ld+json\" class=\"yoast-schema-graph\">{\"@context\":\"https:\/\/schema.org\",\"@graph\":[{\"@type\":\"Article\",\"@id\":\"https:\/\/dev.antudigital.cl\/sites\/vc\/javiera-mena-estara-este-4-de-noviembre-en-valparaiso\/#article\",\"isPartOf\":{\"@id\":\"https:\/\/dev.antudigital.cl\/sites\/vc\/javiera-mena-estara-este-4-de-noviembre-en-valparaiso\/\"},\"author\":{\"name\":\"Valpara\u00edso Creativo\",\"@id\":\"https:\/\/dev.antudigital.cl\/sites\/vc\/#\/schema\/person\/c2b9da8dd545e27166fc5ab232837318\"},\"headline\":\"Javiera Mena estar\u00e1 este 4 de noviembre en Valpara\u00edso\",\"datePublished\":\"2022-10-31T19:56:27+00:00\",\"dateModified\":\"2022-10-31T19:56:42+00:00\",\"mainEntityOfPage\":{\"@id\":\"https:\/\/dev.antudigital.cl\/sites\/vc\/javiera-mena-estara-este-4-de-noviembre-en-valparaiso\/\"},\"wordCount\":210,\"commentCount\":0,\"image\":{\"@id\":\"https:\/\/dev.antudigital.cl\/sites\/vc\/javiera-mena-estara-este-4-de-noviembre-en-valparaiso\/#primaryimage\"},\"thumbnailUrl\":\"https:\/\/dev.antudigital.cl\/sites\/vc\/wp-content\/uploads\/2022\/10\/Captura-de-Pantalla-2022-10-31-a-las-16.54.40.png\",\"articleSection\":[\"Noticia\"],\"inLanguage\":\"es\",\"potentialAction\":[{\"@type\":\"CommentAction\",\"name\":\"Comment\",\"target\":[\"https:\/\/dev.antudigital.cl\/sites\/vc\/javiera-mena-estara-este-4-de-noviembre-en-valparaiso\/#respond\"]}]},{\"@type\":\"WebPage\",\"@id\":\"https:\/\/dev.antudigital.cl\/sites\/vc\/javiera-mena-estara-este-4-de-noviembre-en-valparaiso\/\",\"url\":\"https:\/\/dev.antudigital.cl\/sites\/vc\/javiera-mena-estara-este-4-de-noviembre-en-valparaiso\/\",\"name\":\"Javiera Mena estar\u00e1 este 4 de noviembre en Valpara\u00edso - Valpara\u00ed\u00adso Creativo\",\"isPartOf\":{\"@id\":\"https:\/\/dev.antudigital.cl\/sites\/vc\/#website\"},\"primaryImageOfPage\":{\"@id\":\"https:\/\/dev.antudigital.cl\/sites\/vc\/javiera-mena-estara-este-4-de-noviembre-en-valparaiso\/#primaryimage\"},\"image\":{\"@id\":\"https:\/\/dev.antudigital.cl\/sites\/vc\/javiera-mena-estara-este-4-de-noviembre-en-valparaiso\/#primaryimage\"},\"thumbnailUrl\":\"https:\/\/dev.antudigital.cl\/sites\/vc\/wp-content\/uploads\/2022\/10\/Captura-de-Pantalla-2022-10-31-a-las-16.54.40.png\",\"datePublished\":\"2022-10-31T19:56:27+00:00\",\"dateModified\":\"2022-10-31T19:56:42+00:00\",\"author\":{\"@id\":\"https:\/\/dev.antudigital.cl\/sites\/vc\/#\/schema\/person\/c2b9da8dd545e27166fc5ab232837318\"},\"breadcrumb\":{\"@id\":\"https:\/\/dev.antudigital.cl\/sites\/vc\/javiera-mena-estara-este-4-de-noviembre-en-valparaiso\/#breadcrumb\"},\"inLanguage\":\"es\",\"potentialAction\":[{\"@type\":\"ReadAction\",\"target\":[\"https:\/\/dev.antudigital.cl\/sites\/vc\/javiera-mena-estara-este-4-de-noviembre-en-valparaiso\/\"]}]},{\"@type\":\"ImageObject\",\"inLanguage\":\"es\",\"@id\":\"https:\/\/dev.antudigital.cl\/sites\/vc\/javiera-mena-estara-este-4-de-noviembre-en-valparaiso\/#primaryimage\",\"url\":\"https:\/\/dev.antudigital.cl\/sites\/vc\/wp-content\/uploads\/2022\/10\/Captura-de-Pantalla-2022-10-31-a-las-16.54.40.png\",\"contentUrl\":\"https:\/\/dev.antudigital.cl\/sites\/vc\/wp-content\/uploads\/2022\/10\/Captura-de-Pantalla-2022-10-31-a-las-16.54.40.png\",\"width\":701,\"height\":412},{\"@type\":\"BreadcrumbList\",\"@id\":\"https:\/\/dev.antudigital.cl\/sites\/vc\/javiera-mena-estara-este-4-de-noviembre-en-valparaiso\/#breadcrumb\",\"itemListElement\":[{\"@type\":\"ListItem\",\"position\":1,\"name\":\"Home\",\"item\":\"https:\/\/dev.antudigital.cl\/sites\/vc\/\"},{\"@type\":\"ListItem\",\"position\":2,\"name\":\"Javiera Mena estar\u00e1 este 4 de noviembre en Valpara\u00edso\"}]},{\"@type\":\"WebSite\",\"@id\":\"https:\/\/dev.antudigital.cl\/sites\/vc\/#website\",\"url\":\"https:\/\/dev.antudigital.cl\/sites\/vc\/\",\"name\":\"Valpara\u00ed\u00adso Creativo\",\"description\":\"\",\"potentialAction\":[{\"@type\":\"SearchAction\",\"target\":{\"@type\":\"EntryPoint\",\"urlTemplate\":\"https:\/\/dev.antudigital.cl\/sites\/vc\/?s={search_term_string}\"},\"query-input\":{\"@type\":\"PropertyValueSpecification\",\"valueRequired\":true,\"valueName\":\"search_term_string\"}}],\"inLanguage\":\"es\"},{\"@type\":\"Person\",\"@id\":\"https:\/\/dev.antudigital.cl\/sites\/vc\/#\/schema\/person\/c2b9da8dd545e27166fc5ab232837318\",\"name\":\"Valpara\u00edso Creativo\",\"description\":\"Periodista de cultura en la Regi\u00f3n de Valpara\u00edso.\",\"url\":\"https:\/\/dev.antudigital.cl\/sites\/vc\/author\/valpoadmin\/\"}]}<\/script>\n<!-- \/ Yoast SEO plugin. -->","yoast_head_json":{"title":"Javiera Mena estar\u00e1 este 4 de noviembre en Valpara\u00edso - Valpara\u00ed\u00adso Creativo","robots":{"index":"index","follow":"follow","max-snippet":"max-snippet:-1","max-image-preview":"max-image-preview:large","max-video-preview":"max-video-preview:-1"},"canonical":"https:\/\/dev.antudigital.cl\/sites\/vc\/javiera-mena-estara-este-4-de-noviembre-en-valparaiso\/","og_locale":"es_ES","og_type":"article","og_title":"Javiera Mena estar\u00e1 este 4 de noviembre en Valpara\u00edso - Valpara\u00ed\u00adso Creativo","og_description":"Nocturna es el quinto \u00e1lbum de la chilena Javiera Mena, engendrado en el Estallido Social de Chile, producido en pandemia y nueva normalidad que se sumerge en las noches de bares y discotecas versus las noches en medio de los Andes. Es la representaci\u00f3n de la dualidad en la que habita la artista, al ser [&hellip;]","og_url":"https:\/\/dev.antudigital.cl\/sites\/vc\/javiera-mena-estara-este-4-de-noviembre-en-valparaiso\/","og_site_name":"Valpara\u00ed\u00adso Creativo","article_published_time":"2022-10-31T19:56:27+00:00","article_modified_time":"2022-10-31T19:56:42+00:00","og_image":[{"width":701,"height":412,"url":"https:\/\/dev.antudigital.cl\/sites\/vc\/wp-content\/uploads\/2022\/10\/Captura-de-Pantalla-2022-10-31-a-las-16.54.40.png","type":"image\/png"}],"author":"Valpara\u00edso Creativo","twitter_card":"summary_large_image","twitter_misc":{"Escrito por":"Valpara\u00edso Creativo","Tiempo de lectura":"2 minutos"},"schema":{"@context":"https:\/\/schema.org","@graph":[{"@type":"Article","@id":"https:\/\/dev.antudigital.cl\/sites\/vc\/javiera-mena-estara-este-4-de-noviembre-en-valparaiso\/#article","isPartOf":{"@id":"https:\/\/dev.antudigital.cl\/sites\/vc\/javiera-mena-estara-este-4-de-noviembre-en-valparaiso\/"},"author":{"name":"Valpara\u00edso Creativo","@id":"https:\/\/dev.antudigital.cl\/sites\/vc\/#\/schema\/person\/c2b9da8dd545e27166fc5ab232837318"},"headline":"Javiera Mena estar\u00e1 este 4 de noviembre en Valpara\u00edso","datePublished":"2022-10-31T19:56:27+00:00","dateModified":"2022-10-31T19:56:42+00:00","mainEntityOfPage":{"@id":"https:\/\/dev.antudigital.cl\/sites\/vc\/javiera-mena-estara-este-4-de-noviembre-en-valparaiso\/"},"wordCount":210,"commentCount":0,"image":{"@id":"https:\/\/dev.antudigital.cl\/sites\/vc\/javiera-mena-estara-este-4-de-noviembre-en-valparaiso\/#primaryimage"},"thumbnailUrl":"https:\/\/dev.antudigital.cl\/sites\/vc\/wp-content\/uploads\/2022\/10\/Captura-de-Pantalla-2022-10-31-a-las-16.54.40.png","articleSection":["Noticia"],"inLanguage":"es","potentialAction":[{"@type":"CommentAction","name":"Comment","target":["https:\/\/dev.antudigital.cl\/sites\/vc\/javiera-mena-estara-este-4-de-noviembre-en-valparaiso\/#respond"]}]},{"@type":"WebPage","@id":"https:\/\/dev.antudigital.cl\/sites\/vc\/javiera-mena-estara-este-4-de-noviembre-en-valparaiso\/","url":"https:\/\/dev.antudigital.cl\/sites\/vc\/javiera-mena-estara-este-4-de-noviembre-en-valparaiso\/","name":"Javiera Mena estar\u00e1 este 4 de noviembre en Valpara\u00edso - Valpara\u00ed\u00adso Creativo","isPartOf":{"@id":"https:\/\/dev.antudigital.cl\/sites\/vc\/#website"},"primaryImageOfPage":{"@id":"https:\/\/dev.antudigital.cl\/sites\/vc\/javiera-mena-estara-este-4-de-noviembre-en-valparaiso\/#primaryimage"},"image":{"@id":"https:\/\/dev.antudigital.cl\/sites\/vc\/javiera-mena-estara-este-4-de-noviembre-en-valparaiso\/#primaryimage"},"thumbnailUrl":"https:\/\/dev.antudigital.cl\/sites\/vc\/wp-content\/uploads\/2022\/10\/Captura-de-Pantalla-2022-10-31-a-las-16.54.40.png","datePublished":"2022-10-31T19:56:27+00:00","dateModified":"2022-10-31T19:56:42+00:00","author":{"@id":"https:\/\/dev.antudigital.cl\/sites\/vc\/#\/schema\/person\/c2b9da8dd545e27166fc5ab232837318"},"breadcrumb":{"@id":"https:\/\/dev.antudigital.cl\/sites\/vc\/javiera-mena-estara-este-4-de-noviembre-en-valparaiso\/#breadcrumb"},"inLanguage":"es","potentialAction":[{"@type":"ReadAction","target":["https:\/\/dev.antudigital.cl\/sites\/vc\/javiera-mena-estara-este-4-de-noviembre-en-valparaiso\/"]}]},{"@type":"ImageObject","inLanguage":"es","@id":"https:\/\/dev.antudigital.cl\/sites\/vc\/javiera-mena-estara-este-4-de-noviembre-en-valparaiso\/#primaryimage","url":"https:\/\/dev.antudigital.cl\/sites\/vc\/wp-content\/uploads\/2022\/10\/Captura-de-Pantalla-2022-10-31-a-las-16.54.40.png","contentUrl":"https:\/\/dev.antudigital.cl\/sites\/vc\/wp-content\/uploads\/2022\/10\/Captura-de-Pantalla-2022-10-31-a-las-16.54.40.png","width":701,"height":412},{"@type":"BreadcrumbList","@id":"https:\/\/dev.antudigital.cl\/sites\/vc\/javiera-mena-estara-este-4-de-noviembre-en-valparaiso\/#breadcrumb","itemListElement":[{"@type":"ListItem","position":1,"name":"Home","item":"https:\/\/dev.antudigital.cl\/sites\/vc\/"},{"@type":"ListItem","position":2,"name":"Javiera Mena estar\u00e1 este 4 de noviembre en Valpara\u00edso"}]},{"@type":"WebSite","@id":"https:\/\/dev.antudigital.cl\/sites\/vc\/#website","url":"https:\/\/dev.antudigital.cl\/sites\/vc\/","name":"Valpara\u00ed\u00adso Creativo","description":"","potentialAction":[{"@type":"SearchAction","target":{"@type":"EntryPoint","urlTemplate":"https:\/\/dev.antudigital.cl\/sites\/vc\/?s={search_term_string}"},"query-input":{"@type":"PropertyValueSpecification","valueRequired":true,"valueName":"search_term_string"}}],"inLanguage":"es"},{"@type":"Person","@id":"https:\/\/dev.antudigital.cl\/sites\/vc\/#\/schema\/person\/c2b9da8dd545e27166fc5ab232837318","name":"Valpara\u00edso Creativo","description":"Periodista de cultura en la Regi\u00f3n de Valpara\u00edso.","url":"https:\/\/dev.antudigital.cl\/sites\/vc\/author\/valpoadmin\/"}]}},"_links":{"self":[{"href":"https:\/\/dev.antudigital.cl\/sites\/vc\/wp-json\/wp\/v2\/posts\/11947","targetHints":{"allow":["GET"]}}],"collection":[{"href":"https:\/\/dev.antudigital.cl\/sites\/vc\/wp-json\/wp\/v2\/posts"}],"about":[{"href":"https:\/\/dev.antudigital.cl\/sites\/vc\/wp-json\/wp\/v2\/types\/post"}],"author":[{"embeddable":true,"href":"https:\/\/dev.antudigital.cl\/sites\/vc\/wp-json\/wp\/v2\/users\/1"}],"replies":[{"embeddable":true,"href":"https:\/\/dev.antudigital.cl\/sites\/vc\/wp-json\/wp\/v2\/comments?post=11947"}],"version-history":[{"count":2,"href":"https:\/\/dev.antudigital.cl\/sites\/vc\/wp-json\/wp\/v2\/posts\/11947\/revisions"}],"predecessor-version":[{"id":11951,"href":"https:\/\/dev.antudigital.cl\/sites\/vc\/wp-json\/wp\/v2\/posts\/11947\/revisions\/11951"}],"wp:featuredmedia":[{"embeddable":true,"href":"https:\/\/dev.antudigital.cl\/sites\/vc\/wp-json\/wp\/v2\/media\/11948"}],"wp:attachment":[{"href":"https:\/\/dev.antudigital.cl\/sites\/vc\/wp-json\/wp\/v2\/media?parent=11947"}],"wp:term":[{"taxonomy":"category","embeddable":true,"href":"https:\/\/dev.antudigital.cl\/sites\/vc\/wp-json\/wp\/v2\/categories?post=11947"},{"taxonomy":"post_tag","embeddable":true,"href":"https:\/\/dev.antudigital.cl\/sites\/vc\/wp-json\/wp\/v2\/tags?post=11947"}],"curies":[{"name":"wp","href":"https:\/\/api.w.org\/{rel}","templated":true}]}}