{"id":11952,"date":"2022-10-31T20:02:28","date_gmt":"2022-10-31T20:02:28","guid":{"rendered":"https:\/\/www.valparaisocreativo.cl\/?p=11952"},"modified":"2022-10-31T20:02:32","modified_gmt":"2022-10-31T20:02:32","slug":"gremios-empresariales-apuestan-por-conectar-a-instituciones-generadoras-de-conocimiento-y-tecnologias-con-las-empresas","status":"publish","type":"post","link":"https:\/\/dev.antudigital.cl\/sites\/vc\/gremios-empresariales-apuestan-por-conectar-a-instituciones-generadoras-de-conocimiento-y-tecnologias-con-las-empresas\/","title":{"rendered":"Gremios empresariales apuestan por conectar a instituciones generadoras de conocimiento y tecnolog\u00edas con las empresas\u00a0"},"content":{"rendered":"\n<p>Con el objetivo de contribuir a la reactivaci\u00f3n econ\u00f3mica, los gremios empresariales de la Regi\u00f3n de Valpara\u00edso, Asociaci\u00f3n de Empresas Regi\u00f3n de Valpara\u00edso (ASIVA); C\u00e1mara Regional del Comercio y la Producci\u00f3n (CRCP); y C\u00e1mara Chilena de la Construcci\u00f3n Valpara\u00edso (CChC Valpara\u00edso), se unieron para dar vida a la iniciativa \u201cTRANSFIERE REGI\u00d3N 2022\u201d.<\/p>\n\n\n\n<p>Se trata de la primera muestra regional de transferencia tecnol\u00f3gica vinculada al mundo de los negocios y la sostenibilidad, que busca generar una vinculaci\u00f3n y propiciar una colaboraci\u00f3n sistem\u00e1tica entre el sector privado regional y las instituciones y entidades generadoras de conocimiento, las que ofrecen sus capacidades de I+D al ecosistema empresarial.<\/p>\n\n\n\n<p>Con ello se busca potenciar la productividad, innovaci\u00f3n y sostenibilidad de las empresas, del sector educacional y de nuestra industria del conocimiento, y contribuir a fortalecer el liderazgo de la Regi\u00f3n de Valpara\u00edso en el \u00e1mbito de investigaci\u00f3n y desarrollo.<\/p>\n\n\n\n<p>El presidente de ASIVA, Gerald Pugh, indic\u00f3 que este trabajo colaborativo entre los 3 gremios \u201cbusca conectar la demanda del sector productivo con las capacidades de I+D de las instituciones de educaci\u00f3n superior, a trav\u00e9s de un encuentro regional que permita generar negocios y networking, para resolver problem\u00e1ticas reales que est\u00e9n afectando a nuestra regi\u00f3n\u201d.<\/p>\n\n\n\n<p>Por su parte, el presidente CRCP, Jose Pakomio, hizo un llamado a participar en esta iniciativa que se realizar\u00e1 con el objetivo de contribuir al desarrollo de la regi\u00f3n. \u201cEl trabajo asociativo busca promover todo el potencial tecnol\u00f3gico que nuestra regi\u00f3n tiene. Valpara\u00edso cuenta con universidades, estudiantes, empresas y gremios, y si trabajamos de forma mancomunada podremos consolidar el polo de innovaci\u00f3n y productividad al que todos aspiramos\u201d.<\/p>\n\n\n\n<p><strong>Principales tem\u00e1ticas: Industria 4.0, Energ\u00eda y Medioambiente<\/strong><\/p>\n\n\n\n<p>Como parte de la programaci\u00f3n, el primer d\u00eda se desarrollar\u00e1n <strong>charlas tem\u00e1ticas (tipo TED)<\/strong> enfocadas en la <strong>Industria 4.0, Energ\u00eda y Medioambiente<\/strong>, las cuales estar\u00e1n a cargo de representantes de las principales casas de estudios de la regi\u00f3n.<\/p>\n\n\n\n<p>Adem\u00e1s, se efectuar\u00e1 virtualmente una <strong>Rueda de Conexi\u00f3n Empresa- Academia<\/strong>, donde empresas regionales presentar\u00e1n sus principales problem\u00e1ticas y desaf\u00edos, mientras que los asistentes podr\u00e1n ofrecer alguna soluci\u00f3n real.<\/p>\n\n\n\n<p>Esta primera versi\u00f3n de \u201cTransfiere Regi\u00f3n 2022\u201d se desarrollar\u00e1 los <strong>d\u00edas 09 &#8211; 10 de noviembre de 2022<\/strong>, en modalidad <strong>presencial y virtual<\/strong>.(Auditorio UNAB, Quillota #980, Vi\u00f1a del Mar).<\/p>\n\n\n\n<p>Para reservar cupo, completar el siguiente<strong> Formulario de Inscripci\u00f3n: <a href=\"https:\/\/bit.ly\/3TuD8Ie\">https:\/\/bit.ly\/3TuD8Ie<\/a><\/strong><\/p>\n\n\n\n<figure class=\"wp-block-image size-large\"><img fetchpriority=\"high\" decoding=\"async\" width=\"703\" height=\"1024\" src=\"https:\/\/www.valparaisocreativo.cl\/wp-content\/uploads\/2022\/10\/00_Transfiere-Region-703x1024.png\" alt=\"\" class=\"wp-image-11954\" srcset=\"https:\/\/dev.antudigital.cl\/sites\/vc\/wp-content\/uploads\/2022\/10\/00_Transfiere-Region-703x1024.png 703w, https:\/\/dev.antudigital.cl\/sites\/vc\/wp-content\/uploads\/2022\/10\/00_Transfiere-Region-206x300.png 206w, https:\/\/dev.antudigital.cl\/sites\/vc\/wp-content\/uploads\/2022\/10\/00_Transfiere-Region-768x1118.png 768w, https:\/\/dev.antudigital.cl\/sites\/vc\/wp-content\/uploads\/2022\/10\/00_Transfiere-Region-480x699.png 480w, https:\/\/dev.antudigital.cl\/sites\/vc\/wp-content\/uploads\/2022\/10\/00_Transfiere-Region.png 800w\" sizes=\"(max-width: 703px) 100vw, 703px\" \/><\/figure>\n","protected":false},"excerpt":{"rendered":"<p>Con el objetivo de contribuir a la reactivaci\u00f3n econ\u00f3mica, los gremios empresariales de la Regi\u00f3n de Valpara\u00edso, Asociaci\u00f3n de Empresas Regi\u00f3n de Valpara\u00edso (ASIVA); C\u00e1mara Regional del Comercio y la Producci\u00f3n (CRCP); y C\u00e1mara Chilena de la Construcci\u00f3n Valpara\u00edso (CChC Valpara\u00edso), se unieron para dar vida a la iniciativa \u201cTRANSFIERE REGI\u00d3N 2022\u201d. Se trata de [&hellip;]<\/p>\n","protected":false},"author":1,"featured_media":11953,"comment_status":"open","ping_status":"closed","sticky":false,"template":"","format":"standard","meta":{"_acf_changed":false,"footnotes":""},"categories":[8],"tags":[],"class_list":["post-11952","post","type-post","status-publish","format-standard","has-post-thumbnail","hentry","category-noticia"],"acf":[],"yoast_head":"<!-- This site is optimized with the Yoast SEO plugin v27.1.1 - https:\/\/yoast.com\/product\/yoast-seo-wordpress\/ -->\n<title>Gremios empresariales apuestan por conectar a instituciones generadoras de conocimiento y tecnolog\u00edas con las empresas\u00a0 - Valpara\u00ed\u00adso Creativo<\/title>\n<meta name=\"robots\" content=\"index, follow, max-snippet:-1, max-image-preview:large, max-video-preview:-1\" \/>\n<link rel=\"canonical\" href=\"https:\/\/dev.antudigital.cl\/sites\/vc\/gremios-empresariales-apuestan-por-conectar-a-instituciones-generadoras-de-conocimiento-y-tecnologias-con-las-empresas\/\" \/>\n<meta property=\"og:locale\" content=\"es_ES\" \/>\n<meta property=\"og:type\" content=\"article\" \/>\n<meta property=\"og:title\" content=\"Gremios empresariales apuestan por conectar a instituciones generadoras de conocimiento y tecnolog\u00edas con las empresas\u00a0 - Valpara\u00ed\u00adso Creativo\" \/>\n<meta property=\"og:description\" content=\"Con el objetivo de contribuir a la reactivaci\u00f3n econ\u00f3mica, los gremios empresariales de la Regi\u00f3n de Valpara\u00edso, Asociaci\u00f3n de Empresas Regi\u00f3n de Valpara\u00edso (ASIVA); C\u00e1mara Regional del Comercio y la Producci\u00f3n (CRCP); y C\u00e1mara Chilena de la Construcci\u00f3n Valpara\u00edso (CChC Valpara\u00edso), se unieron para dar vida a la iniciativa \u201cTRANSFIERE REGI\u00d3N 2022\u201d. Se trata de [&hellip;]\" \/>\n<meta property=\"og:url\" content=\"https:\/\/dev.antudigital.cl\/sites\/vc\/gremios-empresariales-apuestan-por-conectar-a-instituciones-generadoras-de-conocimiento-y-tecnologias-con-las-empresas\/\" \/>\n<meta property=\"og:site_name\" content=\"Valpara\u00ed\u00adso Creativo\" \/>\n<meta property=\"article:published_time\" content=\"2022-10-31T20:02:28+00:00\" \/>\n<meta property=\"article:modified_time\" content=\"2022-10-31T20:02:32+00:00\" \/>\n<meta property=\"og:image\" content=\"https:\/\/dev.antudigital.cl\/sites\/vc\/wp-content\/uploads\/2022\/10\/Captura-de-Pantalla-2022-10-31-a-las-17.00.50.png\" \/>\n\t<meta property=\"og:image:width\" content=\"801\" \/>\n\t<meta property=\"og:image:height\" content=\"235\" \/>\n\t<meta property=\"og:image:type\" content=\"image\/png\" \/>\n<meta name=\"author\" content=\"Valpara\u00edso Creativo\" \/>\n<meta name=\"twitter:card\" content=\"summary_large_image\" \/>\n<meta name=\"twitter:label1\" content=\"Escrito por\" \/>\n\t<meta name=\"twitter:data1\" content=\"Valpara\u00edso Creativo\" \/>\n\t<meta name=\"twitter:label2\" content=\"Tiempo de lectura\" \/>\n\t<meta name=\"twitter:data2\" content=\"2 minutos\" \/>\n<script type=\"application\/ld+json\" class=\"yoast-schema-graph\">{\"@context\":\"https:\/\/schema.org\",\"@graph\":[{\"@type\":\"Article\",\"@id\":\"https:\/\/dev.antudigital.cl\/sites\/vc\/gremios-empresariales-apuestan-por-conectar-a-instituciones-generadoras-de-conocimiento-y-tecnologias-con-las-empresas\/#article\",\"isPartOf\":{\"@id\":\"https:\/\/dev.antudigital.cl\/sites\/vc\/gremios-empresariales-apuestan-por-conectar-a-instituciones-generadoras-de-conocimiento-y-tecnologias-con-las-empresas\/\"},\"author\":{\"name\":\"Valpara\u00edso Creativo\",\"@id\":\"https:\/\/dev.antudigital.cl\/sites\/vc\/#\/schema\/person\/c2b9da8dd545e27166fc5ab232837318\"},\"headline\":\"Gremios empresariales apuestan por conectar a instituciones generadoras de conocimiento y tecnolog\u00edas con las empresas\u00a0\",\"datePublished\":\"2022-10-31T20:02:28+00:00\",\"dateModified\":\"2022-10-31T20:02:32+00:00\",\"mainEntityOfPage\":{\"@id\":\"https:\/\/dev.antudigital.cl\/sites\/vc\/gremios-empresariales-apuestan-por-conectar-a-instituciones-generadoras-de-conocimiento-y-tecnologias-con-las-empresas\/\"},\"wordCount\":446,\"commentCount\":0,\"image\":{\"@id\":\"https:\/\/dev.antudigital.cl\/sites\/vc\/gremios-empresariales-apuestan-por-conectar-a-instituciones-generadoras-de-conocimiento-y-tecnologias-con-las-empresas\/#primaryimage\"},\"thumbnailUrl\":\"https:\/\/dev.antudigital.cl\/sites\/vc\/wp-content\/uploads\/2022\/10\/Captura-de-Pantalla-2022-10-31-a-las-17.00.50.png\",\"articleSection\":[\"Noticia\"],\"inLanguage\":\"es\",\"potentialAction\":[{\"@type\":\"CommentAction\",\"name\":\"Comment\",\"target\":[\"https:\/\/dev.antudigital.cl\/sites\/vc\/gremios-empresariales-apuestan-por-conectar-a-instituciones-generadoras-de-conocimiento-y-tecnologias-con-las-empresas\/#respond\"]}]},{\"@type\":\"WebPage\",\"@id\":\"https:\/\/dev.antudigital.cl\/sites\/vc\/gremios-empresariales-apuestan-por-conectar-a-instituciones-generadoras-de-conocimiento-y-tecnologias-con-las-empresas\/\",\"url\":\"https:\/\/dev.antudigital.cl\/sites\/vc\/gremios-empresariales-apuestan-por-conectar-a-instituciones-generadoras-de-conocimiento-y-tecnologias-con-las-empresas\/\",\"name\":\"Gremios empresariales apuestan por conectar a instituciones generadoras de conocimiento y tecnolog\u00edas con las empresas\u00a0 - Valpara\u00ed\u00adso Creativo\",\"isPartOf\":{\"@id\":\"https:\/\/dev.antudigital.cl\/sites\/vc\/#website\"},\"primaryImageOfPage\":{\"@id\":\"https:\/\/dev.antudigital.cl\/sites\/vc\/gremios-empresariales-apuestan-por-conectar-a-instituciones-generadoras-de-conocimiento-y-tecnologias-con-las-empresas\/#primaryimage\"},\"image\":{\"@id\":\"https:\/\/dev.antudigital.cl\/sites\/vc\/gremios-empresariales-apuestan-por-conectar-a-instituciones-generadoras-de-conocimiento-y-tecnologias-con-las-empresas\/#primaryimage\"},\"thumbnailUrl\":\"https:\/\/dev.antudigital.cl\/sites\/vc\/wp-content\/uploads\/2022\/10\/Captura-de-Pantalla-2022-10-31-a-las-17.00.50.png\",\"datePublished\":\"2022-10-31T20:02:28+00:00\",\"dateModified\":\"2022-10-31T20:02:32+00:00\",\"author\":{\"@id\":\"https:\/\/dev.antudigital.cl\/sites\/vc\/#\/schema\/person\/c2b9da8dd545e27166fc5ab232837318\"},\"breadcrumb\":{\"@id\":\"https:\/\/dev.antudigital.cl\/sites\/vc\/gremios-empresariales-apuestan-por-conectar-a-instituciones-generadoras-de-conocimiento-y-tecnologias-con-las-empresas\/#breadcrumb\"},\"inLanguage\":\"es\",\"potentialAction\":[{\"@type\":\"ReadAction\",\"target\":[\"https:\/\/dev.antudigital.cl\/sites\/vc\/gremios-empresariales-apuestan-por-conectar-a-instituciones-generadoras-de-conocimiento-y-tecnologias-con-las-empresas\/\"]}]},{\"@type\":\"ImageObject\",\"inLanguage\":\"es\",\"@id\":\"https:\/\/dev.antudigital.cl\/sites\/vc\/gremios-empresariales-apuestan-por-conectar-a-instituciones-generadoras-de-conocimiento-y-tecnologias-con-las-empresas\/#primaryimage\",\"url\":\"https:\/\/dev.antudigital.cl\/sites\/vc\/wp-content\/uploads\/2022\/10\/Captura-de-Pantalla-2022-10-31-a-las-17.00.50.png\",\"contentUrl\":\"https:\/\/dev.antudigital.cl\/sites\/vc\/wp-content\/uploads\/2022\/10\/Captura-de-Pantalla-2022-10-31-a-las-17.00.50.png\",\"width\":801,\"height\":235},{\"@type\":\"BreadcrumbList\",\"@id\":\"https:\/\/dev.antudigital.cl\/sites\/vc\/gremios-empresariales-apuestan-por-conectar-a-instituciones-generadoras-de-conocimiento-y-tecnologias-con-las-empresas\/#breadcrumb\",\"itemListElement\":[{\"@type\":\"ListItem\",\"position\":1,\"name\":\"Home\",\"item\":\"https:\/\/dev.antudigital.cl\/sites\/vc\/\"},{\"@type\":\"ListItem\",\"position\":2,\"name\":\"Gremios empresariales apuestan por conectar a instituciones generadoras de conocimiento y tecnolog\u00edas con las empresas\u00a0\"}]},{\"@type\":\"WebSite\",\"@id\":\"https:\/\/dev.antudigital.cl\/sites\/vc\/#website\",\"url\":\"https:\/\/dev.antudigital.cl\/sites\/vc\/\",\"name\":\"Valpara\u00ed\u00adso Creativo\",\"description\":\"\",\"potentialAction\":[{\"@type\":\"SearchAction\",\"target\":{\"@type\":\"EntryPoint\",\"urlTemplate\":\"https:\/\/dev.antudigital.cl\/sites\/vc\/?s={search_term_string}\"},\"query-input\":{\"@type\":\"PropertyValueSpecification\",\"valueRequired\":true,\"valueName\":\"search_term_string\"}}],\"inLanguage\":\"es\"},{\"@type\":\"Person\",\"@id\":\"https:\/\/dev.antudigital.cl\/sites\/vc\/#\/schema\/person\/c2b9da8dd545e27166fc5ab232837318\",\"name\":\"Valpara\u00edso Creativo\",\"description\":\"Periodista de cultura en la Regi\u00f3n de Valpara\u00edso.\",\"url\":\"https:\/\/dev.antudigital.cl\/sites\/vc\/author\/valpoadmin\/\"}]}<\/script>\n<!-- \/ Yoast SEO plugin. -->","yoast_head_json":{"title":"Gremios empresariales apuestan por conectar a instituciones generadoras de conocimiento y tecnolog\u00edas con las empresas\u00a0 - Valpara\u00ed\u00adso Creativo","robots":{"index":"index","follow":"follow","max-snippet":"max-snippet:-1","max-image-preview":"max-image-preview:large","max-video-preview":"max-video-preview:-1"},"canonical":"https:\/\/dev.antudigital.cl\/sites\/vc\/gremios-empresariales-apuestan-por-conectar-a-instituciones-generadoras-de-conocimiento-y-tecnologias-con-las-empresas\/","og_locale":"es_ES","og_type":"article","og_title":"Gremios empresariales apuestan por conectar a instituciones generadoras de conocimiento y tecnolog\u00edas con las empresas\u00a0 - Valpara\u00ed\u00adso Creativo","og_description":"Con el objetivo de contribuir a la reactivaci\u00f3n econ\u00f3mica, los gremios empresariales de la Regi\u00f3n de Valpara\u00edso, Asociaci\u00f3n de Empresas Regi\u00f3n de Valpara\u00edso (ASIVA); C\u00e1mara Regional del Comercio y la Producci\u00f3n (CRCP); y C\u00e1mara Chilena de la Construcci\u00f3n Valpara\u00edso (CChC Valpara\u00edso), se unieron para dar vida a la iniciativa \u201cTRANSFIERE REGI\u00d3N 2022\u201d. Se trata de [&hellip;]","og_url":"https:\/\/dev.antudigital.cl\/sites\/vc\/gremios-empresariales-apuestan-por-conectar-a-instituciones-generadoras-de-conocimiento-y-tecnologias-con-las-empresas\/","og_site_name":"Valpara\u00ed\u00adso Creativo","article_published_time":"2022-10-31T20:02:28+00:00","article_modified_time":"2022-10-31T20:02:32+00:00","og_image":[{"width":801,"height":235,"url":"https:\/\/dev.antudigital.cl\/sites\/vc\/wp-content\/uploads\/2022\/10\/Captura-de-Pantalla-2022-10-31-a-las-17.00.50.png","type":"image\/png"}],"author":"Valpara\u00edso Creativo","twitter_card":"summary_large_image","twitter_misc":{"Escrito por":"Valpara\u00edso Creativo","Tiempo de lectura":"2 minutos"},"schema":{"@context":"https:\/\/schema.org","@graph":[{"@type":"Article","@id":"https:\/\/dev.antudigital.cl\/sites\/vc\/gremios-empresariales-apuestan-por-conectar-a-instituciones-generadoras-de-conocimiento-y-tecnologias-con-las-empresas\/#article","isPartOf":{"@id":"https:\/\/dev.antudigital.cl\/sites\/vc\/gremios-empresariales-apuestan-por-conectar-a-instituciones-generadoras-de-conocimiento-y-tecnologias-con-las-empresas\/"},"author":{"name":"Valpara\u00edso Creativo","@id":"https:\/\/dev.antudigital.cl\/sites\/vc\/#\/schema\/person\/c2b9da8dd545e27166fc5ab232837318"},"headline":"Gremios empresariales apuestan por conectar a instituciones generadoras de conocimiento y tecnolog\u00edas con las empresas\u00a0","datePublished":"2022-10-31T20:02:28+00:00","dateModified":"2022-10-31T20:02:32+00:00","mainEntityOfPage":{"@id":"https:\/\/dev.antudigital.cl\/sites\/vc\/gremios-empresariales-apuestan-por-conectar-a-instituciones-generadoras-de-conocimiento-y-tecnologias-con-las-empresas\/"},"wordCount":446,"commentCount":0,"image":{"@id":"https:\/\/dev.antudigital.cl\/sites\/vc\/gremios-empresariales-apuestan-por-conectar-a-instituciones-generadoras-de-conocimiento-y-tecnologias-con-las-empresas\/#primaryimage"},"thumbnailUrl":"https:\/\/dev.antudigital.cl\/sites\/vc\/wp-content\/uploads\/2022\/10\/Captura-de-Pantalla-2022-10-31-a-las-17.00.50.png","articleSection":["Noticia"],"inLanguage":"es","potentialAction":[{"@type":"CommentAction","name":"Comment","target":["https:\/\/dev.antudigital.cl\/sites\/vc\/gremios-empresariales-apuestan-por-conectar-a-instituciones-generadoras-de-conocimiento-y-tecnologias-con-las-empresas\/#respond"]}]},{"@type":"WebPage","@id":"https:\/\/dev.antudigital.cl\/sites\/vc\/gremios-empresariales-apuestan-por-conectar-a-instituciones-generadoras-de-conocimiento-y-tecnologias-con-las-empresas\/","url":"https:\/\/dev.antudigital.cl\/sites\/vc\/gremios-empresariales-apuestan-por-conectar-a-instituciones-generadoras-de-conocimiento-y-tecnologias-con-las-empresas\/","name":"Gremios empresariales apuestan por conectar a instituciones generadoras de conocimiento y tecnolog\u00edas con las empresas\u00a0 - Valpara\u00ed\u00adso Creativo","isPartOf":{"@id":"https:\/\/dev.antudigital.cl\/sites\/vc\/#website"},"primaryImageOfPage":{"@id":"https:\/\/dev.antudigital.cl\/sites\/vc\/gremios-empresariales-apuestan-por-conectar-a-instituciones-generadoras-de-conocimiento-y-tecnologias-con-las-empresas\/#primaryimage"},"image":{"@id":"https:\/\/dev.antudigital.cl\/sites\/vc\/gremios-empresariales-apuestan-por-conectar-a-instituciones-generadoras-de-conocimiento-y-tecnologias-con-las-empresas\/#primaryimage"},"thumbnailUrl":"https:\/\/dev.antudigital.cl\/sites\/vc\/wp-content\/uploads\/2022\/10\/Captura-de-Pantalla-2022-10-31-a-las-17.00.50.png","datePublished":"2022-10-31T20:02:28+00:00","dateModified":"2022-10-31T20:02:32+00:00","author":{"@id":"https:\/\/dev.antudigital.cl\/sites\/vc\/#\/schema\/person\/c2b9da8dd545e27166fc5ab232837318"},"breadcrumb":{"@id":"https:\/\/dev.antudigital.cl\/sites\/vc\/gremios-empresariales-apuestan-por-conectar-a-instituciones-generadoras-de-conocimiento-y-tecnologias-con-las-empresas\/#breadcrumb"},"inLanguage":"es","potentialAction":[{"@type":"ReadAction","target":["https:\/\/dev.antudigital.cl\/sites\/vc\/gremios-empresariales-apuestan-por-conectar-a-instituciones-generadoras-de-conocimiento-y-tecnologias-con-las-empresas\/"]}]},{"@type":"ImageObject","inLanguage":"es","@id":"https:\/\/dev.antudigital.cl\/sites\/vc\/gremios-empresariales-apuestan-por-conectar-a-instituciones-generadoras-de-conocimiento-y-tecnologias-con-las-empresas\/#primaryimage","url":"https:\/\/dev.antudigital.cl\/sites\/vc\/wp-content\/uploads\/2022\/10\/Captura-de-Pantalla-2022-10-31-a-las-17.00.50.png","contentUrl":"https:\/\/dev.antudigital.cl\/sites\/vc\/wp-content\/uploads\/2022\/10\/Captura-de-Pantalla-2022-10-31-a-las-17.00.50.png","width":801,"height":235},{"@type":"BreadcrumbList","@id":"https:\/\/dev.antudigital.cl\/sites\/vc\/gremios-empresariales-apuestan-por-conectar-a-instituciones-generadoras-de-conocimiento-y-tecnologias-con-las-empresas\/#breadcrumb","itemListElement":[{"@type":"ListItem","position":1,"name":"Home","item":"https:\/\/dev.antudigital.cl\/sites\/vc\/"},{"@type":"ListItem","position":2,"name":"Gremios empresariales apuestan por conectar a instituciones generadoras de conocimiento y tecnolog\u00edas con las empresas\u00a0"}]},{"@type":"WebSite","@id":"https:\/\/dev.antudigital.cl\/sites\/vc\/#website","url":"https:\/\/dev.antudigital.cl\/sites\/vc\/","name":"Valpara\u00ed\u00adso Creativo","description":"","potentialAction":[{"@type":"SearchAction","target":{"@type":"EntryPoint","urlTemplate":"https:\/\/dev.antudigital.cl\/sites\/vc\/?s={search_term_string}"},"query-input":{"@type":"PropertyValueSpecification","valueRequired":true,"valueName":"search_term_string"}}],"inLanguage":"es"},{"@type":"Person","@id":"https:\/\/dev.antudigital.cl\/sites\/vc\/#\/schema\/person\/c2b9da8dd545e27166fc5ab232837318","name":"Valpara\u00edso Creativo","description":"Periodista de cultura en la Regi\u00f3n de Valpara\u00edso.","url":"https:\/\/dev.antudigital.cl\/sites\/vc\/author\/valpoadmin\/"}]}},"_links":{"self":[{"href":"https:\/\/dev.antudigital.cl\/sites\/vc\/wp-json\/wp\/v2\/posts\/11952","targetHints":{"allow":["GET"]}}],"collection":[{"href":"https:\/\/dev.antudigital.cl\/sites\/vc\/wp-json\/wp\/v2\/posts"}],"about":[{"href":"https:\/\/dev.antudigital.cl\/sites\/vc\/wp-json\/wp\/v2\/types\/post"}],"author":[{"embeddable":true,"href":"https:\/\/dev.antudigital.cl\/sites\/vc\/wp-json\/wp\/v2\/users\/1"}],"replies":[{"embeddable":true,"href":"https:\/\/dev.antudigital.cl\/sites\/vc\/wp-json\/wp\/v2\/comments?post=11952"}],"version-history":[{"count":1,"href":"https:\/\/dev.antudigital.cl\/sites\/vc\/wp-json\/wp\/v2\/posts\/11952\/revisions"}],"predecessor-version":[{"id":11955,"href":"https:\/\/dev.antudigital.cl\/sites\/vc\/wp-json\/wp\/v2\/posts\/11952\/revisions\/11955"}],"wp:featuredmedia":[{"embeddable":true,"href":"https:\/\/dev.antudigital.cl\/sites\/vc\/wp-json\/wp\/v2\/media\/11953"}],"wp:attachment":[{"href":"https:\/\/dev.antudigital.cl\/sites\/vc\/wp-json\/wp\/v2\/media?parent=11952"}],"wp:term":[{"taxonomy":"category","embeddable":true,"href":"https:\/\/dev.antudigital.cl\/sites\/vc\/wp-json\/wp\/v2\/categories?post=11952"},{"taxonomy":"post_tag","embeddable":true,"href":"https:\/\/dev.antudigital.cl\/sites\/vc\/wp-json\/wp\/v2\/tags?post=11952"}],"curies":[{"name":"wp","href":"https:\/\/api.w.org\/{rel}","templated":true}]}}