{"id":11956,"date":"2022-10-31T20:07:43","date_gmt":"2022-10-31T20:07:43","guid":{"rendered":"https:\/\/www.valparaisocreativo.cl\/?p=11956"},"modified":"2022-11-02T00:38:48","modified_gmt":"2022-11-02T00:38:48","slug":"mercadocul-la-vitrina-digital-del-sector-creativo-nacional","status":"publish","type":"post","link":"https:\/\/dev.antudigital.cl\/sites\/vc\/mercadocul-la-vitrina-digital-del-sector-creativo-nacional\/","title":{"rendered":"MercadoCul: la vitrina digital del sector creativo nacional"},"content":{"rendered":"\n<p>Ya se encuentra disponible la web renovada de <a href=\"https:\/\/mercadocul.cultura.gob.cl\/\" target=\"_blank\" rel=\"noreferrer noopener\">MercadoCul<\/a>, vitrina digital que por tercer a\u00f1o consecutivo se pone al servicio del sector creativo nacional, poniendo el acento en el trabajo que realizan los agentes culturales, con miras a su valoraci\u00f3n y comercializaci\u00f3n.<\/p>\n\n\n\n<p>La nueva versi\u00f3n del sitio pretende activar la venta de bienes y servicios de creadores y creadoras de todas las regiones de nuestro pa\u00eds, por medio de una plataforma que permite a las personas interesadas autogestionar su perfil y cargar los datos que deseen respecto de su oferta.<\/p>\n\n\n\n<p>Puedes hacerte parte ingresando ahora a <a href=\"https:\/\/mercadocul.cultura.gob.cl\/\" target=\"_blank\" rel=\"noreferrer noopener\">MercadoCul<\/a><\/p>\n\n\n\n<figure class=\"wp-block-image size-full\"><img fetchpriority=\"high\" decoding=\"async\" width=\"711\" height=\"474\" src=\"https:\/\/www.valparaisocreativo.cl\/wp-content\/uploads\/2022\/10\/graf2.png\" alt=\"\" class=\"wp-image-11958\" srcset=\"https:\/\/dev.antudigital.cl\/sites\/vc\/wp-content\/uploads\/2022\/10\/graf2.png 711w, https:\/\/dev.antudigital.cl\/sites\/vc\/wp-content\/uploads\/2022\/10\/graf2-300x200.png 300w, https:\/\/dev.antudigital.cl\/sites\/vc\/wp-content\/uploads\/2022\/10\/graf2-480x320.png 480w\" sizes=\"(max-width: 711px) 100vw, 711px\" \/><\/figure>\n","protected":false},"excerpt":{"rendered":"<p>Ya se encuentra disponible la web renovada de MercadoCul, vitrina digital que por tercer a\u00f1o consecutivo se pone al servicio del sector creativo nacional, poniendo el acento en el trabajo que realizan los agentes culturales, con miras a su valoraci\u00f3n y comercializaci\u00f3n. La nueva versi\u00f3n del sitio pretende activar la venta de bienes y servicios [&hellip;]<\/p>\n","protected":false},"author":1,"featured_media":11958,"comment_status":"open","ping_status":"closed","sticky":false,"template":"","format":"standard","meta":{"_acf_changed":false,"footnotes":""},"categories":[8],"tags":[],"class_list":["post-11956","post","type-post","status-publish","format-standard","has-post-thumbnail","hentry","category-noticia"],"acf":[],"yoast_head":"<!-- This site is optimized with the Yoast SEO plugin v27.1.1 - https:\/\/yoast.com\/product\/yoast-seo-wordpress\/ -->\n<title>MercadoCul: la vitrina digital del sector creativo nacional - Valpara\u00ed\u00adso Creativo<\/title>\n<meta name=\"robots\" content=\"index, follow, max-snippet:-1, max-image-preview:large, max-video-preview:-1\" \/>\n<link rel=\"canonical\" href=\"https:\/\/dev.antudigital.cl\/sites\/vc\/mercadocul-la-vitrina-digital-del-sector-creativo-nacional\/\" \/>\n<meta property=\"og:locale\" content=\"es_ES\" \/>\n<meta property=\"og:type\" content=\"article\" \/>\n<meta property=\"og:title\" content=\"MercadoCul: la vitrina digital del sector creativo nacional - Valpara\u00ed\u00adso Creativo\" \/>\n<meta property=\"og:description\" content=\"Ya se encuentra disponible la web renovada de MercadoCul, vitrina digital que por tercer a\u00f1o consecutivo se pone al servicio del sector creativo nacional, poniendo el acento en el trabajo que realizan los agentes culturales, con miras a su valoraci\u00f3n y comercializaci\u00f3n. La nueva versi\u00f3n del sitio pretende activar la venta de bienes y servicios [&hellip;]\" \/>\n<meta property=\"og:url\" content=\"https:\/\/dev.antudigital.cl\/sites\/vc\/mercadocul-la-vitrina-digital-del-sector-creativo-nacional\/\" \/>\n<meta property=\"og:site_name\" content=\"Valpara\u00ed\u00adso Creativo\" \/>\n<meta property=\"article:published_time\" content=\"2022-10-31T20:07:43+00:00\" \/>\n<meta property=\"article:modified_time\" content=\"2022-11-02T00:38:48+00:00\" \/>\n<meta property=\"og:image\" content=\"https:\/\/dev.antudigital.cl\/sites\/vc\/wp-content\/uploads\/2022\/10\/graf2.png\" \/>\n\t<meta property=\"og:image:width\" content=\"711\" \/>\n\t<meta property=\"og:image:height\" content=\"474\" \/>\n\t<meta property=\"og:image:type\" content=\"image\/png\" \/>\n<meta name=\"author\" content=\"Valpara\u00edso Creativo\" \/>\n<meta name=\"twitter:card\" content=\"summary_large_image\" \/>\n<meta name=\"twitter:label1\" content=\"Escrito por\" \/>\n\t<meta name=\"twitter:data1\" content=\"Valpara\u00edso Creativo\" \/>\n\t<meta name=\"twitter:label2\" content=\"Tiempo de lectura\" \/>\n\t<meta name=\"twitter:data2\" content=\"1 minuto\" \/>\n<script type=\"application\/ld+json\" class=\"yoast-schema-graph\">{\"@context\":\"https:\/\/schema.org\",\"@graph\":[{\"@type\":\"Article\",\"@id\":\"https:\/\/dev.antudigital.cl\/sites\/vc\/mercadocul-la-vitrina-digital-del-sector-creativo-nacional\/#article\",\"isPartOf\":{\"@id\":\"https:\/\/dev.antudigital.cl\/sites\/vc\/mercadocul-la-vitrina-digital-del-sector-creativo-nacional\/\"},\"author\":{\"name\":\"Valpara\u00edso Creativo\",\"@id\":\"https:\/\/dev.antudigital.cl\/sites\/vc\/#\/schema\/person\/c2b9da8dd545e27166fc5ab232837318\"},\"headline\":\"MercadoCul: la vitrina digital del sector creativo nacional\",\"datePublished\":\"2022-10-31T20:07:43+00:00\",\"dateModified\":\"2022-11-02T00:38:48+00:00\",\"mainEntityOfPage\":{\"@id\":\"https:\/\/dev.antudigital.cl\/sites\/vc\/mercadocul-la-vitrina-digital-del-sector-creativo-nacional\/\"},\"wordCount\":110,\"commentCount\":0,\"image\":{\"@id\":\"https:\/\/dev.antudigital.cl\/sites\/vc\/mercadocul-la-vitrina-digital-del-sector-creativo-nacional\/#primaryimage\"},\"thumbnailUrl\":\"https:\/\/dev.antudigital.cl\/sites\/vc\/wp-content\/uploads\/2022\/10\/graf2.png\",\"articleSection\":[\"Noticia\"],\"inLanguage\":\"es\",\"potentialAction\":[{\"@type\":\"CommentAction\",\"name\":\"Comment\",\"target\":[\"https:\/\/dev.antudigital.cl\/sites\/vc\/mercadocul-la-vitrina-digital-del-sector-creativo-nacional\/#respond\"]}]},{\"@type\":\"WebPage\",\"@id\":\"https:\/\/dev.antudigital.cl\/sites\/vc\/mercadocul-la-vitrina-digital-del-sector-creativo-nacional\/\",\"url\":\"https:\/\/dev.antudigital.cl\/sites\/vc\/mercadocul-la-vitrina-digital-del-sector-creativo-nacional\/\",\"name\":\"MercadoCul: la vitrina digital del sector creativo nacional - Valpara\u00ed\u00adso Creativo\",\"isPartOf\":{\"@id\":\"https:\/\/dev.antudigital.cl\/sites\/vc\/#website\"},\"primaryImageOfPage\":{\"@id\":\"https:\/\/dev.antudigital.cl\/sites\/vc\/mercadocul-la-vitrina-digital-del-sector-creativo-nacional\/#primaryimage\"},\"image\":{\"@id\":\"https:\/\/dev.antudigital.cl\/sites\/vc\/mercadocul-la-vitrina-digital-del-sector-creativo-nacional\/#primaryimage\"},\"thumbnailUrl\":\"https:\/\/dev.antudigital.cl\/sites\/vc\/wp-content\/uploads\/2022\/10\/graf2.png\",\"datePublished\":\"2022-10-31T20:07:43+00:00\",\"dateModified\":\"2022-11-02T00:38:48+00:00\",\"author\":{\"@id\":\"https:\/\/dev.antudigital.cl\/sites\/vc\/#\/schema\/person\/c2b9da8dd545e27166fc5ab232837318\"},\"breadcrumb\":{\"@id\":\"https:\/\/dev.antudigital.cl\/sites\/vc\/mercadocul-la-vitrina-digital-del-sector-creativo-nacional\/#breadcrumb\"},\"inLanguage\":\"es\",\"potentialAction\":[{\"@type\":\"ReadAction\",\"target\":[\"https:\/\/dev.antudigital.cl\/sites\/vc\/mercadocul-la-vitrina-digital-del-sector-creativo-nacional\/\"]}]},{\"@type\":\"ImageObject\",\"inLanguage\":\"es\",\"@id\":\"https:\/\/dev.antudigital.cl\/sites\/vc\/mercadocul-la-vitrina-digital-del-sector-creativo-nacional\/#primaryimage\",\"url\":\"https:\/\/dev.antudigital.cl\/sites\/vc\/wp-content\/uploads\/2022\/10\/graf2.png\",\"contentUrl\":\"https:\/\/dev.antudigital.cl\/sites\/vc\/wp-content\/uploads\/2022\/10\/graf2.png\",\"width\":711,\"height\":474},{\"@type\":\"BreadcrumbList\",\"@id\":\"https:\/\/dev.antudigital.cl\/sites\/vc\/mercadocul-la-vitrina-digital-del-sector-creativo-nacional\/#breadcrumb\",\"itemListElement\":[{\"@type\":\"ListItem\",\"position\":1,\"name\":\"Home\",\"item\":\"https:\/\/dev.antudigital.cl\/sites\/vc\/\"},{\"@type\":\"ListItem\",\"position\":2,\"name\":\"MercadoCul: la vitrina digital del sector creativo nacional\"}]},{\"@type\":\"WebSite\",\"@id\":\"https:\/\/dev.antudigital.cl\/sites\/vc\/#website\",\"url\":\"https:\/\/dev.antudigital.cl\/sites\/vc\/\",\"name\":\"Valpara\u00ed\u00adso Creativo\",\"description\":\"\",\"potentialAction\":[{\"@type\":\"SearchAction\",\"target\":{\"@type\":\"EntryPoint\",\"urlTemplate\":\"https:\/\/dev.antudigital.cl\/sites\/vc\/?s={search_term_string}\"},\"query-input\":{\"@type\":\"PropertyValueSpecification\",\"valueRequired\":true,\"valueName\":\"search_term_string\"}}],\"inLanguage\":\"es\"},{\"@type\":\"Person\",\"@id\":\"https:\/\/dev.antudigital.cl\/sites\/vc\/#\/schema\/person\/c2b9da8dd545e27166fc5ab232837318\",\"name\":\"Valpara\u00edso Creativo\",\"description\":\"Periodista de cultura en la Regi\u00f3n de Valpara\u00edso.\",\"url\":\"https:\/\/dev.antudigital.cl\/sites\/vc\/author\/valpoadmin\/\"}]}<\/script>\n<!-- \/ Yoast SEO plugin. -->","yoast_head_json":{"title":"MercadoCul: la vitrina digital del sector creativo nacional - Valpara\u00ed\u00adso Creativo","robots":{"index":"index","follow":"follow","max-snippet":"max-snippet:-1","max-image-preview":"max-image-preview:large","max-video-preview":"max-video-preview:-1"},"canonical":"https:\/\/dev.antudigital.cl\/sites\/vc\/mercadocul-la-vitrina-digital-del-sector-creativo-nacional\/","og_locale":"es_ES","og_type":"article","og_title":"MercadoCul: la vitrina digital del sector creativo nacional - Valpara\u00ed\u00adso Creativo","og_description":"Ya se encuentra disponible la web renovada de MercadoCul, vitrina digital que por tercer a\u00f1o consecutivo se pone al servicio del sector creativo nacional, poniendo el acento en el trabajo que realizan los agentes culturales, con miras a su valoraci\u00f3n y comercializaci\u00f3n. La nueva versi\u00f3n del sitio pretende activar la venta de bienes y servicios [&hellip;]","og_url":"https:\/\/dev.antudigital.cl\/sites\/vc\/mercadocul-la-vitrina-digital-del-sector-creativo-nacional\/","og_site_name":"Valpara\u00ed\u00adso Creativo","article_published_time":"2022-10-31T20:07:43+00:00","article_modified_time":"2022-11-02T00:38:48+00:00","og_image":[{"width":711,"height":474,"url":"https:\/\/dev.antudigital.cl\/sites\/vc\/wp-content\/uploads\/2022\/10\/graf2.png","type":"image\/png"}],"author":"Valpara\u00edso Creativo","twitter_card":"summary_large_image","twitter_misc":{"Escrito por":"Valpara\u00edso Creativo","Tiempo de lectura":"1 minuto"},"schema":{"@context":"https:\/\/schema.org","@graph":[{"@type":"Article","@id":"https:\/\/dev.antudigital.cl\/sites\/vc\/mercadocul-la-vitrina-digital-del-sector-creativo-nacional\/#article","isPartOf":{"@id":"https:\/\/dev.antudigital.cl\/sites\/vc\/mercadocul-la-vitrina-digital-del-sector-creativo-nacional\/"},"author":{"name":"Valpara\u00edso Creativo","@id":"https:\/\/dev.antudigital.cl\/sites\/vc\/#\/schema\/person\/c2b9da8dd545e27166fc5ab232837318"},"headline":"MercadoCul: la vitrina digital del sector creativo nacional","datePublished":"2022-10-31T20:07:43+00:00","dateModified":"2022-11-02T00:38:48+00:00","mainEntityOfPage":{"@id":"https:\/\/dev.antudigital.cl\/sites\/vc\/mercadocul-la-vitrina-digital-del-sector-creativo-nacional\/"},"wordCount":110,"commentCount":0,"image":{"@id":"https:\/\/dev.antudigital.cl\/sites\/vc\/mercadocul-la-vitrina-digital-del-sector-creativo-nacional\/#primaryimage"},"thumbnailUrl":"https:\/\/dev.antudigital.cl\/sites\/vc\/wp-content\/uploads\/2022\/10\/graf2.png","articleSection":["Noticia"],"inLanguage":"es","potentialAction":[{"@type":"CommentAction","name":"Comment","target":["https:\/\/dev.antudigital.cl\/sites\/vc\/mercadocul-la-vitrina-digital-del-sector-creativo-nacional\/#respond"]}]},{"@type":"WebPage","@id":"https:\/\/dev.antudigital.cl\/sites\/vc\/mercadocul-la-vitrina-digital-del-sector-creativo-nacional\/","url":"https:\/\/dev.antudigital.cl\/sites\/vc\/mercadocul-la-vitrina-digital-del-sector-creativo-nacional\/","name":"MercadoCul: la vitrina digital del sector creativo nacional - Valpara\u00ed\u00adso Creativo","isPartOf":{"@id":"https:\/\/dev.antudigital.cl\/sites\/vc\/#website"},"primaryImageOfPage":{"@id":"https:\/\/dev.antudigital.cl\/sites\/vc\/mercadocul-la-vitrina-digital-del-sector-creativo-nacional\/#primaryimage"},"image":{"@id":"https:\/\/dev.antudigital.cl\/sites\/vc\/mercadocul-la-vitrina-digital-del-sector-creativo-nacional\/#primaryimage"},"thumbnailUrl":"https:\/\/dev.antudigital.cl\/sites\/vc\/wp-content\/uploads\/2022\/10\/graf2.png","datePublished":"2022-10-31T20:07:43+00:00","dateModified":"2022-11-02T00:38:48+00:00","author":{"@id":"https:\/\/dev.antudigital.cl\/sites\/vc\/#\/schema\/person\/c2b9da8dd545e27166fc5ab232837318"},"breadcrumb":{"@id":"https:\/\/dev.antudigital.cl\/sites\/vc\/mercadocul-la-vitrina-digital-del-sector-creativo-nacional\/#breadcrumb"},"inLanguage":"es","potentialAction":[{"@type":"ReadAction","target":["https:\/\/dev.antudigital.cl\/sites\/vc\/mercadocul-la-vitrina-digital-del-sector-creativo-nacional\/"]}]},{"@type":"ImageObject","inLanguage":"es","@id":"https:\/\/dev.antudigital.cl\/sites\/vc\/mercadocul-la-vitrina-digital-del-sector-creativo-nacional\/#primaryimage","url":"https:\/\/dev.antudigital.cl\/sites\/vc\/wp-content\/uploads\/2022\/10\/graf2.png","contentUrl":"https:\/\/dev.antudigital.cl\/sites\/vc\/wp-content\/uploads\/2022\/10\/graf2.png","width":711,"height":474},{"@type":"BreadcrumbList","@id":"https:\/\/dev.antudigital.cl\/sites\/vc\/mercadocul-la-vitrina-digital-del-sector-creativo-nacional\/#breadcrumb","itemListElement":[{"@type":"ListItem","position":1,"name":"Home","item":"https:\/\/dev.antudigital.cl\/sites\/vc\/"},{"@type":"ListItem","position":2,"name":"MercadoCul: la vitrina digital del sector creativo nacional"}]},{"@type":"WebSite","@id":"https:\/\/dev.antudigital.cl\/sites\/vc\/#website","url":"https:\/\/dev.antudigital.cl\/sites\/vc\/","name":"Valpara\u00ed\u00adso Creativo","description":"","potentialAction":[{"@type":"SearchAction","target":{"@type":"EntryPoint","urlTemplate":"https:\/\/dev.antudigital.cl\/sites\/vc\/?s={search_term_string}"},"query-input":{"@type":"PropertyValueSpecification","valueRequired":true,"valueName":"search_term_string"}}],"inLanguage":"es"},{"@type":"Person","@id":"https:\/\/dev.antudigital.cl\/sites\/vc\/#\/schema\/person\/c2b9da8dd545e27166fc5ab232837318","name":"Valpara\u00edso Creativo","description":"Periodista de cultura en la Regi\u00f3n de Valpara\u00edso.","url":"https:\/\/dev.antudigital.cl\/sites\/vc\/author\/valpoadmin\/"}]}},"_links":{"self":[{"href":"https:\/\/dev.antudigital.cl\/sites\/vc\/wp-json\/wp\/v2\/posts\/11956","targetHints":{"allow":["GET"]}}],"collection":[{"href":"https:\/\/dev.antudigital.cl\/sites\/vc\/wp-json\/wp\/v2\/posts"}],"about":[{"href":"https:\/\/dev.antudigital.cl\/sites\/vc\/wp-json\/wp\/v2\/types\/post"}],"author":[{"embeddable":true,"href":"https:\/\/dev.antudigital.cl\/sites\/vc\/wp-json\/wp\/v2\/users\/1"}],"replies":[{"embeddable":true,"href":"https:\/\/dev.antudigital.cl\/sites\/vc\/wp-json\/wp\/v2\/comments?post=11956"}],"version-history":[{"count":1,"href":"https:\/\/dev.antudigital.cl\/sites\/vc\/wp-json\/wp\/v2\/posts\/11956\/revisions"}],"predecessor-version":[{"id":11959,"href":"https:\/\/dev.antudigital.cl\/sites\/vc\/wp-json\/wp\/v2\/posts\/11956\/revisions\/11959"}],"wp:featuredmedia":[{"embeddable":true,"href":"https:\/\/dev.antudigital.cl\/sites\/vc\/wp-json\/wp\/v2\/media\/11958"}],"wp:attachment":[{"href":"https:\/\/dev.antudigital.cl\/sites\/vc\/wp-json\/wp\/v2\/media?parent=11956"}],"wp:term":[{"taxonomy":"category","embeddable":true,"href":"https:\/\/dev.antudigital.cl\/sites\/vc\/wp-json\/wp\/v2\/categories?post=11956"},{"taxonomy":"post_tag","embeddable":true,"href":"https:\/\/dev.antudigital.cl\/sites\/vc\/wp-json\/wp\/v2\/tags?post=11956"}],"curies":[{"name":"wp","href":"https:\/\/api.w.org\/{rel}","templated":true}]}}