{"id":11963,"date":"2022-10-31T21:35:59","date_gmt":"2022-10-31T21:35:59","guid":{"rendered":"https:\/\/www.valparaisocreativo.cl\/?p=11963"},"modified":"2022-10-31T21:36:05","modified_gmt":"2022-10-31T21:36:05","slug":"iii-encuentro-regional-de-literatura-ximena-rivera","status":"publish","type":"post","link":"https:\/\/dev.antudigital.cl\/sites\/vc\/iii-encuentro-regional-de-literatura-ximena-rivera\/","title":{"rendered":"III Encuentro Regional de Literatura \u00abXimena Rivera\u00bb"},"content":{"rendered":"\n<p>El <strong>III Encuentro regional de literatura \u201cXimena Rivera\u201d<\/strong>, organizado por <a href=\"https:\/\/nacerfuturo.cl\">Fundaci\u00f3n Nacer Futuro<\/a>, financiado por la Ilustre Municipalidad de Valpara\u00edso y con la colaboraci\u00f3n del Parque Cultural de Valpara\u00edso, se llevar\u00e1 a cabo de manera presencial el<strong> viernes 25 y s\u00e1bado 26 de noviembre de 16:00 a 20:00 hrs. <\/strong>en Plaza Echaurren y Parque Cultural de Valpara\u00edso, respectivamente.<\/p>\n\n\n\n<p>El <strong>III Encuentro regional de literatura \u201cXimena Rivera\u201d <\/strong>busca difundir la literatura local y acercar sus autores a la comunidad, generando espacios de comunicaci\u00f3n, expresi\u00f3n art\u00edstica, reflexi\u00f3n cr\u00edtica e intercambio. La literatura debe estar al alcance de los pueblos para contribuir a su desarrollo cultural y fortalecer la proyecci\u00f3n de sus identidades diversas, de esta manera ser\u00e1 posible acceder a su continua reflexi\u00f3n desde el lenguaje. La vida y obra de la poeta Ximena Rivera \u00d3rdenes (Vi\u00f1a del Mar, 1959 \u2013 Valpara\u00edso, 2013), por ejemplo, dej\u00f3 un legado literario imborrable, a trav\u00e9s de un discurso l\u00edrico de factura pulcra donde se concreta una enso\u00f1aci\u00f3n ag\u00f3nica plena de conciencia, pero, adem\u00e1s, ligada a una declaraci\u00f3n po\u00e9tica que se traduce en un llamado de atenci\u00f3n a la sociedad en su conjunto, a ser m\u00e1s receptiva, cr\u00edtica y generosa. Mensaje que sus pares han sabido valorar y reconocer. Por esta raz\u00f3n, los grandes temas propuestos para este tercer encuentro ser\u00e1n:<\/p>\n\n\n\n<p>a) Tensiones del cuerpo social.<\/p>\n\n\n\n<p>b) Territorios invisibles en resistencia.<\/p>\n\n\n\n<p>c) Materialidad de los afectos.<\/p>\n\n\n\n<p>d) Desaf\u00edos de la memoria.<\/p>\n\n\n\n<p>En esta ocasi\u00f3n expondr\u00e1n 16 poetas y\/o escritores, 6 investigadores y 4 artistas de la Regi\u00f3n de Valpara\u00edso. Todo, con el prop\u00f3sito de hacernos responsables del patrimonio cultural de la regi\u00f3n a trav\u00e9s de la socializaci\u00f3n y el intercambio de ideas.<\/p>\n\n\n\n<p><strong>Toda la informaci\u00f3n sobre como participar y m\u00e1s detalles de la convocatoria<\/strong> <a href=\"https:\/\/nacerfuturo.cl\/encuentro\/\"><strong>en el siguiente link<\/strong><\/a><\/p>\n","protected":false},"excerpt":{"rendered":"<p>El III Encuentro regional de literatura \u201cXimena Rivera\u201d, organizado por Fundaci\u00f3n Nacer Futuro, financiado por la Ilustre Municipalidad de Valpara\u00edso y con la colaboraci\u00f3n del Parque Cultural de Valpara\u00edso, se llevar\u00e1 a cabo de manera presencial el viernes 25 y s\u00e1bado 26 de noviembre de 16:00 a 20:00 hrs. en Plaza Echaurren y Parque Cultural [&hellip;]<\/p>\n","protected":false},"author":1,"featured_media":11964,"comment_status":"open","ping_status":"closed","sticky":false,"template":"","format":"standard","meta":{"_acf_changed":false,"footnotes":""},"categories":[8],"tags":[],"class_list":["post-11963","post","type-post","status-publish","format-standard","has-post-thumbnail","hentry","category-noticia"],"acf":[],"yoast_head":"<!-- This site is optimized with the Yoast SEO plugin v27.1.1 - https:\/\/yoast.com\/product\/yoast-seo-wordpress\/ -->\n<title>III Encuentro Regional de Literatura &quot;Ximena Rivera&quot; - Valpara\u00ed\u00adso Creativo<\/title>\n<meta name=\"robots\" content=\"index, follow, max-snippet:-1, max-image-preview:large, max-video-preview:-1\" \/>\n<link rel=\"canonical\" href=\"https:\/\/dev.antudigital.cl\/sites\/vc\/iii-encuentro-regional-de-literatura-ximena-rivera\/\" \/>\n<meta property=\"og:locale\" content=\"es_ES\" \/>\n<meta property=\"og:type\" content=\"article\" \/>\n<meta property=\"og:title\" content=\"III Encuentro Regional de Literatura &quot;Ximena Rivera&quot; - Valpara\u00ed\u00adso Creativo\" \/>\n<meta property=\"og:description\" content=\"El III Encuentro regional de literatura \u201cXimena Rivera\u201d, organizado por Fundaci\u00f3n Nacer Futuro, financiado por la Ilustre Municipalidad de Valpara\u00edso y con la colaboraci\u00f3n del Parque Cultural de Valpara\u00edso, se llevar\u00e1 a cabo de manera presencial el viernes 25 y s\u00e1bado 26 de noviembre de 16:00 a 20:00 hrs. en Plaza Echaurren y Parque Cultural [&hellip;]\" \/>\n<meta property=\"og:url\" content=\"https:\/\/dev.antudigital.cl\/sites\/vc\/iii-encuentro-regional-de-literatura-ximena-rivera\/\" \/>\n<meta property=\"og:site_name\" content=\"Valpara\u00ed\u00adso Creativo\" \/>\n<meta property=\"article:published_time\" content=\"2022-10-31T21:35:59+00:00\" \/>\n<meta property=\"article:modified_time\" content=\"2022-10-31T21:36:05+00:00\" \/>\n<meta property=\"og:image\" content=\"https:\/\/dev.antudigital.cl\/sites\/vc\/wp-content\/uploads\/2022\/10\/banner.png\" \/>\n\t<meta property=\"og:image:width\" content=\"2000\" \/>\n\t<meta property=\"og:image:height\" content=\"620\" \/>\n\t<meta property=\"og:image:type\" content=\"image\/png\" \/>\n<meta name=\"author\" content=\"Valpara\u00edso Creativo\" \/>\n<meta name=\"twitter:card\" content=\"summary_large_image\" \/>\n<meta name=\"twitter:label1\" content=\"Escrito por\" \/>\n\t<meta name=\"twitter:data1\" content=\"Valpara\u00edso Creativo\" \/>\n\t<meta name=\"twitter:label2\" content=\"Tiempo de lectura\" \/>\n\t<meta name=\"twitter:data2\" content=\"2 minutos\" \/>\n<script type=\"application\/ld+json\" class=\"yoast-schema-graph\">{\"@context\":\"https:\/\/schema.org\",\"@graph\":[{\"@type\":\"Article\",\"@id\":\"https:\/\/dev.antudigital.cl\/sites\/vc\/iii-encuentro-regional-de-literatura-ximena-rivera\/#article\",\"isPartOf\":{\"@id\":\"https:\/\/dev.antudigital.cl\/sites\/vc\/iii-encuentro-regional-de-literatura-ximena-rivera\/\"},\"author\":{\"name\":\"Valpara\u00edso Creativo\",\"@id\":\"https:\/\/dev.antudigital.cl\/sites\/vc\/#\/schema\/person\/c2b9da8dd545e27166fc5ab232837318\"},\"headline\":\"III Encuentro Regional de Literatura \u00abXimena Rivera\u00bb\",\"datePublished\":\"2022-10-31T21:35:59+00:00\",\"dateModified\":\"2022-10-31T21:36:05+00:00\",\"mainEntityOfPage\":{\"@id\":\"https:\/\/dev.antudigital.cl\/sites\/vc\/iii-encuentro-regional-de-literatura-ximena-rivera\/\"},\"wordCount\":329,\"commentCount\":0,\"image\":{\"@id\":\"https:\/\/dev.antudigital.cl\/sites\/vc\/iii-encuentro-regional-de-literatura-ximena-rivera\/#primaryimage\"},\"thumbnailUrl\":\"https:\/\/dev.antudigital.cl\/sites\/vc\/wp-content\/uploads\/2022\/10\/banner.png\",\"articleSection\":[\"Noticia\"],\"inLanguage\":\"es\",\"potentialAction\":[{\"@type\":\"CommentAction\",\"name\":\"Comment\",\"target\":[\"https:\/\/dev.antudigital.cl\/sites\/vc\/iii-encuentro-regional-de-literatura-ximena-rivera\/#respond\"]}]},{\"@type\":\"WebPage\",\"@id\":\"https:\/\/dev.antudigital.cl\/sites\/vc\/iii-encuentro-regional-de-literatura-ximena-rivera\/\",\"url\":\"https:\/\/dev.antudigital.cl\/sites\/vc\/iii-encuentro-regional-de-literatura-ximena-rivera\/\",\"name\":\"III Encuentro Regional de Literatura \\\"Ximena Rivera\\\" - Valpara\u00ed\u00adso Creativo\",\"isPartOf\":{\"@id\":\"https:\/\/dev.antudigital.cl\/sites\/vc\/#website\"},\"primaryImageOfPage\":{\"@id\":\"https:\/\/dev.antudigital.cl\/sites\/vc\/iii-encuentro-regional-de-literatura-ximena-rivera\/#primaryimage\"},\"image\":{\"@id\":\"https:\/\/dev.antudigital.cl\/sites\/vc\/iii-encuentro-regional-de-literatura-ximena-rivera\/#primaryimage\"},\"thumbnailUrl\":\"https:\/\/dev.antudigital.cl\/sites\/vc\/wp-content\/uploads\/2022\/10\/banner.png\",\"datePublished\":\"2022-10-31T21:35:59+00:00\",\"dateModified\":\"2022-10-31T21:36:05+00:00\",\"author\":{\"@id\":\"https:\/\/dev.antudigital.cl\/sites\/vc\/#\/schema\/person\/c2b9da8dd545e27166fc5ab232837318\"},\"breadcrumb\":{\"@id\":\"https:\/\/dev.antudigital.cl\/sites\/vc\/iii-encuentro-regional-de-literatura-ximena-rivera\/#breadcrumb\"},\"inLanguage\":\"es\",\"potentialAction\":[{\"@type\":\"ReadAction\",\"target\":[\"https:\/\/dev.antudigital.cl\/sites\/vc\/iii-encuentro-regional-de-literatura-ximena-rivera\/\"]}]},{\"@type\":\"ImageObject\",\"inLanguage\":\"es\",\"@id\":\"https:\/\/dev.antudigital.cl\/sites\/vc\/iii-encuentro-regional-de-literatura-ximena-rivera\/#primaryimage\",\"url\":\"https:\/\/dev.antudigital.cl\/sites\/vc\/wp-content\/uploads\/2022\/10\/banner.png\",\"contentUrl\":\"https:\/\/dev.antudigital.cl\/sites\/vc\/wp-content\/uploads\/2022\/10\/banner.png\",\"width\":2000,\"height\":620},{\"@type\":\"BreadcrumbList\",\"@id\":\"https:\/\/dev.antudigital.cl\/sites\/vc\/iii-encuentro-regional-de-literatura-ximena-rivera\/#breadcrumb\",\"itemListElement\":[{\"@type\":\"ListItem\",\"position\":1,\"name\":\"Home\",\"item\":\"https:\/\/dev.antudigital.cl\/sites\/vc\/\"},{\"@type\":\"ListItem\",\"position\":2,\"name\":\"III Encuentro Regional de Literatura \u00abXimena Rivera\u00bb\"}]},{\"@type\":\"WebSite\",\"@id\":\"https:\/\/dev.antudigital.cl\/sites\/vc\/#website\",\"url\":\"https:\/\/dev.antudigital.cl\/sites\/vc\/\",\"name\":\"Valpara\u00ed\u00adso Creativo\",\"description\":\"\",\"potentialAction\":[{\"@type\":\"SearchAction\",\"target\":{\"@type\":\"EntryPoint\",\"urlTemplate\":\"https:\/\/dev.antudigital.cl\/sites\/vc\/?s={search_term_string}\"},\"query-input\":{\"@type\":\"PropertyValueSpecification\",\"valueRequired\":true,\"valueName\":\"search_term_string\"}}],\"inLanguage\":\"es\"},{\"@type\":\"Person\",\"@id\":\"https:\/\/dev.antudigital.cl\/sites\/vc\/#\/schema\/person\/c2b9da8dd545e27166fc5ab232837318\",\"name\":\"Valpara\u00edso Creativo\",\"description\":\"Periodista de cultura en la Regi\u00f3n de Valpara\u00edso.\",\"url\":\"https:\/\/dev.antudigital.cl\/sites\/vc\/author\/valpoadmin\/\"}]}<\/script>\n<!-- \/ Yoast SEO plugin. -->","yoast_head_json":{"title":"III Encuentro Regional de Literatura \"Ximena Rivera\" - Valpara\u00ed\u00adso Creativo","robots":{"index":"index","follow":"follow","max-snippet":"max-snippet:-1","max-image-preview":"max-image-preview:large","max-video-preview":"max-video-preview:-1"},"canonical":"https:\/\/dev.antudigital.cl\/sites\/vc\/iii-encuentro-regional-de-literatura-ximena-rivera\/","og_locale":"es_ES","og_type":"article","og_title":"III Encuentro Regional de Literatura \"Ximena Rivera\" - Valpara\u00ed\u00adso Creativo","og_description":"El III Encuentro regional de literatura \u201cXimena Rivera\u201d, organizado por Fundaci\u00f3n Nacer Futuro, financiado por la Ilustre Municipalidad de Valpara\u00edso y con la colaboraci\u00f3n del Parque Cultural de Valpara\u00edso, se llevar\u00e1 a cabo de manera presencial el viernes 25 y s\u00e1bado 26 de noviembre de 16:00 a 20:00 hrs. en Plaza Echaurren y Parque Cultural [&hellip;]","og_url":"https:\/\/dev.antudigital.cl\/sites\/vc\/iii-encuentro-regional-de-literatura-ximena-rivera\/","og_site_name":"Valpara\u00ed\u00adso Creativo","article_published_time":"2022-10-31T21:35:59+00:00","article_modified_time":"2022-10-31T21:36:05+00:00","og_image":[{"width":2000,"height":620,"url":"https:\/\/dev.antudigital.cl\/sites\/vc\/wp-content\/uploads\/2022\/10\/banner.png","type":"image\/png"}],"author":"Valpara\u00edso Creativo","twitter_card":"summary_large_image","twitter_misc":{"Escrito por":"Valpara\u00edso Creativo","Tiempo de lectura":"2 minutos"},"schema":{"@context":"https:\/\/schema.org","@graph":[{"@type":"Article","@id":"https:\/\/dev.antudigital.cl\/sites\/vc\/iii-encuentro-regional-de-literatura-ximena-rivera\/#article","isPartOf":{"@id":"https:\/\/dev.antudigital.cl\/sites\/vc\/iii-encuentro-regional-de-literatura-ximena-rivera\/"},"author":{"name":"Valpara\u00edso Creativo","@id":"https:\/\/dev.antudigital.cl\/sites\/vc\/#\/schema\/person\/c2b9da8dd545e27166fc5ab232837318"},"headline":"III Encuentro Regional de Literatura \u00abXimena Rivera\u00bb","datePublished":"2022-10-31T21:35:59+00:00","dateModified":"2022-10-31T21:36:05+00:00","mainEntityOfPage":{"@id":"https:\/\/dev.antudigital.cl\/sites\/vc\/iii-encuentro-regional-de-literatura-ximena-rivera\/"},"wordCount":329,"commentCount":0,"image":{"@id":"https:\/\/dev.antudigital.cl\/sites\/vc\/iii-encuentro-regional-de-literatura-ximena-rivera\/#primaryimage"},"thumbnailUrl":"https:\/\/dev.antudigital.cl\/sites\/vc\/wp-content\/uploads\/2022\/10\/banner.png","articleSection":["Noticia"],"inLanguage":"es","potentialAction":[{"@type":"CommentAction","name":"Comment","target":["https:\/\/dev.antudigital.cl\/sites\/vc\/iii-encuentro-regional-de-literatura-ximena-rivera\/#respond"]}]},{"@type":"WebPage","@id":"https:\/\/dev.antudigital.cl\/sites\/vc\/iii-encuentro-regional-de-literatura-ximena-rivera\/","url":"https:\/\/dev.antudigital.cl\/sites\/vc\/iii-encuentro-regional-de-literatura-ximena-rivera\/","name":"III Encuentro Regional de Literatura \"Ximena Rivera\" - Valpara\u00ed\u00adso Creativo","isPartOf":{"@id":"https:\/\/dev.antudigital.cl\/sites\/vc\/#website"},"primaryImageOfPage":{"@id":"https:\/\/dev.antudigital.cl\/sites\/vc\/iii-encuentro-regional-de-literatura-ximena-rivera\/#primaryimage"},"image":{"@id":"https:\/\/dev.antudigital.cl\/sites\/vc\/iii-encuentro-regional-de-literatura-ximena-rivera\/#primaryimage"},"thumbnailUrl":"https:\/\/dev.antudigital.cl\/sites\/vc\/wp-content\/uploads\/2022\/10\/banner.png","datePublished":"2022-10-31T21:35:59+00:00","dateModified":"2022-10-31T21:36:05+00:00","author":{"@id":"https:\/\/dev.antudigital.cl\/sites\/vc\/#\/schema\/person\/c2b9da8dd545e27166fc5ab232837318"},"breadcrumb":{"@id":"https:\/\/dev.antudigital.cl\/sites\/vc\/iii-encuentro-regional-de-literatura-ximena-rivera\/#breadcrumb"},"inLanguage":"es","potentialAction":[{"@type":"ReadAction","target":["https:\/\/dev.antudigital.cl\/sites\/vc\/iii-encuentro-regional-de-literatura-ximena-rivera\/"]}]},{"@type":"ImageObject","inLanguage":"es","@id":"https:\/\/dev.antudigital.cl\/sites\/vc\/iii-encuentro-regional-de-literatura-ximena-rivera\/#primaryimage","url":"https:\/\/dev.antudigital.cl\/sites\/vc\/wp-content\/uploads\/2022\/10\/banner.png","contentUrl":"https:\/\/dev.antudigital.cl\/sites\/vc\/wp-content\/uploads\/2022\/10\/banner.png","width":2000,"height":620},{"@type":"BreadcrumbList","@id":"https:\/\/dev.antudigital.cl\/sites\/vc\/iii-encuentro-regional-de-literatura-ximena-rivera\/#breadcrumb","itemListElement":[{"@type":"ListItem","position":1,"name":"Home","item":"https:\/\/dev.antudigital.cl\/sites\/vc\/"},{"@type":"ListItem","position":2,"name":"III Encuentro Regional de Literatura \u00abXimena Rivera\u00bb"}]},{"@type":"WebSite","@id":"https:\/\/dev.antudigital.cl\/sites\/vc\/#website","url":"https:\/\/dev.antudigital.cl\/sites\/vc\/","name":"Valpara\u00ed\u00adso Creativo","description":"","potentialAction":[{"@type":"SearchAction","target":{"@type":"EntryPoint","urlTemplate":"https:\/\/dev.antudigital.cl\/sites\/vc\/?s={search_term_string}"},"query-input":{"@type":"PropertyValueSpecification","valueRequired":true,"valueName":"search_term_string"}}],"inLanguage":"es"},{"@type":"Person","@id":"https:\/\/dev.antudigital.cl\/sites\/vc\/#\/schema\/person\/c2b9da8dd545e27166fc5ab232837318","name":"Valpara\u00edso Creativo","description":"Periodista de cultura en la Regi\u00f3n de Valpara\u00edso.","url":"https:\/\/dev.antudigital.cl\/sites\/vc\/author\/valpoadmin\/"}]}},"_links":{"self":[{"href":"https:\/\/dev.antudigital.cl\/sites\/vc\/wp-json\/wp\/v2\/posts\/11963","targetHints":{"allow":["GET"]}}],"collection":[{"href":"https:\/\/dev.antudigital.cl\/sites\/vc\/wp-json\/wp\/v2\/posts"}],"about":[{"href":"https:\/\/dev.antudigital.cl\/sites\/vc\/wp-json\/wp\/v2\/types\/post"}],"author":[{"embeddable":true,"href":"https:\/\/dev.antudigital.cl\/sites\/vc\/wp-json\/wp\/v2\/users\/1"}],"replies":[{"embeddable":true,"href":"https:\/\/dev.antudigital.cl\/sites\/vc\/wp-json\/wp\/v2\/comments?post=11963"}],"version-history":[{"count":1,"href":"https:\/\/dev.antudigital.cl\/sites\/vc\/wp-json\/wp\/v2\/posts\/11963\/revisions"}],"predecessor-version":[{"id":11965,"href":"https:\/\/dev.antudigital.cl\/sites\/vc\/wp-json\/wp\/v2\/posts\/11963\/revisions\/11965"}],"wp:featuredmedia":[{"embeddable":true,"href":"https:\/\/dev.antudigital.cl\/sites\/vc\/wp-json\/wp\/v2\/media\/11964"}],"wp:attachment":[{"href":"https:\/\/dev.antudigital.cl\/sites\/vc\/wp-json\/wp\/v2\/media?parent=11963"}],"wp:term":[{"taxonomy":"category","embeddable":true,"href":"https:\/\/dev.antudigital.cl\/sites\/vc\/wp-json\/wp\/v2\/categories?post=11963"},{"taxonomy":"post_tag","embeddable":true,"href":"https:\/\/dev.antudigital.cl\/sites\/vc\/wp-json\/wp\/v2\/tags?post=11963"}],"curies":[{"name":"wp","href":"https:\/\/api.w.org\/{rel}","templated":true}]}}