{"id":11969,"date":"2022-10-31T22:37:10","date_gmt":"2022-10-31T22:37:10","guid":{"rendered":"https:\/\/www.valparaisocreativo.cl\/?p=11969"},"modified":"2022-10-31T22:39:10","modified_gmt":"2022-10-31T22:39:10","slug":"libros-musica-barrio-y-comunidad-libreria-acentto","status":"publish","type":"post","link":"https:\/\/dev.antudigital.cl\/sites\/vc\/libros-musica-barrio-y-comunidad-libreria-acentto\/","title":{"rendered":"Libros, m\u00fasica, barrio y comunidad: librer\u00eda Acentto"},"content":{"rendered":"\n<p><a href=\"https:\/\/www.instagram.com\/acenttolibreria\/\">Librer\u00eda Acentto<\/a> es un lugar que debes conocer. Se encuentra ubicada en Merced Oriente 19, a pocos pasos de la gruta de Lourdes en el sector de Agua Santa de Vi\u00f1a del Mar. Un secreto para muchos pero no para la comunidad que la rodea, donde ya est\u00e1 inserta desde hace 20 a\u00f1os.<\/p>\n\n\n\n<p>Se trata de una librer\u00eda especializada en m\u00fasica, donde se pueden encontrar desde partituras a libros que estudiantes de m\u00fasica pueden necesitar, as\u00ed como otras artes relacionadas. Es as\u00ed que se han distinguido y hecho un lugar en el mercado de la literatura.<\/p>\n\n\n\n<p><strong>\u00bfDesde cu\u00e1ndo est\u00e1n radicados en este rinc\u00f3n de Agua Santa?<\/strong><\/p>\n\n\n\n<p>-Partimos el 2003. Nos iniciamos en Cerro Placeres, y el 2005 nos cambiamos a este espacio. Todo comenz\u00f3 porque eramos un grupo de estudiantes de m\u00fasica.<\/p>\n\n\n\n<figure class=\"wp-block-image size-full\"><img fetchpriority=\"high\" decoding=\"async\" width=\"661\" height=\"361\" src=\"https:\/\/www.valparaisocreativo.cl\/wp-content\/uploads\/2022\/10\/Captura-de-Pantalla-2022-10-31-a-las-18.48.01.png\" alt=\"\" class=\"wp-image-11971\" srcset=\"https:\/\/dev.antudigital.cl\/sites\/vc\/wp-content\/uploads\/2022\/10\/Captura-de-Pantalla-2022-10-31-a-las-18.48.01.png 661w, https:\/\/dev.antudigital.cl\/sites\/vc\/wp-content\/uploads\/2022\/10\/Captura-de-Pantalla-2022-10-31-a-las-18.48.01-300x164.png 300w, https:\/\/dev.antudigital.cl\/sites\/vc\/wp-content\/uploads\/2022\/10\/Captura-de-Pantalla-2022-10-31-a-las-18.48.01-480x262.png 480w\" sizes=\"(max-width: 661px) 100vw, 661px\" \/><\/figure>\n\n\n\n<p><strong>\u00bfC\u00f3mo se definen, qu\u00e9 es lo que les diferencia?<\/strong><\/p>\n\n\n\n<p>-Somos una librer\u00eda especializada en m\u00fasica y artes, lo que se fue ampliando poco a poco en el cat\u00e1logo desde la m\u00fasica hasta la poes\u00eda y narrativa afines, la idea es tener una especie de biblioteca para m\u00fasicos, que no se compone s\u00f3lo de partituras, sino que se nutre de otros textos. Somos una librer\u00eda de barrio, por lo que igual tenemos libros para ni\u00f1os y ni\u00f1as.&nbsp;<\/p>\n\n\n\n<p><strong>\u00bfC\u00f3mo fue el inicio de Acentto?<\/strong><\/p>\n\n\n\n<p>-Yo estudi\u00e9 en un espacio extra-acad\u00e9mico, entonces ten\u00eda una necesidad de contar con libros o bibliotecas, que era lo que nos faltaba. Esta necesidad profesional me gener\u00f3 unas ganas de llevar mi v\u00ednculo con los libros &#8211; que tengo desde ni\u00f1a &#8211; a proyectarse en algo m\u00e1s como una librer\u00eda. En Chile hay muy pocos lugares donde venden partituras, por ejemplo, o donde se editen. Entonces comenc\u00e9 con estos elementos y algunos libros de poes\u00eda. Literalmente la primera estanter\u00eda fue un cl\u00f3set de mi pieza, y de ah\u00ed fuimos creciendo.<\/p>\n\n\n\n<p><strong>\u00bfAdem\u00e1s van a ferias o encuentros de librer\u00edas?<\/strong><\/p>\n\n\n\n<p>-Hasta hoy a\u00fan hacemos exposiciones itinerantes desde Antofagasta hasta Chilo\u00e9, nos surgen bastantes oportunidades de llevar la librer\u00eda a otras partes. Lo que se ha ido fortaleciendo en paralelo a la comunidad que viene ac\u00e1. Somos la \u00fanica librer\u00eda especializada de m\u00fasica en Chile.<\/p>\n\n\n\n<p>Hemos participado en varias ferias tambi\u00e9n, como en la de Vi\u00f1a del Mar o la Feria Internacional del Libro de Santiago.&nbsp;<\/p>\n\n\n\n<p>Tambi\u00e9n tenemos un proyecto editorial en camino, que a\u00fan se est\u00e1 gestando.<\/p>\n\n\n\n<p><strong>\u00bfC\u00f3mo llegaron a este lugar que habitan?<\/strong><\/p>\n\n\n\n<p>-Llegamos como grupo de estudio con compa\u00f1eros y compa\u00f1eras de m\u00fasica. Ah\u00ed est\u00e1bamos buscando un espacio para trabajar, y luchamos por esta casa. Hoy tiene la librer\u00eda, un caf\u00e9, y una academia de m\u00fasica de la que somos sede.<\/p>\n\n\n\n<figure class=\"wp-block-image size-full\"><img decoding=\"async\" width=\"572\" height=\"399\" src=\"https:\/\/www.valparaisocreativo.cl\/wp-content\/uploads\/2022\/10\/Captura-de-Pantalla-2022-10-31-a-las-18.48.23.png\" alt=\"\" class=\"wp-image-11972\" srcset=\"https:\/\/dev.antudigital.cl\/sites\/vc\/wp-content\/uploads\/2022\/10\/Captura-de-Pantalla-2022-10-31-a-las-18.48.23.png 572w, https:\/\/dev.antudigital.cl\/sites\/vc\/wp-content\/uploads\/2022\/10\/Captura-de-Pantalla-2022-10-31-a-las-18.48.23-300x209.png 300w, https:\/\/dev.antudigital.cl\/sites\/vc\/wp-content\/uploads\/2022\/10\/Captura-de-Pantalla-2022-10-31-a-las-18.48.23-480x335.png 480w\" sizes=\"(max-width: 572px) 100vw, 572px\" \/><\/figure>\n\n\n\n<p><strong>\u00bfC\u00f3mo se relacionan con el barrio?<\/strong><\/p>\n\n\n\n<p>-Ya que estamos en un antiguo garage, estamos a orilla de calle. Eso, sumado a que somos parte de la comunidad porque vivimos ac\u00e1. Nos relacionamos harto con los vecinos y vecinas y colegios. En los \u00faltimos a\u00f1os de hecho se han fortalecido los lazos con instancias como los cabildos vecinales. Hay un grupo de personas que siempre nos vemos, en el negocio, en el caf\u00e9, en la esquina\u2026 y pretendemos desde ac\u00e1 activar la vida cultural del barrio. Por ejemplo, tambi\u00e9n hicimos una feria del libro en la Gruta, y as\u00ed hemos promovido el reconocerse en el territorio y saber c\u00f3mo potenciarse entre s\u00ed.<\/p>\n\n\n\n<p><strong>\u00bfQu\u00e9 hitos me podr\u00edas comentar que han marcado su historia?<\/strong><\/p>\n\n\n\n<p>-Bueno, primero el grado cero del origen cuando import\u00e1bamos partituras. Luego hay otra etapa que se nos abre cuando comenzamos a viajar a Buenos Aires, investigando la literatura en torno a la m\u00fasica, lo que nos permiti\u00f3 comenzar a nutrir el cat\u00e1logo de otras \u00e1reas.&nbsp;<\/p>\n\n\n\n<p>La instalaci\u00f3n en esta casa tambi\u00e9n fue clave, y la apertura actual que estamos haciendo, ya que despu\u00e9s de todos estos a\u00f1os abriremos una sucursal en Santiago, lo que nos permitir\u00e1 tener un mejor servicio para con quienes nos buscan y nos podr\u00e1n encontrar all\u00e1. Eso sin duda es importante y est\u00e1 por ocurrir.<\/p>\n\n\n\n<p><strong>\u00bfCu\u00e1l es su caracter\u00edstica principal dentro de este mercado que ocupan?<\/strong><\/p>\n\n\n\n<p>-Nosotros traemos muchos libros a pedido, lo que es un trabajo de hormiga para el que se requiere un manejo de lenguaje t\u00e9cnico y en eso nos hemos especializado igual. Desde el comienzo hemos tenido mucha venta virtual, mucho antes de la pandemia, trabajamos bastante ese sistema y eso nos ha destacado.<\/p>\n\n\n\n<p>Tambi\u00e9n se\u00f1alar que nuestra curator\u00eda en Santiago se dedicar\u00e1 en poner \u00e9nfasis a los y las autores de regiones en Santiago. Queremos acotar nuestro cat\u00e1logo para dar un empuje ante la necesidad de visibilizaci\u00f3n de escritores y escritoras.\u00a0<\/p>\n\n\n\n<p>\u00bf<strong>C\u00f3mo ha sido para ustedes la experiencia de trabajar con libros?<\/strong><\/p>\n\n\n\n<p>-Creo que las librer\u00edas en Chile son todas una lucha. Hemos tenido altos y bajos, y ahora estamos proyect\u00e1ndonos, pero siempre es un desaf\u00edo el poder mantenerse.<\/p>\n\n\n\n<p><strong>En tus palabras, \u00bfc\u00f3mo invitas a la gente a conocer este espacio?<\/strong><\/p>\n\n\n\n<p>-Invitar\u00eda porque la m\u00fasica est\u00e1 presente en la vida de todas las personas. Todos y todas tenemos una inclinaci\u00f3n a alg\u00fan estilo musical, porque lo escuchamos de nuestra familia o no s\u00e9. Entonces, este lugar puede agrupar tus intereses y pasiones, desde la musica. Y tenemos libros de todo tipo de m\u00fasica, de todas sus aristas, no son s\u00f3lo partituras antiguas. Hay miles de variantes, como la misma variedad musical, as\u00ed que siempre pueden encontrar algo sorprendente y que coincidan con sus pasiones.<\/p>\n\n\n\n<p><\/p>\n\n\n\n<p><a href=\"https:\/\/www.instagram.com\/acenttolibreria\/\">Puedes seguir a Librer\u00eda Acentto en sus redes sociales.<\/a><\/p>\n","protected":false},"excerpt":{"rendered":"<p>Librer\u00eda Acentto es un lugar que debes conocer. Se encuentra ubicada en Merced Oriente 19, a pocos pasos de la gruta de Lourdes en el sector de Agua Santa de Vi\u00f1a del Mar. Un secreto para muchos pero no para la comunidad que la rodea, donde ya est\u00e1 inserta desde hace 20 a\u00f1os. Se trata [&hellip;]<\/p>\n","protected":false},"author":1,"featured_media":11970,"comment_status":"open","ping_status":"closed","sticky":false,"template":"","format":"standard","meta":{"_acf_changed":false,"footnotes":""},"categories":[8],"tags":[],"class_list":["post-11969","post","type-post","status-publish","format-standard","has-post-thumbnail","hentry","category-noticia"],"acf":[],"yoast_head":"<!-- This site is optimized with the Yoast SEO plugin v27.1.1 - https:\/\/yoast.com\/product\/yoast-seo-wordpress\/ -->\n<title>Libros, m\u00fasica, barrio y comunidad: librer\u00eda Acentto - Valpara\u00ed\u00adso Creativo<\/title>\n<meta name=\"robots\" content=\"index, follow, max-snippet:-1, max-image-preview:large, max-video-preview:-1\" \/>\n<link rel=\"canonical\" href=\"https:\/\/dev.antudigital.cl\/sites\/vc\/libros-musica-barrio-y-comunidad-libreria-acentto\/\" \/>\n<meta property=\"og:locale\" content=\"es_ES\" \/>\n<meta property=\"og:type\" content=\"article\" \/>\n<meta property=\"og:title\" content=\"Libros, m\u00fasica, barrio y comunidad: librer\u00eda Acentto - Valpara\u00ed\u00adso Creativo\" \/>\n<meta property=\"og:description\" content=\"Librer\u00eda Acentto es un lugar que debes conocer. Se encuentra ubicada en Merced Oriente 19, a pocos pasos de la gruta de Lourdes en el sector de Agua Santa de Vi\u00f1a del Mar. Un secreto para muchos pero no para la comunidad que la rodea, donde ya est\u00e1 inserta desde hace 20 a\u00f1os. Se trata [&hellip;]\" \/>\n<meta property=\"og:url\" content=\"https:\/\/dev.antudigital.cl\/sites\/vc\/libros-musica-barrio-y-comunidad-libreria-acentto\/\" \/>\n<meta property=\"og:site_name\" content=\"Valpara\u00ed\u00adso Creativo\" \/>\n<meta property=\"article:published_time\" content=\"2022-10-31T22:37:10+00:00\" \/>\n<meta property=\"article:modified_time\" content=\"2022-10-31T22:39:10+00:00\" \/>\n<meta property=\"og:image\" content=\"https:\/\/dev.antudigital.cl\/sites\/vc\/wp-content\/uploads\/2022\/10\/Acentto.png\" \/>\n\t<meta property=\"og:image:width\" content=\"1000\" \/>\n\t<meta property=\"og:image:height\" content=\"701\" \/>\n\t<meta property=\"og:image:type\" content=\"image\/png\" \/>\n<meta name=\"author\" content=\"Valpara\u00edso Creativo\" \/>\n<meta name=\"twitter:card\" content=\"summary_large_image\" \/>\n<meta name=\"twitter:label1\" content=\"Escrito por\" \/>\n\t<meta name=\"twitter:data1\" content=\"Valpara\u00edso Creativo\" \/>\n\t<meta name=\"twitter:label2\" content=\"Tiempo de lectura\" \/>\n\t<meta name=\"twitter:data2\" content=\"5 minutos\" \/>\n<script type=\"application\/ld+json\" class=\"yoast-schema-graph\">{\"@context\":\"https:\/\/schema.org\",\"@graph\":[{\"@type\":\"Article\",\"@id\":\"https:\/\/dev.antudigital.cl\/sites\/vc\/libros-musica-barrio-y-comunidad-libreria-acentto\/#article\",\"isPartOf\":{\"@id\":\"https:\/\/dev.antudigital.cl\/sites\/vc\/libros-musica-barrio-y-comunidad-libreria-acentto\/\"},\"author\":{\"name\":\"Valpara\u00edso Creativo\",\"@id\":\"https:\/\/dev.antudigital.cl\/sites\/vc\/#\/schema\/person\/c2b9da8dd545e27166fc5ab232837318\"},\"headline\":\"Libros, m\u00fasica, barrio y comunidad: librer\u00eda Acentto\",\"datePublished\":\"2022-10-31T22:37:10+00:00\",\"dateModified\":\"2022-10-31T22:39:10+00:00\",\"mainEntityOfPage\":{\"@id\":\"https:\/\/dev.antudigital.cl\/sites\/vc\/libros-musica-barrio-y-comunidad-libreria-acentto\/\"},\"wordCount\":987,\"commentCount\":0,\"image\":{\"@id\":\"https:\/\/dev.antudigital.cl\/sites\/vc\/libros-musica-barrio-y-comunidad-libreria-acentto\/#primaryimage\"},\"thumbnailUrl\":\"https:\/\/dev.antudigital.cl\/sites\/vc\/wp-content\/uploads\/2022\/10\/Acentto.png\",\"articleSection\":[\"Noticia\"],\"inLanguage\":\"es\",\"potentialAction\":[{\"@type\":\"CommentAction\",\"name\":\"Comment\",\"target\":[\"https:\/\/dev.antudigital.cl\/sites\/vc\/libros-musica-barrio-y-comunidad-libreria-acentto\/#respond\"]}]},{\"@type\":\"WebPage\",\"@id\":\"https:\/\/dev.antudigital.cl\/sites\/vc\/libros-musica-barrio-y-comunidad-libreria-acentto\/\",\"url\":\"https:\/\/dev.antudigital.cl\/sites\/vc\/libros-musica-barrio-y-comunidad-libreria-acentto\/\",\"name\":\"Libros, m\u00fasica, barrio y comunidad: librer\u00eda Acentto - Valpara\u00ed\u00adso Creativo\",\"isPartOf\":{\"@id\":\"https:\/\/dev.antudigital.cl\/sites\/vc\/#website\"},\"primaryImageOfPage\":{\"@id\":\"https:\/\/dev.antudigital.cl\/sites\/vc\/libros-musica-barrio-y-comunidad-libreria-acentto\/#primaryimage\"},\"image\":{\"@id\":\"https:\/\/dev.antudigital.cl\/sites\/vc\/libros-musica-barrio-y-comunidad-libreria-acentto\/#primaryimage\"},\"thumbnailUrl\":\"https:\/\/dev.antudigital.cl\/sites\/vc\/wp-content\/uploads\/2022\/10\/Acentto.png\",\"datePublished\":\"2022-10-31T22:37:10+00:00\",\"dateModified\":\"2022-10-31T22:39:10+00:00\",\"author\":{\"@id\":\"https:\/\/dev.antudigital.cl\/sites\/vc\/#\/schema\/person\/c2b9da8dd545e27166fc5ab232837318\"},\"breadcrumb\":{\"@id\":\"https:\/\/dev.antudigital.cl\/sites\/vc\/libros-musica-barrio-y-comunidad-libreria-acentto\/#breadcrumb\"},\"inLanguage\":\"es\",\"potentialAction\":[{\"@type\":\"ReadAction\",\"target\":[\"https:\/\/dev.antudigital.cl\/sites\/vc\/libros-musica-barrio-y-comunidad-libreria-acentto\/\"]}]},{\"@type\":\"ImageObject\",\"inLanguage\":\"es\",\"@id\":\"https:\/\/dev.antudigital.cl\/sites\/vc\/libros-musica-barrio-y-comunidad-libreria-acentto\/#primaryimage\",\"url\":\"https:\/\/dev.antudigital.cl\/sites\/vc\/wp-content\/uploads\/2022\/10\/Acentto.png\",\"contentUrl\":\"https:\/\/dev.antudigital.cl\/sites\/vc\/wp-content\/uploads\/2022\/10\/Acentto.png\",\"width\":1000,\"height\":701},{\"@type\":\"BreadcrumbList\",\"@id\":\"https:\/\/dev.antudigital.cl\/sites\/vc\/libros-musica-barrio-y-comunidad-libreria-acentto\/#breadcrumb\",\"itemListElement\":[{\"@type\":\"ListItem\",\"position\":1,\"name\":\"Home\",\"item\":\"https:\/\/dev.antudigital.cl\/sites\/vc\/\"},{\"@type\":\"ListItem\",\"position\":2,\"name\":\"Libros, m\u00fasica, barrio y comunidad: librer\u00eda Acentto\"}]},{\"@type\":\"WebSite\",\"@id\":\"https:\/\/dev.antudigital.cl\/sites\/vc\/#website\",\"url\":\"https:\/\/dev.antudigital.cl\/sites\/vc\/\",\"name\":\"Valpara\u00ed\u00adso Creativo\",\"description\":\"\",\"potentialAction\":[{\"@type\":\"SearchAction\",\"target\":{\"@type\":\"EntryPoint\",\"urlTemplate\":\"https:\/\/dev.antudigital.cl\/sites\/vc\/?s={search_term_string}\"},\"query-input\":{\"@type\":\"PropertyValueSpecification\",\"valueRequired\":true,\"valueName\":\"search_term_string\"}}],\"inLanguage\":\"es\"},{\"@type\":\"Person\",\"@id\":\"https:\/\/dev.antudigital.cl\/sites\/vc\/#\/schema\/person\/c2b9da8dd545e27166fc5ab232837318\",\"name\":\"Valpara\u00edso Creativo\",\"description\":\"Periodista de cultura en la Regi\u00f3n de Valpara\u00edso.\",\"url\":\"https:\/\/dev.antudigital.cl\/sites\/vc\/author\/valpoadmin\/\"}]}<\/script>\n<!-- \/ Yoast SEO plugin. -->","yoast_head_json":{"title":"Libros, m\u00fasica, barrio y comunidad: librer\u00eda Acentto - Valpara\u00ed\u00adso Creativo","robots":{"index":"index","follow":"follow","max-snippet":"max-snippet:-1","max-image-preview":"max-image-preview:large","max-video-preview":"max-video-preview:-1"},"canonical":"https:\/\/dev.antudigital.cl\/sites\/vc\/libros-musica-barrio-y-comunidad-libreria-acentto\/","og_locale":"es_ES","og_type":"article","og_title":"Libros, m\u00fasica, barrio y comunidad: librer\u00eda Acentto - Valpara\u00ed\u00adso Creativo","og_description":"Librer\u00eda Acentto es un lugar que debes conocer. Se encuentra ubicada en Merced Oriente 19, a pocos pasos de la gruta de Lourdes en el sector de Agua Santa de Vi\u00f1a del Mar. Un secreto para muchos pero no para la comunidad que la rodea, donde ya est\u00e1 inserta desde hace 20 a\u00f1os. Se trata [&hellip;]","og_url":"https:\/\/dev.antudigital.cl\/sites\/vc\/libros-musica-barrio-y-comunidad-libreria-acentto\/","og_site_name":"Valpara\u00ed\u00adso Creativo","article_published_time":"2022-10-31T22:37:10+00:00","article_modified_time":"2022-10-31T22:39:10+00:00","og_image":[{"width":1000,"height":701,"url":"https:\/\/dev.antudigital.cl\/sites\/vc\/wp-content\/uploads\/2022\/10\/Acentto.png","type":"image\/png"}],"author":"Valpara\u00edso Creativo","twitter_card":"summary_large_image","twitter_misc":{"Escrito por":"Valpara\u00edso Creativo","Tiempo de lectura":"5 minutos"},"schema":{"@context":"https:\/\/schema.org","@graph":[{"@type":"Article","@id":"https:\/\/dev.antudigital.cl\/sites\/vc\/libros-musica-barrio-y-comunidad-libreria-acentto\/#article","isPartOf":{"@id":"https:\/\/dev.antudigital.cl\/sites\/vc\/libros-musica-barrio-y-comunidad-libreria-acentto\/"},"author":{"name":"Valpara\u00edso Creativo","@id":"https:\/\/dev.antudigital.cl\/sites\/vc\/#\/schema\/person\/c2b9da8dd545e27166fc5ab232837318"},"headline":"Libros, m\u00fasica, barrio y comunidad: librer\u00eda Acentto","datePublished":"2022-10-31T22:37:10+00:00","dateModified":"2022-10-31T22:39:10+00:00","mainEntityOfPage":{"@id":"https:\/\/dev.antudigital.cl\/sites\/vc\/libros-musica-barrio-y-comunidad-libreria-acentto\/"},"wordCount":987,"commentCount":0,"image":{"@id":"https:\/\/dev.antudigital.cl\/sites\/vc\/libros-musica-barrio-y-comunidad-libreria-acentto\/#primaryimage"},"thumbnailUrl":"https:\/\/dev.antudigital.cl\/sites\/vc\/wp-content\/uploads\/2022\/10\/Acentto.png","articleSection":["Noticia"],"inLanguage":"es","potentialAction":[{"@type":"CommentAction","name":"Comment","target":["https:\/\/dev.antudigital.cl\/sites\/vc\/libros-musica-barrio-y-comunidad-libreria-acentto\/#respond"]}]},{"@type":"WebPage","@id":"https:\/\/dev.antudigital.cl\/sites\/vc\/libros-musica-barrio-y-comunidad-libreria-acentto\/","url":"https:\/\/dev.antudigital.cl\/sites\/vc\/libros-musica-barrio-y-comunidad-libreria-acentto\/","name":"Libros, m\u00fasica, barrio y comunidad: librer\u00eda Acentto - Valpara\u00ed\u00adso Creativo","isPartOf":{"@id":"https:\/\/dev.antudigital.cl\/sites\/vc\/#website"},"primaryImageOfPage":{"@id":"https:\/\/dev.antudigital.cl\/sites\/vc\/libros-musica-barrio-y-comunidad-libreria-acentto\/#primaryimage"},"image":{"@id":"https:\/\/dev.antudigital.cl\/sites\/vc\/libros-musica-barrio-y-comunidad-libreria-acentto\/#primaryimage"},"thumbnailUrl":"https:\/\/dev.antudigital.cl\/sites\/vc\/wp-content\/uploads\/2022\/10\/Acentto.png","datePublished":"2022-10-31T22:37:10+00:00","dateModified":"2022-10-31T22:39:10+00:00","author":{"@id":"https:\/\/dev.antudigital.cl\/sites\/vc\/#\/schema\/person\/c2b9da8dd545e27166fc5ab232837318"},"breadcrumb":{"@id":"https:\/\/dev.antudigital.cl\/sites\/vc\/libros-musica-barrio-y-comunidad-libreria-acentto\/#breadcrumb"},"inLanguage":"es","potentialAction":[{"@type":"ReadAction","target":["https:\/\/dev.antudigital.cl\/sites\/vc\/libros-musica-barrio-y-comunidad-libreria-acentto\/"]}]},{"@type":"ImageObject","inLanguage":"es","@id":"https:\/\/dev.antudigital.cl\/sites\/vc\/libros-musica-barrio-y-comunidad-libreria-acentto\/#primaryimage","url":"https:\/\/dev.antudigital.cl\/sites\/vc\/wp-content\/uploads\/2022\/10\/Acentto.png","contentUrl":"https:\/\/dev.antudigital.cl\/sites\/vc\/wp-content\/uploads\/2022\/10\/Acentto.png","width":1000,"height":701},{"@type":"BreadcrumbList","@id":"https:\/\/dev.antudigital.cl\/sites\/vc\/libros-musica-barrio-y-comunidad-libreria-acentto\/#breadcrumb","itemListElement":[{"@type":"ListItem","position":1,"name":"Home","item":"https:\/\/dev.antudigital.cl\/sites\/vc\/"},{"@type":"ListItem","position":2,"name":"Libros, m\u00fasica, barrio y comunidad: librer\u00eda Acentto"}]},{"@type":"WebSite","@id":"https:\/\/dev.antudigital.cl\/sites\/vc\/#website","url":"https:\/\/dev.antudigital.cl\/sites\/vc\/","name":"Valpara\u00ed\u00adso Creativo","description":"","potentialAction":[{"@type":"SearchAction","target":{"@type":"EntryPoint","urlTemplate":"https:\/\/dev.antudigital.cl\/sites\/vc\/?s={search_term_string}"},"query-input":{"@type":"PropertyValueSpecification","valueRequired":true,"valueName":"search_term_string"}}],"inLanguage":"es"},{"@type":"Person","@id":"https:\/\/dev.antudigital.cl\/sites\/vc\/#\/schema\/person\/c2b9da8dd545e27166fc5ab232837318","name":"Valpara\u00edso Creativo","description":"Periodista de cultura en la Regi\u00f3n de Valpara\u00edso.","url":"https:\/\/dev.antudigital.cl\/sites\/vc\/author\/valpoadmin\/"}]}},"_links":{"self":[{"href":"https:\/\/dev.antudigital.cl\/sites\/vc\/wp-json\/wp\/v2\/posts\/11969","targetHints":{"allow":["GET"]}}],"collection":[{"href":"https:\/\/dev.antudigital.cl\/sites\/vc\/wp-json\/wp\/v2\/posts"}],"about":[{"href":"https:\/\/dev.antudigital.cl\/sites\/vc\/wp-json\/wp\/v2\/types\/post"}],"author":[{"embeddable":true,"href":"https:\/\/dev.antudigital.cl\/sites\/vc\/wp-json\/wp\/v2\/users\/1"}],"replies":[{"embeddable":true,"href":"https:\/\/dev.antudigital.cl\/sites\/vc\/wp-json\/wp\/v2\/comments?post=11969"}],"version-history":[{"count":2,"href":"https:\/\/dev.antudigital.cl\/sites\/vc\/wp-json\/wp\/v2\/posts\/11969\/revisions"}],"predecessor-version":[{"id":11975,"href":"https:\/\/dev.antudigital.cl\/sites\/vc\/wp-json\/wp\/v2\/posts\/11969\/revisions\/11975"}],"wp:featuredmedia":[{"embeddable":true,"href":"https:\/\/dev.antudigital.cl\/sites\/vc\/wp-json\/wp\/v2\/media\/11970"}],"wp:attachment":[{"href":"https:\/\/dev.antudigital.cl\/sites\/vc\/wp-json\/wp\/v2\/media?parent=11969"}],"wp:term":[{"taxonomy":"category","embeddable":true,"href":"https:\/\/dev.antudigital.cl\/sites\/vc\/wp-json\/wp\/v2\/categories?post=11969"},{"taxonomy":"post_tag","embeddable":true,"href":"https:\/\/dev.antudigital.cl\/sites\/vc\/wp-json\/wp\/v2\/tags?post=11969"}],"curies":[{"name":"wp","href":"https:\/\/api.w.org\/{rel}","templated":true}]}}