{"id":11978,"date":"2022-11-04T11:42:54","date_gmt":"2022-11-04T11:42:54","guid":{"rendered":"https:\/\/www.valparaisocreativo.cl\/?p=11978"},"modified":"2022-11-04T11:42:59","modified_gmt":"2022-11-04T11:42:59","slug":"nueva-escuela-intercultural-puerto-migrante-en-valparaiso","status":"publish","type":"post","link":"https:\/\/dev.antudigital.cl\/sites\/vc\/nueva-escuela-intercultural-puerto-migrante-en-valparaiso\/","title":{"rendered":"Nueva Escuela Intercultural Puerto Migrante en Valpara\u00edso"},"content":{"rendered":"\n<p>El proyecto \u201cPuerto Migrante\u201d surgi\u00f3 en 2021 para promover desde la cultura la integraci\u00f3n de comunidades migrantes y locales que cohabitan en Valpara\u00edso, siendo impulsado por la <strong><a href=\"https:\/\/www.instagram.com\/nuaccultura\/\">Fundaci\u00f3n de mujeres NUAC-N\u00facleo de Activaci\u00f3n Cultural<\/a> junto a la Seremi de las Culturas, las Artes y el Patrimonio, de la Regi\u00f3n de Valpara\u00edso<\/strong>, a trav\u00e9s sus programas de Interculturalidad e Inclusi\u00f3n de Migrantes y de Fortalecimiento de la Identidad Cultural Regional (FICR).\u00a0\u00a0<\/p>\n\n\n\n<p>A trav\u00e9s de diferentes acciones <strong>\u201cPuerto migrante\u201d<\/strong> ya ha integrado una red de 15 organizaciones y se acaba de iniciar la Escuela Intercultural que contempla talleres gratuitos con diferente saberes asociadas a la cultura latinoamericana como herbolaria, bordado, fotograf\u00eda, gastronom\u00eda, trenzado y movimiento, los cuales se desarrollar\u00e1n hasta diciembre en diferentes lugares de la ciudad: <strong>Parque Cultural de Valpara\u00edso, Plaza Victoria, Plaza O\u2019Higgins y la toma Altos Placilla Nuevo,<\/strong> considerando adem\u00e1s itinerancias art\u00edsticas y una activaci\u00f3n en el marco del Festival Rock\u00f3dromo.<br><\/p>\n\n\n\n<figure class=\"wp-block-image size-large\"><img fetchpriority=\"high\" decoding=\"async\" width=\"1024\" height=\"683\" src=\"https:\/\/www.valparaisocreativo.cl\/wp-content\/uploads\/2022\/11\/nuac4-1024x683.jpg\" alt=\"\" class=\"wp-image-11982\" srcset=\"https:\/\/dev.antudigital.cl\/sites\/vc\/wp-content\/uploads\/2022\/11\/nuac4-1024x683.jpg 1024w, https:\/\/dev.antudigital.cl\/sites\/vc\/wp-content\/uploads\/2022\/11\/nuac4-300x200.jpg 300w, https:\/\/dev.antudigital.cl\/sites\/vc\/wp-content\/uploads\/2022\/11\/nuac4-768x512.jpg 768w, https:\/\/dev.antudigital.cl\/sites\/vc\/wp-content\/uploads\/2022\/11\/nuac4-1536x1024.jpg 1536w, https:\/\/dev.antudigital.cl\/sites\/vc\/wp-content\/uploads\/2022\/11\/nuac4-1080x720.jpg 1080w, https:\/\/dev.antudigital.cl\/sites\/vc\/wp-content\/uploads\/2022\/11\/nuac4-1280x853.jpg 1280w, https:\/\/dev.antudigital.cl\/sites\/vc\/wp-content\/uploads\/2022\/11\/nuac4-980x653.jpg 980w, https:\/\/dev.antudigital.cl\/sites\/vc\/wp-content\/uploads\/2022\/11\/nuac4-480x320.jpg 480w, https:\/\/dev.antudigital.cl\/sites\/vc\/wp-content\/uploads\/2022\/11\/nuac4.jpg 2048w\" sizes=\"(max-width: 1024px) 100vw, 1024px\" \/><\/figure>\n\n\n\n<p>El proyecto <strong>contempla actividades complementarias de la Escuela, como itinerancias de mediaci\u00f3n art\u00edstica<\/strong> que promuevan el respeto a la diversidad cultural en base a un trabajo previo con las comunidades. \u201cDurante julio, agosto y septiembre estuvimos trabajando en la articulaci\u00f3n de una red de organizaciones migrantes y pro migrantes para identificar cu\u00e1les eran los intereses culturales de las comunidades. En el proceso de codise\u00f1o apareci\u00f3 el concepto de la memoria como eje clave a desarrollar a trav\u00e9s de las diferentes disciplinas y espacios que considera la Escuela. Creemos necesario avanzar en el respeto y poder ejercer el derecho a la cultura como una dimensi\u00f3n central para el desarrollo humano\u201d, manifest\u00f3 por su parte Isidora Rivas Carmona, directora ejecutiva de NUAC y gestora del proyecto.<\/p>\n\n\n\n<figure class=\"wp-block-image size-large\"><img decoding=\"async\" width=\"1024\" height=\"683\" src=\"https:\/\/www.valparaisocreativo.cl\/wp-content\/uploads\/2022\/11\/nuac-1024x683.jpg\" alt=\"\" class=\"wp-image-11979\" srcset=\"https:\/\/dev.antudigital.cl\/sites\/vc\/wp-content\/uploads\/2022\/11\/nuac-1024x683.jpg 1024w, https:\/\/dev.antudigital.cl\/sites\/vc\/wp-content\/uploads\/2022\/11\/nuac-300x200.jpg 300w, https:\/\/dev.antudigital.cl\/sites\/vc\/wp-content\/uploads\/2022\/11\/nuac-768x512.jpg 768w, https:\/\/dev.antudigital.cl\/sites\/vc\/wp-content\/uploads\/2022\/11\/nuac-1080x720.jpg 1080w, https:\/\/dev.antudigital.cl\/sites\/vc\/wp-content\/uploads\/2022\/11\/nuac-980x653.jpg 980w, https:\/\/dev.antudigital.cl\/sites\/vc\/wp-content\/uploads\/2022\/11\/nuac-480x320.jpg 480w, https:\/\/dev.antudigital.cl\/sites\/vc\/wp-content\/uploads\/2022\/11\/nuac.jpg 1200w\" sizes=\"(max-width: 1024px) 100vw, 1024px\" \/><\/figure>\n\n\n\n<p>En octubre ya se han realizado los talleres de \u201cHerbolar\u00eda\u201d y \u201c\u00c1lbum familiar\u201d en el Parque Cultural de Valpara\u00edso y en la Toma Alto Placilla Nuevo respectivamente. A continuaci\u00f3n detallamos los talleres activos durante los pr\u00f3ximos meses, sus lugares y horarios:&nbsp;<\/p>\n\n\n\n<p><strong>&#8211; Trenzando relatos:<\/strong> Acercamiento al arte del trenzado del cabello, sus t\u00e9cnicas y significados.&nbsp;<br>Viernes 4 de noviembre de 10:00 a 13:00 horas en la P\u00e9rgola de la Plaza Victoria de Valpara\u00edso. Imparten: Mariangela Ram\u00edrez Lovely Andre.<\/p>\n\n\n\n<p><strong>&#8211; Bordando memorias:<\/strong> Elaboraci\u00f3n de un bordado colectivo sobre las memorias y el intercambio de historias de vida.&nbsp;<br>Mi\u00e9rcoles 9, 16 y 23 de noviembre, de 17:00 a 20:00 horas, en Plaza<br>O\u00b4Higgins de Valpara\u00edso. Imparten: Ana Karina Pizarro Carolina Castillo de<a href=\"https:\/\/www.instagram.com\/brigada_textil\/\" target=\"_blank\" rel=\"noreferrer noopener\"> @brigada_textil<\/a><\/p>\n\n\n\n<p><strong>&#8211; Cuerpo y territorio, memoria viva de mujeres migrantes de Valpara\u00edso:<\/strong> Taller de movimiento que invita a crear un espacio de conexi\u00f3n con el cuerpo entre mujeres.<br>Mi\u00e9rcoles 23 y viernes 25 de noviembre, de 17:30 a 20:30 horas, en la sede vecinal de la Toma Altos de Placilla. Imparten: B\u00e1rbara Alejandra Gajardo Gonz\u00e1lez&nbsp;<a href=\"https:\/\/www.instagram.com\/barbs.g.g\/\" target=\"_blank\" rel=\"noreferrer noopener\"> @barbs.g.g<\/a><\/p>\n\n\n\n<p><strong>&#8211; Sabores migrantes:<\/strong> Taller de cocina que propone desde los saberes gastron\u00f3micos latinoamericanos y afrodescendientes un intercambio de conocimiento sobre la comida y sus preparaciones del continente.&nbsp;<br>Domingo 11 de diciembre, de 16:00 a 19:00 horas, en la cocina del Parque Cultural de Valpara\u00edso. Imparte: Patricio Salinas.<a href=\"https:\/\/www.instagram.com\/chefpato64\/\" target=\"_blank\" rel=\"noreferrer noopener\"> @chefpato64<\/a>&nbsp;<\/p>\n\n\n\n<p><strong>La participaci\u00f3n es de acceso liberado <\/strong>y para consultas o reservas de cupo escribir a <a href=\"mailto:puertomigrantevalparaiso@gmail.com\" target=\"_blank\" rel=\"noreferrer noopener\">puertomigrantevalparaiso@gmail.com<\/a> o v\u00eda Instagram a<a href=\"https:\/\/www.instagram.com\/nuaccultura\/\" target=\"_blank\" rel=\"noreferrer noopener\"> @nuaccultura<\/a>. Tambi\u00e9n se puede asistir directamente.<\/p>\n\n\n\n<p><\/p>\n\n\n\n<figure class=\"wp-block-image size-large\"><img decoding=\"async\" width=\"1024\" height=\"576\" src=\"https:\/\/www.valparaisocreativo.cl\/wp-content\/uploads\/2022\/11\/nuac3-1024x576.jpg\" alt=\"\" class=\"wp-image-11981\" srcset=\"https:\/\/dev.antudigital.cl\/sites\/vc\/wp-content\/uploads\/2022\/11\/nuac3-1024x576.jpg 1024w, https:\/\/dev.antudigital.cl\/sites\/vc\/wp-content\/uploads\/2022\/11\/nuac3-300x169.jpg 300w, https:\/\/dev.antudigital.cl\/sites\/vc\/wp-content\/uploads\/2022\/11\/nuac3-768x432.jpg 768w, https:\/\/dev.antudigital.cl\/sites\/vc\/wp-content\/uploads\/2022\/11\/nuac3-1536x864.jpg 1536w, https:\/\/dev.antudigital.cl\/sites\/vc\/wp-content\/uploads\/2022\/11\/nuac3-1080x608.jpg 1080w, https:\/\/dev.antudigital.cl\/sites\/vc\/wp-content\/uploads\/2022\/11\/nuac3-1280x720.jpg 1280w, https:\/\/dev.antudigital.cl\/sites\/vc\/wp-content\/uploads\/2022\/11\/nuac3-980x551.jpg 980w, https:\/\/dev.antudigital.cl\/sites\/vc\/wp-content\/uploads\/2022\/11\/nuac3-480x270.jpg 480w, https:\/\/dev.antudigital.cl\/sites\/vc\/wp-content\/uploads\/2022\/11\/nuac3.jpg 1600w\" sizes=\"(max-width: 1024px) 100vw, 1024px\" \/><\/figure>\n","protected":false},"excerpt":{"rendered":"<p>El proyecto \u201cPuerto Migrante\u201d surgi\u00f3 en 2021 para promover desde la cultura la integraci\u00f3n de comunidades migrantes y locales que cohabitan en Valpara\u00edso, siendo impulsado por la Fundaci\u00f3n de mujeres NUAC-N\u00facleo de Activaci\u00f3n Cultural junto a la Seremi de las Culturas, las Artes y el Patrimonio, de la Regi\u00f3n de Valpara\u00edso, a trav\u00e9s sus programas [&hellip;]<\/p>\n","protected":false},"author":1,"featured_media":11980,"comment_status":"open","ping_status":"closed","sticky":false,"template":"","format":"standard","meta":{"_acf_changed":false,"footnotes":""},"categories":[8],"tags":[],"class_list":["post-11978","post","type-post","status-publish","format-standard","has-post-thumbnail","hentry","category-noticia"],"acf":[],"yoast_head":"<!-- This site is optimized with the Yoast SEO plugin v27.1.1 - https:\/\/yoast.com\/product\/yoast-seo-wordpress\/ -->\n<title>Nueva Escuela Intercultural Puerto Migrante en Valpara\u00edso - Valpara\u00ed\u00adso Creativo<\/title>\n<meta name=\"robots\" content=\"index, follow, max-snippet:-1, max-image-preview:large, max-video-preview:-1\" \/>\n<link rel=\"canonical\" href=\"https:\/\/dev.antudigital.cl\/sites\/vc\/nueva-escuela-intercultural-puerto-migrante-en-valparaiso\/\" \/>\n<meta property=\"og:locale\" content=\"es_ES\" \/>\n<meta property=\"og:type\" content=\"article\" \/>\n<meta property=\"og:title\" content=\"Nueva Escuela Intercultural Puerto Migrante en Valpara\u00edso - Valpara\u00ed\u00adso Creativo\" \/>\n<meta property=\"og:description\" content=\"El proyecto \u201cPuerto Migrante\u201d surgi\u00f3 en 2021 para promover desde la cultura la integraci\u00f3n de comunidades migrantes y locales que cohabitan en Valpara\u00edso, siendo impulsado por la Fundaci\u00f3n de mujeres NUAC-N\u00facleo de Activaci\u00f3n Cultural junto a la Seremi de las Culturas, las Artes y el Patrimonio, de la Regi\u00f3n de Valpara\u00edso, a trav\u00e9s sus programas [&hellip;]\" \/>\n<meta property=\"og:url\" content=\"https:\/\/dev.antudigital.cl\/sites\/vc\/nueva-escuela-intercultural-puerto-migrante-en-valparaiso\/\" \/>\n<meta property=\"og:site_name\" content=\"Valpara\u00ed\u00adso Creativo\" \/>\n<meta property=\"article:published_time\" content=\"2022-11-04T11:42:54+00:00\" \/>\n<meta property=\"article:modified_time\" content=\"2022-11-04T11:42:59+00:00\" \/>\n<meta property=\"og:image\" content=\"https:\/\/dev.antudigital.cl\/sites\/vc\/wp-content\/uploads\/2022\/11\/nuac2.jpg\" \/>\n\t<meta property=\"og:image:width\" content=\"1200\" \/>\n\t<meta property=\"og:image:height\" content=\"800\" \/>\n\t<meta property=\"og:image:type\" content=\"image\/jpeg\" \/>\n<meta name=\"author\" content=\"Valpara\u00edso Creativo\" \/>\n<meta name=\"twitter:card\" content=\"summary_large_image\" \/>\n<meta name=\"twitter:label1\" content=\"Escrito por\" \/>\n\t<meta name=\"twitter:data1\" content=\"Valpara\u00edso Creativo\" \/>\n\t<meta name=\"twitter:label2\" content=\"Tiempo de lectura\" \/>\n\t<meta name=\"twitter:data2\" content=\"3 minutos\" \/>\n<script type=\"application\/ld+json\" class=\"yoast-schema-graph\">{\"@context\":\"https:\/\/schema.org\",\"@graph\":[{\"@type\":\"Article\",\"@id\":\"https:\/\/dev.antudigital.cl\/sites\/vc\/nueva-escuela-intercultural-puerto-migrante-en-valparaiso\/#article\",\"isPartOf\":{\"@id\":\"https:\/\/dev.antudigital.cl\/sites\/vc\/nueva-escuela-intercultural-puerto-migrante-en-valparaiso\/\"},\"author\":{\"name\":\"Valpara\u00edso Creativo\",\"@id\":\"https:\/\/dev.antudigital.cl\/sites\/vc\/#\/schema\/person\/c2b9da8dd545e27166fc5ab232837318\"},\"headline\":\"Nueva Escuela Intercultural Puerto Migrante en Valpara\u00edso\",\"datePublished\":\"2022-11-04T11:42:54+00:00\",\"dateModified\":\"2022-11-04T11:42:59+00:00\",\"mainEntityOfPage\":{\"@id\":\"https:\/\/dev.antudigital.cl\/sites\/vc\/nueva-escuela-intercultural-puerto-migrante-en-valparaiso\/\"},\"wordCount\":575,\"commentCount\":0,\"image\":{\"@id\":\"https:\/\/dev.antudigital.cl\/sites\/vc\/nueva-escuela-intercultural-puerto-migrante-en-valparaiso\/#primaryimage\"},\"thumbnailUrl\":\"https:\/\/dev.antudigital.cl\/sites\/vc\/wp-content\/uploads\/2022\/11\/nuac2.jpg\",\"articleSection\":[\"Noticia\"],\"inLanguage\":\"es\",\"potentialAction\":[{\"@type\":\"CommentAction\",\"name\":\"Comment\",\"target\":[\"https:\/\/dev.antudigital.cl\/sites\/vc\/nueva-escuela-intercultural-puerto-migrante-en-valparaiso\/#respond\"]}]},{\"@type\":\"WebPage\",\"@id\":\"https:\/\/dev.antudigital.cl\/sites\/vc\/nueva-escuela-intercultural-puerto-migrante-en-valparaiso\/\",\"url\":\"https:\/\/dev.antudigital.cl\/sites\/vc\/nueva-escuela-intercultural-puerto-migrante-en-valparaiso\/\",\"name\":\"Nueva Escuela Intercultural Puerto Migrante en Valpara\u00edso - Valpara\u00ed\u00adso Creativo\",\"isPartOf\":{\"@id\":\"https:\/\/dev.antudigital.cl\/sites\/vc\/#website\"},\"primaryImageOfPage\":{\"@id\":\"https:\/\/dev.antudigital.cl\/sites\/vc\/nueva-escuela-intercultural-puerto-migrante-en-valparaiso\/#primaryimage\"},\"image\":{\"@id\":\"https:\/\/dev.antudigital.cl\/sites\/vc\/nueva-escuela-intercultural-puerto-migrante-en-valparaiso\/#primaryimage\"},\"thumbnailUrl\":\"https:\/\/dev.antudigital.cl\/sites\/vc\/wp-content\/uploads\/2022\/11\/nuac2.jpg\",\"datePublished\":\"2022-11-04T11:42:54+00:00\",\"dateModified\":\"2022-11-04T11:42:59+00:00\",\"author\":{\"@id\":\"https:\/\/dev.antudigital.cl\/sites\/vc\/#\/schema\/person\/c2b9da8dd545e27166fc5ab232837318\"},\"breadcrumb\":{\"@id\":\"https:\/\/dev.antudigital.cl\/sites\/vc\/nueva-escuela-intercultural-puerto-migrante-en-valparaiso\/#breadcrumb\"},\"inLanguage\":\"es\",\"potentialAction\":[{\"@type\":\"ReadAction\",\"target\":[\"https:\/\/dev.antudigital.cl\/sites\/vc\/nueva-escuela-intercultural-puerto-migrante-en-valparaiso\/\"]}]},{\"@type\":\"ImageObject\",\"inLanguage\":\"es\",\"@id\":\"https:\/\/dev.antudigital.cl\/sites\/vc\/nueva-escuela-intercultural-puerto-migrante-en-valparaiso\/#primaryimage\",\"url\":\"https:\/\/dev.antudigital.cl\/sites\/vc\/wp-content\/uploads\/2022\/11\/nuac2.jpg\",\"contentUrl\":\"https:\/\/dev.antudigital.cl\/sites\/vc\/wp-content\/uploads\/2022\/11\/nuac2.jpg\",\"width\":1200,\"height\":800},{\"@type\":\"BreadcrumbList\",\"@id\":\"https:\/\/dev.antudigital.cl\/sites\/vc\/nueva-escuela-intercultural-puerto-migrante-en-valparaiso\/#breadcrumb\",\"itemListElement\":[{\"@type\":\"ListItem\",\"position\":1,\"name\":\"Home\",\"item\":\"https:\/\/dev.antudigital.cl\/sites\/vc\/\"},{\"@type\":\"ListItem\",\"position\":2,\"name\":\"Nueva Escuela Intercultural Puerto Migrante en Valpara\u00edso\"}]},{\"@type\":\"WebSite\",\"@id\":\"https:\/\/dev.antudigital.cl\/sites\/vc\/#website\",\"url\":\"https:\/\/dev.antudigital.cl\/sites\/vc\/\",\"name\":\"Valpara\u00ed\u00adso Creativo\",\"description\":\"\",\"potentialAction\":[{\"@type\":\"SearchAction\",\"target\":{\"@type\":\"EntryPoint\",\"urlTemplate\":\"https:\/\/dev.antudigital.cl\/sites\/vc\/?s={search_term_string}\"},\"query-input\":{\"@type\":\"PropertyValueSpecification\",\"valueRequired\":true,\"valueName\":\"search_term_string\"}}],\"inLanguage\":\"es\"},{\"@type\":\"Person\",\"@id\":\"https:\/\/dev.antudigital.cl\/sites\/vc\/#\/schema\/person\/c2b9da8dd545e27166fc5ab232837318\",\"name\":\"Valpara\u00edso Creativo\",\"description\":\"Periodista de cultura en la Regi\u00f3n de Valpara\u00edso.\",\"url\":\"https:\/\/dev.antudigital.cl\/sites\/vc\/author\/valpoadmin\/\"}]}<\/script>\n<!-- \/ Yoast SEO plugin. -->","yoast_head_json":{"title":"Nueva Escuela Intercultural Puerto Migrante en Valpara\u00edso - Valpara\u00ed\u00adso Creativo","robots":{"index":"index","follow":"follow","max-snippet":"max-snippet:-1","max-image-preview":"max-image-preview:large","max-video-preview":"max-video-preview:-1"},"canonical":"https:\/\/dev.antudigital.cl\/sites\/vc\/nueva-escuela-intercultural-puerto-migrante-en-valparaiso\/","og_locale":"es_ES","og_type":"article","og_title":"Nueva Escuela Intercultural Puerto Migrante en Valpara\u00edso - Valpara\u00ed\u00adso Creativo","og_description":"El proyecto \u201cPuerto Migrante\u201d surgi\u00f3 en 2021 para promover desde la cultura la integraci\u00f3n de comunidades migrantes y locales que cohabitan en Valpara\u00edso, siendo impulsado por la Fundaci\u00f3n de mujeres NUAC-N\u00facleo de Activaci\u00f3n Cultural junto a la Seremi de las Culturas, las Artes y el Patrimonio, de la Regi\u00f3n de Valpara\u00edso, a trav\u00e9s sus programas [&hellip;]","og_url":"https:\/\/dev.antudigital.cl\/sites\/vc\/nueva-escuela-intercultural-puerto-migrante-en-valparaiso\/","og_site_name":"Valpara\u00ed\u00adso Creativo","article_published_time":"2022-11-04T11:42:54+00:00","article_modified_time":"2022-11-04T11:42:59+00:00","og_image":[{"width":1200,"height":800,"url":"https:\/\/dev.antudigital.cl\/sites\/vc\/wp-content\/uploads\/2022\/11\/nuac2.jpg","type":"image\/jpeg"}],"author":"Valpara\u00edso Creativo","twitter_card":"summary_large_image","twitter_misc":{"Escrito por":"Valpara\u00edso Creativo","Tiempo de lectura":"3 minutos"},"schema":{"@context":"https:\/\/schema.org","@graph":[{"@type":"Article","@id":"https:\/\/dev.antudigital.cl\/sites\/vc\/nueva-escuela-intercultural-puerto-migrante-en-valparaiso\/#article","isPartOf":{"@id":"https:\/\/dev.antudigital.cl\/sites\/vc\/nueva-escuela-intercultural-puerto-migrante-en-valparaiso\/"},"author":{"name":"Valpara\u00edso Creativo","@id":"https:\/\/dev.antudigital.cl\/sites\/vc\/#\/schema\/person\/c2b9da8dd545e27166fc5ab232837318"},"headline":"Nueva Escuela Intercultural Puerto Migrante en Valpara\u00edso","datePublished":"2022-11-04T11:42:54+00:00","dateModified":"2022-11-04T11:42:59+00:00","mainEntityOfPage":{"@id":"https:\/\/dev.antudigital.cl\/sites\/vc\/nueva-escuela-intercultural-puerto-migrante-en-valparaiso\/"},"wordCount":575,"commentCount":0,"image":{"@id":"https:\/\/dev.antudigital.cl\/sites\/vc\/nueva-escuela-intercultural-puerto-migrante-en-valparaiso\/#primaryimage"},"thumbnailUrl":"https:\/\/dev.antudigital.cl\/sites\/vc\/wp-content\/uploads\/2022\/11\/nuac2.jpg","articleSection":["Noticia"],"inLanguage":"es","potentialAction":[{"@type":"CommentAction","name":"Comment","target":["https:\/\/dev.antudigital.cl\/sites\/vc\/nueva-escuela-intercultural-puerto-migrante-en-valparaiso\/#respond"]}]},{"@type":"WebPage","@id":"https:\/\/dev.antudigital.cl\/sites\/vc\/nueva-escuela-intercultural-puerto-migrante-en-valparaiso\/","url":"https:\/\/dev.antudigital.cl\/sites\/vc\/nueva-escuela-intercultural-puerto-migrante-en-valparaiso\/","name":"Nueva Escuela Intercultural Puerto Migrante en Valpara\u00edso - Valpara\u00ed\u00adso Creativo","isPartOf":{"@id":"https:\/\/dev.antudigital.cl\/sites\/vc\/#website"},"primaryImageOfPage":{"@id":"https:\/\/dev.antudigital.cl\/sites\/vc\/nueva-escuela-intercultural-puerto-migrante-en-valparaiso\/#primaryimage"},"image":{"@id":"https:\/\/dev.antudigital.cl\/sites\/vc\/nueva-escuela-intercultural-puerto-migrante-en-valparaiso\/#primaryimage"},"thumbnailUrl":"https:\/\/dev.antudigital.cl\/sites\/vc\/wp-content\/uploads\/2022\/11\/nuac2.jpg","datePublished":"2022-11-04T11:42:54+00:00","dateModified":"2022-11-04T11:42:59+00:00","author":{"@id":"https:\/\/dev.antudigital.cl\/sites\/vc\/#\/schema\/person\/c2b9da8dd545e27166fc5ab232837318"},"breadcrumb":{"@id":"https:\/\/dev.antudigital.cl\/sites\/vc\/nueva-escuela-intercultural-puerto-migrante-en-valparaiso\/#breadcrumb"},"inLanguage":"es","potentialAction":[{"@type":"ReadAction","target":["https:\/\/dev.antudigital.cl\/sites\/vc\/nueva-escuela-intercultural-puerto-migrante-en-valparaiso\/"]}]},{"@type":"ImageObject","inLanguage":"es","@id":"https:\/\/dev.antudigital.cl\/sites\/vc\/nueva-escuela-intercultural-puerto-migrante-en-valparaiso\/#primaryimage","url":"https:\/\/dev.antudigital.cl\/sites\/vc\/wp-content\/uploads\/2022\/11\/nuac2.jpg","contentUrl":"https:\/\/dev.antudigital.cl\/sites\/vc\/wp-content\/uploads\/2022\/11\/nuac2.jpg","width":1200,"height":800},{"@type":"BreadcrumbList","@id":"https:\/\/dev.antudigital.cl\/sites\/vc\/nueva-escuela-intercultural-puerto-migrante-en-valparaiso\/#breadcrumb","itemListElement":[{"@type":"ListItem","position":1,"name":"Home","item":"https:\/\/dev.antudigital.cl\/sites\/vc\/"},{"@type":"ListItem","position":2,"name":"Nueva Escuela Intercultural Puerto Migrante en Valpara\u00edso"}]},{"@type":"WebSite","@id":"https:\/\/dev.antudigital.cl\/sites\/vc\/#website","url":"https:\/\/dev.antudigital.cl\/sites\/vc\/","name":"Valpara\u00ed\u00adso Creativo","description":"","potentialAction":[{"@type":"SearchAction","target":{"@type":"EntryPoint","urlTemplate":"https:\/\/dev.antudigital.cl\/sites\/vc\/?s={search_term_string}"},"query-input":{"@type":"PropertyValueSpecification","valueRequired":true,"valueName":"search_term_string"}}],"inLanguage":"es"},{"@type":"Person","@id":"https:\/\/dev.antudigital.cl\/sites\/vc\/#\/schema\/person\/c2b9da8dd545e27166fc5ab232837318","name":"Valpara\u00edso Creativo","description":"Periodista de cultura en la Regi\u00f3n de Valpara\u00edso.","url":"https:\/\/dev.antudigital.cl\/sites\/vc\/author\/valpoadmin\/"}]}},"_links":{"self":[{"href":"https:\/\/dev.antudigital.cl\/sites\/vc\/wp-json\/wp\/v2\/posts\/11978","targetHints":{"allow":["GET"]}}],"collection":[{"href":"https:\/\/dev.antudigital.cl\/sites\/vc\/wp-json\/wp\/v2\/posts"}],"about":[{"href":"https:\/\/dev.antudigital.cl\/sites\/vc\/wp-json\/wp\/v2\/types\/post"}],"author":[{"embeddable":true,"href":"https:\/\/dev.antudigital.cl\/sites\/vc\/wp-json\/wp\/v2\/users\/1"}],"replies":[{"embeddable":true,"href":"https:\/\/dev.antudigital.cl\/sites\/vc\/wp-json\/wp\/v2\/comments?post=11978"}],"version-history":[{"count":1,"href":"https:\/\/dev.antudigital.cl\/sites\/vc\/wp-json\/wp\/v2\/posts\/11978\/revisions"}],"predecessor-version":[{"id":11984,"href":"https:\/\/dev.antudigital.cl\/sites\/vc\/wp-json\/wp\/v2\/posts\/11978\/revisions\/11984"}],"wp:featuredmedia":[{"embeddable":true,"href":"https:\/\/dev.antudigital.cl\/sites\/vc\/wp-json\/wp\/v2\/media\/11980"}],"wp:attachment":[{"href":"https:\/\/dev.antudigital.cl\/sites\/vc\/wp-json\/wp\/v2\/media?parent=11978"}],"wp:term":[{"taxonomy":"category","embeddable":true,"href":"https:\/\/dev.antudigital.cl\/sites\/vc\/wp-json\/wp\/v2\/categories?post=11978"},{"taxonomy":"post_tag","embeddable":true,"href":"https:\/\/dev.antudigital.cl\/sites\/vc\/wp-json\/wp\/v2\/tags?post=11978"}],"curies":[{"name":"wp","href":"https:\/\/api.w.org\/{rel}","templated":true}]}}