{"id":11985,"date":"2022-11-07T15:48:13","date_gmt":"2022-11-07T15:48:13","guid":{"rendered":"https:\/\/www.valparaisocreativo.cl\/?p=11985"},"modified":"2022-11-07T15:48:18","modified_gmt":"2022-11-07T15:48:18","slug":"laboratorio-de-ecosistemas-creativos-en-el-territorio","status":"publish","type":"post","link":"https:\/\/dev.antudigital.cl\/sites\/vc\/laboratorio-de-ecosistemas-creativos-en-el-territorio\/","title":{"rendered":"Laboratorio de ecosistemas creativos en el territorio"},"content":{"rendered":"\n<p>Atenci\u00f3n agentes culturales. La plataforma Econom\u00edas Creativas invita a participar del Laboratorio \u201c<strong>Ecosistemas Creativos en los Territorios, \u00bfQui\u00e9n m\u00e1s es parte de mi ecosistema cultural?,\u00bb<\/strong> que se realizar\u00e1 los d\u00edas martes 8 y mi\u00e9rcoles 9 de noviembre pr\u00f3ximos, desde las 10:00 a las 12:00 hrs en modalidad on line.<br><br>Contaremos con la participaci\u00f3n de:<br><br>&#x1f4cc;Bel\u00e9n D\u00edaz <a href=\"https:\/\/www.instagram.com\/belenelisadiazperez\/\">@belenelisadiazperez<\/a> Directora y socia fundadora de la Red de Ciudades y Territorios Creativos de Espa\u00f1a <a href=\"https:\/\/www.instagram.com\/espanacreativa\/\">@espanacreativa<\/a><br><br>&#x1f4cc;Yerko Ko\u0161cina <a href=\"https:\/\/www.instagram.com\/y_koscina\/\">@y_koscina<\/a> , co-fundador del Consejo Vecinal de Desarrollo Barrio Huemul.<br><br>&#x1f4cc;Paula Vergara <a href=\"https:\/\/www.instagram.com\/paulavergaraibanez\/\">@paulavergaraibanez<\/a> , encargada de la Unidad de P\u00fablicos y Territorios del MINCAP <a href=\"https:\/\/www.instagram.com\/culturas_artesescenicas\/\">@culturas_artesescenicas<\/a><br><br>&#x1f4cc;Paula Aros <a href=\"https:\/\/www.instagram.com\/paula_aros_gho\/\">@paula_aros_gho<\/a> , artista esc\u00e9nica y docente.<br><\/p>\n\n\n\n<p>Inscr\u00edbete en el <a href=\"https:\/\/docs.google.com\/forms\/d\/e\/1FAIpQLSdcS6j5bgD2WaRe2csdjww69X1SJVojnCYkVfU08JTAmltqsw\/viewform\">siguiente link<\/a><\/p>\n\n\n\n<figure class=\"wp-block-image size-full\"><img fetchpriority=\"high\" decoding=\"async\" width=\"610\" height=\"607\" src=\"https:\/\/www.valparaisocreativo.cl\/wp-content\/uploads\/2022\/11\/Captura-de-Pantalla-2022-11-07-a-las-12.22.15.png\" alt=\"\" class=\"wp-image-11987\" srcset=\"https:\/\/dev.antudigital.cl\/sites\/vc\/wp-content\/uploads\/2022\/11\/Captura-de-Pantalla-2022-11-07-a-las-12.22.15.png 610w, https:\/\/dev.antudigital.cl\/sites\/vc\/wp-content\/uploads\/2022\/11\/Captura-de-Pantalla-2022-11-07-a-las-12.22.15-300x300.png 300w, https:\/\/dev.antudigital.cl\/sites\/vc\/wp-content\/uploads\/2022\/11\/Captura-de-Pantalla-2022-11-07-a-las-12.22.15-150x150.png 150w, https:\/\/dev.antudigital.cl\/sites\/vc\/wp-content\/uploads\/2022\/11\/Captura-de-Pantalla-2022-11-07-a-las-12.22.15-480x478.png 480w\" sizes=\"(max-width: 610px) 100vw, 610px\" \/><\/figure>\n","protected":false},"excerpt":{"rendered":"<p>Atenci\u00f3n agentes culturales. La plataforma Econom\u00edas Creativas invita a participar del Laboratorio \u201cEcosistemas Creativos en los Territorios, \u00bfQui\u00e9n m\u00e1s es parte de mi ecosistema cultural?,\u00bb que se realizar\u00e1 los d\u00edas martes 8 y mi\u00e9rcoles 9 de noviembre pr\u00f3ximos, desde las 10:00 a las 12:00 hrs en modalidad on line. Contaremos con la participaci\u00f3n de: &#x1f4cc;Bel\u00e9n [&hellip;]<\/p>\n","protected":false},"author":1,"featured_media":11986,"comment_status":"open","ping_status":"closed","sticky":false,"template":"","format":"standard","meta":{"_acf_changed":false,"footnotes":""},"categories":[8],"tags":[],"class_list":["post-11985","post","type-post","status-publish","format-standard","has-post-thumbnail","hentry","category-noticia"],"acf":[],"yoast_head":"<!-- This site is optimized with the Yoast SEO plugin v27.1.1 - https:\/\/yoast.com\/product\/yoast-seo-wordpress\/ -->\n<title>Laboratorio de ecosistemas creativos en el territorio - Valpara\u00ed\u00adso Creativo<\/title>\n<meta name=\"robots\" content=\"index, follow, max-snippet:-1, max-image-preview:large, max-video-preview:-1\" \/>\n<link rel=\"canonical\" href=\"https:\/\/dev.antudigital.cl\/sites\/vc\/laboratorio-de-ecosistemas-creativos-en-el-territorio\/\" \/>\n<meta property=\"og:locale\" content=\"es_ES\" \/>\n<meta property=\"og:type\" content=\"article\" \/>\n<meta property=\"og:title\" content=\"Laboratorio de ecosistemas creativos en el territorio - Valpara\u00ed\u00adso Creativo\" \/>\n<meta property=\"og:description\" content=\"Atenci\u00f3n agentes culturales. La plataforma Econom\u00edas Creativas invita a participar del Laboratorio \u201cEcosistemas Creativos en los Territorios, \u00bfQui\u00e9n m\u00e1s es parte de mi ecosistema cultural?,\u00bb que se realizar\u00e1 los d\u00edas martes 8 y mi\u00e9rcoles 9 de noviembre pr\u00f3ximos, desde las 10:00 a las 12:00 hrs en modalidad on line. Contaremos con la participaci\u00f3n de: &#x1f4cc;Bel\u00e9n [&hellip;]\" \/>\n<meta property=\"og:url\" content=\"https:\/\/dev.antudigital.cl\/sites\/vc\/laboratorio-de-ecosistemas-creativos-en-el-territorio\/\" \/>\n<meta property=\"og:site_name\" content=\"Valpara\u00ed\u00adso Creativo\" \/>\n<meta property=\"article:published_time\" content=\"2022-11-07T15:48:13+00:00\" \/>\n<meta property=\"article:modified_time\" content=\"2022-11-07T15:48:18+00:00\" \/>\n<meta property=\"og:image\" content=\"https:\/\/dev.antudigital.cl\/sites\/vc\/wp-content\/uploads\/2022\/11\/Captura-de-Pantalla-2022-11-07-a-las-12.22.21.png\" \/>\n\t<meta property=\"og:image:width\" content=\"603\" \/>\n\t<meta property=\"og:image:height\" content=\"261\" \/>\n\t<meta property=\"og:image:type\" content=\"image\/png\" \/>\n<meta name=\"author\" content=\"Valpara\u00edso Creativo\" \/>\n<meta name=\"twitter:card\" content=\"summary_large_image\" \/>\n<meta name=\"twitter:label1\" content=\"Escrito por\" \/>\n\t<meta name=\"twitter:data1\" content=\"Valpara\u00edso Creativo\" \/>\n\t<meta name=\"twitter:label2\" content=\"Tiempo de lectura\" \/>\n\t<meta name=\"twitter:data2\" content=\"1 minuto\" \/>\n<script type=\"application\/ld+json\" class=\"yoast-schema-graph\">{\"@context\":\"https:\/\/schema.org\",\"@graph\":[{\"@type\":\"Article\",\"@id\":\"https:\/\/dev.antudigital.cl\/sites\/vc\/laboratorio-de-ecosistemas-creativos-en-el-territorio\/#article\",\"isPartOf\":{\"@id\":\"https:\/\/dev.antudigital.cl\/sites\/vc\/laboratorio-de-ecosistemas-creativos-en-el-territorio\/\"},\"author\":{\"name\":\"Valpara\u00edso Creativo\",\"@id\":\"https:\/\/dev.antudigital.cl\/sites\/vc\/#\/schema\/person\/c2b9da8dd545e27166fc5ab232837318\"},\"headline\":\"Laboratorio de ecosistemas creativos en el territorio\",\"datePublished\":\"2022-11-07T15:48:13+00:00\",\"dateModified\":\"2022-11-07T15:48:18+00:00\",\"mainEntityOfPage\":{\"@id\":\"https:\/\/dev.antudigital.cl\/sites\/vc\/laboratorio-de-ecosistemas-creativos-en-el-territorio\/\"},\"wordCount\":143,\"commentCount\":0,\"image\":{\"@id\":\"https:\/\/dev.antudigital.cl\/sites\/vc\/laboratorio-de-ecosistemas-creativos-en-el-territorio\/#primaryimage\"},\"thumbnailUrl\":\"https:\/\/dev.antudigital.cl\/sites\/vc\/wp-content\/uploads\/2022\/11\/Captura-de-Pantalla-2022-11-07-a-las-12.22.21.png\",\"articleSection\":[\"Noticia\"],\"inLanguage\":\"es\",\"potentialAction\":[{\"@type\":\"CommentAction\",\"name\":\"Comment\",\"target\":[\"https:\/\/dev.antudigital.cl\/sites\/vc\/laboratorio-de-ecosistemas-creativos-en-el-territorio\/#respond\"]}]},{\"@type\":\"WebPage\",\"@id\":\"https:\/\/dev.antudigital.cl\/sites\/vc\/laboratorio-de-ecosistemas-creativos-en-el-territorio\/\",\"url\":\"https:\/\/dev.antudigital.cl\/sites\/vc\/laboratorio-de-ecosistemas-creativos-en-el-territorio\/\",\"name\":\"Laboratorio de ecosistemas creativos en el territorio - Valpara\u00ed\u00adso Creativo\",\"isPartOf\":{\"@id\":\"https:\/\/dev.antudigital.cl\/sites\/vc\/#website\"},\"primaryImageOfPage\":{\"@id\":\"https:\/\/dev.antudigital.cl\/sites\/vc\/laboratorio-de-ecosistemas-creativos-en-el-territorio\/#primaryimage\"},\"image\":{\"@id\":\"https:\/\/dev.antudigital.cl\/sites\/vc\/laboratorio-de-ecosistemas-creativos-en-el-territorio\/#primaryimage\"},\"thumbnailUrl\":\"https:\/\/dev.antudigital.cl\/sites\/vc\/wp-content\/uploads\/2022\/11\/Captura-de-Pantalla-2022-11-07-a-las-12.22.21.png\",\"datePublished\":\"2022-11-07T15:48:13+00:00\",\"dateModified\":\"2022-11-07T15:48:18+00:00\",\"author\":{\"@id\":\"https:\/\/dev.antudigital.cl\/sites\/vc\/#\/schema\/person\/c2b9da8dd545e27166fc5ab232837318\"},\"breadcrumb\":{\"@id\":\"https:\/\/dev.antudigital.cl\/sites\/vc\/laboratorio-de-ecosistemas-creativos-en-el-territorio\/#breadcrumb\"},\"inLanguage\":\"es\",\"potentialAction\":[{\"@type\":\"ReadAction\",\"target\":[\"https:\/\/dev.antudigital.cl\/sites\/vc\/laboratorio-de-ecosistemas-creativos-en-el-territorio\/\"]}]},{\"@type\":\"ImageObject\",\"inLanguage\":\"es\",\"@id\":\"https:\/\/dev.antudigital.cl\/sites\/vc\/laboratorio-de-ecosistemas-creativos-en-el-territorio\/#primaryimage\",\"url\":\"https:\/\/dev.antudigital.cl\/sites\/vc\/wp-content\/uploads\/2022\/11\/Captura-de-Pantalla-2022-11-07-a-las-12.22.21.png\",\"contentUrl\":\"https:\/\/dev.antudigital.cl\/sites\/vc\/wp-content\/uploads\/2022\/11\/Captura-de-Pantalla-2022-11-07-a-las-12.22.21.png\",\"width\":603,\"height\":261},{\"@type\":\"BreadcrumbList\",\"@id\":\"https:\/\/dev.antudigital.cl\/sites\/vc\/laboratorio-de-ecosistemas-creativos-en-el-territorio\/#breadcrumb\",\"itemListElement\":[{\"@type\":\"ListItem\",\"position\":1,\"name\":\"Home\",\"item\":\"https:\/\/dev.antudigital.cl\/sites\/vc\/\"},{\"@type\":\"ListItem\",\"position\":2,\"name\":\"Laboratorio de ecosistemas creativos en el territorio\"}]},{\"@type\":\"WebSite\",\"@id\":\"https:\/\/dev.antudigital.cl\/sites\/vc\/#website\",\"url\":\"https:\/\/dev.antudigital.cl\/sites\/vc\/\",\"name\":\"Valpara\u00ed\u00adso Creativo\",\"description\":\"\",\"potentialAction\":[{\"@type\":\"SearchAction\",\"target\":{\"@type\":\"EntryPoint\",\"urlTemplate\":\"https:\/\/dev.antudigital.cl\/sites\/vc\/?s={search_term_string}\"},\"query-input\":{\"@type\":\"PropertyValueSpecification\",\"valueRequired\":true,\"valueName\":\"search_term_string\"}}],\"inLanguage\":\"es\"},{\"@type\":\"Person\",\"@id\":\"https:\/\/dev.antudigital.cl\/sites\/vc\/#\/schema\/person\/c2b9da8dd545e27166fc5ab232837318\",\"name\":\"Valpara\u00edso Creativo\",\"description\":\"Periodista de cultura en la Regi\u00f3n de Valpara\u00edso.\",\"url\":\"https:\/\/dev.antudigital.cl\/sites\/vc\/author\/valpoadmin\/\"}]}<\/script>\n<!-- \/ Yoast SEO plugin. -->","yoast_head_json":{"title":"Laboratorio de ecosistemas creativos en el territorio - Valpara\u00ed\u00adso Creativo","robots":{"index":"index","follow":"follow","max-snippet":"max-snippet:-1","max-image-preview":"max-image-preview:large","max-video-preview":"max-video-preview:-1"},"canonical":"https:\/\/dev.antudigital.cl\/sites\/vc\/laboratorio-de-ecosistemas-creativos-en-el-territorio\/","og_locale":"es_ES","og_type":"article","og_title":"Laboratorio de ecosistemas creativos en el territorio - Valpara\u00ed\u00adso Creativo","og_description":"Atenci\u00f3n agentes culturales. La plataforma Econom\u00edas Creativas invita a participar del Laboratorio \u201cEcosistemas Creativos en los Territorios, \u00bfQui\u00e9n m\u00e1s es parte de mi ecosistema cultural?,\u00bb que se realizar\u00e1 los d\u00edas martes 8 y mi\u00e9rcoles 9 de noviembre pr\u00f3ximos, desde las 10:00 a las 12:00 hrs en modalidad on line. Contaremos con la participaci\u00f3n de: &#x1f4cc;Bel\u00e9n [&hellip;]","og_url":"https:\/\/dev.antudigital.cl\/sites\/vc\/laboratorio-de-ecosistemas-creativos-en-el-territorio\/","og_site_name":"Valpara\u00ed\u00adso Creativo","article_published_time":"2022-11-07T15:48:13+00:00","article_modified_time":"2022-11-07T15:48:18+00:00","og_image":[{"width":603,"height":261,"url":"https:\/\/dev.antudigital.cl\/sites\/vc\/wp-content\/uploads\/2022\/11\/Captura-de-Pantalla-2022-11-07-a-las-12.22.21.png","type":"image\/png"}],"author":"Valpara\u00edso Creativo","twitter_card":"summary_large_image","twitter_misc":{"Escrito por":"Valpara\u00edso Creativo","Tiempo de lectura":"1 minuto"},"schema":{"@context":"https:\/\/schema.org","@graph":[{"@type":"Article","@id":"https:\/\/dev.antudigital.cl\/sites\/vc\/laboratorio-de-ecosistemas-creativos-en-el-territorio\/#article","isPartOf":{"@id":"https:\/\/dev.antudigital.cl\/sites\/vc\/laboratorio-de-ecosistemas-creativos-en-el-territorio\/"},"author":{"name":"Valpara\u00edso Creativo","@id":"https:\/\/dev.antudigital.cl\/sites\/vc\/#\/schema\/person\/c2b9da8dd545e27166fc5ab232837318"},"headline":"Laboratorio de ecosistemas creativos en el territorio","datePublished":"2022-11-07T15:48:13+00:00","dateModified":"2022-11-07T15:48:18+00:00","mainEntityOfPage":{"@id":"https:\/\/dev.antudigital.cl\/sites\/vc\/laboratorio-de-ecosistemas-creativos-en-el-territorio\/"},"wordCount":143,"commentCount":0,"image":{"@id":"https:\/\/dev.antudigital.cl\/sites\/vc\/laboratorio-de-ecosistemas-creativos-en-el-territorio\/#primaryimage"},"thumbnailUrl":"https:\/\/dev.antudigital.cl\/sites\/vc\/wp-content\/uploads\/2022\/11\/Captura-de-Pantalla-2022-11-07-a-las-12.22.21.png","articleSection":["Noticia"],"inLanguage":"es","potentialAction":[{"@type":"CommentAction","name":"Comment","target":["https:\/\/dev.antudigital.cl\/sites\/vc\/laboratorio-de-ecosistemas-creativos-en-el-territorio\/#respond"]}]},{"@type":"WebPage","@id":"https:\/\/dev.antudigital.cl\/sites\/vc\/laboratorio-de-ecosistemas-creativos-en-el-territorio\/","url":"https:\/\/dev.antudigital.cl\/sites\/vc\/laboratorio-de-ecosistemas-creativos-en-el-territorio\/","name":"Laboratorio de ecosistemas creativos en el territorio - Valpara\u00ed\u00adso Creativo","isPartOf":{"@id":"https:\/\/dev.antudigital.cl\/sites\/vc\/#website"},"primaryImageOfPage":{"@id":"https:\/\/dev.antudigital.cl\/sites\/vc\/laboratorio-de-ecosistemas-creativos-en-el-territorio\/#primaryimage"},"image":{"@id":"https:\/\/dev.antudigital.cl\/sites\/vc\/laboratorio-de-ecosistemas-creativos-en-el-territorio\/#primaryimage"},"thumbnailUrl":"https:\/\/dev.antudigital.cl\/sites\/vc\/wp-content\/uploads\/2022\/11\/Captura-de-Pantalla-2022-11-07-a-las-12.22.21.png","datePublished":"2022-11-07T15:48:13+00:00","dateModified":"2022-11-07T15:48:18+00:00","author":{"@id":"https:\/\/dev.antudigital.cl\/sites\/vc\/#\/schema\/person\/c2b9da8dd545e27166fc5ab232837318"},"breadcrumb":{"@id":"https:\/\/dev.antudigital.cl\/sites\/vc\/laboratorio-de-ecosistemas-creativos-en-el-territorio\/#breadcrumb"},"inLanguage":"es","potentialAction":[{"@type":"ReadAction","target":["https:\/\/dev.antudigital.cl\/sites\/vc\/laboratorio-de-ecosistemas-creativos-en-el-territorio\/"]}]},{"@type":"ImageObject","inLanguage":"es","@id":"https:\/\/dev.antudigital.cl\/sites\/vc\/laboratorio-de-ecosistemas-creativos-en-el-territorio\/#primaryimage","url":"https:\/\/dev.antudigital.cl\/sites\/vc\/wp-content\/uploads\/2022\/11\/Captura-de-Pantalla-2022-11-07-a-las-12.22.21.png","contentUrl":"https:\/\/dev.antudigital.cl\/sites\/vc\/wp-content\/uploads\/2022\/11\/Captura-de-Pantalla-2022-11-07-a-las-12.22.21.png","width":603,"height":261},{"@type":"BreadcrumbList","@id":"https:\/\/dev.antudigital.cl\/sites\/vc\/laboratorio-de-ecosistemas-creativos-en-el-territorio\/#breadcrumb","itemListElement":[{"@type":"ListItem","position":1,"name":"Home","item":"https:\/\/dev.antudigital.cl\/sites\/vc\/"},{"@type":"ListItem","position":2,"name":"Laboratorio de ecosistemas creativos en el territorio"}]},{"@type":"WebSite","@id":"https:\/\/dev.antudigital.cl\/sites\/vc\/#website","url":"https:\/\/dev.antudigital.cl\/sites\/vc\/","name":"Valpara\u00ed\u00adso Creativo","description":"","potentialAction":[{"@type":"SearchAction","target":{"@type":"EntryPoint","urlTemplate":"https:\/\/dev.antudigital.cl\/sites\/vc\/?s={search_term_string}"},"query-input":{"@type":"PropertyValueSpecification","valueRequired":true,"valueName":"search_term_string"}}],"inLanguage":"es"},{"@type":"Person","@id":"https:\/\/dev.antudigital.cl\/sites\/vc\/#\/schema\/person\/c2b9da8dd545e27166fc5ab232837318","name":"Valpara\u00edso Creativo","description":"Periodista de cultura en la Regi\u00f3n de Valpara\u00edso.","url":"https:\/\/dev.antudigital.cl\/sites\/vc\/author\/valpoadmin\/"}]}},"_links":{"self":[{"href":"https:\/\/dev.antudigital.cl\/sites\/vc\/wp-json\/wp\/v2\/posts\/11985","targetHints":{"allow":["GET"]}}],"collection":[{"href":"https:\/\/dev.antudigital.cl\/sites\/vc\/wp-json\/wp\/v2\/posts"}],"about":[{"href":"https:\/\/dev.antudigital.cl\/sites\/vc\/wp-json\/wp\/v2\/types\/post"}],"author":[{"embeddable":true,"href":"https:\/\/dev.antudigital.cl\/sites\/vc\/wp-json\/wp\/v2\/users\/1"}],"replies":[{"embeddable":true,"href":"https:\/\/dev.antudigital.cl\/sites\/vc\/wp-json\/wp\/v2\/comments?post=11985"}],"version-history":[{"count":1,"href":"https:\/\/dev.antudigital.cl\/sites\/vc\/wp-json\/wp\/v2\/posts\/11985\/revisions"}],"predecessor-version":[{"id":11988,"href":"https:\/\/dev.antudigital.cl\/sites\/vc\/wp-json\/wp\/v2\/posts\/11985\/revisions\/11988"}],"wp:featuredmedia":[{"embeddable":true,"href":"https:\/\/dev.antudigital.cl\/sites\/vc\/wp-json\/wp\/v2\/media\/11986"}],"wp:attachment":[{"href":"https:\/\/dev.antudigital.cl\/sites\/vc\/wp-json\/wp\/v2\/media?parent=11985"}],"wp:term":[{"taxonomy":"category","embeddable":true,"href":"https:\/\/dev.antudigital.cl\/sites\/vc\/wp-json\/wp\/v2\/categories?post=11985"},{"taxonomy":"post_tag","embeddable":true,"href":"https:\/\/dev.antudigital.cl\/sites\/vc\/wp-json\/wp\/v2\/tags?post=11985"}],"curies":[{"name":"wp","href":"https:\/\/api.w.org\/{rel}","templated":true}]}}