{"id":11989,"date":"2022-11-07T16:00:52","date_gmt":"2022-11-07T16:00:52","guid":{"rendered":"https:\/\/www.valparaisocreativo.cl\/?p=11989"},"modified":"2022-11-07T16:00:57","modified_gmt":"2022-11-07T16:00:57","slug":"conciertos-intimos-en-el-templo-silbante","status":"publish","type":"post","link":"https:\/\/dev.antudigital.cl\/sites\/vc\/conciertos-intimos-en-el-templo-silbante\/","title":{"rendered":"Conciertos \u00edntimos en el Templo Silbante"},"content":{"rendered":"\n<p>Javier Ruibal, poeta, compositor, arreglista y guitarrista andaluz, viene para repasar m\u00e1s de 40 a\u00f1os de carrera con lo mejor de sus 14 discos, los cuales transitan por el jazz, el rock y el flamenco; sonoridades interculturales que evocan desde Magreb a Brasil, o de India al Caribe.<\/p>\n\n\n\n<p>Asimismo Javier Ruibal (1955), aparte de precursor del nuevo flamenco, obtuvo en 2007 la Medalla de las Artes de Andaluc\u00eda a su trayectoria, mientras que en 2017 recibiera el Premio Nacional de M\u00fasicas Actuales en paralelo a componer para artistas como Martirio, Pasi\u00f3n Vega y Ana Bel\u00e9n, adem\u00e1s de compartir escenario con Pablo Milan\u00e9s o Joaqu\u00edn Sabina, entre otros, vinculando de paso su trabajo a la poes\u00eda de Rafael Alberti y Federico Garc\u00eda Lorca junto con realizar trabajos para la televisi\u00f3n, la danza, el teatro y el cine, obteniendo de hecho el Goya 2020 a Mejor canci\u00f3n original por el filme \u201cIntemperie\u201d.<\/p>\n\n\n\n<p>Todo en el Templo Silbante, un espacio tranquilo, donde puedes disfrutar del show y despu\u00e9s acercarte a saludar al artista y compartir con \u00e9l, tomarte una cerveza artesanal o comerte algo rico durante el evento. Un centro cultural, escondido entre los pasajes de Valparaiso, cerro Concepcion, lleno de arte, amor y magia. Una casona muy antigua, minuciosamente restaurada con la finalidad de recuperar y ofrecer un espacio calmo, bonito y seguro para el desarrollo personal y el buen vivir de la comunidad. En la entrada, un gran cartel pintado a mano, una obra de arte que despierta la curiosidad, un angosto y largo pasillo lleno de plantas que inesperadamente, te llevan a un amplio jard\u00edn, lejos de las calles, con abundante naturaleza, y una vista panor\u00e1mica a la bah\u00eda, que invitan a la relajaci\u00f3n, donde puedes sentarte a disfrutar los mejores jugos de fruta de temporada del restoran vegano Chicory. <\/p>\n\n\n\n<p><a href=\"https:\/\/www.passline.com\/eventos\/nano-stern-javier-ruibal\"><strong>Compra tu entrada ac\u00e1<\/strong><\/a><\/p>\n","protected":false},"excerpt":{"rendered":"<p>Javier Ruibal, poeta, compositor, arreglista y guitarrista andaluz, viene para repasar m\u00e1s de 40 a\u00f1os de carrera con lo mejor de sus 14 discos, los cuales transitan por el jazz, el rock y el flamenco; sonoridades interculturales que evocan desde Magreb a Brasil, o de India al Caribe. Asimismo Javier Ruibal (1955), aparte de precursor [&hellip;]<\/p>\n","protected":false},"author":1,"featured_media":11990,"comment_status":"open","ping_status":"closed","sticky":false,"template":"","format":"standard","meta":{"_acf_changed":false,"footnotes":""},"categories":[8],"tags":[],"class_list":["post-11989","post","type-post","status-publish","format-standard","has-post-thumbnail","hentry","category-noticia"],"acf":[],"yoast_head":"<!-- This site is optimized with the Yoast SEO plugin v27.1.1 - https:\/\/yoast.com\/product\/yoast-seo-wordpress\/ -->\n<title>Conciertos \u00edntimos en el Templo Silbante - Valpara\u00ed\u00adso Creativo<\/title>\n<meta name=\"robots\" content=\"index, follow, max-snippet:-1, max-image-preview:large, max-video-preview:-1\" \/>\n<link rel=\"canonical\" href=\"https:\/\/dev.antudigital.cl\/sites\/vc\/conciertos-intimos-en-el-templo-silbante\/\" \/>\n<meta property=\"og:locale\" content=\"es_ES\" \/>\n<meta property=\"og:type\" content=\"article\" \/>\n<meta property=\"og:title\" content=\"Conciertos \u00edntimos en el Templo Silbante - Valpara\u00ed\u00adso Creativo\" \/>\n<meta property=\"og:description\" content=\"Javier Ruibal, poeta, compositor, arreglista y guitarrista andaluz, viene para repasar m\u00e1s de 40 a\u00f1os de carrera con lo mejor de sus 14 discos, los cuales transitan por el jazz, el rock y el flamenco; sonoridades interculturales que evocan desde Magreb a Brasil, o de India al Caribe. Asimismo Javier Ruibal (1955), aparte de precursor [&hellip;]\" \/>\n<meta property=\"og:url\" content=\"https:\/\/dev.antudigital.cl\/sites\/vc\/conciertos-intimos-en-el-templo-silbante\/\" \/>\n<meta property=\"og:site_name\" content=\"Valpara\u00ed\u00adso Creativo\" \/>\n<meta property=\"article:published_time\" content=\"2022-11-07T16:00:52+00:00\" \/>\n<meta property=\"article:modified_time\" content=\"2022-11-07T16:00:57+00:00\" \/>\n<meta property=\"og:image\" content=\"https:\/\/dev.antudigital.cl\/sites\/vc\/wp-content\/uploads\/2022\/11\/Captura-de-Pantalla-2022-11-07-a-las-12.55.16.png\" \/>\n\t<meta property=\"og:image:width\" content=\"561\" \/>\n\t<meta property=\"og:image:height\" content=\"314\" \/>\n\t<meta property=\"og:image:type\" content=\"image\/png\" \/>\n<meta name=\"author\" content=\"Valpara\u00edso Creativo\" \/>\n<meta name=\"twitter:card\" content=\"summary_large_image\" \/>\n<meta name=\"twitter:label1\" content=\"Escrito por\" \/>\n\t<meta name=\"twitter:data1\" content=\"Valpara\u00edso Creativo\" \/>\n\t<meta name=\"twitter:label2\" content=\"Tiempo de lectura\" \/>\n\t<meta name=\"twitter:data2\" content=\"2 minutos\" \/>\n<script type=\"application\/ld+json\" class=\"yoast-schema-graph\">{\"@context\":\"https:\/\/schema.org\",\"@graph\":[{\"@type\":\"Article\",\"@id\":\"https:\/\/dev.antudigital.cl\/sites\/vc\/conciertos-intimos-en-el-templo-silbante\/#article\",\"isPartOf\":{\"@id\":\"https:\/\/dev.antudigital.cl\/sites\/vc\/conciertos-intimos-en-el-templo-silbante\/\"},\"author\":{\"name\":\"Valpara\u00edso Creativo\",\"@id\":\"https:\/\/dev.antudigital.cl\/sites\/vc\/#\/schema\/person\/c2b9da8dd545e27166fc5ab232837318\"},\"headline\":\"Conciertos \u00edntimos en el Templo Silbante\",\"datePublished\":\"2022-11-07T16:00:52+00:00\",\"dateModified\":\"2022-11-07T16:00:57+00:00\",\"mainEntityOfPage\":{\"@id\":\"https:\/\/dev.antudigital.cl\/sites\/vc\/conciertos-intimos-en-el-templo-silbante\/\"},\"wordCount\":322,\"commentCount\":0,\"image\":{\"@id\":\"https:\/\/dev.antudigital.cl\/sites\/vc\/conciertos-intimos-en-el-templo-silbante\/#primaryimage\"},\"thumbnailUrl\":\"https:\/\/dev.antudigital.cl\/sites\/vc\/wp-content\/uploads\/2022\/11\/Captura-de-Pantalla-2022-11-07-a-las-12.55.16.png\",\"articleSection\":[\"Noticia\"],\"inLanguage\":\"es\",\"potentialAction\":[{\"@type\":\"CommentAction\",\"name\":\"Comment\",\"target\":[\"https:\/\/dev.antudigital.cl\/sites\/vc\/conciertos-intimos-en-el-templo-silbante\/#respond\"]}]},{\"@type\":\"WebPage\",\"@id\":\"https:\/\/dev.antudigital.cl\/sites\/vc\/conciertos-intimos-en-el-templo-silbante\/\",\"url\":\"https:\/\/dev.antudigital.cl\/sites\/vc\/conciertos-intimos-en-el-templo-silbante\/\",\"name\":\"Conciertos \u00edntimos en el Templo Silbante - Valpara\u00ed\u00adso Creativo\",\"isPartOf\":{\"@id\":\"https:\/\/dev.antudigital.cl\/sites\/vc\/#website\"},\"primaryImageOfPage\":{\"@id\":\"https:\/\/dev.antudigital.cl\/sites\/vc\/conciertos-intimos-en-el-templo-silbante\/#primaryimage\"},\"image\":{\"@id\":\"https:\/\/dev.antudigital.cl\/sites\/vc\/conciertos-intimos-en-el-templo-silbante\/#primaryimage\"},\"thumbnailUrl\":\"https:\/\/dev.antudigital.cl\/sites\/vc\/wp-content\/uploads\/2022\/11\/Captura-de-Pantalla-2022-11-07-a-las-12.55.16.png\",\"datePublished\":\"2022-11-07T16:00:52+00:00\",\"dateModified\":\"2022-11-07T16:00:57+00:00\",\"author\":{\"@id\":\"https:\/\/dev.antudigital.cl\/sites\/vc\/#\/schema\/person\/c2b9da8dd545e27166fc5ab232837318\"},\"breadcrumb\":{\"@id\":\"https:\/\/dev.antudigital.cl\/sites\/vc\/conciertos-intimos-en-el-templo-silbante\/#breadcrumb\"},\"inLanguage\":\"es\",\"potentialAction\":[{\"@type\":\"ReadAction\",\"target\":[\"https:\/\/dev.antudigital.cl\/sites\/vc\/conciertos-intimos-en-el-templo-silbante\/\"]}]},{\"@type\":\"ImageObject\",\"inLanguage\":\"es\",\"@id\":\"https:\/\/dev.antudigital.cl\/sites\/vc\/conciertos-intimos-en-el-templo-silbante\/#primaryimage\",\"url\":\"https:\/\/dev.antudigital.cl\/sites\/vc\/wp-content\/uploads\/2022\/11\/Captura-de-Pantalla-2022-11-07-a-las-12.55.16.png\",\"contentUrl\":\"https:\/\/dev.antudigital.cl\/sites\/vc\/wp-content\/uploads\/2022\/11\/Captura-de-Pantalla-2022-11-07-a-las-12.55.16.png\",\"width\":561,\"height\":314},{\"@type\":\"BreadcrumbList\",\"@id\":\"https:\/\/dev.antudigital.cl\/sites\/vc\/conciertos-intimos-en-el-templo-silbante\/#breadcrumb\",\"itemListElement\":[{\"@type\":\"ListItem\",\"position\":1,\"name\":\"Home\",\"item\":\"https:\/\/dev.antudigital.cl\/sites\/vc\/\"},{\"@type\":\"ListItem\",\"position\":2,\"name\":\"Conciertos \u00edntimos en el Templo Silbante\"}]},{\"@type\":\"WebSite\",\"@id\":\"https:\/\/dev.antudigital.cl\/sites\/vc\/#website\",\"url\":\"https:\/\/dev.antudigital.cl\/sites\/vc\/\",\"name\":\"Valpara\u00ed\u00adso Creativo\",\"description\":\"\",\"potentialAction\":[{\"@type\":\"SearchAction\",\"target\":{\"@type\":\"EntryPoint\",\"urlTemplate\":\"https:\/\/dev.antudigital.cl\/sites\/vc\/?s={search_term_string}\"},\"query-input\":{\"@type\":\"PropertyValueSpecification\",\"valueRequired\":true,\"valueName\":\"search_term_string\"}}],\"inLanguage\":\"es\"},{\"@type\":\"Person\",\"@id\":\"https:\/\/dev.antudigital.cl\/sites\/vc\/#\/schema\/person\/c2b9da8dd545e27166fc5ab232837318\",\"name\":\"Valpara\u00edso Creativo\",\"description\":\"Periodista de cultura en la Regi\u00f3n de Valpara\u00edso.\",\"url\":\"https:\/\/dev.antudigital.cl\/sites\/vc\/author\/valpoadmin\/\"}]}<\/script>\n<!-- \/ Yoast SEO plugin. -->","yoast_head_json":{"title":"Conciertos \u00edntimos en el Templo Silbante - Valpara\u00ed\u00adso Creativo","robots":{"index":"index","follow":"follow","max-snippet":"max-snippet:-1","max-image-preview":"max-image-preview:large","max-video-preview":"max-video-preview:-1"},"canonical":"https:\/\/dev.antudigital.cl\/sites\/vc\/conciertos-intimos-en-el-templo-silbante\/","og_locale":"es_ES","og_type":"article","og_title":"Conciertos \u00edntimos en el Templo Silbante - Valpara\u00ed\u00adso Creativo","og_description":"Javier Ruibal, poeta, compositor, arreglista y guitarrista andaluz, viene para repasar m\u00e1s de 40 a\u00f1os de carrera con lo mejor de sus 14 discos, los cuales transitan por el jazz, el rock y el flamenco; sonoridades interculturales que evocan desde Magreb a Brasil, o de India al Caribe. Asimismo Javier Ruibal (1955), aparte de precursor [&hellip;]","og_url":"https:\/\/dev.antudigital.cl\/sites\/vc\/conciertos-intimos-en-el-templo-silbante\/","og_site_name":"Valpara\u00ed\u00adso Creativo","article_published_time":"2022-11-07T16:00:52+00:00","article_modified_time":"2022-11-07T16:00:57+00:00","og_image":[{"width":561,"height":314,"url":"https:\/\/dev.antudigital.cl\/sites\/vc\/wp-content\/uploads\/2022\/11\/Captura-de-Pantalla-2022-11-07-a-las-12.55.16.png","type":"image\/png"}],"author":"Valpara\u00edso Creativo","twitter_card":"summary_large_image","twitter_misc":{"Escrito por":"Valpara\u00edso Creativo","Tiempo de lectura":"2 minutos"},"schema":{"@context":"https:\/\/schema.org","@graph":[{"@type":"Article","@id":"https:\/\/dev.antudigital.cl\/sites\/vc\/conciertos-intimos-en-el-templo-silbante\/#article","isPartOf":{"@id":"https:\/\/dev.antudigital.cl\/sites\/vc\/conciertos-intimos-en-el-templo-silbante\/"},"author":{"name":"Valpara\u00edso Creativo","@id":"https:\/\/dev.antudigital.cl\/sites\/vc\/#\/schema\/person\/c2b9da8dd545e27166fc5ab232837318"},"headline":"Conciertos \u00edntimos en el Templo Silbante","datePublished":"2022-11-07T16:00:52+00:00","dateModified":"2022-11-07T16:00:57+00:00","mainEntityOfPage":{"@id":"https:\/\/dev.antudigital.cl\/sites\/vc\/conciertos-intimos-en-el-templo-silbante\/"},"wordCount":322,"commentCount":0,"image":{"@id":"https:\/\/dev.antudigital.cl\/sites\/vc\/conciertos-intimos-en-el-templo-silbante\/#primaryimage"},"thumbnailUrl":"https:\/\/dev.antudigital.cl\/sites\/vc\/wp-content\/uploads\/2022\/11\/Captura-de-Pantalla-2022-11-07-a-las-12.55.16.png","articleSection":["Noticia"],"inLanguage":"es","potentialAction":[{"@type":"CommentAction","name":"Comment","target":["https:\/\/dev.antudigital.cl\/sites\/vc\/conciertos-intimos-en-el-templo-silbante\/#respond"]}]},{"@type":"WebPage","@id":"https:\/\/dev.antudigital.cl\/sites\/vc\/conciertos-intimos-en-el-templo-silbante\/","url":"https:\/\/dev.antudigital.cl\/sites\/vc\/conciertos-intimos-en-el-templo-silbante\/","name":"Conciertos \u00edntimos en el Templo Silbante - Valpara\u00ed\u00adso Creativo","isPartOf":{"@id":"https:\/\/dev.antudigital.cl\/sites\/vc\/#website"},"primaryImageOfPage":{"@id":"https:\/\/dev.antudigital.cl\/sites\/vc\/conciertos-intimos-en-el-templo-silbante\/#primaryimage"},"image":{"@id":"https:\/\/dev.antudigital.cl\/sites\/vc\/conciertos-intimos-en-el-templo-silbante\/#primaryimage"},"thumbnailUrl":"https:\/\/dev.antudigital.cl\/sites\/vc\/wp-content\/uploads\/2022\/11\/Captura-de-Pantalla-2022-11-07-a-las-12.55.16.png","datePublished":"2022-11-07T16:00:52+00:00","dateModified":"2022-11-07T16:00:57+00:00","author":{"@id":"https:\/\/dev.antudigital.cl\/sites\/vc\/#\/schema\/person\/c2b9da8dd545e27166fc5ab232837318"},"breadcrumb":{"@id":"https:\/\/dev.antudigital.cl\/sites\/vc\/conciertos-intimos-en-el-templo-silbante\/#breadcrumb"},"inLanguage":"es","potentialAction":[{"@type":"ReadAction","target":["https:\/\/dev.antudigital.cl\/sites\/vc\/conciertos-intimos-en-el-templo-silbante\/"]}]},{"@type":"ImageObject","inLanguage":"es","@id":"https:\/\/dev.antudigital.cl\/sites\/vc\/conciertos-intimos-en-el-templo-silbante\/#primaryimage","url":"https:\/\/dev.antudigital.cl\/sites\/vc\/wp-content\/uploads\/2022\/11\/Captura-de-Pantalla-2022-11-07-a-las-12.55.16.png","contentUrl":"https:\/\/dev.antudigital.cl\/sites\/vc\/wp-content\/uploads\/2022\/11\/Captura-de-Pantalla-2022-11-07-a-las-12.55.16.png","width":561,"height":314},{"@type":"BreadcrumbList","@id":"https:\/\/dev.antudigital.cl\/sites\/vc\/conciertos-intimos-en-el-templo-silbante\/#breadcrumb","itemListElement":[{"@type":"ListItem","position":1,"name":"Home","item":"https:\/\/dev.antudigital.cl\/sites\/vc\/"},{"@type":"ListItem","position":2,"name":"Conciertos \u00edntimos en el Templo Silbante"}]},{"@type":"WebSite","@id":"https:\/\/dev.antudigital.cl\/sites\/vc\/#website","url":"https:\/\/dev.antudigital.cl\/sites\/vc\/","name":"Valpara\u00ed\u00adso Creativo","description":"","potentialAction":[{"@type":"SearchAction","target":{"@type":"EntryPoint","urlTemplate":"https:\/\/dev.antudigital.cl\/sites\/vc\/?s={search_term_string}"},"query-input":{"@type":"PropertyValueSpecification","valueRequired":true,"valueName":"search_term_string"}}],"inLanguage":"es"},{"@type":"Person","@id":"https:\/\/dev.antudigital.cl\/sites\/vc\/#\/schema\/person\/c2b9da8dd545e27166fc5ab232837318","name":"Valpara\u00edso Creativo","description":"Periodista de cultura en la Regi\u00f3n de Valpara\u00edso.","url":"https:\/\/dev.antudigital.cl\/sites\/vc\/author\/valpoadmin\/"}]}},"_links":{"self":[{"href":"https:\/\/dev.antudigital.cl\/sites\/vc\/wp-json\/wp\/v2\/posts\/11989","targetHints":{"allow":["GET"]}}],"collection":[{"href":"https:\/\/dev.antudigital.cl\/sites\/vc\/wp-json\/wp\/v2\/posts"}],"about":[{"href":"https:\/\/dev.antudigital.cl\/sites\/vc\/wp-json\/wp\/v2\/types\/post"}],"author":[{"embeddable":true,"href":"https:\/\/dev.antudigital.cl\/sites\/vc\/wp-json\/wp\/v2\/users\/1"}],"replies":[{"embeddable":true,"href":"https:\/\/dev.antudigital.cl\/sites\/vc\/wp-json\/wp\/v2\/comments?post=11989"}],"version-history":[{"count":1,"href":"https:\/\/dev.antudigital.cl\/sites\/vc\/wp-json\/wp\/v2\/posts\/11989\/revisions"}],"predecessor-version":[{"id":11991,"href":"https:\/\/dev.antudigital.cl\/sites\/vc\/wp-json\/wp\/v2\/posts\/11989\/revisions\/11991"}],"wp:featuredmedia":[{"embeddable":true,"href":"https:\/\/dev.antudigital.cl\/sites\/vc\/wp-json\/wp\/v2\/media\/11990"}],"wp:attachment":[{"href":"https:\/\/dev.antudigital.cl\/sites\/vc\/wp-json\/wp\/v2\/media?parent=11989"}],"wp:term":[{"taxonomy":"category","embeddable":true,"href":"https:\/\/dev.antudigital.cl\/sites\/vc\/wp-json\/wp\/v2\/categories?post=11989"},{"taxonomy":"post_tag","embeddable":true,"href":"https:\/\/dev.antudigital.cl\/sites\/vc\/wp-json\/wp\/v2\/tags?post=11989"}],"curies":[{"name":"wp","href":"https:\/\/api.w.org\/{rel}","templated":true}]}}