{"id":11992,"date":"2022-11-07T17:28:48","date_gmt":"2022-11-07T17:28:48","guid":{"rendered":"https:\/\/www.valparaisocreativo.cl\/?p=11992"},"modified":"2022-11-07T17:28:54","modified_gmt":"2022-11-07T17:28:54","slug":"ya-esta-sucediendo-festival-cortos-en-grande","status":"publish","type":"post","link":"https:\/\/dev.antudigital.cl\/sites\/vc\/ya-esta-sucediendo-festival-cortos-en-grande\/","title":{"rendered":"\u00a1Ya est\u00e1 sucediendo: Festival Cortos en Grande!"},"content":{"rendered":"\n<p>Razones para volver al cine y convertirse en espectador de la <strong>cuarta versi\u00f3n de Cortos en Grande<\/strong>, hay de sobra. El festival de cortometrajes que re\u00fane el trabajo f\u00edlmico de j\u00f3venes realizadores audiovisuales regresa a la presencialidad entre el<strong> 04 y 29 de noviembre en cinco ciudades del pa\u00eds<\/strong>, con obras nacionales e internacionales que marcaron pauta en cert\u00e1menes de marca mundial.<\/p>\n\n\n\n<p>La iniciativa organizada por Fundaci\u00f3n Viart y Balmaceda Arte Joven presentar\u00e1 este 2022 casi cincuenta cortometrajes de cineastas menores de 30 a\u00f1os en Puerto Montt, Antofagasta, Santiago, Concepci\u00f3n y Valpara\u00edso, ciudad que este a\u00f1o se investir\u00e1 como \u201cTerritorio Corto\u201d, lo que implica ser sede principal regional y por lo tanto lugar de exhibici\u00f3n de cortometrajes rodados en el territorio o por directores locales. <span style=\"text-decoration: underline;\">Aqu\u00ed, el festival arranc\u00f3 el 04 de noviembre con funciones programadas en Insomnia Teatro Condell.<\/span><\/p>\n\n\n\n<p>\u201cEste a\u00f1o ofreceremos la posibilidad de ver en pantalla grande, en el marco de la competencia, cortometrajes nacionales y extranjeros que han estado en festivales internacionales de primera l\u00ednea como Cannes, Berl\u00edn, Clermont-Ferrand y otros que no son f\u00e1ciles de encontrar\u201d, explica Jos\u00e9 Gil, director de Fundaci\u00f3n Viart.<\/p>\n\n\n\n<p>En este contexto ser\u00e1 posible ver obras que reflexionan sobre los feminismos, lo que implica ser mujer en pa\u00edses como Ir\u00e1n o las consecuencias de la guerra en Ucrania. De hecho, el festival de este pa\u00eds, Kyiv Short Film Festival, ser\u00e1 el invitado de honor en este certamen.\u00a0<\/p>\n\n\n\n<p><strong>Competencia<\/strong><\/p>\n\n\n\n<p>Este a\u00f1o, los 21 cortometrajes seleccionados para batirse a nivel nacional ser\u00e1n evaluados por un jurado compuesto por Hugo Covarrubias (Bestia), Nicole Costa (Viaje de la Monalisa) y Pepa San Mart\u00edn (Rara), quienes otorgar\u00e1n premios a&nbsp; \u201cmejor documental\u201d, \u201cmejor animaci\u00f3n\u201d y \u201cmejor ficci\u00f3n\u201d.<\/p>\n\n\n\n<p>La competencia internacional presentar\u00e1 un total de 18 obras audiovisuales de 15 pa\u00edses como Dinamarca, China, Corea del Sur, Colombia, Italia, Camboya, Austria, Per\u00fa, entre otros. Los galardones ser\u00e1n para \u201cmejor cortometraje\u201d y \u201cpremio especial del jurado\u201d.&nbsp;<\/p>\n\n\n\n<p>Adem\u00e1s, el p\u00fablico tambi\u00e9n tendr\u00e1 la oportunidad de escoger y votar a su corto favorito chileno y extranjero, a trav\u00e9s de <a href=\"http:\/\/www.cortosengrande.com\">www.cortosengrande.com<\/a>.<\/p>\n\n\n\n<p>Las sedes, fechas y horarios de exhibici\u00f3n por ciudad son:&nbsp;<\/p>\n\n\n\n<ul class=\"wp-block-list\">\n<li><strong>Valpara\u00edso<\/strong>: Insomnia Teatro Condell (Condell 1585, Valpara\u00edso). Viernes 04 al domingo 06, a las 17:00 y 19:00 horas. Desde el lunes 07 al mi\u00e9rcoles 09, a las 18:00 horas. Entrada a $1.000.<\/li>\n\n\n\n<li><strong>Puerto Montt:<\/strong> Sala Mafalda Mora en Casa del Arte Diego Rivera (Quillota 116). Viernes 11 y mi\u00e9rcoles 16 de noviembre a las 17:00 y 19:00 horas. Entrada liberada.<\/li>\n\n\n\n<li><strong>Antofagasta<\/strong>: Esquina Retornable (Pasaje El Tabo 665, Playa Blanca). Mi\u00e9rcoles 16 de noviembre a las 18:00 y 20:00 horas y 17 de noviembre, a las 18:00. Entrada a $1.000.<\/li>\n\n\n\n<li><strong>Santiago<\/strong>: Cineteca Nacional (Centro Cultural Palacio La Moneda). Viernes 18, S\u00e1bado 19 y Domingo 20, a las 15:00, 17:00 y 19:00. Entrada liberada<\/li>\n\n\n\n<li><strong>Concepci\u00f3n<\/strong>: Sala Cien de Artistas del Acero (Bernando O\u2019Higgins 1255). Lunes 21 y Lunes 28, a las 10:00 y 12:00 horas. Entrada liberada.<\/li>\n<\/ul>\n\n\n\n<p>Para acceder a m\u00e1s informaci\u00f3n visita <a href=\"http:\/\/www.cortosengrande.com\">www.cortosengrande.com<\/a> o IG: @cortosengrande.<\/p>\n\n\n\n<figure class=\"wp-block-image size-large\"><img fetchpriority=\"high\" decoding=\"async\" width=\"690\" height=\"1024\" src=\"https:\/\/www.valparaisocreativo.cl\/wp-content\/uploads\/2022\/11\/Afiche-690x1024.jpeg\" alt=\"\" class=\"wp-image-11995\" srcset=\"https:\/\/dev.antudigital.cl\/sites\/vc\/wp-content\/uploads\/2022\/11\/Afiche-690x1024.jpeg 690w, https:\/\/dev.antudigital.cl\/sites\/vc\/wp-content\/uploads\/2022\/11\/Afiche-202x300.jpeg 202w, https:\/\/dev.antudigital.cl\/sites\/vc\/wp-content\/uploads\/2022\/11\/Afiche-768x1140.jpeg 768w, https:\/\/dev.antudigital.cl\/sites\/vc\/wp-content\/uploads\/2022\/11\/Afiche-480x713.jpeg 480w, https:\/\/dev.antudigital.cl\/sites\/vc\/wp-content\/uploads\/2022\/11\/Afiche.jpeg 862w\" sizes=\"(max-width: 690px) 100vw, 690px\" \/><\/figure>\n","protected":false},"excerpt":{"rendered":"<p>Razones para volver al cine y convertirse en espectador de la cuarta versi\u00f3n de Cortos en Grande, hay de sobra. El festival de cortometrajes que re\u00fane el trabajo f\u00edlmico de j\u00f3venes realizadores audiovisuales regresa a la presencialidad entre el 04 y 29 de noviembre en cinco ciudades del pa\u00eds, con obras nacionales e internacionales que [&hellip;]<\/p>\n","protected":false},"author":1,"featured_media":11994,"comment_status":"open","ping_status":"closed","sticky":false,"template":"","format":"standard","meta":{"_acf_changed":false,"footnotes":""},"categories":[8],"tags":[],"class_list":["post-11992","post","type-post","status-publish","format-standard","has-post-thumbnail","hentry","category-noticia"],"acf":[],"yoast_head":"<!-- This site is optimized with the Yoast SEO plugin v27.1.1 - https:\/\/yoast.com\/product\/yoast-seo-wordpress\/ -->\n<title>\u00a1Ya est\u00e1 sucediendo: Festival Cortos en Grande! - Valpara\u00ed\u00adso Creativo<\/title>\n<meta name=\"robots\" content=\"index, follow, max-snippet:-1, max-image-preview:large, max-video-preview:-1\" \/>\n<link rel=\"canonical\" href=\"https:\/\/dev.antudigital.cl\/sites\/vc\/ya-esta-sucediendo-festival-cortos-en-grande\/\" \/>\n<meta property=\"og:locale\" content=\"es_ES\" \/>\n<meta property=\"og:type\" content=\"article\" \/>\n<meta property=\"og:title\" content=\"\u00a1Ya est\u00e1 sucediendo: Festival Cortos en Grande! - Valpara\u00ed\u00adso Creativo\" \/>\n<meta property=\"og:description\" content=\"Razones para volver al cine y convertirse en espectador de la cuarta versi\u00f3n de Cortos en Grande, hay de sobra. El festival de cortometrajes que re\u00fane el trabajo f\u00edlmico de j\u00f3venes realizadores audiovisuales regresa a la presencialidad entre el 04 y 29 de noviembre en cinco ciudades del pa\u00eds, con obras nacionales e internacionales que [&hellip;]\" \/>\n<meta property=\"og:url\" content=\"https:\/\/dev.antudigital.cl\/sites\/vc\/ya-esta-sucediendo-festival-cortos-en-grande\/\" \/>\n<meta property=\"og:site_name\" content=\"Valpara\u00ed\u00adso Creativo\" \/>\n<meta property=\"article:published_time\" content=\"2022-11-07T17:28:48+00:00\" \/>\n<meta property=\"article:modified_time\" content=\"2022-11-07T17:28:54+00:00\" \/>\n<meta property=\"og:image\" content=\"https:\/\/dev.antudigital.cl\/sites\/vc\/wp-content\/uploads\/2022\/11\/ABRIL-Foto-1.jpg\" \/>\n\t<meta property=\"og:image:width\" content=\"1620\" \/>\n\t<meta property=\"og:image:height\" content=\"1080\" \/>\n\t<meta property=\"og:image:type\" content=\"image\/jpeg\" \/>\n<meta name=\"author\" content=\"Valpara\u00edso Creativo\" \/>\n<meta name=\"twitter:card\" content=\"summary_large_image\" \/>\n<meta name=\"twitter:label1\" content=\"Escrito por\" \/>\n\t<meta name=\"twitter:data1\" content=\"Valpara\u00edso Creativo\" \/>\n\t<meta name=\"twitter:label2\" content=\"Tiempo de lectura\" \/>\n\t<meta name=\"twitter:data2\" content=\"3 minutos\" \/>\n<script type=\"application\/ld+json\" class=\"yoast-schema-graph\">{\"@context\":\"https:\/\/schema.org\",\"@graph\":[{\"@type\":\"Article\",\"@id\":\"https:\/\/dev.antudigital.cl\/sites\/vc\/ya-esta-sucediendo-festival-cortos-en-grande\/#article\",\"isPartOf\":{\"@id\":\"https:\/\/dev.antudigital.cl\/sites\/vc\/ya-esta-sucediendo-festival-cortos-en-grande\/\"},\"author\":{\"name\":\"Valpara\u00edso Creativo\",\"@id\":\"https:\/\/dev.antudigital.cl\/sites\/vc\/#\/schema\/person\/c2b9da8dd545e27166fc5ab232837318\"},\"headline\":\"\u00a1Ya est\u00e1 sucediendo: Festival Cortos en Grande!\",\"datePublished\":\"2022-11-07T17:28:48+00:00\",\"dateModified\":\"2022-11-07T17:28:54+00:00\",\"mainEntityOfPage\":{\"@id\":\"https:\/\/dev.antudigital.cl\/sites\/vc\/ya-esta-sucediendo-festival-cortos-en-grande\/\"},\"wordCount\":511,\"commentCount\":0,\"image\":{\"@id\":\"https:\/\/dev.antudigital.cl\/sites\/vc\/ya-esta-sucediendo-festival-cortos-en-grande\/#primaryimage\"},\"thumbnailUrl\":\"https:\/\/dev.antudigital.cl\/sites\/vc\/wp-content\/uploads\/2022\/11\/ABRIL-Foto-1.jpg\",\"articleSection\":[\"Noticia\"],\"inLanguage\":\"es\",\"potentialAction\":[{\"@type\":\"CommentAction\",\"name\":\"Comment\",\"target\":[\"https:\/\/dev.antudigital.cl\/sites\/vc\/ya-esta-sucediendo-festival-cortos-en-grande\/#respond\"]}]},{\"@type\":\"WebPage\",\"@id\":\"https:\/\/dev.antudigital.cl\/sites\/vc\/ya-esta-sucediendo-festival-cortos-en-grande\/\",\"url\":\"https:\/\/dev.antudigital.cl\/sites\/vc\/ya-esta-sucediendo-festival-cortos-en-grande\/\",\"name\":\"\u00a1Ya est\u00e1 sucediendo: Festival Cortos en Grande! - Valpara\u00ed\u00adso Creativo\",\"isPartOf\":{\"@id\":\"https:\/\/dev.antudigital.cl\/sites\/vc\/#website\"},\"primaryImageOfPage\":{\"@id\":\"https:\/\/dev.antudigital.cl\/sites\/vc\/ya-esta-sucediendo-festival-cortos-en-grande\/#primaryimage\"},\"image\":{\"@id\":\"https:\/\/dev.antudigital.cl\/sites\/vc\/ya-esta-sucediendo-festival-cortos-en-grande\/#primaryimage\"},\"thumbnailUrl\":\"https:\/\/dev.antudigital.cl\/sites\/vc\/wp-content\/uploads\/2022\/11\/ABRIL-Foto-1.jpg\",\"datePublished\":\"2022-11-07T17:28:48+00:00\",\"dateModified\":\"2022-11-07T17:28:54+00:00\",\"author\":{\"@id\":\"https:\/\/dev.antudigital.cl\/sites\/vc\/#\/schema\/person\/c2b9da8dd545e27166fc5ab232837318\"},\"breadcrumb\":{\"@id\":\"https:\/\/dev.antudigital.cl\/sites\/vc\/ya-esta-sucediendo-festival-cortos-en-grande\/#breadcrumb\"},\"inLanguage\":\"es\",\"potentialAction\":[{\"@type\":\"ReadAction\",\"target\":[\"https:\/\/dev.antudigital.cl\/sites\/vc\/ya-esta-sucediendo-festival-cortos-en-grande\/\"]}]},{\"@type\":\"ImageObject\",\"inLanguage\":\"es\",\"@id\":\"https:\/\/dev.antudigital.cl\/sites\/vc\/ya-esta-sucediendo-festival-cortos-en-grande\/#primaryimage\",\"url\":\"https:\/\/dev.antudigital.cl\/sites\/vc\/wp-content\/uploads\/2022\/11\/ABRIL-Foto-1.jpg\",\"contentUrl\":\"https:\/\/dev.antudigital.cl\/sites\/vc\/wp-content\/uploads\/2022\/11\/ABRIL-Foto-1.jpg\",\"width\":1620,\"height\":1080},{\"@type\":\"BreadcrumbList\",\"@id\":\"https:\/\/dev.antudigital.cl\/sites\/vc\/ya-esta-sucediendo-festival-cortos-en-grande\/#breadcrumb\",\"itemListElement\":[{\"@type\":\"ListItem\",\"position\":1,\"name\":\"Home\",\"item\":\"https:\/\/dev.antudigital.cl\/sites\/vc\/\"},{\"@type\":\"ListItem\",\"position\":2,\"name\":\"\u00a1Ya est\u00e1 sucediendo: Festival Cortos en Grande!\"}]},{\"@type\":\"WebSite\",\"@id\":\"https:\/\/dev.antudigital.cl\/sites\/vc\/#website\",\"url\":\"https:\/\/dev.antudigital.cl\/sites\/vc\/\",\"name\":\"Valpara\u00ed\u00adso Creativo\",\"description\":\"\",\"potentialAction\":[{\"@type\":\"SearchAction\",\"target\":{\"@type\":\"EntryPoint\",\"urlTemplate\":\"https:\/\/dev.antudigital.cl\/sites\/vc\/?s={search_term_string}\"},\"query-input\":{\"@type\":\"PropertyValueSpecification\",\"valueRequired\":true,\"valueName\":\"search_term_string\"}}],\"inLanguage\":\"es\"},{\"@type\":\"Person\",\"@id\":\"https:\/\/dev.antudigital.cl\/sites\/vc\/#\/schema\/person\/c2b9da8dd545e27166fc5ab232837318\",\"name\":\"Valpara\u00edso Creativo\",\"description\":\"Periodista de cultura en la Regi\u00f3n de Valpara\u00edso.\",\"url\":\"https:\/\/dev.antudigital.cl\/sites\/vc\/author\/valpoadmin\/\"}]}<\/script>\n<!-- \/ Yoast SEO plugin. -->","yoast_head_json":{"title":"\u00a1Ya est\u00e1 sucediendo: Festival Cortos en Grande! - Valpara\u00ed\u00adso Creativo","robots":{"index":"index","follow":"follow","max-snippet":"max-snippet:-1","max-image-preview":"max-image-preview:large","max-video-preview":"max-video-preview:-1"},"canonical":"https:\/\/dev.antudigital.cl\/sites\/vc\/ya-esta-sucediendo-festival-cortos-en-grande\/","og_locale":"es_ES","og_type":"article","og_title":"\u00a1Ya est\u00e1 sucediendo: Festival Cortos en Grande! - Valpara\u00ed\u00adso Creativo","og_description":"Razones para volver al cine y convertirse en espectador de la cuarta versi\u00f3n de Cortos en Grande, hay de sobra. El festival de cortometrajes que re\u00fane el trabajo f\u00edlmico de j\u00f3venes realizadores audiovisuales regresa a la presencialidad entre el 04 y 29 de noviembre en cinco ciudades del pa\u00eds, con obras nacionales e internacionales que [&hellip;]","og_url":"https:\/\/dev.antudigital.cl\/sites\/vc\/ya-esta-sucediendo-festival-cortos-en-grande\/","og_site_name":"Valpara\u00ed\u00adso Creativo","article_published_time":"2022-11-07T17:28:48+00:00","article_modified_time":"2022-11-07T17:28:54+00:00","og_image":[{"width":1620,"height":1080,"url":"https:\/\/dev.antudigital.cl\/sites\/vc\/wp-content\/uploads\/2022\/11\/ABRIL-Foto-1.jpg","type":"image\/jpeg"}],"author":"Valpara\u00edso Creativo","twitter_card":"summary_large_image","twitter_misc":{"Escrito por":"Valpara\u00edso Creativo","Tiempo de lectura":"3 minutos"},"schema":{"@context":"https:\/\/schema.org","@graph":[{"@type":"Article","@id":"https:\/\/dev.antudigital.cl\/sites\/vc\/ya-esta-sucediendo-festival-cortos-en-grande\/#article","isPartOf":{"@id":"https:\/\/dev.antudigital.cl\/sites\/vc\/ya-esta-sucediendo-festival-cortos-en-grande\/"},"author":{"name":"Valpara\u00edso Creativo","@id":"https:\/\/dev.antudigital.cl\/sites\/vc\/#\/schema\/person\/c2b9da8dd545e27166fc5ab232837318"},"headline":"\u00a1Ya est\u00e1 sucediendo: Festival Cortos en Grande!","datePublished":"2022-11-07T17:28:48+00:00","dateModified":"2022-11-07T17:28:54+00:00","mainEntityOfPage":{"@id":"https:\/\/dev.antudigital.cl\/sites\/vc\/ya-esta-sucediendo-festival-cortos-en-grande\/"},"wordCount":511,"commentCount":0,"image":{"@id":"https:\/\/dev.antudigital.cl\/sites\/vc\/ya-esta-sucediendo-festival-cortos-en-grande\/#primaryimage"},"thumbnailUrl":"https:\/\/dev.antudigital.cl\/sites\/vc\/wp-content\/uploads\/2022\/11\/ABRIL-Foto-1.jpg","articleSection":["Noticia"],"inLanguage":"es","potentialAction":[{"@type":"CommentAction","name":"Comment","target":["https:\/\/dev.antudigital.cl\/sites\/vc\/ya-esta-sucediendo-festival-cortos-en-grande\/#respond"]}]},{"@type":"WebPage","@id":"https:\/\/dev.antudigital.cl\/sites\/vc\/ya-esta-sucediendo-festival-cortos-en-grande\/","url":"https:\/\/dev.antudigital.cl\/sites\/vc\/ya-esta-sucediendo-festival-cortos-en-grande\/","name":"\u00a1Ya est\u00e1 sucediendo: Festival Cortos en Grande! - Valpara\u00ed\u00adso Creativo","isPartOf":{"@id":"https:\/\/dev.antudigital.cl\/sites\/vc\/#website"},"primaryImageOfPage":{"@id":"https:\/\/dev.antudigital.cl\/sites\/vc\/ya-esta-sucediendo-festival-cortos-en-grande\/#primaryimage"},"image":{"@id":"https:\/\/dev.antudigital.cl\/sites\/vc\/ya-esta-sucediendo-festival-cortos-en-grande\/#primaryimage"},"thumbnailUrl":"https:\/\/dev.antudigital.cl\/sites\/vc\/wp-content\/uploads\/2022\/11\/ABRIL-Foto-1.jpg","datePublished":"2022-11-07T17:28:48+00:00","dateModified":"2022-11-07T17:28:54+00:00","author":{"@id":"https:\/\/dev.antudigital.cl\/sites\/vc\/#\/schema\/person\/c2b9da8dd545e27166fc5ab232837318"},"breadcrumb":{"@id":"https:\/\/dev.antudigital.cl\/sites\/vc\/ya-esta-sucediendo-festival-cortos-en-grande\/#breadcrumb"},"inLanguage":"es","potentialAction":[{"@type":"ReadAction","target":["https:\/\/dev.antudigital.cl\/sites\/vc\/ya-esta-sucediendo-festival-cortos-en-grande\/"]}]},{"@type":"ImageObject","inLanguage":"es","@id":"https:\/\/dev.antudigital.cl\/sites\/vc\/ya-esta-sucediendo-festival-cortos-en-grande\/#primaryimage","url":"https:\/\/dev.antudigital.cl\/sites\/vc\/wp-content\/uploads\/2022\/11\/ABRIL-Foto-1.jpg","contentUrl":"https:\/\/dev.antudigital.cl\/sites\/vc\/wp-content\/uploads\/2022\/11\/ABRIL-Foto-1.jpg","width":1620,"height":1080},{"@type":"BreadcrumbList","@id":"https:\/\/dev.antudigital.cl\/sites\/vc\/ya-esta-sucediendo-festival-cortos-en-grande\/#breadcrumb","itemListElement":[{"@type":"ListItem","position":1,"name":"Home","item":"https:\/\/dev.antudigital.cl\/sites\/vc\/"},{"@type":"ListItem","position":2,"name":"\u00a1Ya est\u00e1 sucediendo: Festival Cortos en Grande!"}]},{"@type":"WebSite","@id":"https:\/\/dev.antudigital.cl\/sites\/vc\/#website","url":"https:\/\/dev.antudigital.cl\/sites\/vc\/","name":"Valpara\u00ed\u00adso Creativo","description":"","potentialAction":[{"@type":"SearchAction","target":{"@type":"EntryPoint","urlTemplate":"https:\/\/dev.antudigital.cl\/sites\/vc\/?s={search_term_string}"},"query-input":{"@type":"PropertyValueSpecification","valueRequired":true,"valueName":"search_term_string"}}],"inLanguage":"es"},{"@type":"Person","@id":"https:\/\/dev.antudigital.cl\/sites\/vc\/#\/schema\/person\/c2b9da8dd545e27166fc5ab232837318","name":"Valpara\u00edso Creativo","description":"Periodista de cultura en la Regi\u00f3n de Valpara\u00edso.","url":"https:\/\/dev.antudigital.cl\/sites\/vc\/author\/valpoadmin\/"}]}},"_links":{"self":[{"href":"https:\/\/dev.antudigital.cl\/sites\/vc\/wp-json\/wp\/v2\/posts\/11992","targetHints":{"allow":["GET"]}}],"collection":[{"href":"https:\/\/dev.antudigital.cl\/sites\/vc\/wp-json\/wp\/v2\/posts"}],"about":[{"href":"https:\/\/dev.antudigital.cl\/sites\/vc\/wp-json\/wp\/v2\/types\/post"}],"author":[{"embeddable":true,"href":"https:\/\/dev.antudigital.cl\/sites\/vc\/wp-json\/wp\/v2\/users\/1"}],"replies":[{"embeddable":true,"href":"https:\/\/dev.antudigital.cl\/sites\/vc\/wp-json\/wp\/v2\/comments?post=11992"}],"version-history":[{"count":2,"href":"https:\/\/dev.antudigital.cl\/sites\/vc\/wp-json\/wp\/v2\/posts\/11992\/revisions"}],"predecessor-version":[{"id":11996,"href":"https:\/\/dev.antudigital.cl\/sites\/vc\/wp-json\/wp\/v2\/posts\/11992\/revisions\/11996"}],"wp:featuredmedia":[{"embeddable":true,"href":"https:\/\/dev.antudigital.cl\/sites\/vc\/wp-json\/wp\/v2\/media\/11994"}],"wp:attachment":[{"href":"https:\/\/dev.antudigital.cl\/sites\/vc\/wp-json\/wp\/v2\/media?parent=11992"}],"wp:term":[{"taxonomy":"category","embeddable":true,"href":"https:\/\/dev.antudigital.cl\/sites\/vc\/wp-json\/wp\/v2\/categories?post=11992"},{"taxonomy":"post_tag","embeddable":true,"href":"https:\/\/dev.antudigital.cl\/sites\/vc\/wp-json\/wp\/v2\/tags?post=11992"}],"curies":[{"name":"wp","href":"https:\/\/api.w.org\/{rel}","templated":true}]}}