{"id":12000,"date":"2022-11-07T17:45:06","date_gmt":"2022-11-07T17:45:06","guid":{"rendered":"https:\/\/www.valparaisocreativo.cl\/?p=12000"},"modified":"2022-11-07T20:52:42","modified_gmt":"2022-11-07T20:52:42","slug":"no-te-pierdas-festival-puerto-de-ideas-2022","status":"publish","type":"post","link":"https:\/\/dev.antudigital.cl\/sites\/vc\/no-te-pierdas-festival-puerto-de-ideas-2022\/","title":{"rendered":"No te pierdas Festival Puerto de Ideas 2022"},"content":{"rendered":"\n<p>Entre el 7 y el 13 de noviembre se realizar\u00e1 la instancia cultural porte\u00f1a que invita a reunirse y dialogar, desde m\u00faltiples disciplinas y actividades, con los m\u00e1s destacados pensadores de la actualidad. Entre los invitados destacan el fil\u00f3sofo italiano Luciano Floridi, el famoso escritor franc\u00e9s David Foenkinos, la neurocient\u00edfica brasile\u00f1a Ana Christina Nobre, y la especialista en nuevas tecnolog\u00edas argentina Flavia Costa. Tambi\u00e9n se encuentran el escritor ingl\u00e9s Philippe Sands, la mexicana Guadalupe Nettel y el chileno Benjam\u00edn Labatut.<\/p>\n\n\n\n<p><strong>\u201cEl Festival es una invitaci\u00f3n a volver a encontrarnos en las ideas, esta vez sin mascarillas, lo que nos tiene felices, a trav\u00e9s de charlas, di\u00e1logos y espect\u00e1culos, podremos imaginar respuestas a los&nbsp;desaf\u00edos&nbsp;actuales junto a los m\u00e1s destacados pensadores nacionales e internacionales de la actualidad\u201d<\/strong>, dijo Chantal Signorio, presidenta de la Fundaci\u00f3n Puerto de Ideas, agregando que <strong>\u201dla creaci\u00f3n art\u00edstica, las humanidades y la ciencia siempre ofrecen miradas enriquecedoras sobre el pa\u00eds y la sociedad y es de vital importancia que esas ideas lleguen a todas y todos\u201d<\/strong>.<\/p>\n\n\n\n<p>Ser\u00e1n m\u00e1s de 30 invitados que participar\u00e1n en esta versi\u00f3n del Festival. Puerto de Ideas Valpara\u00edso se realiza gracias al aporte de Coopeuch, Colb\u00fan y del Ministerio de las Culturas, las Artes y el Patrimonio. El detalle de las actividades est\u00e1 disponible en <a href=\"https:\/\/puertodeideas.cl\/\" target=\"_blank\" rel=\"noreferrer noopener\"><strong>puertodeideas.cl.<\/strong><\/a><\/p>\n","protected":false},"excerpt":{"rendered":"<p>Entre el 7 y el 13 de noviembre se realizar\u00e1 la instancia cultural porte\u00f1a que invita a reunirse y dialogar, desde m\u00faltiples disciplinas y actividades, con los m\u00e1s destacados pensadores de la actualidad. Entre los invitados destacan el fil\u00f3sofo italiano Luciano Floridi, el famoso escritor franc\u00e9s David Foenkinos, la neurocient\u00edfica brasile\u00f1a Ana Christina Nobre, y [&hellip;]<\/p>\n","protected":false},"author":1,"featured_media":0,"comment_status":"open","ping_status":"closed","sticky":false,"template":"","format":"standard","meta":{"_acf_changed":false,"footnotes":""},"categories":[1],"tags":[],"class_list":["post-12000","post","type-post","status-publish","format-standard","hentry","category-uncategorized"],"acf":[],"yoast_head":"<!-- This site is optimized with the Yoast SEO plugin v27.1.1 - https:\/\/yoast.com\/product\/yoast-seo-wordpress\/ -->\n<title>No te pierdas Festival Puerto de Ideas 2022 - Valpara\u00ed\u00adso Creativo<\/title>\n<meta name=\"robots\" content=\"index, follow, max-snippet:-1, max-image-preview:large, max-video-preview:-1\" \/>\n<link rel=\"canonical\" href=\"https:\/\/dev.antudigital.cl\/sites\/vc\/no-te-pierdas-festival-puerto-de-ideas-2022\/\" \/>\n<meta property=\"og:locale\" content=\"es_ES\" \/>\n<meta property=\"og:type\" content=\"article\" \/>\n<meta property=\"og:title\" content=\"No te pierdas Festival Puerto de Ideas 2022 - Valpara\u00ed\u00adso Creativo\" \/>\n<meta property=\"og:description\" content=\"Entre el 7 y el 13 de noviembre se realizar\u00e1 la instancia cultural porte\u00f1a que invita a reunirse y dialogar, desde m\u00faltiples disciplinas y actividades, con los m\u00e1s destacados pensadores de la actualidad. Entre los invitados destacan el fil\u00f3sofo italiano Luciano Floridi, el famoso escritor franc\u00e9s David Foenkinos, la neurocient\u00edfica brasile\u00f1a Ana Christina Nobre, y [&hellip;]\" \/>\n<meta property=\"og:url\" content=\"https:\/\/dev.antudigital.cl\/sites\/vc\/no-te-pierdas-festival-puerto-de-ideas-2022\/\" \/>\n<meta property=\"og:site_name\" content=\"Valpara\u00ed\u00adso Creativo\" \/>\n<meta property=\"article:published_time\" content=\"2022-11-07T17:45:06+00:00\" \/>\n<meta property=\"article:modified_time\" content=\"2022-11-07T20:52:42+00:00\" \/>\n<meta name=\"author\" content=\"Valpara\u00edso Creativo\" \/>\n<meta name=\"twitter:card\" content=\"summary_large_image\" \/>\n<meta name=\"twitter:label1\" content=\"Escrito por\" \/>\n\t<meta name=\"twitter:data1\" content=\"Valpara\u00edso Creativo\" \/>\n\t<meta name=\"twitter:label2\" content=\"Tiempo de lectura\" \/>\n\t<meta name=\"twitter:data2\" content=\"1 minuto\" \/>\n<script type=\"application\/ld+json\" class=\"yoast-schema-graph\">{\"@context\":\"https:\/\/schema.org\",\"@graph\":[{\"@type\":\"Article\",\"@id\":\"https:\/\/dev.antudigital.cl\/sites\/vc\/no-te-pierdas-festival-puerto-de-ideas-2022\/#article\",\"isPartOf\":{\"@id\":\"https:\/\/dev.antudigital.cl\/sites\/vc\/no-te-pierdas-festival-puerto-de-ideas-2022\/\"},\"author\":{\"name\":\"Valpara\u00edso Creativo\",\"@id\":\"https:\/\/dev.antudigital.cl\/sites\/vc\/#\/schema\/person\/c2b9da8dd545e27166fc5ab232837318\"},\"headline\":\"No te pierdas Festival Puerto de Ideas 2022\",\"datePublished\":\"2022-11-07T17:45:06+00:00\",\"dateModified\":\"2022-11-07T20:52:42+00:00\",\"mainEntityOfPage\":{\"@id\":\"https:\/\/dev.antudigital.cl\/sites\/vc\/no-te-pierdas-festival-puerto-de-ideas-2022\/\"},\"wordCount\":248,\"commentCount\":0,\"articleSection\":[\"Uncategorized\"],\"inLanguage\":\"es\",\"potentialAction\":[{\"@type\":\"CommentAction\",\"name\":\"Comment\",\"target\":[\"https:\/\/dev.antudigital.cl\/sites\/vc\/no-te-pierdas-festival-puerto-de-ideas-2022\/#respond\"]}]},{\"@type\":\"WebPage\",\"@id\":\"https:\/\/dev.antudigital.cl\/sites\/vc\/no-te-pierdas-festival-puerto-de-ideas-2022\/\",\"url\":\"https:\/\/dev.antudigital.cl\/sites\/vc\/no-te-pierdas-festival-puerto-de-ideas-2022\/\",\"name\":\"No te pierdas Festival Puerto de Ideas 2022 - Valpara\u00ed\u00adso Creativo\",\"isPartOf\":{\"@id\":\"https:\/\/dev.antudigital.cl\/sites\/vc\/#website\"},\"datePublished\":\"2022-11-07T17:45:06+00:00\",\"dateModified\":\"2022-11-07T20:52:42+00:00\",\"author\":{\"@id\":\"https:\/\/dev.antudigital.cl\/sites\/vc\/#\/schema\/person\/c2b9da8dd545e27166fc5ab232837318\"},\"breadcrumb\":{\"@id\":\"https:\/\/dev.antudigital.cl\/sites\/vc\/no-te-pierdas-festival-puerto-de-ideas-2022\/#breadcrumb\"},\"inLanguage\":\"es\",\"potentialAction\":[{\"@type\":\"ReadAction\",\"target\":[\"https:\/\/dev.antudigital.cl\/sites\/vc\/no-te-pierdas-festival-puerto-de-ideas-2022\/\"]}]},{\"@type\":\"BreadcrumbList\",\"@id\":\"https:\/\/dev.antudigital.cl\/sites\/vc\/no-te-pierdas-festival-puerto-de-ideas-2022\/#breadcrumb\",\"itemListElement\":[{\"@type\":\"ListItem\",\"position\":1,\"name\":\"Home\",\"item\":\"https:\/\/dev.antudigital.cl\/sites\/vc\/\"},{\"@type\":\"ListItem\",\"position\":2,\"name\":\"No te pierdas Festival Puerto de Ideas 2022\"}]},{\"@type\":\"WebSite\",\"@id\":\"https:\/\/dev.antudigital.cl\/sites\/vc\/#website\",\"url\":\"https:\/\/dev.antudigital.cl\/sites\/vc\/\",\"name\":\"Valpara\u00ed\u00adso Creativo\",\"description\":\"\",\"potentialAction\":[{\"@type\":\"SearchAction\",\"target\":{\"@type\":\"EntryPoint\",\"urlTemplate\":\"https:\/\/dev.antudigital.cl\/sites\/vc\/?s={search_term_string}\"},\"query-input\":{\"@type\":\"PropertyValueSpecification\",\"valueRequired\":true,\"valueName\":\"search_term_string\"}}],\"inLanguage\":\"es\"},{\"@type\":\"Person\",\"@id\":\"https:\/\/dev.antudigital.cl\/sites\/vc\/#\/schema\/person\/c2b9da8dd545e27166fc5ab232837318\",\"name\":\"Valpara\u00edso Creativo\",\"description\":\"Periodista de cultura en la Regi\u00f3n de Valpara\u00edso.\",\"url\":\"https:\/\/dev.antudigital.cl\/sites\/vc\/author\/valpoadmin\/\"}]}<\/script>\n<!-- \/ Yoast SEO plugin. -->","yoast_head_json":{"title":"No te pierdas Festival Puerto de Ideas 2022 - Valpara\u00ed\u00adso Creativo","robots":{"index":"index","follow":"follow","max-snippet":"max-snippet:-1","max-image-preview":"max-image-preview:large","max-video-preview":"max-video-preview:-1"},"canonical":"https:\/\/dev.antudigital.cl\/sites\/vc\/no-te-pierdas-festival-puerto-de-ideas-2022\/","og_locale":"es_ES","og_type":"article","og_title":"No te pierdas Festival Puerto de Ideas 2022 - Valpara\u00ed\u00adso Creativo","og_description":"Entre el 7 y el 13 de noviembre se realizar\u00e1 la instancia cultural porte\u00f1a que invita a reunirse y dialogar, desde m\u00faltiples disciplinas y actividades, con los m\u00e1s destacados pensadores de la actualidad. Entre los invitados destacan el fil\u00f3sofo italiano Luciano Floridi, el famoso escritor franc\u00e9s David Foenkinos, la neurocient\u00edfica brasile\u00f1a Ana Christina Nobre, y [&hellip;]","og_url":"https:\/\/dev.antudigital.cl\/sites\/vc\/no-te-pierdas-festival-puerto-de-ideas-2022\/","og_site_name":"Valpara\u00ed\u00adso Creativo","article_published_time":"2022-11-07T17:45:06+00:00","article_modified_time":"2022-11-07T20:52:42+00:00","author":"Valpara\u00edso Creativo","twitter_card":"summary_large_image","twitter_misc":{"Escrito por":"Valpara\u00edso Creativo","Tiempo de lectura":"1 minuto"},"schema":{"@context":"https:\/\/schema.org","@graph":[{"@type":"Article","@id":"https:\/\/dev.antudigital.cl\/sites\/vc\/no-te-pierdas-festival-puerto-de-ideas-2022\/#article","isPartOf":{"@id":"https:\/\/dev.antudigital.cl\/sites\/vc\/no-te-pierdas-festival-puerto-de-ideas-2022\/"},"author":{"name":"Valpara\u00edso Creativo","@id":"https:\/\/dev.antudigital.cl\/sites\/vc\/#\/schema\/person\/c2b9da8dd545e27166fc5ab232837318"},"headline":"No te pierdas Festival Puerto de Ideas 2022","datePublished":"2022-11-07T17:45:06+00:00","dateModified":"2022-11-07T20:52:42+00:00","mainEntityOfPage":{"@id":"https:\/\/dev.antudigital.cl\/sites\/vc\/no-te-pierdas-festival-puerto-de-ideas-2022\/"},"wordCount":248,"commentCount":0,"articleSection":["Uncategorized"],"inLanguage":"es","potentialAction":[{"@type":"CommentAction","name":"Comment","target":["https:\/\/dev.antudigital.cl\/sites\/vc\/no-te-pierdas-festival-puerto-de-ideas-2022\/#respond"]}]},{"@type":"WebPage","@id":"https:\/\/dev.antudigital.cl\/sites\/vc\/no-te-pierdas-festival-puerto-de-ideas-2022\/","url":"https:\/\/dev.antudigital.cl\/sites\/vc\/no-te-pierdas-festival-puerto-de-ideas-2022\/","name":"No te pierdas Festival Puerto de Ideas 2022 - Valpara\u00ed\u00adso Creativo","isPartOf":{"@id":"https:\/\/dev.antudigital.cl\/sites\/vc\/#website"},"datePublished":"2022-11-07T17:45:06+00:00","dateModified":"2022-11-07T20:52:42+00:00","author":{"@id":"https:\/\/dev.antudigital.cl\/sites\/vc\/#\/schema\/person\/c2b9da8dd545e27166fc5ab232837318"},"breadcrumb":{"@id":"https:\/\/dev.antudigital.cl\/sites\/vc\/no-te-pierdas-festival-puerto-de-ideas-2022\/#breadcrumb"},"inLanguage":"es","potentialAction":[{"@type":"ReadAction","target":["https:\/\/dev.antudigital.cl\/sites\/vc\/no-te-pierdas-festival-puerto-de-ideas-2022\/"]}]},{"@type":"BreadcrumbList","@id":"https:\/\/dev.antudigital.cl\/sites\/vc\/no-te-pierdas-festival-puerto-de-ideas-2022\/#breadcrumb","itemListElement":[{"@type":"ListItem","position":1,"name":"Home","item":"https:\/\/dev.antudigital.cl\/sites\/vc\/"},{"@type":"ListItem","position":2,"name":"No te pierdas Festival Puerto de Ideas 2022"}]},{"@type":"WebSite","@id":"https:\/\/dev.antudigital.cl\/sites\/vc\/#website","url":"https:\/\/dev.antudigital.cl\/sites\/vc\/","name":"Valpara\u00ed\u00adso Creativo","description":"","potentialAction":[{"@type":"SearchAction","target":{"@type":"EntryPoint","urlTemplate":"https:\/\/dev.antudigital.cl\/sites\/vc\/?s={search_term_string}"},"query-input":{"@type":"PropertyValueSpecification","valueRequired":true,"valueName":"search_term_string"}}],"inLanguage":"es"},{"@type":"Person","@id":"https:\/\/dev.antudigital.cl\/sites\/vc\/#\/schema\/person\/c2b9da8dd545e27166fc5ab232837318","name":"Valpara\u00edso Creativo","description":"Periodista de cultura en la Regi\u00f3n de Valpara\u00edso.","url":"https:\/\/dev.antudigital.cl\/sites\/vc\/author\/valpoadmin\/"}]}},"_links":{"self":[{"href":"https:\/\/dev.antudigital.cl\/sites\/vc\/wp-json\/wp\/v2\/posts\/12000","targetHints":{"allow":["GET"]}}],"collection":[{"href":"https:\/\/dev.antudigital.cl\/sites\/vc\/wp-json\/wp\/v2\/posts"}],"about":[{"href":"https:\/\/dev.antudigital.cl\/sites\/vc\/wp-json\/wp\/v2\/types\/post"}],"author":[{"embeddable":true,"href":"https:\/\/dev.antudigital.cl\/sites\/vc\/wp-json\/wp\/v2\/users\/1"}],"replies":[{"embeddable":true,"href":"https:\/\/dev.antudigital.cl\/sites\/vc\/wp-json\/wp\/v2\/comments?post=12000"}],"version-history":[{"count":2,"href":"https:\/\/dev.antudigital.cl\/sites\/vc\/wp-json\/wp\/v2\/posts\/12000\/revisions"}],"predecessor-version":[{"id":12026,"href":"https:\/\/dev.antudigital.cl\/sites\/vc\/wp-json\/wp\/v2\/posts\/12000\/revisions\/12026"}],"wp:attachment":[{"href":"https:\/\/dev.antudigital.cl\/sites\/vc\/wp-json\/wp\/v2\/media?parent=12000"}],"wp:term":[{"taxonomy":"category","embeddable":true,"href":"https:\/\/dev.antudigital.cl\/sites\/vc\/wp-json\/wp\/v2\/categories?post=12000"},{"taxonomy":"post_tag","embeddable":true,"href":"https:\/\/dev.antudigital.cl\/sites\/vc\/wp-json\/wp\/v2\/tags?post=12000"}],"curies":[{"name":"wp","href":"https:\/\/api.w.org\/{rel}","templated":true}]}}