{"id":12002,"date":"2022-11-07T17:53:09","date_gmt":"2022-11-07T17:53:09","guid":{"rendered":"https:\/\/www.valparaisocreativo.cl\/?p=12002"},"modified":"2022-11-07T17:53:16","modified_gmt":"2022-11-07T17:53:16","slug":"rockodromo-vuelve-a-valparaiso-con-los-jaivas-princesa-alba-y-mas-de-60-bandas-de-todo-el-pais","status":"publish","type":"post","link":"https:\/\/dev.antudigital.cl\/sites\/vc\/rockodromo-vuelve-a-valparaiso-con-los-jaivas-princesa-alba-y-mas-de-60-bandas-de-todo-el-pais\/","title":{"rendered":"Rock\u00f3dromo vuelve a Valpara\u00edso con Los Jaivas, Princesa Alba y m\u00e1s de 60 bandas de todo el pa\u00eds"},"content":{"rendered":"\n<p>Tres a\u00f1os despu\u00e9s de su \u00faltima edici\u00f3n en el Parque Alejo Barrios de Valpara\u00edso, el festival p\u00fablico m\u00e1s importante de la m\u00fasica nacional vuelve a las canchas. La versi\u00f3n n\u00famero 18 de Rock\u00f3dromo retoma su formato presencial para celebrar una nueva edici\u00f3n, la primera que incluye a bandas y elencos provenientes desde todas las regiones del pa\u00eds: 64 nombres en total que traer\u00e1n rock, m\u00fasica urbana y de ra\u00edz, metal y pop electr\u00f3nico, para un cartel diverso y original, y que suma a invitados de trayectoria como <strong>Princesa Alba, Los Jaivas y Los Tres.<\/strong><\/p>\n\n\n\n<p><strong>Producido por el <a href=\"https:\/\/www.cultura.gob.cl\/\">Ministerio de las Culturas, las Artes y el Patrimonio<\/a> a trav\u00e9s de su programa Escuelas de Rock y M\u00fasica Popular<\/strong>, Rock\u00f3dromo 2022 y todas sus actividades se desarrollar\u00e1n en la comuna de <strong>Valpara\u00edso desde el 15 al 18 de diciembre<\/strong>, con sus dos fechas centrales dispuestas para el s\u00e1bado 17 y domingo 18 en el <strong>Parque Alejo Barrios<\/strong> y <strong>entrada liberada en toda su programaci\u00f3n<\/strong>.<\/p>\n\n\n\n<figure class=\"wp-block-image size-full\"><img fetchpriority=\"high\" decoding=\"async\" width=\"1024\" height=\"683\" src=\"https:\/\/www.valparaisocreativo.cl\/wp-content\/uploads\/2022\/11\/06-1024x683-1.jpg\" alt=\"\" class=\"wp-image-12003\" srcset=\"https:\/\/dev.antudigital.cl\/sites\/vc\/wp-content\/uploads\/2022\/11\/06-1024x683-1.jpg 1024w, https:\/\/dev.antudigital.cl\/sites\/vc\/wp-content\/uploads\/2022\/11\/06-1024x683-1-300x200.jpg 300w, https:\/\/dev.antudigital.cl\/sites\/vc\/wp-content\/uploads\/2022\/11\/06-1024x683-1-768x512.jpg 768w, https:\/\/dev.antudigital.cl\/sites\/vc\/wp-content\/uploads\/2022\/11\/06-1024x683-1-980x654.jpg 980w, https:\/\/dev.antudigital.cl\/sites\/vc\/wp-content\/uploads\/2022\/11\/06-1024x683-1-480x320.jpg 480w\" sizes=\"(max-width: 1024px) 100vw, 1024px\" \/><\/figure>\n\n\n\n<p>Bajo el lema \u00a1Viento en popa!, el certamen apuntala su regreso en sus llamadas figuras de trayectoria:<strong> Los Jaivas<\/strong> abriendo las celebraciones por sus 60 a\u00f1os de vida; la banda <strong>Los Tres<\/strong> en medio de una gira que rescata un repertorio in\u00e9dito para sus presentaciones en vivo; una leyenda del bolero porte\u00f1o, <strong>Luis Alberto Mart\u00ednez<\/strong>; emblemas del rock nacional como <strong>Chancho en Piedra<\/strong>; pr\u00f3ceres del metal local en plena actividad como <strong>Torturer<\/strong>; la fiesta popular de <strong>Macha &amp; Cabezas Rojas<\/strong>; el carnaval altipl\u00e1nico con <strong>Banda Conmoci\u00f3n<\/strong>; <strong>Princesa Alba<\/strong> y la nueva m\u00fasica urbana; <strong>Camila Moreno<\/strong> y <strong>Javiera Mena<\/strong> para nuevos y desafiantes abordajes para la m\u00fasica pop.<\/p>\n\n\n\n<p>Junto a ellos y ellas, bandas y solistas provenientes de las <strong>16 regiones del pa\u00eds<\/strong>, participantes de los ciclos de formaci\u00f3n de Escuelas de Rock y M\u00fasica Popular. Rock\u00f3dromo, adem\u00e1s, se pliega a la celebraci\u00f3n del<strong> D\u00eda del Migrante<\/strong> con la realizaci\u00f3n del <strong>Escenario Intercultural Winnipeg Sin Fronteras<\/strong>. En total, ser\u00e1n cinco los escenarios sobre el predio de Playa Ancha, con un estimado de <strong>400 personas en trabajos de producci\u00f3n; y cerca de 390 m\u00fasicos en escena.<\/strong><\/p>\n\n\n\n<figure class=\"wp-block-image size-full\"><img decoding=\"async\" width=\"1024\" height=\"683\" src=\"https:\/\/www.valparaisocreativo.cl\/wp-content\/uploads\/2022\/11\/02-1024x683-1.jpg\" alt=\"\" class=\"wp-image-12005\" srcset=\"https:\/\/dev.antudigital.cl\/sites\/vc\/wp-content\/uploads\/2022\/11\/02-1024x683-1.jpg 1024w, https:\/\/dev.antudigital.cl\/sites\/vc\/wp-content\/uploads\/2022\/11\/02-1024x683-1-300x200.jpg 300w, https:\/\/dev.antudigital.cl\/sites\/vc\/wp-content\/uploads\/2022\/11\/02-1024x683-1-768x512.jpg 768w, https:\/\/dev.antudigital.cl\/sites\/vc\/wp-content\/uploads\/2022\/11\/02-1024x683-1-980x654.jpg 980w, https:\/\/dev.antudigital.cl\/sites\/vc\/wp-content\/uploads\/2022\/11\/02-1024x683-1-480x320.jpg 480w\" sizes=\"(max-width: 1024px) 100vw, 1024px\" \/><\/figure>\n\n\n\n<p><strong>Industria y reactivaci\u00f3n<\/strong><\/p>\n\n\n\n<p>Junto a las dos fechas centrales en el Parque Alejo Barrios, el festival contempla otras actividades en la comuna. El Teatro Municipal de Valpara\u00edso ser\u00e1 sede para la Gala Ciudades Musicales Unesco, actividad que inaugura el jueves 15 la edici\u00f3n XVIII de Rock\u00f3dromo con un espect\u00e1culo dedicado al repertorio popular de Valpara\u00edso, con la participaci\u00f3n del director y compositor Sebasti\u00e1n Err\u00e1zuriz desde Frutillar; y la Orquesta Marga-Marga junto a artistas de la ciudad puerto.<\/p>\n\n\n\n<p>Rock\u00f3dromo 2022, adem\u00e1s, dispondr\u00e1 de un espacio de discusi\u00f3n y encuentro para agentes y programadores de la industria musical, <strong>Rock\u00f3dromo Industria<\/strong>, con jornadas los d\u00edas viernes 16 y s\u00e1bado 17 en la <strong>Facultad de Arquitectura de la <a href=\"https:\/\/www.uv.cl\/\">Universidad de Valpara\u00edso<\/a><\/strong>. All\u00ed se discutir\u00e1n alcances sobre la realizaci\u00f3n de conciertos y eventos culturales en el escenario pospandemia.<\/p>\n\n\n\n<p>\u00abLa Universidad de Valpara\u00edso se sumar\u00e1 como colaborador a esta versi\u00f3n XVIII del festival nacional Rock\u00f3dromo. Nuestra casa de estudios se har\u00e1 parte de este festival a trav\u00e9s de la actividad denominada Rock\u00f3dromo Industria, instancia que se realizar\u00e1 en nuestra<strong> aula Juan Araya de la Facultad de Arquitectura<\/strong> y que contar\u00e1 con la presencia de programadoras y programadores de teatros y centros culturales de todo el pa\u00eds e invitados internacionales, y cuyo objetivo es motorizar el intercambio regional y con pa\u00edses de Latinoam\u00e9rica, de la nueva m\u00fasica chilena\u00bb, adelant\u00f3 el vicerrector de Vinculaci\u00f3n con el Medio de la Universidad de Valpara\u00edso, Carlos Lara.<\/p>\n\n\n\n<p>As\u00ed, el festival asume su responsabilidad dentro de la reactivaci\u00f3n del \u00e1rea con antecedentes a la mano: la m\u00e1s reciente edici\u00f3n presencial de Rock\u00f3dromo a la fecha, realizada en febrero de 2019, cifr\u00f3 su impacto econ\u00f3mico indirecto hacia la ciudad de Valpara\u00edso en $244.247.326, de acuerdo a un estudio encargado ese a\u00f1o a la empresa Fanear Labs.<\/p>\n\n\n\n<p>El cartel completo del festival, adem\u00e1s de su programaci\u00f3n diaria y todos los detalles que seguir\u00e1 revelando su edici\u00f3n XVIII se encuentran en <strong>escuelasderock.cultura.gob.cl.<\/strong><\/p>\n\n\n\n<p><strong>Rock\u00f3dromo 2022<\/strong><\/p>\n\n\n\n<p><strong>\u00a1Viento en popa!<\/strong><\/p>\n\n\n\n<p><strong>Del 15 al 18 de diciembre de 2022<\/strong><\/p>\n\n\n\n<p><em>Parque Alejo Barrios \u2013 Teatro Municipal de Valpara\u00edso \u2013 Casa de la Cultura de Valpara\u00edso \u2013 Facultad de Arquitectura de la Universidad de Valpara\u00edso<\/em><\/p>\n\n\n\n<p><strong>Los Jaivas \u2013 Princesa Alba \u2013 Los Tres \u2013 Camila Moreno \u2013 Javiera Mena \u2013 Torturer \u2013 Chancho en Piedra \u2013 Macha y Cabezas Rojas -Banda Conmoci\u00f3n \u2013 Luis Alberto Mart\u00ednez<\/strong><\/p>\n\n\n\n<p><strong><a href=\"https:\/\/www.instagram.com\/likancur\">Likancur<\/a> (Regi\u00f3n de Arica) \u2013 <a href=\"https:\/\/www.instagram.com\/firko.rxn\/\">Firko<\/a> (Regi\u00f3n de Tarapac\u00e1) \u2013 <a href=\"https:\/\/www.instagram.com\/hombresquelloranoficial\/\">Hombres Que Lloran<\/a> (Regi\u00f3n de Antofagasta) \u2013 <a href=\"https:\/\/www.instagram.com\/whiplash_copiapo\/\">Whiplash<\/a> (Regi\u00f3n de Atacama) \u2013 <a href=\"https:\/\/www.instagram.com\/flamantesmusica\/\">Flamant\u00ebs<\/a> (Regi\u00f3n de Coquimbo) \u2013 <a href=\"https:\/\/www.instagram.com\/danianeko\/\">Dania Neko<\/a> (Regi\u00f3n de Valpara\u00edso) \u2013 <a href=\"https:\/\/www.instagram.com\/rataliadepalo\/\">Ratalia<\/a> (VAL) \u2013 <a href=\"https:\/\/www.instagram.com\/ninionadie.music\/\">Ni\u00f1o Nadie<\/a> (VAL) \u2013 <a href=\"https:\/\/www.instagram.com\/oidodecondor\/\">O\u00eddo de C\u00f3ndor<\/a> (VAL) \u2013 <a href=\"https:\/\/www.instagram.com\/kelu.reggae\/\">Kelu Reggae<\/a> (VAL) \u2013 <a href=\"https:\/\/www.instagram.com\/the_mouts\/\">The Mouts<\/a> (VAL) \u2013 <a href=\"https:\/\/www.instagram.com\/sonprimate\/\">Son Primate<\/a> (VAL) \u2013 <a href=\"https:\/\/www.instagram.com\/manushjazzgitano\/\">Manush<\/a> (VAL) \u2013 <a href=\"https:\/\/www.instagram.com\/zetaceosbanda\/\">Zetaceos<\/a> (Regi\u00f3n de O\u2019Higgins) \u2013 <a href=\"https:\/\/www.instagram.com\/vocesdelatierrachile\/\">Voces de la Tierra<\/a> (Regi\u00f3n del Maule) \u2013 <a href=\"https:\/\/www.instagram.com\/delfbanda\/\">D\u00f3nde Est\u00e1 La Fauna?<\/a> (Regi\u00f3n del Biob\u00edo)\u2013 <a href=\"https:\/\/www.instagram.com\/bandalunaerrante\/\">Luna Errante<\/a> (Regi\u00f3n de \u00d1uble) \u2013 <a href=\"https:\/\/www.instagram.com\/mariacompas\/\">Mar\u00eda Comp\u00e1s<\/a> (Regi\u00f3n de la Araucan\u00eda) \u2013 <a href=\"https:\/\/www.instagram.com\/islena_antumalen\/\">Isle\u00f1a Antumalen<\/a> (Regi\u00f3n de Los R\u00edos) \u2013 <a href=\"https:\/\/www.instagram.com\/elmundodegeorgee\/\">El Mundo de George<\/a> (Regi\u00f3n de Los Lagos) \u2013 <a href=\"https:\/\/www.instagram.com\/rolando_formon_\/\">Rolando Form\u00f3n<\/a> (Regi\u00f3n de Ays\u00e9n) \u2013 <a href=\"https:\/\/www.instagram.com\/mariazion\/\">Mar\u00eda Zion<\/a> (Regi\u00f3n de Magallanes).<\/strong><\/p>\n\n\n\n<p><strong>Davis y la Mafia (Colombia) \u2013 CoFF CoFF (Uruguay) \u2013 Murga La Chusma (URU \u2013 CHI), Trova Santa (VEN \u2013 CHI), Waikil, Frazzia (VEN \u2013 CHI), Lali de la Hoz (COL \u2013 CHI), Rola Verde (presentadora y dj \/ COL), Sante Sama Yaye (SENEGAL), MC Millaray, Luta Cruz, LA FA MI Band (HAITI), Chilombiad\u00e9lika (ARG \u2013 CHI) \u2013 Sebasti\u00e1n Err\u00e1zuriz \u2013 Orquesta Marga-Marga<\/strong><\/p>\n\n\n\n<p>(M\u00e1s nombres por anunciar)<\/p>\n","protected":false},"excerpt":{"rendered":"<p>Tres a\u00f1os despu\u00e9s de su \u00faltima edici\u00f3n en el Parque Alejo Barrios de Valpara\u00edso, el festival p\u00fablico m\u00e1s importante de la m\u00fasica nacional vuelve a las canchas. La versi\u00f3n n\u00famero 18 de Rock\u00f3dromo retoma su formato presencial para celebrar una nueva edici\u00f3n, la primera que incluye a bandas y elencos provenientes desde todas las regiones [&hellip;]<\/p>\n","protected":false},"author":1,"featured_media":12004,"comment_status":"open","ping_status":"closed","sticky":false,"template":"","format":"standard","meta":{"_acf_changed":false,"footnotes":""},"categories":[8],"tags":[],"class_list":["post-12002","post","type-post","status-publish","format-standard","has-post-thumbnail","hentry","category-noticia"],"acf":[],"yoast_head":"<!-- This site is optimized with the Yoast SEO plugin v27.1.1 - https:\/\/yoast.com\/product\/yoast-seo-wordpress\/ -->\n<title>Rock\u00f3dromo vuelve a Valpara\u00edso con Los Jaivas, Princesa Alba y m\u00e1s de 60 bandas de todo el pa\u00eds - Valpara\u00ed\u00adso Creativo<\/title>\n<meta name=\"robots\" content=\"index, follow, max-snippet:-1, max-image-preview:large, max-video-preview:-1\" \/>\n<link rel=\"canonical\" href=\"https:\/\/dev.antudigital.cl\/sites\/vc\/rockodromo-vuelve-a-valparaiso-con-los-jaivas-princesa-alba-y-mas-de-60-bandas-de-todo-el-pais\/\" \/>\n<meta property=\"og:locale\" content=\"es_ES\" \/>\n<meta property=\"og:type\" content=\"article\" \/>\n<meta property=\"og:title\" content=\"Rock\u00f3dromo vuelve a Valpara\u00edso con Los Jaivas, Princesa Alba y m\u00e1s de 60 bandas de todo el pa\u00eds - Valpara\u00ed\u00adso Creativo\" \/>\n<meta property=\"og:description\" content=\"Tres a\u00f1os despu\u00e9s de su \u00faltima edici\u00f3n en el Parque Alejo Barrios de Valpara\u00edso, el festival p\u00fablico m\u00e1s importante de la m\u00fasica nacional vuelve a las canchas. La versi\u00f3n n\u00famero 18 de Rock\u00f3dromo retoma su formato presencial para celebrar una nueva edici\u00f3n, la primera que incluye a bandas y elencos provenientes desde todas las regiones [&hellip;]\" \/>\n<meta property=\"og:url\" content=\"https:\/\/dev.antudigital.cl\/sites\/vc\/rockodromo-vuelve-a-valparaiso-con-los-jaivas-princesa-alba-y-mas-de-60-bandas-de-todo-el-pais\/\" \/>\n<meta property=\"og:site_name\" content=\"Valpara\u00ed\u00adso Creativo\" \/>\n<meta property=\"article:published_time\" content=\"2022-11-07T17:53:09+00:00\" \/>\n<meta property=\"article:modified_time\" content=\"2022-11-07T17:53:16+00:00\" \/>\n<meta property=\"og:image\" content=\"https:\/\/dev.antudigital.cl\/sites\/vc\/wp-content\/uploads\/2022\/11\/08-1024x683-1.jpg\" \/>\n\t<meta property=\"og:image:width\" content=\"1024\" \/>\n\t<meta property=\"og:image:height\" content=\"683\" \/>\n\t<meta property=\"og:image:type\" content=\"image\/jpeg\" \/>\n<meta name=\"author\" content=\"Valpara\u00edso Creativo\" \/>\n<meta name=\"twitter:card\" content=\"summary_large_image\" \/>\n<meta name=\"twitter:label1\" content=\"Escrito por\" \/>\n\t<meta name=\"twitter:data1\" content=\"Valpara\u00edso Creativo\" \/>\n\t<meta name=\"twitter:label2\" content=\"Tiempo de lectura\" \/>\n\t<meta name=\"twitter:data2\" content=\"5 minutos\" \/>\n<script type=\"application\/ld+json\" class=\"yoast-schema-graph\">{\"@context\":\"https:\/\/schema.org\",\"@graph\":[{\"@type\":\"Article\",\"@id\":\"https:\/\/dev.antudigital.cl\/sites\/vc\/rockodromo-vuelve-a-valparaiso-con-los-jaivas-princesa-alba-y-mas-de-60-bandas-de-todo-el-pais\/#article\",\"isPartOf\":{\"@id\":\"https:\/\/dev.antudigital.cl\/sites\/vc\/rockodromo-vuelve-a-valparaiso-con-los-jaivas-princesa-alba-y-mas-de-60-bandas-de-todo-el-pais\/\"},\"author\":{\"name\":\"Valpara\u00edso Creativo\",\"@id\":\"https:\/\/dev.antudigital.cl\/sites\/vc\/#\/schema\/person\/c2b9da8dd545e27166fc5ab232837318\"},\"headline\":\"Rock\u00f3dromo vuelve a Valpara\u00edso con Los Jaivas, Princesa Alba y m\u00e1s de 60 bandas de todo el pa\u00eds\",\"datePublished\":\"2022-11-07T17:53:09+00:00\",\"dateModified\":\"2022-11-07T17:53:16+00:00\",\"mainEntityOfPage\":{\"@id\":\"https:\/\/dev.antudigital.cl\/sites\/vc\/rockodromo-vuelve-a-valparaiso-con-los-jaivas-princesa-alba-y-mas-de-60-bandas-de-todo-el-pais\/\"},\"wordCount\":1003,\"commentCount\":0,\"image\":{\"@id\":\"https:\/\/dev.antudigital.cl\/sites\/vc\/rockodromo-vuelve-a-valparaiso-con-los-jaivas-princesa-alba-y-mas-de-60-bandas-de-todo-el-pais\/#primaryimage\"},\"thumbnailUrl\":\"https:\/\/dev.antudigital.cl\/sites\/vc\/wp-content\/uploads\/2022\/11\/08-1024x683-1.jpg\",\"articleSection\":[\"Noticia\"],\"inLanguage\":\"es\",\"potentialAction\":[{\"@type\":\"CommentAction\",\"name\":\"Comment\",\"target\":[\"https:\/\/dev.antudigital.cl\/sites\/vc\/rockodromo-vuelve-a-valparaiso-con-los-jaivas-princesa-alba-y-mas-de-60-bandas-de-todo-el-pais\/#respond\"]}]},{\"@type\":\"WebPage\",\"@id\":\"https:\/\/dev.antudigital.cl\/sites\/vc\/rockodromo-vuelve-a-valparaiso-con-los-jaivas-princesa-alba-y-mas-de-60-bandas-de-todo-el-pais\/\",\"url\":\"https:\/\/dev.antudigital.cl\/sites\/vc\/rockodromo-vuelve-a-valparaiso-con-los-jaivas-princesa-alba-y-mas-de-60-bandas-de-todo-el-pais\/\",\"name\":\"Rock\u00f3dromo vuelve a Valpara\u00edso con Los Jaivas, Princesa Alba y m\u00e1s de 60 bandas de todo el pa\u00eds - Valpara\u00ed\u00adso Creativo\",\"isPartOf\":{\"@id\":\"https:\/\/dev.antudigital.cl\/sites\/vc\/#website\"},\"primaryImageOfPage\":{\"@id\":\"https:\/\/dev.antudigital.cl\/sites\/vc\/rockodromo-vuelve-a-valparaiso-con-los-jaivas-princesa-alba-y-mas-de-60-bandas-de-todo-el-pais\/#primaryimage\"},\"image\":{\"@id\":\"https:\/\/dev.antudigital.cl\/sites\/vc\/rockodromo-vuelve-a-valparaiso-con-los-jaivas-princesa-alba-y-mas-de-60-bandas-de-todo-el-pais\/#primaryimage\"},\"thumbnailUrl\":\"https:\/\/dev.antudigital.cl\/sites\/vc\/wp-content\/uploads\/2022\/11\/08-1024x683-1.jpg\",\"datePublished\":\"2022-11-07T17:53:09+00:00\",\"dateModified\":\"2022-11-07T17:53:16+00:00\",\"author\":{\"@id\":\"https:\/\/dev.antudigital.cl\/sites\/vc\/#\/schema\/person\/c2b9da8dd545e27166fc5ab232837318\"},\"breadcrumb\":{\"@id\":\"https:\/\/dev.antudigital.cl\/sites\/vc\/rockodromo-vuelve-a-valparaiso-con-los-jaivas-princesa-alba-y-mas-de-60-bandas-de-todo-el-pais\/#breadcrumb\"},\"inLanguage\":\"es\",\"potentialAction\":[{\"@type\":\"ReadAction\",\"target\":[\"https:\/\/dev.antudigital.cl\/sites\/vc\/rockodromo-vuelve-a-valparaiso-con-los-jaivas-princesa-alba-y-mas-de-60-bandas-de-todo-el-pais\/\"]}]},{\"@type\":\"ImageObject\",\"inLanguage\":\"es\",\"@id\":\"https:\/\/dev.antudigital.cl\/sites\/vc\/rockodromo-vuelve-a-valparaiso-con-los-jaivas-princesa-alba-y-mas-de-60-bandas-de-todo-el-pais\/#primaryimage\",\"url\":\"https:\/\/dev.antudigital.cl\/sites\/vc\/wp-content\/uploads\/2022\/11\/08-1024x683-1.jpg\",\"contentUrl\":\"https:\/\/dev.antudigital.cl\/sites\/vc\/wp-content\/uploads\/2022\/11\/08-1024x683-1.jpg\",\"width\":1024,\"height\":683},{\"@type\":\"BreadcrumbList\",\"@id\":\"https:\/\/dev.antudigital.cl\/sites\/vc\/rockodromo-vuelve-a-valparaiso-con-los-jaivas-princesa-alba-y-mas-de-60-bandas-de-todo-el-pais\/#breadcrumb\",\"itemListElement\":[{\"@type\":\"ListItem\",\"position\":1,\"name\":\"Home\",\"item\":\"https:\/\/dev.antudigital.cl\/sites\/vc\/\"},{\"@type\":\"ListItem\",\"position\":2,\"name\":\"Rock\u00f3dromo vuelve a Valpara\u00edso con Los Jaivas, Princesa Alba y m\u00e1s de 60 bandas de todo el pa\u00eds\"}]},{\"@type\":\"WebSite\",\"@id\":\"https:\/\/dev.antudigital.cl\/sites\/vc\/#website\",\"url\":\"https:\/\/dev.antudigital.cl\/sites\/vc\/\",\"name\":\"Valpara\u00ed\u00adso Creativo\",\"description\":\"\",\"potentialAction\":[{\"@type\":\"SearchAction\",\"target\":{\"@type\":\"EntryPoint\",\"urlTemplate\":\"https:\/\/dev.antudigital.cl\/sites\/vc\/?s={search_term_string}\"},\"query-input\":{\"@type\":\"PropertyValueSpecification\",\"valueRequired\":true,\"valueName\":\"search_term_string\"}}],\"inLanguage\":\"es\"},{\"@type\":\"Person\",\"@id\":\"https:\/\/dev.antudigital.cl\/sites\/vc\/#\/schema\/person\/c2b9da8dd545e27166fc5ab232837318\",\"name\":\"Valpara\u00edso Creativo\",\"description\":\"Periodista de cultura en la Regi\u00f3n de Valpara\u00edso.\",\"url\":\"https:\/\/dev.antudigital.cl\/sites\/vc\/author\/valpoadmin\/\"}]}<\/script>\n<!-- \/ Yoast SEO plugin. -->","yoast_head_json":{"title":"Rock\u00f3dromo vuelve a Valpara\u00edso con Los Jaivas, Princesa Alba y m\u00e1s de 60 bandas de todo el pa\u00eds - Valpara\u00ed\u00adso Creativo","robots":{"index":"index","follow":"follow","max-snippet":"max-snippet:-1","max-image-preview":"max-image-preview:large","max-video-preview":"max-video-preview:-1"},"canonical":"https:\/\/dev.antudigital.cl\/sites\/vc\/rockodromo-vuelve-a-valparaiso-con-los-jaivas-princesa-alba-y-mas-de-60-bandas-de-todo-el-pais\/","og_locale":"es_ES","og_type":"article","og_title":"Rock\u00f3dromo vuelve a Valpara\u00edso con Los Jaivas, Princesa Alba y m\u00e1s de 60 bandas de todo el pa\u00eds - Valpara\u00ed\u00adso Creativo","og_description":"Tres a\u00f1os despu\u00e9s de su \u00faltima edici\u00f3n en el Parque Alejo Barrios de Valpara\u00edso, el festival p\u00fablico m\u00e1s importante de la m\u00fasica nacional vuelve a las canchas. La versi\u00f3n n\u00famero 18 de Rock\u00f3dromo retoma su formato presencial para celebrar una nueva edici\u00f3n, la primera que incluye a bandas y elencos provenientes desde todas las regiones [&hellip;]","og_url":"https:\/\/dev.antudigital.cl\/sites\/vc\/rockodromo-vuelve-a-valparaiso-con-los-jaivas-princesa-alba-y-mas-de-60-bandas-de-todo-el-pais\/","og_site_name":"Valpara\u00ed\u00adso Creativo","article_published_time":"2022-11-07T17:53:09+00:00","article_modified_time":"2022-11-07T17:53:16+00:00","og_image":[{"width":1024,"height":683,"url":"https:\/\/dev.antudigital.cl\/sites\/vc\/wp-content\/uploads\/2022\/11\/08-1024x683-1.jpg","type":"image\/jpeg"}],"author":"Valpara\u00edso Creativo","twitter_card":"summary_large_image","twitter_misc":{"Escrito por":"Valpara\u00edso Creativo","Tiempo de lectura":"5 minutos"},"schema":{"@context":"https:\/\/schema.org","@graph":[{"@type":"Article","@id":"https:\/\/dev.antudigital.cl\/sites\/vc\/rockodromo-vuelve-a-valparaiso-con-los-jaivas-princesa-alba-y-mas-de-60-bandas-de-todo-el-pais\/#article","isPartOf":{"@id":"https:\/\/dev.antudigital.cl\/sites\/vc\/rockodromo-vuelve-a-valparaiso-con-los-jaivas-princesa-alba-y-mas-de-60-bandas-de-todo-el-pais\/"},"author":{"name":"Valpara\u00edso Creativo","@id":"https:\/\/dev.antudigital.cl\/sites\/vc\/#\/schema\/person\/c2b9da8dd545e27166fc5ab232837318"},"headline":"Rock\u00f3dromo vuelve a Valpara\u00edso con Los Jaivas, Princesa Alba y m\u00e1s de 60 bandas de todo el pa\u00eds","datePublished":"2022-11-07T17:53:09+00:00","dateModified":"2022-11-07T17:53:16+00:00","mainEntityOfPage":{"@id":"https:\/\/dev.antudigital.cl\/sites\/vc\/rockodromo-vuelve-a-valparaiso-con-los-jaivas-princesa-alba-y-mas-de-60-bandas-de-todo-el-pais\/"},"wordCount":1003,"commentCount":0,"image":{"@id":"https:\/\/dev.antudigital.cl\/sites\/vc\/rockodromo-vuelve-a-valparaiso-con-los-jaivas-princesa-alba-y-mas-de-60-bandas-de-todo-el-pais\/#primaryimage"},"thumbnailUrl":"https:\/\/dev.antudigital.cl\/sites\/vc\/wp-content\/uploads\/2022\/11\/08-1024x683-1.jpg","articleSection":["Noticia"],"inLanguage":"es","potentialAction":[{"@type":"CommentAction","name":"Comment","target":["https:\/\/dev.antudigital.cl\/sites\/vc\/rockodromo-vuelve-a-valparaiso-con-los-jaivas-princesa-alba-y-mas-de-60-bandas-de-todo-el-pais\/#respond"]}]},{"@type":"WebPage","@id":"https:\/\/dev.antudigital.cl\/sites\/vc\/rockodromo-vuelve-a-valparaiso-con-los-jaivas-princesa-alba-y-mas-de-60-bandas-de-todo-el-pais\/","url":"https:\/\/dev.antudigital.cl\/sites\/vc\/rockodromo-vuelve-a-valparaiso-con-los-jaivas-princesa-alba-y-mas-de-60-bandas-de-todo-el-pais\/","name":"Rock\u00f3dromo vuelve a Valpara\u00edso con Los Jaivas, Princesa Alba y m\u00e1s de 60 bandas de todo el pa\u00eds - Valpara\u00ed\u00adso Creativo","isPartOf":{"@id":"https:\/\/dev.antudigital.cl\/sites\/vc\/#website"},"primaryImageOfPage":{"@id":"https:\/\/dev.antudigital.cl\/sites\/vc\/rockodromo-vuelve-a-valparaiso-con-los-jaivas-princesa-alba-y-mas-de-60-bandas-de-todo-el-pais\/#primaryimage"},"image":{"@id":"https:\/\/dev.antudigital.cl\/sites\/vc\/rockodromo-vuelve-a-valparaiso-con-los-jaivas-princesa-alba-y-mas-de-60-bandas-de-todo-el-pais\/#primaryimage"},"thumbnailUrl":"https:\/\/dev.antudigital.cl\/sites\/vc\/wp-content\/uploads\/2022\/11\/08-1024x683-1.jpg","datePublished":"2022-11-07T17:53:09+00:00","dateModified":"2022-11-07T17:53:16+00:00","author":{"@id":"https:\/\/dev.antudigital.cl\/sites\/vc\/#\/schema\/person\/c2b9da8dd545e27166fc5ab232837318"},"breadcrumb":{"@id":"https:\/\/dev.antudigital.cl\/sites\/vc\/rockodromo-vuelve-a-valparaiso-con-los-jaivas-princesa-alba-y-mas-de-60-bandas-de-todo-el-pais\/#breadcrumb"},"inLanguage":"es","potentialAction":[{"@type":"ReadAction","target":["https:\/\/dev.antudigital.cl\/sites\/vc\/rockodromo-vuelve-a-valparaiso-con-los-jaivas-princesa-alba-y-mas-de-60-bandas-de-todo-el-pais\/"]}]},{"@type":"ImageObject","inLanguage":"es","@id":"https:\/\/dev.antudigital.cl\/sites\/vc\/rockodromo-vuelve-a-valparaiso-con-los-jaivas-princesa-alba-y-mas-de-60-bandas-de-todo-el-pais\/#primaryimage","url":"https:\/\/dev.antudigital.cl\/sites\/vc\/wp-content\/uploads\/2022\/11\/08-1024x683-1.jpg","contentUrl":"https:\/\/dev.antudigital.cl\/sites\/vc\/wp-content\/uploads\/2022\/11\/08-1024x683-1.jpg","width":1024,"height":683},{"@type":"BreadcrumbList","@id":"https:\/\/dev.antudigital.cl\/sites\/vc\/rockodromo-vuelve-a-valparaiso-con-los-jaivas-princesa-alba-y-mas-de-60-bandas-de-todo-el-pais\/#breadcrumb","itemListElement":[{"@type":"ListItem","position":1,"name":"Home","item":"https:\/\/dev.antudigital.cl\/sites\/vc\/"},{"@type":"ListItem","position":2,"name":"Rock\u00f3dromo vuelve a Valpara\u00edso con Los Jaivas, Princesa Alba y m\u00e1s de 60 bandas de todo el pa\u00eds"}]},{"@type":"WebSite","@id":"https:\/\/dev.antudigital.cl\/sites\/vc\/#website","url":"https:\/\/dev.antudigital.cl\/sites\/vc\/","name":"Valpara\u00ed\u00adso Creativo","description":"","potentialAction":[{"@type":"SearchAction","target":{"@type":"EntryPoint","urlTemplate":"https:\/\/dev.antudigital.cl\/sites\/vc\/?s={search_term_string}"},"query-input":{"@type":"PropertyValueSpecification","valueRequired":true,"valueName":"search_term_string"}}],"inLanguage":"es"},{"@type":"Person","@id":"https:\/\/dev.antudigital.cl\/sites\/vc\/#\/schema\/person\/c2b9da8dd545e27166fc5ab232837318","name":"Valpara\u00edso Creativo","description":"Periodista de cultura en la Regi\u00f3n de Valpara\u00edso.","url":"https:\/\/dev.antudigital.cl\/sites\/vc\/author\/valpoadmin\/"}]}},"_links":{"self":[{"href":"https:\/\/dev.antudigital.cl\/sites\/vc\/wp-json\/wp\/v2\/posts\/12002","targetHints":{"allow":["GET"]}}],"collection":[{"href":"https:\/\/dev.antudigital.cl\/sites\/vc\/wp-json\/wp\/v2\/posts"}],"about":[{"href":"https:\/\/dev.antudigital.cl\/sites\/vc\/wp-json\/wp\/v2\/types\/post"}],"author":[{"embeddable":true,"href":"https:\/\/dev.antudigital.cl\/sites\/vc\/wp-json\/wp\/v2\/users\/1"}],"replies":[{"embeddable":true,"href":"https:\/\/dev.antudigital.cl\/sites\/vc\/wp-json\/wp\/v2\/comments?post=12002"}],"version-history":[{"count":1,"href":"https:\/\/dev.antudigital.cl\/sites\/vc\/wp-json\/wp\/v2\/posts\/12002\/revisions"}],"predecessor-version":[{"id":12006,"href":"https:\/\/dev.antudigital.cl\/sites\/vc\/wp-json\/wp\/v2\/posts\/12002\/revisions\/12006"}],"wp:featuredmedia":[{"embeddable":true,"href":"https:\/\/dev.antudigital.cl\/sites\/vc\/wp-json\/wp\/v2\/media\/12004"}],"wp:attachment":[{"href":"https:\/\/dev.antudigital.cl\/sites\/vc\/wp-json\/wp\/v2\/media?parent=12002"}],"wp:term":[{"taxonomy":"category","embeddable":true,"href":"https:\/\/dev.antudigital.cl\/sites\/vc\/wp-json\/wp\/v2\/categories?post=12002"},{"taxonomy":"post_tag","embeddable":true,"href":"https:\/\/dev.antudigital.cl\/sites\/vc\/wp-json\/wp\/v2\/tags?post=12002"}],"curies":[{"name":"wp","href":"https:\/\/api.w.org\/{rel}","templated":true}]}}