{"id":12007,"date":"2022-11-07T18:00:15","date_gmt":"2022-11-07T18:00:15","guid":{"rendered":"https:\/\/www.valparaisocreativo.cl\/?p=12007"},"modified":"2022-11-08T13:15:02","modified_gmt":"2022-11-08T13:15:02","slug":"chile-estuvo-presente-en-la-reunion-anual-de-distritos-creativos-en-bogota","status":"publish","type":"post","link":"https:\/\/dev.antudigital.cl\/sites\/vc\/chile-estuvo-presente-en-la-reunion-anual-de-distritos-creativos-en-bogota\/","title":{"rendered":"Valpara\u00edso Creativo estuvo presente en la Reuni\u00f3n Anual de Distritos Creativos en Bogot\u00e1"},"content":{"rendered":"\n<p>Este 3 y 4 de noviembre se llev\u00f3 a cabo la Reuni\u00f3n Anual de Distritos Creativos en Bogot\u00e1, Colombia, de la que es parte una delegaci\u00f3n encabezada por la Secretar\u00eda de Econom\u00eda Creativa del Ministerio de las Culturas, las Artes y el Patrimonio de Chile, con el objetivo de posicionar la creatividad, el arte y la cultura como motor de desarrollo territorial.<\/p>\n\n\n\n<p>Las organizaciones y corporaciones chilenas participantes son Corporaci\u00f3n Cultural de Independencia, Corporaci\u00f3n Cultural La Pintana, Corporaci\u00f3n Educaci\u00f3n, Arte y Cultura (CEAC), Barrio Puerto, Fundaci\u00f3n Chill\u00e1n Creativa, Gobierno Regional de Los R\u00edos, Instituto profesional Arcos y Frutillar Ciudad Creativa.<\/p>\n\n\n\n<p>El evento, organizado anualmente por la corporaci\u00f3n sin fines de lucro, Conexiones Creativas, tiene el prop\u00f3sito de consolidar las redes, fortalecer las capacidades y estimular el intercambio de experiencias entre los profesionales que dirigen, coordinan o trabajan en el contexto de los llamados distritos culturales y creativos en Am\u00e9rica y Europa. Este a\u00f1o, 300 personas participar\u00e1n de la instancia, provenientes de Italia, Espa\u00f1a, Argentina, Brasil, Colombia y Chile.<\/p>\n\n\n\n<p>\u201cNos parece muy relevante participar de esta reuni\u00f3n anual pues todos los esfuerzos que estamos llevando a cabo como instituci\u00f3n y como Gobierno para fomentar el ejercicio de la democracia cultural en los territorios, se ver\u00e1n tremendamente beneficiados de una instancia como esta en la que podremos compartir y conocer las experiencias de otros pa\u00edses que han puesto la cultura en el centro de su gesti\u00f3n pol\u00edtica, econ\u00f3mica y social\u201d, se\u00f1al\u00f3 la subsecretaria de las Culturas y las Artes, Andrea Guti\u00e9rrez.<\/p>\n\n\n\n<p>La participaci\u00f3n de agentes culturales chilenos permitir\u00e1 mostrar, a trav\u00e9s de esta plataforma internacional, c\u00f3mo desde Chile y desde los territorios espec\u00edficos que representan los agentes culturales de las delegaciones, se est\u00e1 pensando el desarrollo desde lo que se denominan \u201cterritorios creativos\u201d, es decir, desde lugares y comunidades que posicionan la creatividad, el arte y la cultura al centro del desarrollo sostenible local, en el cual las personas conviven en un ecosistema creativo que colabora significativamente al progreso social, econ\u00f3mico y medioambiental.<\/p>\n\n\n\n<p>La Secretar\u00eda de Econom\u00eda Creativa del Ministerio de las Culturas, las Artes y el Patrimonio fue invitada a participar del encuentro anual de Distritos Creativos, con una delegaci\u00f3n de representantes de territorios creativos chilenos, por lo que a trav\u00e9s de una convocatoria abierta se invit\u00f3 a postular a organizaciones, corporaciones, instituciones, p\u00fablicas o privadas, que desarrollen l\u00edneas de trabajo que fomenten la articulaci\u00f3n territorial con \u00e9nfasis en la creatividad, patrimonio, econom\u00eda creativa e intersectorial.<\/p>\n","protected":false},"excerpt":{"rendered":"<p>Este 3 y 4 de noviembre se llev\u00f3 a cabo la Reuni\u00f3n Anual de Distritos Creativos en Bogot\u00e1, Colombia, de la que es parte una delegaci\u00f3n encabezada por la Secretar\u00eda de Econom\u00eda Creativa del Ministerio de las Culturas, las Artes y el Patrimonio de Chile, con el objetivo de posicionar la creatividad, el arte y [&hellip;]<\/p>\n","protected":false},"author":1,"featured_media":12008,"comment_status":"open","ping_status":"closed","sticky":false,"template":"","format":"standard","meta":{"_acf_changed":false,"footnotes":""},"categories":[8],"tags":[],"class_list":["post-12007","post","type-post","status-publish","format-standard","has-post-thumbnail","hentry","category-noticia"],"acf":[],"yoast_head":"<!-- This site is optimized with the Yoast SEO plugin v27.1.1 - https:\/\/yoast.com\/product\/yoast-seo-wordpress\/ -->\n<title>Valpara\u00edso Creativo estuvo presente en la Reuni\u00f3n Anual de Distritos Creativos en Bogot\u00e1 - Valpara\u00ed\u00adso Creativo<\/title>\n<meta name=\"robots\" content=\"index, follow, max-snippet:-1, max-image-preview:large, max-video-preview:-1\" \/>\n<link rel=\"canonical\" href=\"https:\/\/dev.antudigital.cl\/sites\/vc\/chile-estuvo-presente-en-la-reunion-anual-de-distritos-creativos-en-bogota\/\" \/>\n<meta property=\"og:locale\" content=\"es_ES\" \/>\n<meta property=\"og:type\" content=\"article\" \/>\n<meta property=\"og:title\" content=\"Valpara\u00edso Creativo estuvo presente en la Reuni\u00f3n Anual de Distritos Creativos en Bogot\u00e1 - Valpara\u00ed\u00adso Creativo\" \/>\n<meta property=\"og:description\" content=\"Este 3 y 4 de noviembre se llev\u00f3 a cabo la Reuni\u00f3n Anual de Distritos Creativos en Bogot\u00e1, Colombia, de la que es parte una delegaci\u00f3n encabezada por la Secretar\u00eda de Econom\u00eda Creativa del Ministerio de las Culturas, las Artes y el Patrimonio de Chile, con el objetivo de posicionar la creatividad, el arte y [&hellip;]\" \/>\n<meta property=\"og:url\" content=\"https:\/\/dev.antudigital.cl\/sites\/vc\/chile-estuvo-presente-en-la-reunion-anual-de-distritos-creativos-en-bogota\/\" \/>\n<meta property=\"og:site_name\" content=\"Valpara\u00ed\u00adso Creativo\" \/>\n<meta property=\"article:published_time\" content=\"2022-11-07T18:00:15+00:00\" \/>\n<meta property=\"article:modified_time\" content=\"2022-11-08T13:15:02+00:00\" \/>\n<meta property=\"og:image\" content=\"https:\/\/dev.antudigital.cl\/sites\/vc\/wp-content\/uploads\/2022\/11\/Colombia-61.jpeg\" \/>\n\t<meta property=\"og:image:width\" content=\"1600\" \/>\n\t<meta property=\"og:image:height\" content=\"1200\" \/>\n\t<meta property=\"og:image:type\" content=\"image\/jpeg\" \/>\n<meta name=\"author\" content=\"Valpara\u00edso Creativo\" \/>\n<meta name=\"twitter:card\" content=\"summary_large_image\" \/>\n<meta name=\"twitter:label1\" content=\"Escrito por\" \/>\n\t<meta name=\"twitter:data1\" content=\"Valpara\u00edso Creativo\" \/>\n\t<meta name=\"twitter:label2\" content=\"Tiempo de lectura\" \/>\n\t<meta name=\"twitter:data2\" content=\"2 minutos\" \/>\n<script type=\"application\/ld+json\" class=\"yoast-schema-graph\">{\"@context\":\"https:\/\/schema.org\",\"@graph\":[{\"@type\":\"Article\",\"@id\":\"https:\/\/dev.antudigital.cl\/sites\/vc\/chile-estuvo-presente-en-la-reunion-anual-de-distritos-creativos-en-bogota\/#article\",\"isPartOf\":{\"@id\":\"https:\/\/dev.antudigital.cl\/sites\/vc\/chile-estuvo-presente-en-la-reunion-anual-de-distritos-creativos-en-bogota\/\"},\"author\":{\"name\":\"Valpara\u00edso Creativo\",\"@id\":\"https:\/\/dev.antudigital.cl\/sites\/vc\/#\/schema\/person\/c2b9da8dd545e27166fc5ab232837318\"},\"headline\":\"Valpara\u00edso Creativo estuvo presente en la Reuni\u00f3n Anual de Distritos Creativos en Bogot\u00e1\",\"datePublished\":\"2022-11-07T18:00:15+00:00\",\"dateModified\":\"2022-11-08T13:15:02+00:00\",\"mainEntityOfPage\":{\"@id\":\"https:\/\/dev.antudigital.cl\/sites\/vc\/chile-estuvo-presente-en-la-reunion-anual-de-distritos-creativos-en-bogota\/\"},\"wordCount\":456,\"commentCount\":0,\"image\":{\"@id\":\"https:\/\/dev.antudigital.cl\/sites\/vc\/chile-estuvo-presente-en-la-reunion-anual-de-distritos-creativos-en-bogota\/#primaryimage\"},\"thumbnailUrl\":\"https:\/\/dev.antudigital.cl\/sites\/vc\/wp-content\/uploads\/2022\/11\/Colombia-61.jpeg\",\"articleSection\":[\"Noticia\"],\"inLanguage\":\"es\",\"potentialAction\":[{\"@type\":\"CommentAction\",\"name\":\"Comment\",\"target\":[\"https:\/\/dev.antudigital.cl\/sites\/vc\/chile-estuvo-presente-en-la-reunion-anual-de-distritos-creativos-en-bogota\/#respond\"]}]},{\"@type\":\"WebPage\",\"@id\":\"https:\/\/dev.antudigital.cl\/sites\/vc\/chile-estuvo-presente-en-la-reunion-anual-de-distritos-creativos-en-bogota\/\",\"url\":\"https:\/\/dev.antudigital.cl\/sites\/vc\/chile-estuvo-presente-en-la-reunion-anual-de-distritos-creativos-en-bogota\/\",\"name\":\"Valpara\u00edso Creativo estuvo presente en la Reuni\u00f3n Anual de Distritos Creativos en Bogot\u00e1 - Valpara\u00ed\u00adso Creativo\",\"isPartOf\":{\"@id\":\"https:\/\/dev.antudigital.cl\/sites\/vc\/#website\"},\"primaryImageOfPage\":{\"@id\":\"https:\/\/dev.antudigital.cl\/sites\/vc\/chile-estuvo-presente-en-la-reunion-anual-de-distritos-creativos-en-bogota\/#primaryimage\"},\"image\":{\"@id\":\"https:\/\/dev.antudigital.cl\/sites\/vc\/chile-estuvo-presente-en-la-reunion-anual-de-distritos-creativos-en-bogota\/#primaryimage\"},\"thumbnailUrl\":\"https:\/\/dev.antudigital.cl\/sites\/vc\/wp-content\/uploads\/2022\/11\/Colombia-61.jpeg\",\"datePublished\":\"2022-11-07T18:00:15+00:00\",\"dateModified\":\"2022-11-08T13:15:02+00:00\",\"author\":{\"@id\":\"https:\/\/dev.antudigital.cl\/sites\/vc\/#\/schema\/person\/c2b9da8dd545e27166fc5ab232837318\"},\"breadcrumb\":{\"@id\":\"https:\/\/dev.antudigital.cl\/sites\/vc\/chile-estuvo-presente-en-la-reunion-anual-de-distritos-creativos-en-bogota\/#breadcrumb\"},\"inLanguage\":\"es\",\"potentialAction\":[{\"@type\":\"ReadAction\",\"target\":[\"https:\/\/dev.antudigital.cl\/sites\/vc\/chile-estuvo-presente-en-la-reunion-anual-de-distritos-creativos-en-bogota\/\"]}]},{\"@type\":\"ImageObject\",\"inLanguage\":\"es\",\"@id\":\"https:\/\/dev.antudigital.cl\/sites\/vc\/chile-estuvo-presente-en-la-reunion-anual-de-distritos-creativos-en-bogota\/#primaryimage\",\"url\":\"https:\/\/dev.antudigital.cl\/sites\/vc\/wp-content\/uploads\/2022\/11\/Colombia-61.jpeg\",\"contentUrl\":\"https:\/\/dev.antudigital.cl\/sites\/vc\/wp-content\/uploads\/2022\/11\/Colombia-61.jpeg\",\"width\":1600,\"height\":1200},{\"@type\":\"BreadcrumbList\",\"@id\":\"https:\/\/dev.antudigital.cl\/sites\/vc\/chile-estuvo-presente-en-la-reunion-anual-de-distritos-creativos-en-bogota\/#breadcrumb\",\"itemListElement\":[{\"@type\":\"ListItem\",\"position\":1,\"name\":\"Home\",\"item\":\"https:\/\/dev.antudigital.cl\/sites\/vc\/\"},{\"@type\":\"ListItem\",\"position\":2,\"name\":\"Valpara\u00edso Creativo estuvo presente en la Reuni\u00f3n Anual de Distritos Creativos en Bogot\u00e1\"}]},{\"@type\":\"WebSite\",\"@id\":\"https:\/\/dev.antudigital.cl\/sites\/vc\/#website\",\"url\":\"https:\/\/dev.antudigital.cl\/sites\/vc\/\",\"name\":\"Valpara\u00ed\u00adso Creativo\",\"description\":\"\",\"potentialAction\":[{\"@type\":\"SearchAction\",\"target\":{\"@type\":\"EntryPoint\",\"urlTemplate\":\"https:\/\/dev.antudigital.cl\/sites\/vc\/?s={search_term_string}\"},\"query-input\":{\"@type\":\"PropertyValueSpecification\",\"valueRequired\":true,\"valueName\":\"search_term_string\"}}],\"inLanguage\":\"es\"},{\"@type\":\"Person\",\"@id\":\"https:\/\/dev.antudigital.cl\/sites\/vc\/#\/schema\/person\/c2b9da8dd545e27166fc5ab232837318\",\"name\":\"Valpara\u00edso Creativo\",\"description\":\"Periodista de cultura en la Regi\u00f3n de Valpara\u00edso.\",\"url\":\"https:\/\/dev.antudigital.cl\/sites\/vc\/author\/valpoadmin\/\"}]}<\/script>\n<!-- \/ Yoast SEO plugin. -->","yoast_head_json":{"title":"Valpara\u00edso Creativo estuvo presente en la Reuni\u00f3n Anual de Distritos Creativos en Bogot\u00e1 - Valpara\u00ed\u00adso Creativo","robots":{"index":"index","follow":"follow","max-snippet":"max-snippet:-1","max-image-preview":"max-image-preview:large","max-video-preview":"max-video-preview:-1"},"canonical":"https:\/\/dev.antudigital.cl\/sites\/vc\/chile-estuvo-presente-en-la-reunion-anual-de-distritos-creativos-en-bogota\/","og_locale":"es_ES","og_type":"article","og_title":"Valpara\u00edso Creativo estuvo presente en la Reuni\u00f3n Anual de Distritos Creativos en Bogot\u00e1 - Valpara\u00ed\u00adso Creativo","og_description":"Este 3 y 4 de noviembre se llev\u00f3 a cabo la Reuni\u00f3n Anual de Distritos Creativos en Bogot\u00e1, Colombia, de la que es parte una delegaci\u00f3n encabezada por la Secretar\u00eda de Econom\u00eda Creativa del Ministerio de las Culturas, las Artes y el Patrimonio de Chile, con el objetivo de posicionar la creatividad, el arte y [&hellip;]","og_url":"https:\/\/dev.antudigital.cl\/sites\/vc\/chile-estuvo-presente-en-la-reunion-anual-de-distritos-creativos-en-bogota\/","og_site_name":"Valpara\u00ed\u00adso Creativo","article_published_time":"2022-11-07T18:00:15+00:00","article_modified_time":"2022-11-08T13:15:02+00:00","og_image":[{"width":1600,"height":1200,"url":"https:\/\/dev.antudigital.cl\/sites\/vc\/wp-content\/uploads\/2022\/11\/Colombia-61.jpeg","type":"image\/jpeg"}],"author":"Valpara\u00edso Creativo","twitter_card":"summary_large_image","twitter_misc":{"Escrito por":"Valpara\u00edso Creativo","Tiempo de lectura":"2 minutos"},"schema":{"@context":"https:\/\/schema.org","@graph":[{"@type":"Article","@id":"https:\/\/dev.antudigital.cl\/sites\/vc\/chile-estuvo-presente-en-la-reunion-anual-de-distritos-creativos-en-bogota\/#article","isPartOf":{"@id":"https:\/\/dev.antudigital.cl\/sites\/vc\/chile-estuvo-presente-en-la-reunion-anual-de-distritos-creativos-en-bogota\/"},"author":{"name":"Valpara\u00edso Creativo","@id":"https:\/\/dev.antudigital.cl\/sites\/vc\/#\/schema\/person\/c2b9da8dd545e27166fc5ab232837318"},"headline":"Valpara\u00edso Creativo estuvo presente en la Reuni\u00f3n Anual de Distritos Creativos en Bogot\u00e1","datePublished":"2022-11-07T18:00:15+00:00","dateModified":"2022-11-08T13:15:02+00:00","mainEntityOfPage":{"@id":"https:\/\/dev.antudigital.cl\/sites\/vc\/chile-estuvo-presente-en-la-reunion-anual-de-distritos-creativos-en-bogota\/"},"wordCount":456,"commentCount":0,"image":{"@id":"https:\/\/dev.antudigital.cl\/sites\/vc\/chile-estuvo-presente-en-la-reunion-anual-de-distritos-creativos-en-bogota\/#primaryimage"},"thumbnailUrl":"https:\/\/dev.antudigital.cl\/sites\/vc\/wp-content\/uploads\/2022\/11\/Colombia-61.jpeg","articleSection":["Noticia"],"inLanguage":"es","potentialAction":[{"@type":"CommentAction","name":"Comment","target":["https:\/\/dev.antudigital.cl\/sites\/vc\/chile-estuvo-presente-en-la-reunion-anual-de-distritos-creativos-en-bogota\/#respond"]}]},{"@type":"WebPage","@id":"https:\/\/dev.antudigital.cl\/sites\/vc\/chile-estuvo-presente-en-la-reunion-anual-de-distritos-creativos-en-bogota\/","url":"https:\/\/dev.antudigital.cl\/sites\/vc\/chile-estuvo-presente-en-la-reunion-anual-de-distritos-creativos-en-bogota\/","name":"Valpara\u00edso Creativo estuvo presente en la Reuni\u00f3n Anual de Distritos Creativos en Bogot\u00e1 - Valpara\u00ed\u00adso Creativo","isPartOf":{"@id":"https:\/\/dev.antudigital.cl\/sites\/vc\/#website"},"primaryImageOfPage":{"@id":"https:\/\/dev.antudigital.cl\/sites\/vc\/chile-estuvo-presente-en-la-reunion-anual-de-distritos-creativos-en-bogota\/#primaryimage"},"image":{"@id":"https:\/\/dev.antudigital.cl\/sites\/vc\/chile-estuvo-presente-en-la-reunion-anual-de-distritos-creativos-en-bogota\/#primaryimage"},"thumbnailUrl":"https:\/\/dev.antudigital.cl\/sites\/vc\/wp-content\/uploads\/2022\/11\/Colombia-61.jpeg","datePublished":"2022-11-07T18:00:15+00:00","dateModified":"2022-11-08T13:15:02+00:00","author":{"@id":"https:\/\/dev.antudigital.cl\/sites\/vc\/#\/schema\/person\/c2b9da8dd545e27166fc5ab232837318"},"breadcrumb":{"@id":"https:\/\/dev.antudigital.cl\/sites\/vc\/chile-estuvo-presente-en-la-reunion-anual-de-distritos-creativos-en-bogota\/#breadcrumb"},"inLanguage":"es","potentialAction":[{"@type":"ReadAction","target":["https:\/\/dev.antudigital.cl\/sites\/vc\/chile-estuvo-presente-en-la-reunion-anual-de-distritos-creativos-en-bogota\/"]}]},{"@type":"ImageObject","inLanguage":"es","@id":"https:\/\/dev.antudigital.cl\/sites\/vc\/chile-estuvo-presente-en-la-reunion-anual-de-distritos-creativos-en-bogota\/#primaryimage","url":"https:\/\/dev.antudigital.cl\/sites\/vc\/wp-content\/uploads\/2022\/11\/Colombia-61.jpeg","contentUrl":"https:\/\/dev.antudigital.cl\/sites\/vc\/wp-content\/uploads\/2022\/11\/Colombia-61.jpeg","width":1600,"height":1200},{"@type":"BreadcrumbList","@id":"https:\/\/dev.antudigital.cl\/sites\/vc\/chile-estuvo-presente-en-la-reunion-anual-de-distritos-creativos-en-bogota\/#breadcrumb","itemListElement":[{"@type":"ListItem","position":1,"name":"Home","item":"https:\/\/dev.antudigital.cl\/sites\/vc\/"},{"@type":"ListItem","position":2,"name":"Valpara\u00edso Creativo estuvo presente en la Reuni\u00f3n Anual de Distritos Creativos en Bogot\u00e1"}]},{"@type":"WebSite","@id":"https:\/\/dev.antudigital.cl\/sites\/vc\/#website","url":"https:\/\/dev.antudigital.cl\/sites\/vc\/","name":"Valpara\u00ed\u00adso Creativo","description":"","potentialAction":[{"@type":"SearchAction","target":{"@type":"EntryPoint","urlTemplate":"https:\/\/dev.antudigital.cl\/sites\/vc\/?s={search_term_string}"},"query-input":{"@type":"PropertyValueSpecification","valueRequired":true,"valueName":"search_term_string"}}],"inLanguage":"es"},{"@type":"Person","@id":"https:\/\/dev.antudigital.cl\/sites\/vc\/#\/schema\/person\/c2b9da8dd545e27166fc5ab232837318","name":"Valpara\u00edso Creativo","description":"Periodista de cultura en la Regi\u00f3n de Valpara\u00edso.","url":"https:\/\/dev.antudigital.cl\/sites\/vc\/author\/valpoadmin\/"}]}},"_links":{"self":[{"href":"https:\/\/dev.antudigital.cl\/sites\/vc\/wp-json\/wp\/v2\/posts\/12007","targetHints":{"allow":["GET"]}}],"collection":[{"href":"https:\/\/dev.antudigital.cl\/sites\/vc\/wp-json\/wp\/v2\/posts"}],"about":[{"href":"https:\/\/dev.antudigital.cl\/sites\/vc\/wp-json\/wp\/v2\/types\/post"}],"author":[{"embeddable":true,"href":"https:\/\/dev.antudigital.cl\/sites\/vc\/wp-json\/wp\/v2\/users\/1"}],"replies":[{"embeddable":true,"href":"https:\/\/dev.antudigital.cl\/sites\/vc\/wp-json\/wp\/v2\/comments?post=12007"}],"version-history":[{"count":2,"href":"https:\/\/dev.antudigital.cl\/sites\/vc\/wp-json\/wp\/v2\/posts\/12007\/revisions"}],"predecessor-version":[{"id":12028,"href":"https:\/\/dev.antudigital.cl\/sites\/vc\/wp-json\/wp\/v2\/posts\/12007\/revisions\/12028"}],"wp:featuredmedia":[{"embeddable":true,"href":"https:\/\/dev.antudigital.cl\/sites\/vc\/wp-json\/wp\/v2\/media\/12008"}],"wp:attachment":[{"href":"https:\/\/dev.antudigital.cl\/sites\/vc\/wp-json\/wp\/v2\/media?parent=12007"}],"wp:term":[{"taxonomy":"category","embeddable":true,"href":"https:\/\/dev.antudigital.cl\/sites\/vc\/wp-json\/wp\/v2\/categories?post=12007"},{"taxonomy":"post_tag","embeddable":true,"href":"https:\/\/dev.antudigital.cl\/sites\/vc\/wp-json\/wp\/v2\/tags?post=12007"}],"curies":[{"name":"wp","href":"https:\/\/api.w.org\/{rel}","templated":true}]}}