{"id":12010,"date":"2022-11-07T19:18:02","date_gmt":"2022-11-07T19:18:02","guid":{"rendered":"https:\/\/www.valparaisocreativo.cl\/?p=12010"},"modified":"2022-11-07T20:55:24","modified_gmt":"2022-11-07T20:55:24","slug":"ceac-trabajo-territorial-a-pulso","status":"publish","type":"post","link":"https:\/\/dev.antudigital.cl\/sites\/vc\/ceac-trabajo-territorial-a-pulso\/","title":{"rendered":"Ceac: trabajo territorial a pulso"},"content":{"rendered":"\n<p>Desde el 2018 que existe la Corporaci\u00f3n Cultural CEAC, que pretende ser parte de una cadena de valor que moviliza a Barrio Puerto como espacio cultural. Son parte de la Red de Emergencias de Espacios Culturales de Valpara\u00edso (REEC), y a la fecha est\u00e1n gestionando diversas iniciativas que son parte de su programaci\u00f3n cultural y de formaci\u00f3n, todo desde calle Cochrane.<\/p>\n\n\n\n<p>Conocimos a su equipo compuesto por Oscar Leiva, Carolina Fern\u00e1ndez y Gabriela Miranda.<\/p>\n\n\n\n<p>\u201cNosotros nos conformamos el 2018 como una corporaci\u00f3n sin fines de lucro, trabajando de manera autogestionada. Nuestra v\u00eda de sustento son los fondos concursables y las prestaciones de servicio. Ven\u00edamos trabajando ya hace muchos a\u00f1os con distintas entidades, mientras busc\u00e1bamos canalizar una instancia que nos permitiera nuestro flujo de trabajo, que es la conformaci\u00f3n actual\u201d, comenta su equipo, sobre su camino hasta ser una corporaci\u00f3n.<\/p>\n\n\n\n<figure class=\"wp-block-image size-full\"><img fetchpriority=\"high\" decoding=\"async\" width=\"492\" height=\"311\" src=\"https:\/\/www.valparaisocreativo.cl\/wp-content\/uploads\/2022\/11\/ceac.png\" alt=\"\" class=\"wp-image-12011\" srcset=\"https:\/\/dev.antudigital.cl\/sites\/vc\/wp-content\/uploads\/2022\/11\/ceac.png 492w, https:\/\/dev.antudigital.cl\/sites\/vc\/wp-content\/uploads\/2022\/11\/ceac-300x190.png 300w, https:\/\/dev.antudigital.cl\/sites\/vc\/wp-content\/uploads\/2022\/11\/ceac-480x303.png 480w\" sizes=\"(max-width: 492px) 100vw, 492px\" \/><\/figure>\n\n\n\n<p>Cuando llegaron a Barrio Puerto, fue de una manera m\u00e1s bien fortuita, debido a que por las movilizaciones portuarias los valores estaban bajos en el sector. Ah\u00ed encontraron el espacio que hasta el d\u00eda de hoy es su hogar y funciona como sala con prop\u00f3sitos culturales.<\/p>\n\n\n\n<p>En sus palabras, cuando llegaron: \u201cNos dimos cuenta ac\u00e1 que hab\u00edan m\u00e1s necesidades de barrio de las que pens\u00e1bamos, y la gente estaba desarticulada as\u00ed que nos interesaba reactivar el barrio a trav\u00e9s del turismo cultural, mientras trabajamos con nuestro departamento de educaci\u00f3n, lectura y g\u00e9nero, de donde sale nuestra Escuela de Formaci\u00f3n Art\u00edstica. A la par hicimos el programa Arte al Aula con el que insertamos el arte como herramienta de aprendizaje en escuelas del sector\u201d.<\/p>\n\n\n\n<figure class=\"wp-block-image size-large\"><img decoding=\"async\" width=\"1024\" height=\"683\" src=\"https:\/\/www.valparaisocreativo.cl\/wp-content\/uploads\/2022\/11\/ceac-3-1024x683.jpg\" alt=\"\" class=\"wp-image-12013\" srcset=\"https:\/\/dev.antudigital.cl\/sites\/vc\/wp-content\/uploads\/2022\/11\/ceac-3-1024x683.jpg 1024w, https:\/\/dev.antudigital.cl\/sites\/vc\/wp-content\/uploads\/2022\/11\/ceac-3-300x200.jpg 300w, https:\/\/dev.antudigital.cl\/sites\/vc\/wp-content\/uploads\/2022\/11\/ceac-3-768x512.jpg 768w, https:\/\/dev.antudigital.cl\/sites\/vc\/wp-content\/uploads\/2022\/11\/ceac-3-1536x1024.jpg 1536w, https:\/\/dev.antudigital.cl\/sites\/vc\/wp-content\/uploads\/2022\/11\/ceac-3-1080x720.jpg 1080w, https:\/\/dev.antudigital.cl\/sites\/vc\/wp-content\/uploads\/2022\/11\/ceac-3-1280x853.jpg 1280w, https:\/\/dev.antudigital.cl\/sites\/vc\/wp-content\/uploads\/2022\/11\/ceac-3-980x653.jpg 980w, https:\/\/dev.antudigital.cl\/sites\/vc\/wp-content\/uploads\/2022\/11\/ceac-3-480x320.jpg 480w, https:\/\/dev.antudigital.cl\/sites\/vc\/wp-content\/uploads\/2022\/11\/ceac-3.jpg 2048w\" sizes=\"(max-width: 1024px) 100vw, 1024px\" \/><\/figure>\n\n\n\n<p>As\u00ed se fueron vinculando tanto con otras organizaciones culturales, como tambi\u00e9n con centros educativos de la zona, de la misma manera que se han vinculado con escuelas de hasta Quilpu\u00e9.<\/p>\n\n\n\n<p>\u201cCon los ni\u00f1os trabajamos distintas cosas: iniciaci\u00f3n musical, teatro, cine y tambi\u00e9n tenemos ni\u00f1ez con capacidades cognitivas diferentes. Con ellos generamos la Orquesta Latinoamericana que tenemos\u201d, y todo desde calle Cochrane.<\/p>\n\n\n\n<p>Durante estos a\u00f1os han ido abarcando cada vez m\u00e1s terreno, haciendo conversar diversas disciplinas tales como las artes visuales, poes\u00eda, teatro, m\u00fasica y tambi\u00e9n han gestionado ferias de emprendedoras y emprendedores creativos.&nbsp;<\/p>\n\n\n\n<p>Tal como se\u00f1alan: \u201cHemos trabajado como consultor\u00eda, y tambi\u00e9n desde la producci\u00f3n y formaci\u00f3n\u201d, y desde ah\u00ed prestan servicios como tambi\u00e9n el espacio f\u00edsico que contiene a CEAC, que significa sus salas de formaci\u00f3n, sala de lectura, exhibici\u00f3n y sal\u00f3n multiprop\u00f3sito.<\/p>\n\n\n\n<p>Sobre la sala de lectura, ellos se\u00f1alan que \u201cVe\u00edamos tambi\u00e9n que hab\u00eda oportunidad de hacer algo con las mam\u00e1s de los ni\u00f1os y ni\u00f1as que vienen, por lo que fuimos creando una sala de lectura para ellas que finalmente habilitamos como espacio de memoria y literatura. Fue tomando un car\u00e1cter, est\u00e1 dedicada a la formaci\u00f3n art\u00edstica y a los y las artistas independientes de Valpara\u00edso\u201d.<\/p>\n\n\n\n<p>\u00abLo que van a encontrar ac\u00e1 no lo encuentran en cualquier parte, tenemos trato directo con escritores y editoriales, lo que nos permite tener publicaciones exclusivas antes de tenerlas en las librer\u00edas\u00bb, relatan acerca de su biblioteca.<\/p>\n\n\n\n<p>As\u00ed se ha ido nutriendo este lugar que m\u00e1s que una corporaci\u00f3n, es un articulador de las culturas y las artes en el territorio.<\/p>\n\n\n\n<p>Para conocer m\u00e1s sobre CEAC, puedes seguirles <a href=\"https:\/\/www.instagram.com\/ceac.corp\/\">en sus redes sociales.<\/a><\/p>\n","protected":false},"excerpt":{"rendered":"<p>Desde el 2018 que existe la Corporaci\u00f3n Cultural CEAC, que pretende ser parte de una cadena de valor que moviliza a Barrio Puerto como espacio cultural. Son parte de la Red de Emergencias de Espacios Culturales de Valpara\u00edso (REEC), y a la fecha est\u00e1n gestionando diversas iniciativas que son parte de su programaci\u00f3n cultural y [&hellip;]<\/p>\n","protected":false},"author":1,"featured_media":12012,"comment_status":"open","ping_status":"closed","sticky":false,"template":"","format":"standard","meta":{"_acf_changed":false,"footnotes":""},"categories":[8],"tags":[],"class_list":["post-12010","post","type-post","status-publish","format-standard","has-post-thumbnail","hentry","category-noticia"],"acf":[],"yoast_head":"<!-- This site is optimized with the Yoast SEO plugin v27.1.1 - https:\/\/yoast.com\/product\/yoast-seo-wordpress\/ -->\n<title>Ceac: trabajo territorial a pulso - Valpara\u00ed\u00adso Creativo<\/title>\n<meta name=\"robots\" content=\"index, follow, max-snippet:-1, max-image-preview:large, max-video-preview:-1\" \/>\n<link rel=\"canonical\" href=\"https:\/\/dev.antudigital.cl\/sites\/vc\/ceac-trabajo-territorial-a-pulso\/\" \/>\n<meta property=\"og:locale\" content=\"es_ES\" \/>\n<meta property=\"og:type\" content=\"article\" \/>\n<meta property=\"og:title\" content=\"Ceac: trabajo territorial a pulso - Valpara\u00ed\u00adso Creativo\" \/>\n<meta property=\"og:description\" content=\"Desde el 2018 que existe la Corporaci\u00f3n Cultural CEAC, que pretende ser parte de una cadena de valor que moviliza a Barrio Puerto como espacio cultural. Son parte de la Red de Emergencias de Espacios Culturales de Valpara\u00edso (REEC), y a la fecha est\u00e1n gestionando diversas iniciativas que son parte de su programaci\u00f3n cultural y [&hellip;]\" \/>\n<meta property=\"og:url\" content=\"https:\/\/dev.antudigital.cl\/sites\/vc\/ceac-trabajo-territorial-a-pulso\/\" \/>\n<meta property=\"og:site_name\" content=\"Valpara\u00ed\u00adso Creativo\" \/>\n<meta property=\"article:published_time\" content=\"2022-11-07T19:18:02+00:00\" \/>\n<meta property=\"article:modified_time\" content=\"2022-11-07T20:55:24+00:00\" \/>\n<meta property=\"og:image\" content=\"https:\/\/dev.antudigital.cl\/sites\/vc\/wp-content\/uploads\/2022\/11\/ceac-4.jpg\" \/>\n\t<meta property=\"og:image:width\" content=\"2048\" \/>\n\t<meta property=\"og:image:height\" content=\"1365\" \/>\n\t<meta property=\"og:image:type\" content=\"image\/jpeg\" \/>\n<meta name=\"author\" content=\"Valpara\u00edso Creativo\" \/>\n<meta name=\"twitter:card\" content=\"summary_large_image\" \/>\n<meta name=\"twitter:label1\" content=\"Escrito por\" \/>\n\t<meta name=\"twitter:data1\" content=\"Valpara\u00edso Creativo\" \/>\n\t<meta name=\"twitter:label2\" content=\"Tiempo de lectura\" \/>\n\t<meta name=\"twitter:data2\" content=\"3 minutos\" \/>\n<script type=\"application\/ld+json\" class=\"yoast-schema-graph\">{\"@context\":\"https:\/\/schema.org\",\"@graph\":[{\"@type\":\"Article\",\"@id\":\"https:\/\/dev.antudigital.cl\/sites\/vc\/ceac-trabajo-territorial-a-pulso\/#article\",\"isPartOf\":{\"@id\":\"https:\/\/dev.antudigital.cl\/sites\/vc\/ceac-trabajo-territorial-a-pulso\/\"},\"author\":{\"name\":\"Valpara\u00edso Creativo\",\"@id\":\"https:\/\/dev.antudigital.cl\/sites\/vc\/#\/schema\/person\/c2b9da8dd545e27166fc5ab232837318\"},\"headline\":\"Ceac: trabajo territorial a pulso\",\"datePublished\":\"2022-11-07T19:18:02+00:00\",\"dateModified\":\"2022-11-07T20:55:24+00:00\",\"mainEntityOfPage\":{\"@id\":\"https:\/\/dev.antudigital.cl\/sites\/vc\/ceac-trabajo-territorial-a-pulso\/\"},\"wordCount\":597,\"commentCount\":0,\"image\":{\"@id\":\"https:\/\/dev.antudigital.cl\/sites\/vc\/ceac-trabajo-territorial-a-pulso\/#primaryimage\"},\"thumbnailUrl\":\"https:\/\/dev.antudigital.cl\/sites\/vc\/wp-content\/uploads\/2022\/11\/ceac-4.jpg\",\"articleSection\":[\"Noticia\"],\"inLanguage\":\"es\",\"potentialAction\":[{\"@type\":\"CommentAction\",\"name\":\"Comment\",\"target\":[\"https:\/\/dev.antudigital.cl\/sites\/vc\/ceac-trabajo-territorial-a-pulso\/#respond\"]}]},{\"@type\":\"WebPage\",\"@id\":\"https:\/\/dev.antudigital.cl\/sites\/vc\/ceac-trabajo-territorial-a-pulso\/\",\"url\":\"https:\/\/dev.antudigital.cl\/sites\/vc\/ceac-trabajo-territorial-a-pulso\/\",\"name\":\"Ceac: trabajo territorial a pulso - Valpara\u00ed\u00adso Creativo\",\"isPartOf\":{\"@id\":\"https:\/\/dev.antudigital.cl\/sites\/vc\/#website\"},\"primaryImageOfPage\":{\"@id\":\"https:\/\/dev.antudigital.cl\/sites\/vc\/ceac-trabajo-territorial-a-pulso\/#primaryimage\"},\"image\":{\"@id\":\"https:\/\/dev.antudigital.cl\/sites\/vc\/ceac-trabajo-territorial-a-pulso\/#primaryimage\"},\"thumbnailUrl\":\"https:\/\/dev.antudigital.cl\/sites\/vc\/wp-content\/uploads\/2022\/11\/ceac-4.jpg\",\"datePublished\":\"2022-11-07T19:18:02+00:00\",\"dateModified\":\"2022-11-07T20:55:24+00:00\",\"author\":{\"@id\":\"https:\/\/dev.antudigital.cl\/sites\/vc\/#\/schema\/person\/c2b9da8dd545e27166fc5ab232837318\"},\"breadcrumb\":{\"@id\":\"https:\/\/dev.antudigital.cl\/sites\/vc\/ceac-trabajo-territorial-a-pulso\/#breadcrumb\"},\"inLanguage\":\"es\",\"potentialAction\":[{\"@type\":\"ReadAction\",\"target\":[\"https:\/\/dev.antudigital.cl\/sites\/vc\/ceac-trabajo-territorial-a-pulso\/\"]}]},{\"@type\":\"ImageObject\",\"inLanguage\":\"es\",\"@id\":\"https:\/\/dev.antudigital.cl\/sites\/vc\/ceac-trabajo-territorial-a-pulso\/#primaryimage\",\"url\":\"https:\/\/dev.antudigital.cl\/sites\/vc\/wp-content\/uploads\/2022\/11\/ceac-4.jpg\",\"contentUrl\":\"https:\/\/dev.antudigital.cl\/sites\/vc\/wp-content\/uploads\/2022\/11\/ceac-4.jpg\",\"width\":2048,\"height\":1365},{\"@type\":\"BreadcrumbList\",\"@id\":\"https:\/\/dev.antudigital.cl\/sites\/vc\/ceac-trabajo-territorial-a-pulso\/#breadcrumb\",\"itemListElement\":[{\"@type\":\"ListItem\",\"position\":1,\"name\":\"Home\",\"item\":\"https:\/\/dev.antudigital.cl\/sites\/vc\/\"},{\"@type\":\"ListItem\",\"position\":2,\"name\":\"Ceac: trabajo territorial a pulso\"}]},{\"@type\":\"WebSite\",\"@id\":\"https:\/\/dev.antudigital.cl\/sites\/vc\/#website\",\"url\":\"https:\/\/dev.antudigital.cl\/sites\/vc\/\",\"name\":\"Valpara\u00ed\u00adso Creativo\",\"description\":\"\",\"potentialAction\":[{\"@type\":\"SearchAction\",\"target\":{\"@type\":\"EntryPoint\",\"urlTemplate\":\"https:\/\/dev.antudigital.cl\/sites\/vc\/?s={search_term_string}\"},\"query-input\":{\"@type\":\"PropertyValueSpecification\",\"valueRequired\":true,\"valueName\":\"search_term_string\"}}],\"inLanguage\":\"es\"},{\"@type\":\"Person\",\"@id\":\"https:\/\/dev.antudigital.cl\/sites\/vc\/#\/schema\/person\/c2b9da8dd545e27166fc5ab232837318\",\"name\":\"Valpara\u00edso Creativo\",\"description\":\"Periodista de cultura en la Regi\u00f3n de Valpara\u00edso.\",\"url\":\"https:\/\/dev.antudigital.cl\/sites\/vc\/author\/valpoadmin\/\"}]}<\/script>\n<!-- \/ Yoast SEO plugin. -->","yoast_head_json":{"title":"Ceac: trabajo territorial a pulso - Valpara\u00ed\u00adso Creativo","robots":{"index":"index","follow":"follow","max-snippet":"max-snippet:-1","max-image-preview":"max-image-preview:large","max-video-preview":"max-video-preview:-1"},"canonical":"https:\/\/dev.antudigital.cl\/sites\/vc\/ceac-trabajo-territorial-a-pulso\/","og_locale":"es_ES","og_type":"article","og_title":"Ceac: trabajo territorial a pulso - Valpara\u00ed\u00adso Creativo","og_description":"Desde el 2018 que existe la Corporaci\u00f3n Cultural CEAC, que pretende ser parte de una cadena de valor que moviliza a Barrio Puerto como espacio cultural. Son parte de la Red de Emergencias de Espacios Culturales de Valpara\u00edso (REEC), y a la fecha est\u00e1n gestionando diversas iniciativas que son parte de su programaci\u00f3n cultural y [&hellip;]","og_url":"https:\/\/dev.antudigital.cl\/sites\/vc\/ceac-trabajo-territorial-a-pulso\/","og_site_name":"Valpara\u00ed\u00adso Creativo","article_published_time":"2022-11-07T19:18:02+00:00","article_modified_time":"2022-11-07T20:55:24+00:00","og_image":[{"width":2048,"height":1365,"url":"https:\/\/dev.antudigital.cl\/sites\/vc\/wp-content\/uploads\/2022\/11\/ceac-4.jpg","type":"image\/jpeg"}],"author":"Valpara\u00edso Creativo","twitter_card":"summary_large_image","twitter_misc":{"Escrito por":"Valpara\u00edso Creativo","Tiempo de lectura":"3 minutos"},"schema":{"@context":"https:\/\/schema.org","@graph":[{"@type":"Article","@id":"https:\/\/dev.antudigital.cl\/sites\/vc\/ceac-trabajo-territorial-a-pulso\/#article","isPartOf":{"@id":"https:\/\/dev.antudigital.cl\/sites\/vc\/ceac-trabajo-territorial-a-pulso\/"},"author":{"name":"Valpara\u00edso Creativo","@id":"https:\/\/dev.antudigital.cl\/sites\/vc\/#\/schema\/person\/c2b9da8dd545e27166fc5ab232837318"},"headline":"Ceac: trabajo territorial a pulso","datePublished":"2022-11-07T19:18:02+00:00","dateModified":"2022-11-07T20:55:24+00:00","mainEntityOfPage":{"@id":"https:\/\/dev.antudigital.cl\/sites\/vc\/ceac-trabajo-territorial-a-pulso\/"},"wordCount":597,"commentCount":0,"image":{"@id":"https:\/\/dev.antudigital.cl\/sites\/vc\/ceac-trabajo-territorial-a-pulso\/#primaryimage"},"thumbnailUrl":"https:\/\/dev.antudigital.cl\/sites\/vc\/wp-content\/uploads\/2022\/11\/ceac-4.jpg","articleSection":["Noticia"],"inLanguage":"es","potentialAction":[{"@type":"CommentAction","name":"Comment","target":["https:\/\/dev.antudigital.cl\/sites\/vc\/ceac-trabajo-territorial-a-pulso\/#respond"]}]},{"@type":"WebPage","@id":"https:\/\/dev.antudigital.cl\/sites\/vc\/ceac-trabajo-territorial-a-pulso\/","url":"https:\/\/dev.antudigital.cl\/sites\/vc\/ceac-trabajo-territorial-a-pulso\/","name":"Ceac: trabajo territorial a pulso - Valpara\u00ed\u00adso Creativo","isPartOf":{"@id":"https:\/\/dev.antudigital.cl\/sites\/vc\/#website"},"primaryImageOfPage":{"@id":"https:\/\/dev.antudigital.cl\/sites\/vc\/ceac-trabajo-territorial-a-pulso\/#primaryimage"},"image":{"@id":"https:\/\/dev.antudigital.cl\/sites\/vc\/ceac-trabajo-territorial-a-pulso\/#primaryimage"},"thumbnailUrl":"https:\/\/dev.antudigital.cl\/sites\/vc\/wp-content\/uploads\/2022\/11\/ceac-4.jpg","datePublished":"2022-11-07T19:18:02+00:00","dateModified":"2022-11-07T20:55:24+00:00","author":{"@id":"https:\/\/dev.antudigital.cl\/sites\/vc\/#\/schema\/person\/c2b9da8dd545e27166fc5ab232837318"},"breadcrumb":{"@id":"https:\/\/dev.antudigital.cl\/sites\/vc\/ceac-trabajo-territorial-a-pulso\/#breadcrumb"},"inLanguage":"es","potentialAction":[{"@type":"ReadAction","target":["https:\/\/dev.antudigital.cl\/sites\/vc\/ceac-trabajo-territorial-a-pulso\/"]}]},{"@type":"ImageObject","inLanguage":"es","@id":"https:\/\/dev.antudigital.cl\/sites\/vc\/ceac-trabajo-territorial-a-pulso\/#primaryimage","url":"https:\/\/dev.antudigital.cl\/sites\/vc\/wp-content\/uploads\/2022\/11\/ceac-4.jpg","contentUrl":"https:\/\/dev.antudigital.cl\/sites\/vc\/wp-content\/uploads\/2022\/11\/ceac-4.jpg","width":2048,"height":1365},{"@type":"BreadcrumbList","@id":"https:\/\/dev.antudigital.cl\/sites\/vc\/ceac-trabajo-territorial-a-pulso\/#breadcrumb","itemListElement":[{"@type":"ListItem","position":1,"name":"Home","item":"https:\/\/dev.antudigital.cl\/sites\/vc\/"},{"@type":"ListItem","position":2,"name":"Ceac: trabajo territorial a pulso"}]},{"@type":"WebSite","@id":"https:\/\/dev.antudigital.cl\/sites\/vc\/#website","url":"https:\/\/dev.antudigital.cl\/sites\/vc\/","name":"Valpara\u00ed\u00adso Creativo","description":"","potentialAction":[{"@type":"SearchAction","target":{"@type":"EntryPoint","urlTemplate":"https:\/\/dev.antudigital.cl\/sites\/vc\/?s={search_term_string}"},"query-input":{"@type":"PropertyValueSpecification","valueRequired":true,"valueName":"search_term_string"}}],"inLanguage":"es"},{"@type":"Person","@id":"https:\/\/dev.antudigital.cl\/sites\/vc\/#\/schema\/person\/c2b9da8dd545e27166fc5ab232837318","name":"Valpara\u00edso Creativo","description":"Periodista de cultura en la Regi\u00f3n de Valpara\u00edso.","url":"https:\/\/dev.antudigital.cl\/sites\/vc\/author\/valpoadmin\/"}]}},"_links":{"self":[{"href":"https:\/\/dev.antudigital.cl\/sites\/vc\/wp-json\/wp\/v2\/posts\/12010","targetHints":{"allow":["GET"]}}],"collection":[{"href":"https:\/\/dev.antudigital.cl\/sites\/vc\/wp-json\/wp\/v2\/posts"}],"about":[{"href":"https:\/\/dev.antudigital.cl\/sites\/vc\/wp-json\/wp\/v2\/types\/post"}],"author":[{"embeddable":true,"href":"https:\/\/dev.antudigital.cl\/sites\/vc\/wp-json\/wp\/v2\/users\/1"}],"replies":[{"embeddable":true,"href":"https:\/\/dev.antudigital.cl\/sites\/vc\/wp-json\/wp\/v2\/comments?post=12010"}],"version-history":[{"count":4,"href":"https:\/\/dev.antudigital.cl\/sites\/vc\/wp-json\/wp\/v2\/posts\/12010\/revisions"}],"predecessor-version":[{"id":12027,"href":"https:\/\/dev.antudigital.cl\/sites\/vc\/wp-json\/wp\/v2\/posts\/12010\/revisions\/12027"}],"wp:featuredmedia":[{"embeddable":true,"href":"https:\/\/dev.antudigital.cl\/sites\/vc\/wp-json\/wp\/v2\/media\/12012"}],"wp:attachment":[{"href":"https:\/\/dev.antudigital.cl\/sites\/vc\/wp-json\/wp\/v2\/media?parent=12010"}],"wp:term":[{"taxonomy":"category","embeddable":true,"href":"https:\/\/dev.antudigital.cl\/sites\/vc\/wp-json\/wp\/v2\/categories?post=12010"},{"taxonomy":"post_tag","embeddable":true,"href":"https:\/\/dev.antudigital.cl\/sites\/vc\/wp-json\/wp\/v2\/tags?post=12010"}],"curies":[{"name":"wp","href":"https:\/\/api.w.org\/{rel}","templated":true}]}}