{"id":12022,"date":"2022-11-07T20:46:31","date_gmt":"2022-11-07T20:46:31","guid":{"rendered":"https:\/\/www.valparaisocreativo.cl\/?p=12022"},"modified":"2022-11-07T20:46:36","modified_gmt":"2022-11-07T20:46:36","slug":"participa-en-redes-industrias-creativas","status":"publish","type":"post","link":"https:\/\/dev.antudigital.cl\/sites\/vc\/participa-en-redes-industrias-creativas\/","title":{"rendered":"Participa en REDES industrias Creativas"},"content":{"rendered":"\n<p>Sercotec abri\u00f3 su convocatoria Redes para Industrias Creativas, programa de redes, que tiene por objetivo el promover la colaboraci\u00f3n asociativa y fortalecer las capacidades personales, profesionales y estructurales empresariales para facilitar el desarrollo de v\u00ednculos comerciales entre participantes e industria, a trav\u00e9s de generar espacios de encuentros para el intercambio de experiencias y conocimientos relevantes para los participantes.<\/p>\n\n\n\n<p>Este es un apoyo para proveer de herramientas de capacitaci\u00f3n, que permitan construir una propuesta de valor que est\u00e9 orientada al desarrollo de los negocios de la Industria Creativa en la Regi\u00f3n de Valpara\u00edso.<\/p>\n\n\n\n<p><strong>\u00bfQui\u00e9nes pueden participar?<\/strong><\/p>\n\n\n\n<p>1. Ser persona natural o jur\u00eddica, con iniciaci\u00f3n de actividades en primera categor\u00eda ante el Servicio de Impuestos Internos (SII).<\/p>\n\n\n\n<p>2. Tener giro o desarrollar una actividad asociada al rubro de las Industrias Creativas.<\/p>\n\n\n\n<p>3. Tener domicilio comercial en la regi\u00f3n de Valpara\u00edso.<\/p>\n\n\n\n<p>4. No tener rendiciones pendientes con Sercotec y\/o con el AOS o haber incumplido las obligaciones contractuales de un proyecto de Sercotec.<\/p>\n\n\n\n<p>5. Estra registrado como\u00a0 usuario\/a de Sercotec en www.sercotec.cl<\/p>\n\n\n\n<p>Las postulaciones abiertas hasta el d\u00eda 7 de noviembre, 18.00 hrs, por el sitio web www.sercotec.cl, Regi\u00f3n de Valpara\u00edso.<br>Presiona el bot\u00f3n \u00abPOSTULAR\u00bb, en la parte inferior de esta p\u00e1gina.<\/p>\n\n\n\n<p>Revisa las <a href=\"https:\/\/www.sercotec.cl\/redes-industrias-creativas\/\">bases y detalles en el siguiente link.<\/a><\/p>\n","protected":false},"excerpt":{"rendered":"<p>Sercotec abri\u00f3 su convocatoria Redes para Industrias Creativas, programa de redes, que tiene por objetivo el promover la colaboraci\u00f3n asociativa y fortalecer las capacidades personales, profesionales y estructurales empresariales para facilitar el desarrollo de v\u00ednculos comerciales entre participantes e industria, a trav\u00e9s de generar espacios de encuentros para el intercambio de experiencias y conocimientos relevantes [&hellip;]<\/p>\n","protected":false},"author":1,"featured_media":12023,"comment_status":"open","ping_status":"closed","sticky":false,"template":"","format":"standard","meta":{"_acf_changed":false,"footnotes":""},"categories":[1],"tags":[],"class_list":["post-12022","post","type-post","status-publish","format-standard","has-post-thumbnail","hentry","category-uncategorized"],"acf":[],"yoast_head":"<!-- This site is optimized with the Yoast SEO plugin v27.1.1 - https:\/\/yoast.com\/product\/yoast-seo-wordpress\/ -->\n<title>Participa en REDES industrias Creativas - Valpara\u00ed\u00adso Creativo<\/title>\n<meta name=\"robots\" content=\"index, follow, max-snippet:-1, max-image-preview:large, max-video-preview:-1\" \/>\n<link rel=\"canonical\" href=\"https:\/\/dev.antudigital.cl\/sites\/vc\/participa-en-redes-industrias-creativas\/\" \/>\n<meta property=\"og:locale\" content=\"es_ES\" \/>\n<meta property=\"og:type\" content=\"article\" \/>\n<meta property=\"og:title\" content=\"Participa en REDES industrias Creativas - Valpara\u00ed\u00adso Creativo\" \/>\n<meta property=\"og:description\" content=\"Sercotec abri\u00f3 su convocatoria Redes para Industrias Creativas, programa de redes, que tiene por objetivo el promover la colaboraci\u00f3n asociativa y fortalecer las capacidades personales, profesionales y estructurales empresariales para facilitar el desarrollo de v\u00ednculos comerciales entre participantes e industria, a trav\u00e9s de generar espacios de encuentros para el intercambio de experiencias y conocimientos relevantes [&hellip;]\" \/>\n<meta property=\"og:url\" content=\"https:\/\/dev.antudigital.cl\/sites\/vc\/participa-en-redes-industrias-creativas\/\" \/>\n<meta property=\"og:site_name\" content=\"Valpara\u00ed\u00adso Creativo\" \/>\n<meta property=\"article:published_time\" content=\"2022-11-07T20:46:31+00:00\" \/>\n<meta property=\"article:modified_time\" content=\"2022-11-07T20:46:36+00:00\" \/>\n<meta property=\"og:image\" content=\"https:\/\/dev.antudigital.cl\/sites\/vc\/wp-content\/uploads\/2022\/11\/Captura-de-Pantalla-2022-11-07-a-las-17.46.17.png\" \/>\n\t<meta property=\"og:image:width\" content=\"929\" \/>\n\t<meta property=\"og:image:height\" content=\"229\" \/>\n\t<meta property=\"og:image:type\" content=\"image\/png\" \/>\n<meta name=\"author\" content=\"Valpara\u00edso Creativo\" \/>\n<meta name=\"twitter:card\" content=\"summary_large_image\" \/>\n<meta name=\"twitter:label1\" content=\"Escrito por\" \/>\n\t<meta name=\"twitter:data1\" content=\"Valpara\u00edso Creativo\" \/>\n\t<meta name=\"twitter:label2\" content=\"Tiempo de lectura\" \/>\n\t<meta name=\"twitter:data2\" content=\"1 minuto\" \/>\n<script type=\"application\/ld+json\" class=\"yoast-schema-graph\">{\"@context\":\"https:\/\/schema.org\",\"@graph\":[{\"@type\":\"Article\",\"@id\":\"https:\/\/dev.antudigital.cl\/sites\/vc\/participa-en-redes-industrias-creativas\/#article\",\"isPartOf\":{\"@id\":\"https:\/\/dev.antudigital.cl\/sites\/vc\/participa-en-redes-industrias-creativas\/\"},\"author\":{\"name\":\"Valpara\u00edso Creativo\",\"@id\":\"https:\/\/dev.antudigital.cl\/sites\/vc\/#\/schema\/person\/c2b9da8dd545e27166fc5ab232837318\"},\"headline\":\"Participa en REDES industrias Creativas\",\"datePublished\":\"2022-11-07T20:46:31+00:00\",\"dateModified\":\"2022-11-07T20:46:36+00:00\",\"mainEntityOfPage\":{\"@id\":\"https:\/\/dev.antudigital.cl\/sites\/vc\/participa-en-redes-industrias-creativas\/\"},\"wordCount\":229,\"commentCount\":0,\"image\":{\"@id\":\"https:\/\/dev.antudigital.cl\/sites\/vc\/participa-en-redes-industrias-creativas\/#primaryimage\"},\"thumbnailUrl\":\"https:\/\/dev.antudigital.cl\/sites\/vc\/wp-content\/uploads\/2022\/11\/Captura-de-Pantalla-2022-11-07-a-las-17.46.17.png\",\"articleSection\":[\"Uncategorized\"],\"inLanguage\":\"es\",\"potentialAction\":[{\"@type\":\"CommentAction\",\"name\":\"Comment\",\"target\":[\"https:\/\/dev.antudigital.cl\/sites\/vc\/participa-en-redes-industrias-creativas\/#respond\"]}]},{\"@type\":\"WebPage\",\"@id\":\"https:\/\/dev.antudigital.cl\/sites\/vc\/participa-en-redes-industrias-creativas\/\",\"url\":\"https:\/\/dev.antudigital.cl\/sites\/vc\/participa-en-redes-industrias-creativas\/\",\"name\":\"Participa en REDES industrias Creativas - Valpara\u00ed\u00adso Creativo\",\"isPartOf\":{\"@id\":\"https:\/\/dev.antudigital.cl\/sites\/vc\/#website\"},\"primaryImageOfPage\":{\"@id\":\"https:\/\/dev.antudigital.cl\/sites\/vc\/participa-en-redes-industrias-creativas\/#primaryimage\"},\"image\":{\"@id\":\"https:\/\/dev.antudigital.cl\/sites\/vc\/participa-en-redes-industrias-creativas\/#primaryimage\"},\"thumbnailUrl\":\"https:\/\/dev.antudigital.cl\/sites\/vc\/wp-content\/uploads\/2022\/11\/Captura-de-Pantalla-2022-11-07-a-las-17.46.17.png\",\"datePublished\":\"2022-11-07T20:46:31+00:00\",\"dateModified\":\"2022-11-07T20:46:36+00:00\",\"author\":{\"@id\":\"https:\/\/dev.antudigital.cl\/sites\/vc\/#\/schema\/person\/c2b9da8dd545e27166fc5ab232837318\"},\"breadcrumb\":{\"@id\":\"https:\/\/dev.antudigital.cl\/sites\/vc\/participa-en-redes-industrias-creativas\/#breadcrumb\"},\"inLanguage\":\"es\",\"potentialAction\":[{\"@type\":\"ReadAction\",\"target\":[\"https:\/\/dev.antudigital.cl\/sites\/vc\/participa-en-redes-industrias-creativas\/\"]}]},{\"@type\":\"ImageObject\",\"inLanguage\":\"es\",\"@id\":\"https:\/\/dev.antudigital.cl\/sites\/vc\/participa-en-redes-industrias-creativas\/#primaryimage\",\"url\":\"https:\/\/dev.antudigital.cl\/sites\/vc\/wp-content\/uploads\/2022\/11\/Captura-de-Pantalla-2022-11-07-a-las-17.46.17.png\",\"contentUrl\":\"https:\/\/dev.antudigital.cl\/sites\/vc\/wp-content\/uploads\/2022\/11\/Captura-de-Pantalla-2022-11-07-a-las-17.46.17.png\",\"width\":929,\"height\":229},{\"@type\":\"BreadcrumbList\",\"@id\":\"https:\/\/dev.antudigital.cl\/sites\/vc\/participa-en-redes-industrias-creativas\/#breadcrumb\",\"itemListElement\":[{\"@type\":\"ListItem\",\"position\":1,\"name\":\"Home\",\"item\":\"https:\/\/dev.antudigital.cl\/sites\/vc\/\"},{\"@type\":\"ListItem\",\"position\":2,\"name\":\"Participa en REDES industrias Creativas\"}]},{\"@type\":\"WebSite\",\"@id\":\"https:\/\/dev.antudigital.cl\/sites\/vc\/#website\",\"url\":\"https:\/\/dev.antudigital.cl\/sites\/vc\/\",\"name\":\"Valpara\u00ed\u00adso Creativo\",\"description\":\"\",\"potentialAction\":[{\"@type\":\"SearchAction\",\"target\":{\"@type\":\"EntryPoint\",\"urlTemplate\":\"https:\/\/dev.antudigital.cl\/sites\/vc\/?s={search_term_string}\"},\"query-input\":{\"@type\":\"PropertyValueSpecification\",\"valueRequired\":true,\"valueName\":\"search_term_string\"}}],\"inLanguage\":\"es\"},{\"@type\":\"Person\",\"@id\":\"https:\/\/dev.antudigital.cl\/sites\/vc\/#\/schema\/person\/c2b9da8dd545e27166fc5ab232837318\",\"name\":\"Valpara\u00edso Creativo\",\"description\":\"Periodista de cultura en la Regi\u00f3n de Valpara\u00edso.\",\"url\":\"https:\/\/dev.antudigital.cl\/sites\/vc\/author\/valpoadmin\/\"}]}<\/script>\n<!-- \/ Yoast SEO plugin. -->","yoast_head_json":{"title":"Participa en REDES industrias Creativas - Valpara\u00ed\u00adso Creativo","robots":{"index":"index","follow":"follow","max-snippet":"max-snippet:-1","max-image-preview":"max-image-preview:large","max-video-preview":"max-video-preview:-1"},"canonical":"https:\/\/dev.antudigital.cl\/sites\/vc\/participa-en-redes-industrias-creativas\/","og_locale":"es_ES","og_type":"article","og_title":"Participa en REDES industrias Creativas - Valpara\u00ed\u00adso Creativo","og_description":"Sercotec abri\u00f3 su convocatoria Redes para Industrias Creativas, programa de redes, que tiene por objetivo el promover la colaboraci\u00f3n asociativa y fortalecer las capacidades personales, profesionales y estructurales empresariales para facilitar el desarrollo de v\u00ednculos comerciales entre participantes e industria, a trav\u00e9s de generar espacios de encuentros para el intercambio de experiencias y conocimientos relevantes [&hellip;]","og_url":"https:\/\/dev.antudigital.cl\/sites\/vc\/participa-en-redes-industrias-creativas\/","og_site_name":"Valpara\u00ed\u00adso Creativo","article_published_time":"2022-11-07T20:46:31+00:00","article_modified_time":"2022-11-07T20:46:36+00:00","og_image":[{"width":929,"height":229,"url":"https:\/\/dev.antudigital.cl\/sites\/vc\/wp-content\/uploads\/2022\/11\/Captura-de-Pantalla-2022-11-07-a-las-17.46.17.png","type":"image\/png"}],"author":"Valpara\u00edso Creativo","twitter_card":"summary_large_image","twitter_misc":{"Escrito por":"Valpara\u00edso Creativo","Tiempo de lectura":"1 minuto"},"schema":{"@context":"https:\/\/schema.org","@graph":[{"@type":"Article","@id":"https:\/\/dev.antudigital.cl\/sites\/vc\/participa-en-redes-industrias-creativas\/#article","isPartOf":{"@id":"https:\/\/dev.antudigital.cl\/sites\/vc\/participa-en-redes-industrias-creativas\/"},"author":{"name":"Valpara\u00edso Creativo","@id":"https:\/\/dev.antudigital.cl\/sites\/vc\/#\/schema\/person\/c2b9da8dd545e27166fc5ab232837318"},"headline":"Participa en REDES industrias Creativas","datePublished":"2022-11-07T20:46:31+00:00","dateModified":"2022-11-07T20:46:36+00:00","mainEntityOfPage":{"@id":"https:\/\/dev.antudigital.cl\/sites\/vc\/participa-en-redes-industrias-creativas\/"},"wordCount":229,"commentCount":0,"image":{"@id":"https:\/\/dev.antudigital.cl\/sites\/vc\/participa-en-redes-industrias-creativas\/#primaryimage"},"thumbnailUrl":"https:\/\/dev.antudigital.cl\/sites\/vc\/wp-content\/uploads\/2022\/11\/Captura-de-Pantalla-2022-11-07-a-las-17.46.17.png","articleSection":["Uncategorized"],"inLanguage":"es","potentialAction":[{"@type":"CommentAction","name":"Comment","target":["https:\/\/dev.antudigital.cl\/sites\/vc\/participa-en-redes-industrias-creativas\/#respond"]}]},{"@type":"WebPage","@id":"https:\/\/dev.antudigital.cl\/sites\/vc\/participa-en-redes-industrias-creativas\/","url":"https:\/\/dev.antudigital.cl\/sites\/vc\/participa-en-redes-industrias-creativas\/","name":"Participa en REDES industrias Creativas - Valpara\u00ed\u00adso Creativo","isPartOf":{"@id":"https:\/\/dev.antudigital.cl\/sites\/vc\/#website"},"primaryImageOfPage":{"@id":"https:\/\/dev.antudigital.cl\/sites\/vc\/participa-en-redes-industrias-creativas\/#primaryimage"},"image":{"@id":"https:\/\/dev.antudigital.cl\/sites\/vc\/participa-en-redes-industrias-creativas\/#primaryimage"},"thumbnailUrl":"https:\/\/dev.antudigital.cl\/sites\/vc\/wp-content\/uploads\/2022\/11\/Captura-de-Pantalla-2022-11-07-a-las-17.46.17.png","datePublished":"2022-11-07T20:46:31+00:00","dateModified":"2022-11-07T20:46:36+00:00","author":{"@id":"https:\/\/dev.antudigital.cl\/sites\/vc\/#\/schema\/person\/c2b9da8dd545e27166fc5ab232837318"},"breadcrumb":{"@id":"https:\/\/dev.antudigital.cl\/sites\/vc\/participa-en-redes-industrias-creativas\/#breadcrumb"},"inLanguage":"es","potentialAction":[{"@type":"ReadAction","target":["https:\/\/dev.antudigital.cl\/sites\/vc\/participa-en-redes-industrias-creativas\/"]}]},{"@type":"ImageObject","inLanguage":"es","@id":"https:\/\/dev.antudigital.cl\/sites\/vc\/participa-en-redes-industrias-creativas\/#primaryimage","url":"https:\/\/dev.antudigital.cl\/sites\/vc\/wp-content\/uploads\/2022\/11\/Captura-de-Pantalla-2022-11-07-a-las-17.46.17.png","contentUrl":"https:\/\/dev.antudigital.cl\/sites\/vc\/wp-content\/uploads\/2022\/11\/Captura-de-Pantalla-2022-11-07-a-las-17.46.17.png","width":929,"height":229},{"@type":"BreadcrumbList","@id":"https:\/\/dev.antudigital.cl\/sites\/vc\/participa-en-redes-industrias-creativas\/#breadcrumb","itemListElement":[{"@type":"ListItem","position":1,"name":"Home","item":"https:\/\/dev.antudigital.cl\/sites\/vc\/"},{"@type":"ListItem","position":2,"name":"Participa en REDES industrias Creativas"}]},{"@type":"WebSite","@id":"https:\/\/dev.antudigital.cl\/sites\/vc\/#website","url":"https:\/\/dev.antudigital.cl\/sites\/vc\/","name":"Valpara\u00ed\u00adso Creativo","description":"","potentialAction":[{"@type":"SearchAction","target":{"@type":"EntryPoint","urlTemplate":"https:\/\/dev.antudigital.cl\/sites\/vc\/?s={search_term_string}"},"query-input":{"@type":"PropertyValueSpecification","valueRequired":true,"valueName":"search_term_string"}}],"inLanguage":"es"},{"@type":"Person","@id":"https:\/\/dev.antudigital.cl\/sites\/vc\/#\/schema\/person\/c2b9da8dd545e27166fc5ab232837318","name":"Valpara\u00edso Creativo","description":"Periodista de cultura en la Regi\u00f3n de Valpara\u00edso.","url":"https:\/\/dev.antudigital.cl\/sites\/vc\/author\/valpoadmin\/"}]}},"_links":{"self":[{"href":"https:\/\/dev.antudigital.cl\/sites\/vc\/wp-json\/wp\/v2\/posts\/12022","targetHints":{"allow":["GET"]}}],"collection":[{"href":"https:\/\/dev.antudigital.cl\/sites\/vc\/wp-json\/wp\/v2\/posts"}],"about":[{"href":"https:\/\/dev.antudigital.cl\/sites\/vc\/wp-json\/wp\/v2\/types\/post"}],"author":[{"embeddable":true,"href":"https:\/\/dev.antudigital.cl\/sites\/vc\/wp-json\/wp\/v2\/users\/1"}],"replies":[{"embeddable":true,"href":"https:\/\/dev.antudigital.cl\/sites\/vc\/wp-json\/wp\/v2\/comments?post=12022"}],"version-history":[{"count":1,"href":"https:\/\/dev.antudigital.cl\/sites\/vc\/wp-json\/wp\/v2\/posts\/12022\/revisions"}],"predecessor-version":[{"id":12024,"href":"https:\/\/dev.antudigital.cl\/sites\/vc\/wp-json\/wp\/v2\/posts\/12022\/revisions\/12024"}],"wp:featuredmedia":[{"embeddable":true,"href":"https:\/\/dev.antudigital.cl\/sites\/vc\/wp-json\/wp\/v2\/media\/12023"}],"wp:attachment":[{"href":"https:\/\/dev.antudigital.cl\/sites\/vc\/wp-json\/wp\/v2\/media?parent=12022"}],"wp:term":[{"taxonomy":"category","embeddable":true,"href":"https:\/\/dev.antudigital.cl\/sites\/vc\/wp-json\/wp\/v2\/categories?post=12022"},{"taxonomy":"post_tag","embeddable":true,"href":"https:\/\/dev.antudigital.cl\/sites\/vc\/wp-json\/wp\/v2\/tags?post=12022"}],"curies":[{"name":"wp","href":"https:\/\/api.w.org\/{rel}","templated":true}]}}