{"id":12037,"date":"2022-11-14T18:53:19","date_gmt":"2022-11-14T18:53:19","guid":{"rendered":"https:\/\/www.valparaisocreativo.cl\/?p=12037"},"modified":"2022-11-14T18:53:25","modified_gmt":"2022-11-14T18:53:25","slug":"quillota-invita-a-su-expoliv","status":"publish","type":"post","link":"https:\/\/dev.antudigital.cl\/sites\/vc\/quillota-invita-a-su-expoliv\/","title":{"rendered":"Quillota invita a su ExpoLiv"},"content":{"rendered":"\n<p>\u00a1Llega Expoliv Quillota! \u00bfEst\u00e1s preparado? Desde el 24 de noviembre al 9 de diciembre llega esta feria de libros a la comuna de Quillota.<br><br>Ya est\u00e1 la primera convocatoria para EXPOLIV QUILLOTA, instancia que busca llevar la lectura a cada rinc\u00f3n de la quinta regi\u00f3n con presentaciones de diversos escritores de distintos g\u00e9neros literarios, m\u00fasicos, clases de yoga y cuenta cuentos infantil. Tambi\u00e9n habr\u00e1n sorpresas y concursos en la programaci\u00f3n.<br><br>Te invitamos a leer, que es so\u00f1ar despierto&#x2728;&#x1f4da;<\/p>\n\n\n\n<p>Puedes saber m\u00e1s sobre la instancia en <a href=\"https:\/\/www.instagram.com\/expolivv\/\">https:\/\/www.instagram.com\/expolivv\/<\/a><\/p>\n\n\n\n<figure class=\"wp-block-image size-full\"><img fetchpriority=\"high\" decoding=\"async\" width=\"479\" height=\"596\" src=\"https:\/\/www.valparaisocreativo.cl\/wp-content\/uploads\/2022\/11\/Captura-de-Pantalla-2022-11-14-a-las-15.47.12.png\" alt=\"\" class=\"wp-image-12038\" srcset=\"https:\/\/dev.antudigital.cl\/sites\/vc\/wp-content\/uploads\/2022\/11\/Captura-de-Pantalla-2022-11-14-a-las-15.47.12.png 479w, https:\/\/dev.antudigital.cl\/sites\/vc\/wp-content\/uploads\/2022\/11\/Captura-de-Pantalla-2022-11-14-a-las-15.47.12-241x300.png 241w\" sizes=\"(max-width: 479px) 100vw, 479px\" \/><\/figure>\n","protected":false},"excerpt":{"rendered":"<p>\u00a1Llega Expoliv Quillota! \u00bfEst\u00e1s preparado? Desde el 24 de noviembre al 9 de diciembre llega esta feria de libros a la comuna de Quillota. Ya est\u00e1 la primera convocatoria para EXPOLIV QUILLOTA, instancia que busca llevar la lectura a cada rinc\u00f3n de la quinta regi\u00f3n con presentaciones de diversos escritores de distintos g\u00e9neros literarios, m\u00fasicos, [&hellip;]<\/p>\n","protected":false},"author":1,"featured_media":8919,"comment_status":"open","ping_status":"closed","sticky":false,"template":"","format":"standard","meta":{"_acf_changed":false,"footnotes":""},"categories":[8],"tags":[],"class_list":["post-12037","post","type-post","status-publish","format-standard","has-post-thumbnail","hentry","category-noticia"],"acf":[],"yoast_head":"<!-- This site is optimized with the Yoast SEO plugin v27.1.1 - https:\/\/yoast.com\/product\/yoast-seo-wordpress\/ -->\n<title>Quillota invita a su ExpoLiv - Valpara\u00ed\u00adso Creativo<\/title>\n<meta name=\"robots\" content=\"index, follow, max-snippet:-1, max-image-preview:large, max-video-preview:-1\" \/>\n<link rel=\"canonical\" href=\"https:\/\/dev.antudigital.cl\/sites\/vc\/quillota-invita-a-su-expoliv\/\" \/>\n<meta property=\"og:locale\" content=\"es_ES\" \/>\n<meta property=\"og:type\" content=\"article\" \/>\n<meta property=\"og:title\" content=\"Quillota invita a su ExpoLiv - Valpara\u00ed\u00adso Creativo\" \/>\n<meta property=\"og:description\" content=\"\u00a1Llega Expoliv Quillota! \u00bfEst\u00e1s preparado? Desde el 24 de noviembre al 9 de diciembre llega esta feria de libros a la comuna de Quillota. Ya est\u00e1 la primera convocatoria para EXPOLIV QUILLOTA, instancia que busca llevar la lectura a cada rinc\u00f3n de la quinta regi\u00f3n con presentaciones de diversos escritores de distintos g\u00e9neros literarios, m\u00fasicos, [&hellip;]\" \/>\n<meta property=\"og:url\" content=\"https:\/\/dev.antudigital.cl\/sites\/vc\/quillota-invita-a-su-expoliv\/\" \/>\n<meta property=\"og:site_name\" content=\"Valpara\u00ed\u00adso Creativo\" \/>\n<meta property=\"article:published_time\" content=\"2022-11-14T18:53:19+00:00\" \/>\n<meta property=\"article:modified_time\" content=\"2022-11-14T18:53:25+00:00\" \/>\n<meta property=\"og:image\" content=\"https:\/\/dev.antudigital.cl\/sites\/vc\/wp-content\/uploads\/2020\/06\/libros_.jpg\" \/>\n\t<meta property=\"og:image:width\" content=\"1280\" \/>\n\t<meta property=\"og:image:height\" content=\"853\" \/>\n\t<meta property=\"og:image:type\" content=\"image\/jpeg\" \/>\n<meta name=\"author\" content=\"Valpara\u00edso Creativo\" \/>\n<meta name=\"twitter:card\" content=\"summary_large_image\" \/>\n<meta name=\"twitter:label1\" content=\"Escrito por\" \/>\n\t<meta name=\"twitter:data1\" content=\"Valpara\u00edso Creativo\" \/>\n\t<meta name=\"twitter:label2\" content=\"Tiempo de lectura\" \/>\n\t<meta name=\"twitter:data2\" content=\"1 minuto\" \/>\n<script type=\"application\/ld+json\" class=\"yoast-schema-graph\">{\"@context\":\"https:\/\/schema.org\",\"@graph\":[{\"@type\":\"Article\",\"@id\":\"https:\/\/dev.antudigital.cl\/sites\/vc\/quillota-invita-a-su-expoliv\/#article\",\"isPartOf\":{\"@id\":\"https:\/\/dev.antudigital.cl\/sites\/vc\/quillota-invita-a-su-expoliv\/\"},\"author\":{\"name\":\"Valpara\u00edso Creativo\",\"@id\":\"https:\/\/dev.antudigital.cl\/sites\/vc\/#\/schema\/person\/c2b9da8dd545e27166fc5ab232837318\"},\"headline\":\"Quillota invita a su ExpoLiv\",\"datePublished\":\"2022-11-14T18:53:19+00:00\",\"dateModified\":\"2022-11-14T18:53:25+00:00\",\"mainEntityOfPage\":{\"@id\":\"https:\/\/dev.antudigital.cl\/sites\/vc\/quillota-invita-a-su-expoliv\/\"},\"wordCount\":107,\"commentCount\":0,\"image\":{\"@id\":\"https:\/\/dev.antudigital.cl\/sites\/vc\/quillota-invita-a-su-expoliv\/#primaryimage\"},\"thumbnailUrl\":\"https:\/\/dev.antudigital.cl\/sites\/vc\/wp-content\/uploads\/2020\/06\/libros_.jpg\",\"articleSection\":[\"Noticia\"],\"inLanguage\":\"es\",\"potentialAction\":[{\"@type\":\"CommentAction\",\"name\":\"Comment\",\"target\":[\"https:\/\/dev.antudigital.cl\/sites\/vc\/quillota-invita-a-su-expoliv\/#respond\"]}]},{\"@type\":\"WebPage\",\"@id\":\"https:\/\/dev.antudigital.cl\/sites\/vc\/quillota-invita-a-su-expoliv\/\",\"url\":\"https:\/\/dev.antudigital.cl\/sites\/vc\/quillota-invita-a-su-expoliv\/\",\"name\":\"Quillota invita a su ExpoLiv - Valpara\u00ed\u00adso Creativo\",\"isPartOf\":{\"@id\":\"https:\/\/dev.antudigital.cl\/sites\/vc\/#website\"},\"primaryImageOfPage\":{\"@id\":\"https:\/\/dev.antudigital.cl\/sites\/vc\/quillota-invita-a-su-expoliv\/#primaryimage\"},\"image\":{\"@id\":\"https:\/\/dev.antudigital.cl\/sites\/vc\/quillota-invita-a-su-expoliv\/#primaryimage\"},\"thumbnailUrl\":\"https:\/\/dev.antudigital.cl\/sites\/vc\/wp-content\/uploads\/2020\/06\/libros_.jpg\",\"datePublished\":\"2022-11-14T18:53:19+00:00\",\"dateModified\":\"2022-11-14T18:53:25+00:00\",\"author\":{\"@id\":\"https:\/\/dev.antudigital.cl\/sites\/vc\/#\/schema\/person\/c2b9da8dd545e27166fc5ab232837318\"},\"breadcrumb\":{\"@id\":\"https:\/\/dev.antudigital.cl\/sites\/vc\/quillota-invita-a-su-expoliv\/#breadcrumb\"},\"inLanguage\":\"es\",\"potentialAction\":[{\"@type\":\"ReadAction\",\"target\":[\"https:\/\/dev.antudigital.cl\/sites\/vc\/quillota-invita-a-su-expoliv\/\"]}]},{\"@type\":\"ImageObject\",\"inLanguage\":\"es\",\"@id\":\"https:\/\/dev.antudigital.cl\/sites\/vc\/quillota-invita-a-su-expoliv\/#primaryimage\",\"url\":\"https:\/\/dev.antudigital.cl\/sites\/vc\/wp-content\/uploads\/2020\/06\/libros_.jpg\",\"contentUrl\":\"https:\/\/dev.antudigital.cl\/sites\/vc\/wp-content\/uploads\/2020\/06\/libros_.jpg\",\"width\":1280,\"height\":853},{\"@type\":\"BreadcrumbList\",\"@id\":\"https:\/\/dev.antudigital.cl\/sites\/vc\/quillota-invita-a-su-expoliv\/#breadcrumb\",\"itemListElement\":[{\"@type\":\"ListItem\",\"position\":1,\"name\":\"Home\",\"item\":\"https:\/\/dev.antudigital.cl\/sites\/vc\/\"},{\"@type\":\"ListItem\",\"position\":2,\"name\":\"Quillota invita a su ExpoLiv\"}]},{\"@type\":\"WebSite\",\"@id\":\"https:\/\/dev.antudigital.cl\/sites\/vc\/#website\",\"url\":\"https:\/\/dev.antudigital.cl\/sites\/vc\/\",\"name\":\"Valpara\u00ed\u00adso Creativo\",\"description\":\"\",\"potentialAction\":[{\"@type\":\"SearchAction\",\"target\":{\"@type\":\"EntryPoint\",\"urlTemplate\":\"https:\/\/dev.antudigital.cl\/sites\/vc\/?s={search_term_string}\"},\"query-input\":{\"@type\":\"PropertyValueSpecification\",\"valueRequired\":true,\"valueName\":\"search_term_string\"}}],\"inLanguage\":\"es\"},{\"@type\":\"Person\",\"@id\":\"https:\/\/dev.antudigital.cl\/sites\/vc\/#\/schema\/person\/c2b9da8dd545e27166fc5ab232837318\",\"name\":\"Valpara\u00edso Creativo\",\"description\":\"Periodista de cultura en la Regi\u00f3n de Valpara\u00edso.\",\"url\":\"https:\/\/dev.antudigital.cl\/sites\/vc\/author\/valpoadmin\/\"}]}<\/script>\n<!-- \/ Yoast SEO plugin. -->","yoast_head_json":{"title":"Quillota invita a su ExpoLiv - Valpara\u00ed\u00adso Creativo","robots":{"index":"index","follow":"follow","max-snippet":"max-snippet:-1","max-image-preview":"max-image-preview:large","max-video-preview":"max-video-preview:-1"},"canonical":"https:\/\/dev.antudigital.cl\/sites\/vc\/quillota-invita-a-su-expoliv\/","og_locale":"es_ES","og_type":"article","og_title":"Quillota invita a su ExpoLiv - Valpara\u00ed\u00adso Creativo","og_description":"\u00a1Llega Expoliv Quillota! \u00bfEst\u00e1s preparado? Desde el 24 de noviembre al 9 de diciembre llega esta feria de libros a la comuna de Quillota. Ya est\u00e1 la primera convocatoria para EXPOLIV QUILLOTA, instancia que busca llevar la lectura a cada rinc\u00f3n de la quinta regi\u00f3n con presentaciones de diversos escritores de distintos g\u00e9neros literarios, m\u00fasicos, [&hellip;]","og_url":"https:\/\/dev.antudigital.cl\/sites\/vc\/quillota-invita-a-su-expoliv\/","og_site_name":"Valpara\u00ed\u00adso Creativo","article_published_time":"2022-11-14T18:53:19+00:00","article_modified_time":"2022-11-14T18:53:25+00:00","og_image":[{"width":1280,"height":853,"url":"https:\/\/dev.antudigital.cl\/sites\/vc\/wp-content\/uploads\/2020\/06\/libros_.jpg","type":"image\/jpeg"}],"author":"Valpara\u00edso Creativo","twitter_card":"summary_large_image","twitter_misc":{"Escrito por":"Valpara\u00edso Creativo","Tiempo de lectura":"1 minuto"},"schema":{"@context":"https:\/\/schema.org","@graph":[{"@type":"Article","@id":"https:\/\/dev.antudigital.cl\/sites\/vc\/quillota-invita-a-su-expoliv\/#article","isPartOf":{"@id":"https:\/\/dev.antudigital.cl\/sites\/vc\/quillota-invita-a-su-expoliv\/"},"author":{"name":"Valpara\u00edso Creativo","@id":"https:\/\/dev.antudigital.cl\/sites\/vc\/#\/schema\/person\/c2b9da8dd545e27166fc5ab232837318"},"headline":"Quillota invita a su ExpoLiv","datePublished":"2022-11-14T18:53:19+00:00","dateModified":"2022-11-14T18:53:25+00:00","mainEntityOfPage":{"@id":"https:\/\/dev.antudigital.cl\/sites\/vc\/quillota-invita-a-su-expoliv\/"},"wordCount":107,"commentCount":0,"image":{"@id":"https:\/\/dev.antudigital.cl\/sites\/vc\/quillota-invita-a-su-expoliv\/#primaryimage"},"thumbnailUrl":"https:\/\/dev.antudigital.cl\/sites\/vc\/wp-content\/uploads\/2020\/06\/libros_.jpg","articleSection":["Noticia"],"inLanguage":"es","potentialAction":[{"@type":"CommentAction","name":"Comment","target":["https:\/\/dev.antudigital.cl\/sites\/vc\/quillota-invita-a-su-expoliv\/#respond"]}]},{"@type":"WebPage","@id":"https:\/\/dev.antudigital.cl\/sites\/vc\/quillota-invita-a-su-expoliv\/","url":"https:\/\/dev.antudigital.cl\/sites\/vc\/quillota-invita-a-su-expoliv\/","name":"Quillota invita a su ExpoLiv - Valpara\u00ed\u00adso Creativo","isPartOf":{"@id":"https:\/\/dev.antudigital.cl\/sites\/vc\/#website"},"primaryImageOfPage":{"@id":"https:\/\/dev.antudigital.cl\/sites\/vc\/quillota-invita-a-su-expoliv\/#primaryimage"},"image":{"@id":"https:\/\/dev.antudigital.cl\/sites\/vc\/quillota-invita-a-su-expoliv\/#primaryimage"},"thumbnailUrl":"https:\/\/dev.antudigital.cl\/sites\/vc\/wp-content\/uploads\/2020\/06\/libros_.jpg","datePublished":"2022-11-14T18:53:19+00:00","dateModified":"2022-11-14T18:53:25+00:00","author":{"@id":"https:\/\/dev.antudigital.cl\/sites\/vc\/#\/schema\/person\/c2b9da8dd545e27166fc5ab232837318"},"breadcrumb":{"@id":"https:\/\/dev.antudigital.cl\/sites\/vc\/quillota-invita-a-su-expoliv\/#breadcrumb"},"inLanguage":"es","potentialAction":[{"@type":"ReadAction","target":["https:\/\/dev.antudigital.cl\/sites\/vc\/quillota-invita-a-su-expoliv\/"]}]},{"@type":"ImageObject","inLanguage":"es","@id":"https:\/\/dev.antudigital.cl\/sites\/vc\/quillota-invita-a-su-expoliv\/#primaryimage","url":"https:\/\/dev.antudigital.cl\/sites\/vc\/wp-content\/uploads\/2020\/06\/libros_.jpg","contentUrl":"https:\/\/dev.antudigital.cl\/sites\/vc\/wp-content\/uploads\/2020\/06\/libros_.jpg","width":1280,"height":853},{"@type":"BreadcrumbList","@id":"https:\/\/dev.antudigital.cl\/sites\/vc\/quillota-invita-a-su-expoliv\/#breadcrumb","itemListElement":[{"@type":"ListItem","position":1,"name":"Home","item":"https:\/\/dev.antudigital.cl\/sites\/vc\/"},{"@type":"ListItem","position":2,"name":"Quillota invita a su ExpoLiv"}]},{"@type":"WebSite","@id":"https:\/\/dev.antudigital.cl\/sites\/vc\/#website","url":"https:\/\/dev.antudigital.cl\/sites\/vc\/","name":"Valpara\u00ed\u00adso Creativo","description":"","potentialAction":[{"@type":"SearchAction","target":{"@type":"EntryPoint","urlTemplate":"https:\/\/dev.antudigital.cl\/sites\/vc\/?s={search_term_string}"},"query-input":{"@type":"PropertyValueSpecification","valueRequired":true,"valueName":"search_term_string"}}],"inLanguage":"es"},{"@type":"Person","@id":"https:\/\/dev.antudigital.cl\/sites\/vc\/#\/schema\/person\/c2b9da8dd545e27166fc5ab232837318","name":"Valpara\u00edso Creativo","description":"Periodista de cultura en la Regi\u00f3n de Valpara\u00edso.","url":"https:\/\/dev.antudigital.cl\/sites\/vc\/author\/valpoadmin\/"}]}},"_links":{"self":[{"href":"https:\/\/dev.antudigital.cl\/sites\/vc\/wp-json\/wp\/v2\/posts\/12037","targetHints":{"allow":["GET"]}}],"collection":[{"href":"https:\/\/dev.antudigital.cl\/sites\/vc\/wp-json\/wp\/v2\/posts"}],"about":[{"href":"https:\/\/dev.antudigital.cl\/sites\/vc\/wp-json\/wp\/v2\/types\/post"}],"author":[{"embeddable":true,"href":"https:\/\/dev.antudigital.cl\/sites\/vc\/wp-json\/wp\/v2\/users\/1"}],"replies":[{"embeddable":true,"href":"https:\/\/dev.antudigital.cl\/sites\/vc\/wp-json\/wp\/v2\/comments?post=12037"}],"version-history":[{"count":1,"href":"https:\/\/dev.antudigital.cl\/sites\/vc\/wp-json\/wp\/v2\/posts\/12037\/revisions"}],"predecessor-version":[{"id":12039,"href":"https:\/\/dev.antudigital.cl\/sites\/vc\/wp-json\/wp\/v2\/posts\/12037\/revisions\/12039"}],"wp:featuredmedia":[{"embeddable":true,"href":"https:\/\/dev.antudigital.cl\/sites\/vc\/wp-json\/wp\/v2\/media\/8919"}],"wp:attachment":[{"href":"https:\/\/dev.antudigital.cl\/sites\/vc\/wp-json\/wp\/v2\/media?parent=12037"}],"wp:term":[{"taxonomy":"category","embeddable":true,"href":"https:\/\/dev.antudigital.cl\/sites\/vc\/wp-json\/wp\/v2\/categories?post=12037"},{"taxonomy":"post_tag","embeddable":true,"href":"https:\/\/dev.antudigital.cl\/sites\/vc\/wp-json\/wp\/v2\/tags?post=12037"}],"curies":[{"name":"wp","href":"https:\/\/api.w.org\/{rel}","templated":true}]}}