{"id":12048,"date":"2022-11-14T19:33:34","date_gmt":"2022-11-14T19:33:34","guid":{"rendered":"https:\/\/www.valparaisocreativo.cl\/?p=12048"},"modified":"2022-11-14T19:33:39","modified_gmt":"2022-11-14T19:33:39","slug":"se-acerca-el-encuentro-de-mujeres-y-rock-2022-udara","status":"publish","type":"post","link":"https:\/\/dev.antudigital.cl\/sites\/vc\/se-acerca-el-encuentro-de-mujeres-y-rock-2022-udara\/","title":{"rendered":"Se acerca el Encuentro de Mujeres y Rock 2022, UDARA"},"content":{"rendered":"\n<p>ARCOS PATROCINA UDARA, ENCUENTRO DE MUJERES Y ROCK. Se trata de la s\u00e9ptima edici\u00f3n del encuentro que se realiza el 19 y 20 de noviembre en la Quinta Vergara.<br><br>UDARA est\u00e1 formado por mujeres rockeras provenientes de diversas bandas, ilustradoras, fot\u00f3grafas, dise\u00f1adoras, productoras, periodistas, managers, locutoras y sonidistas, entre otras.<br><br>El festival nace con el objetivo de hacer redes de trabajo y contacto para potenciar el rol de la mujer, desde la necesidad y las ganas de conectarse, conocerse y compartir experiencias con otras mujeres que tienen al rock como parte importante de sus vidas.<br><br>La colaboraci\u00f3n de ARCOS en el festival consistir\u00e1 en el registro fotogr\u00e1fico del encuentro, cubriendo todas las actividades que se realicen en ambas jornadas, a cargo de las fot\u00f3grafas Camila Ortega y Fernanda Quiroga.<br><br>Ilse Far\u00edas (<a href=\"https:\/\/www.instagram.com\/ilzep_\/\">@ilzep_<\/a>) , directora del evento, se\u00f1ala que \u201cdesde que form\u00f3 UDARA, ha querido luchar contra la problem\u00e1tica de que el rock siempre ha estado ligado a la figura masculina y no exist\u00edan referentes femeninos\u201d.<br><br>Entradas disponibles en el <a href=\"https:\/\/www.passline.com\/eventos\/festival-udara-2022\">siguiente link<\/a><br><br><a href=\"https:\/\/www.instagram.com\/udara.mujeresyrock\/\">@udara.mujeresyrock<\/a><\/p>\n\n\n\n<figure class=\"wp-block-image size-full\"><img fetchpriority=\"high\" decoding=\"async\" width=\"593\" height=\"593\" src=\"https:\/\/www.valparaisocreativo.cl\/wp-content\/uploads\/2022\/11\/Captura-de-Pantalla-2022-11-14-a-las-16.10.34.png\" alt=\"\" class=\"wp-image-12050\" srcset=\"https:\/\/dev.antudigital.cl\/sites\/vc\/wp-content\/uploads\/2022\/11\/Captura-de-Pantalla-2022-11-14-a-las-16.10.34.png 593w, https:\/\/dev.antudigital.cl\/sites\/vc\/wp-content\/uploads\/2022\/11\/Captura-de-Pantalla-2022-11-14-a-las-16.10.34-300x300.png 300w, https:\/\/dev.antudigital.cl\/sites\/vc\/wp-content\/uploads\/2022\/11\/Captura-de-Pantalla-2022-11-14-a-las-16.10.34-150x150.png 150w, https:\/\/dev.antudigital.cl\/sites\/vc\/wp-content\/uploads\/2022\/11\/Captura-de-Pantalla-2022-11-14-a-las-16.10.34-480x480.png 480w\" sizes=\"(max-width: 593px) 100vw, 593px\" \/><\/figure>\n","protected":false},"excerpt":{"rendered":"<p>ARCOS PATROCINA UDARA, ENCUENTRO DE MUJERES Y ROCK. Se trata de la s\u00e9ptima edici\u00f3n del encuentro que se realiza el 19 y 20 de noviembre en la Quinta Vergara. UDARA est\u00e1 formado por mujeres rockeras provenientes de diversas bandas, ilustradoras, fot\u00f3grafas, dise\u00f1adoras, productoras, periodistas, managers, locutoras y sonidistas, entre otras. El festival nace con el [&hellip;]<\/p>\n","protected":false},"author":1,"featured_media":12049,"comment_status":"open","ping_status":"closed","sticky":false,"template":"","format":"standard","meta":{"_acf_changed":false,"footnotes":""},"categories":[8],"tags":[],"class_list":["post-12048","post","type-post","status-publish","format-standard","has-post-thumbnail","hentry","category-noticia"],"acf":[],"yoast_head":"<!-- This site is optimized with the Yoast SEO plugin v27.1.1 - https:\/\/yoast.com\/product\/yoast-seo-wordpress\/ -->\n<title>Se acerca el Encuentro de Mujeres y Rock 2022, UDARA - Valpara\u00ed\u00adso Creativo<\/title>\n<meta name=\"robots\" content=\"index, follow, max-snippet:-1, max-image-preview:large, max-video-preview:-1\" \/>\n<link rel=\"canonical\" href=\"https:\/\/dev.antudigital.cl\/sites\/vc\/se-acerca-el-encuentro-de-mujeres-y-rock-2022-udara\/\" \/>\n<meta property=\"og:locale\" content=\"es_ES\" \/>\n<meta property=\"og:type\" content=\"article\" \/>\n<meta property=\"og:title\" content=\"Se acerca el Encuentro de Mujeres y Rock 2022, UDARA - Valpara\u00ed\u00adso Creativo\" \/>\n<meta property=\"og:description\" content=\"ARCOS PATROCINA UDARA, ENCUENTRO DE MUJERES Y ROCK. Se trata de la s\u00e9ptima edici\u00f3n del encuentro que se realiza el 19 y 20 de noviembre en la Quinta Vergara. UDARA est\u00e1 formado por mujeres rockeras provenientes de diversas bandas, ilustradoras, fot\u00f3grafas, dise\u00f1adoras, productoras, periodistas, managers, locutoras y sonidistas, entre otras. El festival nace con el [&hellip;]\" \/>\n<meta property=\"og:url\" content=\"https:\/\/dev.antudigital.cl\/sites\/vc\/se-acerca-el-encuentro-de-mujeres-y-rock-2022-udara\/\" \/>\n<meta property=\"og:site_name\" content=\"Valpara\u00ed\u00adso Creativo\" \/>\n<meta property=\"article:published_time\" content=\"2022-11-14T19:33:34+00:00\" \/>\n<meta property=\"article:modified_time\" content=\"2022-11-14T19:33:39+00:00\" \/>\n<meta property=\"og:image\" content=\"https:\/\/dev.antudigital.cl\/sites\/vc\/wp-content\/uploads\/2022\/11\/Captura-de-Pantalla-2022-11-14-a-las-16.24.11.png\" \/>\n\t<meta property=\"og:image:width\" content=\"594\" \/>\n\t<meta property=\"og:image:height\" content=\"274\" \/>\n\t<meta property=\"og:image:type\" content=\"image\/png\" \/>\n<meta name=\"author\" content=\"Valpara\u00edso Creativo\" \/>\n<meta name=\"twitter:card\" content=\"summary_large_image\" \/>\n<meta name=\"twitter:label1\" content=\"Escrito por\" \/>\n\t<meta name=\"twitter:data1\" content=\"Valpara\u00edso Creativo\" \/>\n\t<meta name=\"twitter:label2\" content=\"Tiempo de lectura\" \/>\n\t<meta name=\"twitter:data2\" content=\"1 minuto\" \/>\n<script type=\"application\/ld+json\" class=\"yoast-schema-graph\">{\"@context\":\"https:\/\/schema.org\",\"@graph\":[{\"@type\":\"Article\",\"@id\":\"https:\/\/dev.antudigital.cl\/sites\/vc\/se-acerca-el-encuentro-de-mujeres-y-rock-2022-udara\/#article\",\"isPartOf\":{\"@id\":\"https:\/\/dev.antudigital.cl\/sites\/vc\/se-acerca-el-encuentro-de-mujeres-y-rock-2022-udara\/\"},\"author\":{\"name\":\"Valpara\u00edso Creativo\",\"@id\":\"https:\/\/dev.antudigital.cl\/sites\/vc\/#\/schema\/person\/c2b9da8dd545e27166fc5ab232837318\"},\"headline\":\"Se acerca el Encuentro de Mujeres y Rock 2022, UDARA\",\"datePublished\":\"2022-11-14T19:33:34+00:00\",\"dateModified\":\"2022-11-14T19:33:39+00:00\",\"mainEntityOfPage\":{\"@id\":\"https:\/\/dev.antudigital.cl\/sites\/vc\/se-acerca-el-encuentro-de-mujeres-y-rock-2022-udara\/\"},\"wordCount\":190,\"commentCount\":0,\"image\":{\"@id\":\"https:\/\/dev.antudigital.cl\/sites\/vc\/se-acerca-el-encuentro-de-mujeres-y-rock-2022-udara\/#primaryimage\"},\"thumbnailUrl\":\"https:\/\/dev.antudigital.cl\/sites\/vc\/wp-content\/uploads\/2022\/11\/Captura-de-Pantalla-2022-11-14-a-las-16.24.11.png\",\"articleSection\":[\"Noticia\"],\"inLanguage\":\"es\",\"potentialAction\":[{\"@type\":\"CommentAction\",\"name\":\"Comment\",\"target\":[\"https:\/\/dev.antudigital.cl\/sites\/vc\/se-acerca-el-encuentro-de-mujeres-y-rock-2022-udara\/#respond\"]}]},{\"@type\":\"WebPage\",\"@id\":\"https:\/\/dev.antudigital.cl\/sites\/vc\/se-acerca-el-encuentro-de-mujeres-y-rock-2022-udara\/\",\"url\":\"https:\/\/dev.antudigital.cl\/sites\/vc\/se-acerca-el-encuentro-de-mujeres-y-rock-2022-udara\/\",\"name\":\"Se acerca el Encuentro de Mujeres y Rock 2022, UDARA - Valpara\u00ed\u00adso Creativo\",\"isPartOf\":{\"@id\":\"https:\/\/dev.antudigital.cl\/sites\/vc\/#website\"},\"primaryImageOfPage\":{\"@id\":\"https:\/\/dev.antudigital.cl\/sites\/vc\/se-acerca-el-encuentro-de-mujeres-y-rock-2022-udara\/#primaryimage\"},\"image\":{\"@id\":\"https:\/\/dev.antudigital.cl\/sites\/vc\/se-acerca-el-encuentro-de-mujeres-y-rock-2022-udara\/#primaryimage\"},\"thumbnailUrl\":\"https:\/\/dev.antudigital.cl\/sites\/vc\/wp-content\/uploads\/2022\/11\/Captura-de-Pantalla-2022-11-14-a-las-16.24.11.png\",\"datePublished\":\"2022-11-14T19:33:34+00:00\",\"dateModified\":\"2022-11-14T19:33:39+00:00\",\"author\":{\"@id\":\"https:\/\/dev.antudigital.cl\/sites\/vc\/#\/schema\/person\/c2b9da8dd545e27166fc5ab232837318\"},\"breadcrumb\":{\"@id\":\"https:\/\/dev.antudigital.cl\/sites\/vc\/se-acerca-el-encuentro-de-mujeres-y-rock-2022-udara\/#breadcrumb\"},\"inLanguage\":\"es\",\"potentialAction\":[{\"@type\":\"ReadAction\",\"target\":[\"https:\/\/dev.antudigital.cl\/sites\/vc\/se-acerca-el-encuentro-de-mujeres-y-rock-2022-udara\/\"]}]},{\"@type\":\"ImageObject\",\"inLanguage\":\"es\",\"@id\":\"https:\/\/dev.antudigital.cl\/sites\/vc\/se-acerca-el-encuentro-de-mujeres-y-rock-2022-udara\/#primaryimage\",\"url\":\"https:\/\/dev.antudigital.cl\/sites\/vc\/wp-content\/uploads\/2022\/11\/Captura-de-Pantalla-2022-11-14-a-las-16.24.11.png\",\"contentUrl\":\"https:\/\/dev.antudigital.cl\/sites\/vc\/wp-content\/uploads\/2022\/11\/Captura-de-Pantalla-2022-11-14-a-las-16.24.11.png\",\"width\":594,\"height\":274},{\"@type\":\"BreadcrumbList\",\"@id\":\"https:\/\/dev.antudigital.cl\/sites\/vc\/se-acerca-el-encuentro-de-mujeres-y-rock-2022-udara\/#breadcrumb\",\"itemListElement\":[{\"@type\":\"ListItem\",\"position\":1,\"name\":\"Home\",\"item\":\"https:\/\/dev.antudigital.cl\/sites\/vc\/\"},{\"@type\":\"ListItem\",\"position\":2,\"name\":\"Se acerca el Encuentro de Mujeres y Rock 2022, UDARA\"}]},{\"@type\":\"WebSite\",\"@id\":\"https:\/\/dev.antudigital.cl\/sites\/vc\/#website\",\"url\":\"https:\/\/dev.antudigital.cl\/sites\/vc\/\",\"name\":\"Valpara\u00ed\u00adso Creativo\",\"description\":\"\",\"potentialAction\":[{\"@type\":\"SearchAction\",\"target\":{\"@type\":\"EntryPoint\",\"urlTemplate\":\"https:\/\/dev.antudigital.cl\/sites\/vc\/?s={search_term_string}\"},\"query-input\":{\"@type\":\"PropertyValueSpecification\",\"valueRequired\":true,\"valueName\":\"search_term_string\"}}],\"inLanguage\":\"es\"},{\"@type\":\"Person\",\"@id\":\"https:\/\/dev.antudigital.cl\/sites\/vc\/#\/schema\/person\/c2b9da8dd545e27166fc5ab232837318\",\"name\":\"Valpara\u00edso Creativo\",\"description\":\"Periodista de cultura en la Regi\u00f3n de Valpara\u00edso.\",\"url\":\"https:\/\/dev.antudigital.cl\/sites\/vc\/author\/valpoadmin\/\"}]}<\/script>\n<!-- \/ Yoast SEO plugin. -->","yoast_head_json":{"title":"Se acerca el Encuentro de Mujeres y Rock 2022, UDARA - Valpara\u00ed\u00adso Creativo","robots":{"index":"index","follow":"follow","max-snippet":"max-snippet:-1","max-image-preview":"max-image-preview:large","max-video-preview":"max-video-preview:-1"},"canonical":"https:\/\/dev.antudigital.cl\/sites\/vc\/se-acerca-el-encuentro-de-mujeres-y-rock-2022-udara\/","og_locale":"es_ES","og_type":"article","og_title":"Se acerca el Encuentro de Mujeres y Rock 2022, UDARA - Valpara\u00ed\u00adso Creativo","og_description":"ARCOS PATROCINA UDARA, ENCUENTRO DE MUJERES Y ROCK. Se trata de la s\u00e9ptima edici\u00f3n del encuentro que se realiza el 19 y 20 de noviembre en la Quinta Vergara. UDARA est\u00e1 formado por mujeres rockeras provenientes de diversas bandas, ilustradoras, fot\u00f3grafas, dise\u00f1adoras, productoras, periodistas, managers, locutoras y sonidistas, entre otras. El festival nace con el [&hellip;]","og_url":"https:\/\/dev.antudigital.cl\/sites\/vc\/se-acerca-el-encuentro-de-mujeres-y-rock-2022-udara\/","og_site_name":"Valpara\u00ed\u00adso Creativo","article_published_time":"2022-11-14T19:33:34+00:00","article_modified_time":"2022-11-14T19:33:39+00:00","og_image":[{"width":594,"height":274,"url":"https:\/\/dev.antudigital.cl\/sites\/vc\/wp-content\/uploads\/2022\/11\/Captura-de-Pantalla-2022-11-14-a-las-16.24.11.png","type":"image\/png"}],"author":"Valpara\u00edso Creativo","twitter_card":"summary_large_image","twitter_misc":{"Escrito por":"Valpara\u00edso Creativo","Tiempo de lectura":"1 minuto"},"schema":{"@context":"https:\/\/schema.org","@graph":[{"@type":"Article","@id":"https:\/\/dev.antudigital.cl\/sites\/vc\/se-acerca-el-encuentro-de-mujeres-y-rock-2022-udara\/#article","isPartOf":{"@id":"https:\/\/dev.antudigital.cl\/sites\/vc\/se-acerca-el-encuentro-de-mujeres-y-rock-2022-udara\/"},"author":{"name":"Valpara\u00edso Creativo","@id":"https:\/\/dev.antudigital.cl\/sites\/vc\/#\/schema\/person\/c2b9da8dd545e27166fc5ab232837318"},"headline":"Se acerca el Encuentro de Mujeres y Rock 2022, UDARA","datePublished":"2022-11-14T19:33:34+00:00","dateModified":"2022-11-14T19:33:39+00:00","mainEntityOfPage":{"@id":"https:\/\/dev.antudigital.cl\/sites\/vc\/se-acerca-el-encuentro-de-mujeres-y-rock-2022-udara\/"},"wordCount":190,"commentCount":0,"image":{"@id":"https:\/\/dev.antudigital.cl\/sites\/vc\/se-acerca-el-encuentro-de-mujeres-y-rock-2022-udara\/#primaryimage"},"thumbnailUrl":"https:\/\/dev.antudigital.cl\/sites\/vc\/wp-content\/uploads\/2022\/11\/Captura-de-Pantalla-2022-11-14-a-las-16.24.11.png","articleSection":["Noticia"],"inLanguage":"es","potentialAction":[{"@type":"CommentAction","name":"Comment","target":["https:\/\/dev.antudigital.cl\/sites\/vc\/se-acerca-el-encuentro-de-mujeres-y-rock-2022-udara\/#respond"]}]},{"@type":"WebPage","@id":"https:\/\/dev.antudigital.cl\/sites\/vc\/se-acerca-el-encuentro-de-mujeres-y-rock-2022-udara\/","url":"https:\/\/dev.antudigital.cl\/sites\/vc\/se-acerca-el-encuentro-de-mujeres-y-rock-2022-udara\/","name":"Se acerca el Encuentro de Mujeres y Rock 2022, UDARA - Valpara\u00ed\u00adso Creativo","isPartOf":{"@id":"https:\/\/dev.antudigital.cl\/sites\/vc\/#website"},"primaryImageOfPage":{"@id":"https:\/\/dev.antudigital.cl\/sites\/vc\/se-acerca-el-encuentro-de-mujeres-y-rock-2022-udara\/#primaryimage"},"image":{"@id":"https:\/\/dev.antudigital.cl\/sites\/vc\/se-acerca-el-encuentro-de-mujeres-y-rock-2022-udara\/#primaryimage"},"thumbnailUrl":"https:\/\/dev.antudigital.cl\/sites\/vc\/wp-content\/uploads\/2022\/11\/Captura-de-Pantalla-2022-11-14-a-las-16.24.11.png","datePublished":"2022-11-14T19:33:34+00:00","dateModified":"2022-11-14T19:33:39+00:00","author":{"@id":"https:\/\/dev.antudigital.cl\/sites\/vc\/#\/schema\/person\/c2b9da8dd545e27166fc5ab232837318"},"breadcrumb":{"@id":"https:\/\/dev.antudigital.cl\/sites\/vc\/se-acerca-el-encuentro-de-mujeres-y-rock-2022-udara\/#breadcrumb"},"inLanguage":"es","potentialAction":[{"@type":"ReadAction","target":["https:\/\/dev.antudigital.cl\/sites\/vc\/se-acerca-el-encuentro-de-mujeres-y-rock-2022-udara\/"]}]},{"@type":"ImageObject","inLanguage":"es","@id":"https:\/\/dev.antudigital.cl\/sites\/vc\/se-acerca-el-encuentro-de-mujeres-y-rock-2022-udara\/#primaryimage","url":"https:\/\/dev.antudigital.cl\/sites\/vc\/wp-content\/uploads\/2022\/11\/Captura-de-Pantalla-2022-11-14-a-las-16.24.11.png","contentUrl":"https:\/\/dev.antudigital.cl\/sites\/vc\/wp-content\/uploads\/2022\/11\/Captura-de-Pantalla-2022-11-14-a-las-16.24.11.png","width":594,"height":274},{"@type":"BreadcrumbList","@id":"https:\/\/dev.antudigital.cl\/sites\/vc\/se-acerca-el-encuentro-de-mujeres-y-rock-2022-udara\/#breadcrumb","itemListElement":[{"@type":"ListItem","position":1,"name":"Home","item":"https:\/\/dev.antudigital.cl\/sites\/vc\/"},{"@type":"ListItem","position":2,"name":"Se acerca el Encuentro de Mujeres y Rock 2022, UDARA"}]},{"@type":"WebSite","@id":"https:\/\/dev.antudigital.cl\/sites\/vc\/#website","url":"https:\/\/dev.antudigital.cl\/sites\/vc\/","name":"Valpara\u00ed\u00adso Creativo","description":"","potentialAction":[{"@type":"SearchAction","target":{"@type":"EntryPoint","urlTemplate":"https:\/\/dev.antudigital.cl\/sites\/vc\/?s={search_term_string}"},"query-input":{"@type":"PropertyValueSpecification","valueRequired":true,"valueName":"search_term_string"}}],"inLanguage":"es"},{"@type":"Person","@id":"https:\/\/dev.antudigital.cl\/sites\/vc\/#\/schema\/person\/c2b9da8dd545e27166fc5ab232837318","name":"Valpara\u00edso Creativo","description":"Periodista de cultura en la Regi\u00f3n de Valpara\u00edso.","url":"https:\/\/dev.antudigital.cl\/sites\/vc\/author\/valpoadmin\/"}]}},"_links":{"self":[{"href":"https:\/\/dev.antudigital.cl\/sites\/vc\/wp-json\/wp\/v2\/posts\/12048","targetHints":{"allow":["GET"]}}],"collection":[{"href":"https:\/\/dev.antudigital.cl\/sites\/vc\/wp-json\/wp\/v2\/posts"}],"about":[{"href":"https:\/\/dev.antudigital.cl\/sites\/vc\/wp-json\/wp\/v2\/types\/post"}],"author":[{"embeddable":true,"href":"https:\/\/dev.antudigital.cl\/sites\/vc\/wp-json\/wp\/v2\/users\/1"}],"replies":[{"embeddable":true,"href":"https:\/\/dev.antudigital.cl\/sites\/vc\/wp-json\/wp\/v2\/comments?post=12048"}],"version-history":[{"count":1,"href":"https:\/\/dev.antudigital.cl\/sites\/vc\/wp-json\/wp\/v2\/posts\/12048\/revisions"}],"predecessor-version":[{"id":12051,"href":"https:\/\/dev.antudigital.cl\/sites\/vc\/wp-json\/wp\/v2\/posts\/12048\/revisions\/12051"}],"wp:featuredmedia":[{"embeddable":true,"href":"https:\/\/dev.antudigital.cl\/sites\/vc\/wp-json\/wp\/v2\/media\/12049"}],"wp:attachment":[{"href":"https:\/\/dev.antudigital.cl\/sites\/vc\/wp-json\/wp\/v2\/media?parent=12048"}],"wp:term":[{"taxonomy":"category","embeddable":true,"href":"https:\/\/dev.antudigital.cl\/sites\/vc\/wp-json\/wp\/v2\/categories?post=12048"},{"taxonomy":"post_tag","embeddable":true,"href":"https:\/\/dev.antudigital.cl\/sites\/vc\/wp-json\/wp\/v2\/tags?post=12048"}],"curies":[{"name":"wp","href":"https:\/\/api.w.org\/{rel}","templated":true}]}}