{"id":12052,"date":"2022-11-14T19:37:29","date_gmt":"2022-11-14T19:37:29","guid":{"rendered":"https:\/\/www.valparaisocreativo.cl\/?p=12052"},"modified":"2022-11-14T19:37:42","modified_gmt":"2022-11-14T19:37:42","slug":"duo-nacional-yorka-y-estudiantes-de-la-region-ofreceran-concierto-educativo-en-valparaiso","status":"publish","type":"post","link":"https:\/\/dev.antudigital.cl\/sites\/vc\/duo-nacional-yorka-y-estudiantes-de-la-region-ofreceran-concierto-educativo-en-valparaiso\/","title":{"rendered":"<strong>D\u00fao nacional Yorka y estudiantes de la regi\u00f3n ofrecer\u00e1n concierto educativo en Valpara\u00edso<\/strong>"},"content":{"rendered":"\n<p>Una especial jornada tendr\u00e1 lugar en la explanada del Parque Cultural de Valpara\u00edso el <strong>mi\u00e9rcoles 16 de noviembre, a las 12.00 horas<\/strong>. Se trata de un concierto abierto que congregar\u00e1 a m\u00e1s de 40 estudiantes de La Calera, Quilpu\u00e9 y Vi\u00f1a del Mar, quienes se presentar\u00e1n en un show ac\u00fastico junto a Yorka, reconocido d\u00fao nacional que recientemente lanz\u00f3 su disco <strong><em>Chao<\/em><\/strong> (2022).<\/p>\n\n\n\n<p>Fue en octubre de este a\u00f1o que se inici\u00f3 un proceso de trabajo colectivo que involucr\u00f3 a comunidades educativas en una instancia de experimentaci\u00f3n y aprendizaje, precisamente junto a docentes de artes musicales, quienes desarrollaron sus clases con las y los estudiantes en compa\u00f1\u00eda de Daniela y Yorka Pastenes, a trav\u00e9s de la instancia impulsada por Hub Musical.&nbsp;<\/p>\n\n\n\n<p><strong>Mat\u00edas Manscisidor, director del proyecto<\/strong>, cuenta sobre las motivaciones tras esta iniciativa: <em>\u201c(&#8230;) buscamos acercar a ni\u00f1os, ni\u00f1as y adolescentes a procesos de creaci\u00f3n musical y desarrollo tecnol\u00f3gico, involucr\u00e1ndolos en un trabajo guiado por las tremendas artistas tras Yorka, que incluye la creaci\u00f3n de instrumentos, la ejecuci\u00f3n de un repertorio y la presentaci\u00f3n p\u00fablica del mismo\u201d.<\/em><\/p>\n\n\n\n<p>Los m\u00e1s de 40 estudiantes de ense\u00f1anza media son parte del <strong>Liceo Bicentenario Antumapu, de La Calera; el Colegio Nazca Bel\u00e9n, de Quilpu\u00e9; y el Colegio Winterhill, de Vi\u00f1a del Mar<\/strong>, quienes pasaron por sesiones de trabajo que incluy\u00f3 la construcci\u00f3n de zampo\u00f1as con materiales de bajo costo, como tubos de pvc, corchos, entre otros. Lo anterior, con la idea de que los estudiantes se vinculen directamente con la luther\u00eda de este instrumento de viento y su origen andino.&nbsp;<\/p>\n\n\n\n<p><strong>Yorka Pastenes, integrante del d\u00fao y tambi\u00e9n docente<\/strong>, se\u00f1ala que este proceso de trabajo y contacto con estudiantes de la regi\u00f3n ha significado (&#8230;) volver al <em>lugar que amo y que hab\u00eda dejado hace 2 a\u00f1os por nuestra carrera musical. Personalmente, me he reencantado con lo lindo que es ense\u00f1ar y de lo verdaderamente importante que tenemos en la vida: entregar conocimiento a otras personas para que les sea \u00fatil. Estamos muy emocionadas, porque ha sido muy lindo conectar con estudiantes, contarles nuestra historia y que puedan vivir esta experiencia\u201d.<\/em><\/p>\n\n\n\n<figure class=\"wp-block-image size-large\"><img fetchpriority=\"high\" decoding=\"async\" width=\"1024\" height=\"1024\" src=\"https:\/\/www.valparaisocreativo.cl\/wp-content\/uploads\/2022\/11\/Yorka-1-Foto-Pablo-Montt-1024x1024.jpg\" alt=\"\" class=\"wp-image-12053\" srcset=\"https:\/\/dev.antudigital.cl\/sites\/vc\/wp-content\/uploads\/2022\/11\/Yorka-1-Foto-Pablo-Montt-1024x1024.jpg 1024w, https:\/\/dev.antudigital.cl\/sites\/vc\/wp-content\/uploads\/2022\/11\/Yorka-1-Foto-Pablo-Montt-300x300.jpg 300w, https:\/\/dev.antudigital.cl\/sites\/vc\/wp-content\/uploads\/2022\/11\/Yorka-1-Foto-Pablo-Montt-150x150.jpg 150w, https:\/\/dev.antudigital.cl\/sites\/vc\/wp-content\/uploads\/2022\/11\/Yorka-1-Foto-Pablo-Montt-768x768.jpg 768w, https:\/\/dev.antudigital.cl\/sites\/vc\/wp-content\/uploads\/2022\/11\/Yorka-1-Foto-Pablo-Montt-980x980.jpg 980w, https:\/\/dev.antudigital.cl\/sites\/vc\/wp-content\/uploads\/2022\/11\/Yorka-1-Foto-Pablo-Montt-480x480.jpg 480w, https:\/\/dev.antudigital.cl\/sites\/vc\/wp-content\/uploads\/2022\/11\/Yorka-1-Foto-Pablo-Montt.jpg 1080w\" sizes=\"(max-width: 1024px) 100vw, 1024px\" \/><\/figure>\n\n\n\n<p><strong>Un adelanto de la presentaci\u00f3n<\/strong><\/p>\n\n\n\n<p>Fue el pasado s\u00e1bado 5 de noviembre que cuatro j\u00f3venes de La Calera -del Liceo Bicentenario Antumapu-, participantes de este proceso de mediaci\u00f3n escolar, participaron del concierto que ofreci\u00f3 Yorka en Teatro La C\u00fapula, en Santiago, en el marco del lanzamiento de su \u00faltimo disco <strong><em>Chao <\/em><\/strong>(2022). All\u00ed las y los j\u00f3venes de la regi\u00f3n interpretaron junto a su banda una de sus canciones m\u00e1s populares, siendo uno de los hitos m\u00e1s emotivos de la jornada de lanzamiento en vivo.&nbsp;<\/p>\n\n\n\n<p>Sobre lo que suceder\u00e1 este mi\u00e9rcoles, Yorka Pastenes adelant\u00f3 que se tratar\u00e1 de<em> \u201cuna sesi\u00f3n ac\u00fastica y una conversaci\u00f3n sobre nuestro proyecto y del por qu\u00e9 dos mujeres toman la decisi\u00f3n de dedicarse a la m\u00fasica a los 17 a\u00f1os. Creo que es hacia donde nos gustar\u00eda llevar la conversaci\u00f3n con j\u00f3venes que est\u00e1n tomando ese tipo de decisiones (&#8230;) <\/em><strong><em>Podr\u00e1n disfrutar de los cl\u00e1sicos de Yorka y ver el trabajo que hemos desarrollando con este grupo de adolescentes estas semana en la regi\u00f3n<\/em><\/strong><em>. Hicieron su propio instrumento y estar\u00e1n tocando con materiales muy econ\u00f3micos en una instancia muy bonita, interpretando una canci\u00f3n popular. <\/em><strong><em>All\u00ed podremos ver c\u00f3mo para hacer algo hermoso, no es necesario tener el instrumento m\u00e1s caro del mundo<\/em><\/strong><em>\u201d.<\/em><\/p>\n\n\n\n<p>Esta iniciativa de mediaci\u00f3n escolar en la regi\u00f3n es organizada por <strong>Hub Musical<\/strong>, financiada por el <strong>Programa de Apoyo a Organizaciones Culturales Colaboradoras (PAOCC) <\/strong>del Ministerio de las Culturas, las Artes y el Patrimonio, convocatoria 2021; y cuenta con la colaboraci\u00f3n de las carreras de <strong>Sonido de DUOC UC, sede Vi\u00f1a del Mar<\/strong>; y el <strong>Parque Cultural de Valpara\u00edso<\/strong>.<\/p>\n\n\n\n<p><strong>Coordenadas: <\/strong>Concierto educativo junto a Yorka el mi\u00e9rcoles 16 de noviembre, a las 12.00 horas, en la explanada del Parque Cultural de Valpara\u00edso. Entrada liberada.\u00a0<\/p>\n\n\n\n<figure class=\"wp-block-image size-large\"><img decoding=\"async\" width=\"1024\" height=\"1024\" src=\"https:\/\/www.valparaisocreativo.cl\/wp-content\/uploads\/2022\/11\/Concierto-Yorka_Feed-1-1-1024x1024.jpg\" alt=\"\" class=\"wp-image-12055\" srcset=\"https:\/\/dev.antudigital.cl\/sites\/vc\/wp-content\/uploads\/2022\/11\/Concierto-Yorka_Feed-1-1-1024x1024.jpg 1024w, https:\/\/dev.antudigital.cl\/sites\/vc\/wp-content\/uploads\/2022\/11\/Concierto-Yorka_Feed-1-1-300x300.jpg 300w, https:\/\/dev.antudigital.cl\/sites\/vc\/wp-content\/uploads\/2022\/11\/Concierto-Yorka_Feed-1-1-150x150.jpg 150w, https:\/\/dev.antudigital.cl\/sites\/vc\/wp-content\/uploads\/2022\/11\/Concierto-Yorka_Feed-1-1-768x768.jpg 768w, https:\/\/dev.antudigital.cl\/sites\/vc\/wp-content\/uploads\/2022\/11\/Concierto-Yorka_Feed-1-1-1080x1080.jpg 1080w, https:\/\/dev.antudigital.cl\/sites\/vc\/wp-content\/uploads\/2022\/11\/Concierto-Yorka_Feed-1-1-1280x1280.jpg 1280w, https:\/\/dev.antudigital.cl\/sites\/vc\/wp-content\/uploads\/2022\/11\/Concierto-Yorka_Feed-1-1-980x980.jpg 980w, https:\/\/dev.antudigital.cl\/sites\/vc\/wp-content\/uploads\/2022\/11\/Concierto-Yorka_Feed-1-1-480x480.jpg 480w, https:\/\/dev.antudigital.cl\/sites\/vc\/wp-content\/uploads\/2022\/11\/Concierto-Yorka_Feed-1-1.jpg 1459w\" sizes=\"(max-width: 1024px) 100vw, 1024px\" \/><\/figure>\n","protected":false},"excerpt":{"rendered":"<p>Una especial jornada tendr\u00e1 lugar en la explanada del Parque Cultural de Valpara\u00edso el mi\u00e9rcoles 16 de noviembre, a las 12.00 horas. Se trata de un concierto abierto que congregar\u00e1 a m\u00e1s de 40 estudiantes de La Calera, Quilpu\u00e9 y Vi\u00f1a del Mar, quienes se presentar\u00e1n en un show ac\u00fastico junto a Yorka, reconocido d\u00fao [&hellip;]<\/p>\n","protected":false},"author":1,"featured_media":12054,"comment_status":"open","ping_status":"closed","sticky":false,"template":"","format":"standard","meta":{"_acf_changed":false,"footnotes":""},"categories":[8],"tags":[],"class_list":["post-12052","post","type-post","status-publish","format-standard","has-post-thumbnail","hentry","category-noticia"],"acf":[],"yoast_head":"<!-- This site is optimized with the Yoast SEO plugin v27.1.1 - https:\/\/yoast.com\/product\/yoast-seo-wordpress\/ -->\n<title>D\u00fao nacional Yorka y estudiantes de la regi\u00f3n ofrecer\u00e1n concierto educativo en Valpara\u00edso - Valpara\u00ed\u00adso Creativo<\/title>\n<meta name=\"robots\" content=\"index, follow, max-snippet:-1, max-image-preview:large, max-video-preview:-1\" \/>\n<link rel=\"canonical\" href=\"https:\/\/dev.antudigital.cl\/sites\/vc\/duo-nacional-yorka-y-estudiantes-de-la-region-ofreceran-concierto-educativo-en-valparaiso\/\" \/>\n<meta property=\"og:locale\" content=\"es_ES\" \/>\n<meta property=\"og:type\" content=\"article\" \/>\n<meta property=\"og:title\" content=\"D\u00fao nacional Yorka y estudiantes de la regi\u00f3n ofrecer\u00e1n concierto educativo en Valpara\u00edso - Valpara\u00ed\u00adso Creativo\" \/>\n<meta property=\"og:description\" content=\"Una especial jornada tendr\u00e1 lugar en la explanada del Parque Cultural de Valpara\u00edso el mi\u00e9rcoles 16 de noviembre, a las 12.00 horas. Se trata de un concierto abierto que congregar\u00e1 a m\u00e1s de 40 estudiantes de La Calera, Quilpu\u00e9 y Vi\u00f1a del Mar, quienes se presentar\u00e1n en un show ac\u00fastico junto a Yorka, reconocido d\u00fao [&hellip;]\" \/>\n<meta property=\"og:url\" content=\"https:\/\/dev.antudigital.cl\/sites\/vc\/duo-nacional-yorka-y-estudiantes-de-la-region-ofreceran-concierto-educativo-en-valparaiso\/\" \/>\n<meta property=\"og:site_name\" content=\"Valpara\u00ed\u00adso Creativo\" \/>\n<meta property=\"article:published_time\" content=\"2022-11-14T19:37:29+00:00\" \/>\n<meta property=\"article:modified_time\" content=\"2022-11-14T19:37:42+00:00\" \/>\n<meta property=\"og:image\" content=\"https:\/\/dev.antudigital.cl\/sites\/vc\/wp-content\/uploads\/2022\/11\/yorka.2e16d0ba.fill-1200x800-1.jpg\" \/>\n\t<meta property=\"og:image:width\" content=\"616\" \/>\n\t<meta property=\"og:image:height\" content=\"410\" \/>\n\t<meta property=\"og:image:type\" content=\"image\/jpeg\" \/>\n<meta name=\"author\" content=\"Valpara\u00edso Creativo\" \/>\n<meta name=\"twitter:card\" content=\"summary_large_image\" \/>\n<meta name=\"twitter:label1\" content=\"Escrito por\" \/>\n\t<meta name=\"twitter:data1\" content=\"Valpara\u00edso Creativo\" \/>\n\t<meta name=\"twitter:label2\" content=\"Tiempo de lectura\" \/>\n\t<meta name=\"twitter:data2\" content=\"4 minutos\" \/>\n<script type=\"application\/ld+json\" class=\"yoast-schema-graph\">{\"@context\":\"https:\/\/schema.org\",\"@graph\":[{\"@type\":\"Article\",\"@id\":\"https:\/\/dev.antudigital.cl\/sites\/vc\/duo-nacional-yorka-y-estudiantes-de-la-region-ofreceran-concierto-educativo-en-valparaiso\/#article\",\"isPartOf\":{\"@id\":\"https:\/\/dev.antudigital.cl\/sites\/vc\/duo-nacional-yorka-y-estudiantes-de-la-region-ofreceran-concierto-educativo-en-valparaiso\/\"},\"author\":{\"name\":\"Valpara\u00edso Creativo\",\"@id\":\"https:\/\/dev.antudigital.cl\/sites\/vc\/#\/schema\/person\/c2b9da8dd545e27166fc5ab232837318\"},\"headline\":\"D\u00fao nacional Yorka y estudiantes de la regi\u00f3n ofrecer\u00e1n concierto educativo en Valpara\u00edso\",\"datePublished\":\"2022-11-14T19:37:29+00:00\",\"dateModified\":\"2022-11-14T19:37:42+00:00\",\"mainEntityOfPage\":{\"@id\":\"https:\/\/dev.antudigital.cl\/sites\/vc\/duo-nacional-yorka-y-estudiantes-de-la-region-ofreceran-concierto-educativo-en-valparaiso\/\"},\"wordCount\":712,\"commentCount\":0,\"image\":{\"@id\":\"https:\/\/dev.antudigital.cl\/sites\/vc\/duo-nacional-yorka-y-estudiantes-de-la-region-ofreceran-concierto-educativo-en-valparaiso\/#primaryimage\"},\"thumbnailUrl\":\"https:\/\/dev.antudigital.cl\/sites\/vc\/wp-content\/uploads\/2022\/11\/yorka.2e16d0ba.fill-1200x800-1.jpg\",\"articleSection\":[\"Noticia\"],\"inLanguage\":\"es\",\"potentialAction\":[{\"@type\":\"CommentAction\",\"name\":\"Comment\",\"target\":[\"https:\/\/dev.antudigital.cl\/sites\/vc\/duo-nacional-yorka-y-estudiantes-de-la-region-ofreceran-concierto-educativo-en-valparaiso\/#respond\"]}]},{\"@type\":\"WebPage\",\"@id\":\"https:\/\/dev.antudigital.cl\/sites\/vc\/duo-nacional-yorka-y-estudiantes-de-la-region-ofreceran-concierto-educativo-en-valparaiso\/\",\"url\":\"https:\/\/dev.antudigital.cl\/sites\/vc\/duo-nacional-yorka-y-estudiantes-de-la-region-ofreceran-concierto-educativo-en-valparaiso\/\",\"name\":\"D\u00fao nacional Yorka y estudiantes de la regi\u00f3n ofrecer\u00e1n concierto educativo en Valpara\u00edso - Valpara\u00ed\u00adso Creativo\",\"isPartOf\":{\"@id\":\"https:\/\/dev.antudigital.cl\/sites\/vc\/#website\"},\"primaryImageOfPage\":{\"@id\":\"https:\/\/dev.antudigital.cl\/sites\/vc\/duo-nacional-yorka-y-estudiantes-de-la-region-ofreceran-concierto-educativo-en-valparaiso\/#primaryimage\"},\"image\":{\"@id\":\"https:\/\/dev.antudigital.cl\/sites\/vc\/duo-nacional-yorka-y-estudiantes-de-la-region-ofreceran-concierto-educativo-en-valparaiso\/#primaryimage\"},\"thumbnailUrl\":\"https:\/\/dev.antudigital.cl\/sites\/vc\/wp-content\/uploads\/2022\/11\/yorka.2e16d0ba.fill-1200x800-1.jpg\",\"datePublished\":\"2022-11-14T19:37:29+00:00\",\"dateModified\":\"2022-11-14T19:37:42+00:00\",\"author\":{\"@id\":\"https:\/\/dev.antudigital.cl\/sites\/vc\/#\/schema\/person\/c2b9da8dd545e27166fc5ab232837318\"},\"breadcrumb\":{\"@id\":\"https:\/\/dev.antudigital.cl\/sites\/vc\/duo-nacional-yorka-y-estudiantes-de-la-region-ofreceran-concierto-educativo-en-valparaiso\/#breadcrumb\"},\"inLanguage\":\"es\",\"potentialAction\":[{\"@type\":\"ReadAction\",\"target\":[\"https:\/\/dev.antudigital.cl\/sites\/vc\/duo-nacional-yorka-y-estudiantes-de-la-region-ofreceran-concierto-educativo-en-valparaiso\/\"]}]},{\"@type\":\"ImageObject\",\"inLanguage\":\"es\",\"@id\":\"https:\/\/dev.antudigital.cl\/sites\/vc\/duo-nacional-yorka-y-estudiantes-de-la-region-ofreceran-concierto-educativo-en-valparaiso\/#primaryimage\",\"url\":\"https:\/\/dev.antudigital.cl\/sites\/vc\/wp-content\/uploads\/2022\/11\/yorka.2e16d0ba.fill-1200x800-1.jpg\",\"contentUrl\":\"https:\/\/dev.antudigital.cl\/sites\/vc\/wp-content\/uploads\/2022\/11\/yorka.2e16d0ba.fill-1200x800-1.jpg\",\"width\":616,\"height\":410},{\"@type\":\"BreadcrumbList\",\"@id\":\"https:\/\/dev.antudigital.cl\/sites\/vc\/duo-nacional-yorka-y-estudiantes-de-la-region-ofreceran-concierto-educativo-en-valparaiso\/#breadcrumb\",\"itemListElement\":[{\"@type\":\"ListItem\",\"position\":1,\"name\":\"Home\",\"item\":\"https:\/\/dev.antudigital.cl\/sites\/vc\/\"},{\"@type\":\"ListItem\",\"position\":2,\"name\":\"D\u00fao nacional Yorka y estudiantes de la regi\u00f3n ofrecer\u00e1n concierto educativo en Valpara\u00edso\"}]},{\"@type\":\"WebSite\",\"@id\":\"https:\/\/dev.antudigital.cl\/sites\/vc\/#website\",\"url\":\"https:\/\/dev.antudigital.cl\/sites\/vc\/\",\"name\":\"Valpara\u00ed\u00adso Creativo\",\"description\":\"\",\"potentialAction\":[{\"@type\":\"SearchAction\",\"target\":{\"@type\":\"EntryPoint\",\"urlTemplate\":\"https:\/\/dev.antudigital.cl\/sites\/vc\/?s={search_term_string}\"},\"query-input\":{\"@type\":\"PropertyValueSpecification\",\"valueRequired\":true,\"valueName\":\"search_term_string\"}}],\"inLanguage\":\"es\"},{\"@type\":\"Person\",\"@id\":\"https:\/\/dev.antudigital.cl\/sites\/vc\/#\/schema\/person\/c2b9da8dd545e27166fc5ab232837318\",\"name\":\"Valpara\u00edso Creativo\",\"description\":\"Periodista de cultura en la Regi\u00f3n de Valpara\u00edso.\",\"url\":\"https:\/\/dev.antudigital.cl\/sites\/vc\/author\/valpoadmin\/\"}]}<\/script>\n<!-- \/ Yoast SEO plugin. -->","yoast_head_json":{"title":"D\u00fao nacional Yorka y estudiantes de la regi\u00f3n ofrecer\u00e1n concierto educativo en Valpara\u00edso - Valpara\u00ed\u00adso Creativo","robots":{"index":"index","follow":"follow","max-snippet":"max-snippet:-1","max-image-preview":"max-image-preview:large","max-video-preview":"max-video-preview:-1"},"canonical":"https:\/\/dev.antudigital.cl\/sites\/vc\/duo-nacional-yorka-y-estudiantes-de-la-region-ofreceran-concierto-educativo-en-valparaiso\/","og_locale":"es_ES","og_type":"article","og_title":"D\u00fao nacional Yorka y estudiantes de la regi\u00f3n ofrecer\u00e1n concierto educativo en Valpara\u00edso - Valpara\u00ed\u00adso Creativo","og_description":"Una especial jornada tendr\u00e1 lugar en la explanada del Parque Cultural de Valpara\u00edso el mi\u00e9rcoles 16 de noviembre, a las 12.00 horas. Se trata de un concierto abierto que congregar\u00e1 a m\u00e1s de 40 estudiantes de La Calera, Quilpu\u00e9 y Vi\u00f1a del Mar, quienes se presentar\u00e1n en un show ac\u00fastico junto a Yorka, reconocido d\u00fao [&hellip;]","og_url":"https:\/\/dev.antudigital.cl\/sites\/vc\/duo-nacional-yorka-y-estudiantes-de-la-region-ofreceran-concierto-educativo-en-valparaiso\/","og_site_name":"Valpara\u00ed\u00adso Creativo","article_published_time":"2022-11-14T19:37:29+00:00","article_modified_time":"2022-11-14T19:37:42+00:00","og_image":[{"width":616,"height":410,"url":"https:\/\/dev.antudigital.cl\/sites\/vc\/wp-content\/uploads\/2022\/11\/yorka.2e16d0ba.fill-1200x800-1.jpg","type":"image\/jpeg"}],"author":"Valpara\u00edso Creativo","twitter_card":"summary_large_image","twitter_misc":{"Escrito por":"Valpara\u00edso Creativo","Tiempo de lectura":"4 minutos"},"schema":{"@context":"https:\/\/schema.org","@graph":[{"@type":"Article","@id":"https:\/\/dev.antudigital.cl\/sites\/vc\/duo-nacional-yorka-y-estudiantes-de-la-region-ofreceran-concierto-educativo-en-valparaiso\/#article","isPartOf":{"@id":"https:\/\/dev.antudigital.cl\/sites\/vc\/duo-nacional-yorka-y-estudiantes-de-la-region-ofreceran-concierto-educativo-en-valparaiso\/"},"author":{"name":"Valpara\u00edso Creativo","@id":"https:\/\/dev.antudigital.cl\/sites\/vc\/#\/schema\/person\/c2b9da8dd545e27166fc5ab232837318"},"headline":"D\u00fao nacional Yorka y estudiantes de la regi\u00f3n ofrecer\u00e1n concierto educativo en Valpara\u00edso","datePublished":"2022-11-14T19:37:29+00:00","dateModified":"2022-11-14T19:37:42+00:00","mainEntityOfPage":{"@id":"https:\/\/dev.antudigital.cl\/sites\/vc\/duo-nacional-yorka-y-estudiantes-de-la-region-ofreceran-concierto-educativo-en-valparaiso\/"},"wordCount":712,"commentCount":0,"image":{"@id":"https:\/\/dev.antudigital.cl\/sites\/vc\/duo-nacional-yorka-y-estudiantes-de-la-region-ofreceran-concierto-educativo-en-valparaiso\/#primaryimage"},"thumbnailUrl":"https:\/\/dev.antudigital.cl\/sites\/vc\/wp-content\/uploads\/2022\/11\/yorka.2e16d0ba.fill-1200x800-1.jpg","articleSection":["Noticia"],"inLanguage":"es","potentialAction":[{"@type":"CommentAction","name":"Comment","target":["https:\/\/dev.antudigital.cl\/sites\/vc\/duo-nacional-yorka-y-estudiantes-de-la-region-ofreceran-concierto-educativo-en-valparaiso\/#respond"]}]},{"@type":"WebPage","@id":"https:\/\/dev.antudigital.cl\/sites\/vc\/duo-nacional-yorka-y-estudiantes-de-la-region-ofreceran-concierto-educativo-en-valparaiso\/","url":"https:\/\/dev.antudigital.cl\/sites\/vc\/duo-nacional-yorka-y-estudiantes-de-la-region-ofreceran-concierto-educativo-en-valparaiso\/","name":"D\u00fao nacional Yorka y estudiantes de la regi\u00f3n ofrecer\u00e1n concierto educativo en Valpara\u00edso - Valpara\u00ed\u00adso Creativo","isPartOf":{"@id":"https:\/\/dev.antudigital.cl\/sites\/vc\/#website"},"primaryImageOfPage":{"@id":"https:\/\/dev.antudigital.cl\/sites\/vc\/duo-nacional-yorka-y-estudiantes-de-la-region-ofreceran-concierto-educativo-en-valparaiso\/#primaryimage"},"image":{"@id":"https:\/\/dev.antudigital.cl\/sites\/vc\/duo-nacional-yorka-y-estudiantes-de-la-region-ofreceran-concierto-educativo-en-valparaiso\/#primaryimage"},"thumbnailUrl":"https:\/\/dev.antudigital.cl\/sites\/vc\/wp-content\/uploads\/2022\/11\/yorka.2e16d0ba.fill-1200x800-1.jpg","datePublished":"2022-11-14T19:37:29+00:00","dateModified":"2022-11-14T19:37:42+00:00","author":{"@id":"https:\/\/dev.antudigital.cl\/sites\/vc\/#\/schema\/person\/c2b9da8dd545e27166fc5ab232837318"},"breadcrumb":{"@id":"https:\/\/dev.antudigital.cl\/sites\/vc\/duo-nacional-yorka-y-estudiantes-de-la-region-ofreceran-concierto-educativo-en-valparaiso\/#breadcrumb"},"inLanguage":"es","potentialAction":[{"@type":"ReadAction","target":["https:\/\/dev.antudigital.cl\/sites\/vc\/duo-nacional-yorka-y-estudiantes-de-la-region-ofreceran-concierto-educativo-en-valparaiso\/"]}]},{"@type":"ImageObject","inLanguage":"es","@id":"https:\/\/dev.antudigital.cl\/sites\/vc\/duo-nacional-yorka-y-estudiantes-de-la-region-ofreceran-concierto-educativo-en-valparaiso\/#primaryimage","url":"https:\/\/dev.antudigital.cl\/sites\/vc\/wp-content\/uploads\/2022\/11\/yorka.2e16d0ba.fill-1200x800-1.jpg","contentUrl":"https:\/\/dev.antudigital.cl\/sites\/vc\/wp-content\/uploads\/2022\/11\/yorka.2e16d0ba.fill-1200x800-1.jpg","width":616,"height":410},{"@type":"BreadcrumbList","@id":"https:\/\/dev.antudigital.cl\/sites\/vc\/duo-nacional-yorka-y-estudiantes-de-la-region-ofreceran-concierto-educativo-en-valparaiso\/#breadcrumb","itemListElement":[{"@type":"ListItem","position":1,"name":"Home","item":"https:\/\/dev.antudigital.cl\/sites\/vc\/"},{"@type":"ListItem","position":2,"name":"D\u00fao nacional Yorka y estudiantes de la regi\u00f3n ofrecer\u00e1n concierto educativo en Valpara\u00edso"}]},{"@type":"WebSite","@id":"https:\/\/dev.antudigital.cl\/sites\/vc\/#website","url":"https:\/\/dev.antudigital.cl\/sites\/vc\/","name":"Valpara\u00ed\u00adso Creativo","description":"","potentialAction":[{"@type":"SearchAction","target":{"@type":"EntryPoint","urlTemplate":"https:\/\/dev.antudigital.cl\/sites\/vc\/?s={search_term_string}"},"query-input":{"@type":"PropertyValueSpecification","valueRequired":true,"valueName":"search_term_string"}}],"inLanguage":"es"},{"@type":"Person","@id":"https:\/\/dev.antudigital.cl\/sites\/vc\/#\/schema\/person\/c2b9da8dd545e27166fc5ab232837318","name":"Valpara\u00edso Creativo","description":"Periodista de cultura en la Regi\u00f3n de Valpara\u00edso.","url":"https:\/\/dev.antudigital.cl\/sites\/vc\/author\/valpoadmin\/"}]}},"_links":{"self":[{"href":"https:\/\/dev.antudigital.cl\/sites\/vc\/wp-json\/wp\/v2\/posts\/12052","targetHints":{"allow":["GET"]}}],"collection":[{"href":"https:\/\/dev.antudigital.cl\/sites\/vc\/wp-json\/wp\/v2\/posts"}],"about":[{"href":"https:\/\/dev.antudigital.cl\/sites\/vc\/wp-json\/wp\/v2\/types\/post"}],"author":[{"embeddable":true,"href":"https:\/\/dev.antudigital.cl\/sites\/vc\/wp-json\/wp\/v2\/users\/1"}],"replies":[{"embeddable":true,"href":"https:\/\/dev.antudigital.cl\/sites\/vc\/wp-json\/wp\/v2\/comments?post=12052"}],"version-history":[{"count":1,"href":"https:\/\/dev.antudigital.cl\/sites\/vc\/wp-json\/wp\/v2\/posts\/12052\/revisions"}],"predecessor-version":[{"id":12056,"href":"https:\/\/dev.antudigital.cl\/sites\/vc\/wp-json\/wp\/v2\/posts\/12052\/revisions\/12056"}],"wp:featuredmedia":[{"embeddable":true,"href":"https:\/\/dev.antudigital.cl\/sites\/vc\/wp-json\/wp\/v2\/media\/12054"}],"wp:attachment":[{"href":"https:\/\/dev.antudigital.cl\/sites\/vc\/wp-json\/wp\/v2\/media?parent=12052"}],"wp:term":[{"taxonomy":"category","embeddable":true,"href":"https:\/\/dev.antudigital.cl\/sites\/vc\/wp-json\/wp\/v2\/categories?post=12052"},{"taxonomy":"post_tag","embeddable":true,"href":"https:\/\/dev.antudigital.cl\/sites\/vc\/wp-json\/wp\/v2\/tags?post=12052"}],"curies":[{"name":"wp","href":"https:\/\/api.w.org\/{rel}","templated":true}]}}