{"id":12061,"date":"2022-11-14T20:57:47","date_gmt":"2022-11-14T20:57:47","guid":{"rendered":"https:\/\/www.valparaisocreativo.cl\/?p=12061"},"modified":"2022-11-14T21:02:27","modified_gmt":"2022-11-14T21:02:27","slug":"litoral-poeta-gestion-con-vision-descentralizada","status":"publish","type":"post","link":"https:\/\/dev.antudigital.cl\/sites\/vc\/litoral-poeta-gestion-con-vision-descentralizada\/","title":{"rendered":"Litoral Poeta: gesti\u00f3n con visi\u00f3n descentralizada"},"content":{"rendered":"\n<p>Alberto Herrera y Mar\u00eda Jos\u00e9 Urrejola trabajan desde el Tabo como <a href=\"https:\/\/litoralpoeta.cl\/\">Litoral Poeta<\/a>, plataforma que busca difundir, visibilizar y potenciar el \u00e1mbito creativo y po\u00e9tico de la Regi\u00f3n y del pa\u00eds. Est\u00e1n trabajando activamente en la articulaci\u00f3n del territorio desde el reconocimiento y vinculaci\u00f3n de creativos y creativas, y desde el 2018 han llevado adelante distintas acciones que buscan posicionar al Litoral a nivel mundial.\u00a0<\/p>\n\n\n\n<p>Conoce m\u00e1s en la entrevista. Por <a href=\"mailto:hola@valparaisocreativo.cl\">Valentinne Rudolphy<\/a>.<\/p>\n\n\n\n<p><strong>\u00bfC\u00f3mo nace Litoral Poeta?<\/strong><\/p>\n\n\n\n<p>-Ambos somos socios y pareja. <a href=\"https:\/\/litoralpoeta.cl\/\">Litoral Poeta<\/a> por eso nace como una iniciativa familiar del 2018, cuando nos fuimos de Santiago a vivir a la costa central, entre El Tabo y Las Cruces, a Consistorial. Y estando ac\u00e1 comenzamos a articular a la comunidad creativa del litoral, sacando fotos y entrevistando. Partimos haciendo una revista ese a\u00f1o, durante los primeros meses, que se llam\u00f3 Ant\u00edtesis. Ah\u00ed intentamos abarcar desde Tunqu\u00e9n a Algarrobo, por as\u00ed decirlo.\u00a0<\/p>\n\n\n\n<p>Mar\u00eda Jos\u00e9 es dise\u00f1adora y yo periodista, por lo que generar una revista fue lo que decidimos. Esta fue impresa, como un acto po\u00e9tico y simb\u00f3lico, pero dejamos de hacerlo. Y luego el 23 de junio del 2019 lanzamos Litoral Poeta, en medio del We Tripantu, en el Museo Neruda de Isla Negra. Desde entonces no hemos parado, nos hemos vinculado bien con el territorio. Hoy nos compete la tarea de posicionar al Festival T\u00edo Roberto Parra en San Antonio, primero hicimos el Festival de Cueca Chora con la gobernaci\u00f3n, y este a\u00f1o se realiza junto a la Municipalidad.<\/p>\n\n\n\n<p>Comenzamos los dos con Litoral Poeta, pero al d\u00eda de hoy tenemos una amplia red de colaboradores en todo el litoral.\u00a0<\/p>\n\n\n\n<figure class=\"wp-block-image size-full\"><img fetchpriority=\"high\" decoding=\"async\" width=\"700\" height=\"475\" src=\"https:\/\/www.valparaisocreativo.cl\/wp-content\/uploads\/2022\/11\/64-87-06-ANTITESIS-Litoral_de_los_Poetas-Junio_20203.jpeg\" alt=\"\" class=\"wp-image-12064\" srcset=\"https:\/\/dev.antudigital.cl\/sites\/vc\/wp-content\/uploads\/2022\/11\/64-87-06-ANTITESIS-Litoral_de_los_Poetas-Junio_20203.jpeg 700w, https:\/\/dev.antudigital.cl\/sites\/vc\/wp-content\/uploads\/2022\/11\/64-87-06-ANTITESIS-Litoral_de_los_Poetas-Junio_20203-300x204.jpeg 300w, https:\/\/dev.antudigital.cl\/sites\/vc\/wp-content\/uploads\/2022\/11\/64-87-06-ANTITESIS-Litoral_de_los_Poetas-Junio_20203-480x326.jpeg 480w\" sizes=\"(max-width: 700px) 100vw, 700px\" \/><\/figure>\n\n\n\n<p><strong>\u00bfCu\u00e1l es su prop\u00f3sito de visi\u00f3n a largo plazo con esta iniciativa?<\/strong><\/p>\n\n\n\n<p>-El giro que le damos a <a href=\"https:\/\/litoralpoeta.cl\/\">Litoral Poeta<\/a> es tur\u00edstico, queremos centrarnos principalmente en aquello para vincularnos con tour operadores y poder generar rutas espec\u00edficas que queremos posicionar y llevarles clientes nacionales e internacionales. Tenemos una visi\u00f3n escalable, queremos que ac\u00e1 sea la Capital Po\u00e9tica de Chile, por lo que no hay l\u00edmites. Queremos conectar la oferta con la demanda.<\/p>\n\n\n\n<p><strong>En palabras concretas, \u00bfqu\u00e9 hacen?<\/strong><\/p>\n\n\n\n<p>-Nosotros hemos dividido tres l\u00edneas de acci\u00f3n de nuestro quehacer, que tiene una visi\u00f3n de desarrollo a largo plazo. Estas tres l\u00edneas de acci\u00f3n son:<\/p>\n\n\n\n<p>Primero, cultura y patrimonio. El Litoral re\u00fane los huesos y epitafios de tres grandes creadores del mundo, Vicente Huidobro en Cartagena, Nicanor Parra en Las Cruces, y Pablo Neruda en Isla Negra, entre otros personajes como el mismo T\u00edo Roberto que coment\u00e1bamos. As\u00ed se despliega la caracter\u00edstica po\u00e9tica que hay en el territorio.&nbsp;<\/p>\n\n\n\n<p>Por otra parte tenemos el \u00e1rea de turismo, donde incluimos todo lo que es arte, naturaleza deporte aventura vino gastronom\u00eda, y todo eso creemos que confluye y que tiene sinton\u00eda con la idea del vivir po\u00e9tico. Condiciones que a\u00fan se conservan en el litoral, a pesar de a\u00fan estar cerca de Santiago. Creemos que ac\u00e1 tenemos una fortaleza muy grande. Por ejemplo, hay un dato hermoso que es que ac\u00e1 es el lugar de Chile donde cambian las arenas, lo que es un reflejo po\u00e9tico de lo que hay ah\u00ed dentro, en Las Cruces justamente sucede esto: hacia el sur la arena es negra, y hacia el norte es amarilla. Este es un plus, la poes\u00eda y antipoes\u00eda confluyen en algo f\u00edsico en este espacio. Creemos que consolida la idea de turismo po\u00e9tico en la cual estamos muy concentrados.<\/p>\n\n\n\n<p>Finalmente est\u00e1 la actividad creativa local, hoy residen muchos creadores que hemos ido articulando, convocando de manera colectiva, lo que no ha existido en la zona. Adem\u00e1s hemos hecho un catastro desde Santo Domingo hasta Tunqu\u00e9n, y contamos con una amplia lista de creadores de la provincia que vamos nutriendo. Esta es en su base gente mayor, pero en los \u00faltimos a\u00f1os se han sumado bastantes j\u00f3venes.<\/p>\n\n\n\n<figure class=\"wp-block-image size-large\"><img decoding=\"async\" width=\"1024\" height=\"767\" src=\"https:\/\/www.valparaisocreativo.cl\/wp-content\/uploads\/2022\/11\/Creadores-Litoral15-1024x767.jpg\" alt=\"\" class=\"wp-image-12062\" srcset=\"https:\/\/dev.antudigital.cl\/sites\/vc\/wp-content\/uploads\/2022\/11\/Creadores-Litoral15-1024x767.jpg 1024w, https:\/\/dev.antudigital.cl\/sites\/vc\/wp-content\/uploads\/2022\/11\/Creadores-Litoral15-300x225.jpg 300w, https:\/\/dev.antudigital.cl\/sites\/vc\/wp-content\/uploads\/2022\/11\/Creadores-Litoral15-768x575.jpg 768w, https:\/\/dev.antudigital.cl\/sites\/vc\/wp-content\/uploads\/2022\/11\/Creadores-Litoral15-510x382.jpg 510w, https:\/\/dev.antudigital.cl\/sites\/vc\/wp-content\/uploads\/2022\/11\/Creadores-Litoral15-980x734.jpg 980w, https:\/\/dev.antudigital.cl\/sites\/vc\/wp-content\/uploads\/2022\/11\/Creadores-Litoral15-480x360.jpg 480w, https:\/\/dev.antudigital.cl\/sites\/vc\/wp-content\/uploads\/2022\/11\/Creadores-Litoral15.jpg 1080w\" sizes=\"(max-width: 1024px) 100vw, 1024px\" \/><\/figure>\n\n\n\n<p><strong>\u00bfQu\u00e9 pretenden poner en valor desde este litoral? \u00bfEs solo la poes\u00eda u otras disciplinas?<\/strong><\/p>\n\n\n\n<p>-Para nosotros poes\u00eda m\u00e1s all\u00e1 del g\u00e9nero literario es un paraguas todav\u00eda m\u00e1s grande, que al venir la palabra de<strong> POIESIS<\/strong> (es decir creaci\u00f3n), abarca a todas las actividades art\u00edsticas: m\u00fasica, novela, escultura. Esa es nuestra mirada del territorio. Ya que la zona es conocida como \u201clitoral de los poetas\u201d, nosotros lo vemos como \u201clitoral de la actividad po\u00e9tica\u201d, ya que todo lo que convoca es po\u00e9tico, por ejemplo la gastronom\u00eda asociada a estos mismos poetas. Hay muchas cosas por conectar que pensamos que no han estado conectadas, y que esa es nuestra tarea hoy en d\u00eda. Queremos que todo esto convoque y que los y las artistas se vinculen desde el turismo en comunidad.<\/p>\n\n\n\n<p><strong>\u00bfSiguiendo esta misma idea, cu\u00e1l es su objetivo con todo el proyecto?<\/strong><\/p>\n\n\n\n<p>-Pretendemos construir un lugar tur\u00edstico que convoque a todos los pensamientos y que tenga di\u00e1logo. Queremos potenciar cada territorio conect\u00e1ndolo a una figura, a alguien. Combinar destinos naturales con escritores y escritoras, con cantautores y m\u00fasicos, poetas, y m\u00e1s. Empezamos a conectar el turismo con la creaci\u00f3n en grandes t\u00e9rminos, tambi\u00e9n con los creadores para que ellos participen en la cadena de valor que deber\u00eda existir en el litoral, donde est\u00e1 todo muy concentrado.\u00a0<\/p>\n\n\n\n<p><strong>\u00bfC\u00f3mo ven al ecosistema creativo y cultural del Litoral?<\/strong><\/p>\n\n\n\n<p>-Ya tenemos m\u00e1s visualizada la escena, la tenemos m\u00e1s clara en el sentido de que hemos hecho el catastro. Nos ha pasado en la familia, ya que nuestros hijos tambi\u00e9n nos han visto volcarnos a este proyecto y al principio no nos entend\u00edan, pero de a poco se han ido transformando en ni\u00f1os po\u00e9ticos.&nbsp;<\/p>\n\n\n\n<p><strong>\u00bfCu\u00e1l creen que es su aporte al Litoral de los Poetas?<\/strong><\/p>\n\n\n\n<p>-Queremos poner una mirada econ\u00f3mica en la mesa, creemos que desde la cultura se debe hablar de econom\u00eda, de mercados, y no deben ser temas tab\u00fa, ya que nos permiten crecer a quienes trabajamos en el rubro. Usualmente ser artista, como ser poeta, no se ve como una actividad lucrativa pues cuesta. Nos interesa que eso cambie.<\/p>\n\n\n\n<p>Buscamos las claves para convertirnos en el Litoral Po\u00e9tico del mundo, tenemos tremendo capital po\u00e9tico. Somos tremendamente exitosos en t\u00e9rminos culturales, y tenemos que creernos ese cuento. Somos campeones del mundo en poes\u00eda y no hemos hablado de eso. Tengamos al menos una provincia o Regi\u00f3n po\u00e9tica a trav\u00e9s de la cual podamos llamar la atenci\u00f3n del pa\u00eds y del mundo. Creo que estamos en esta etapa, de construcci\u00f3n de este relato o concepto. Pero es un trabajo de largo aliento el convocar a la comunidad po\u00e9tica o creativa del mundo. Queda mucho por construir.\u00a0<\/p>\n\n\n\n<figure class=\"wp-block-image size-full\"><img decoding=\"async\" width=\"700\" height=\"475\" src=\"https:\/\/www.valparaisocreativo.cl\/wp-content\/uploads\/2022\/11\/64-87-06-ANTITESIS-Litoral_de_los_Poetas-Junio_202010.jpeg\" alt=\"\" class=\"wp-image-12065\" srcset=\"https:\/\/dev.antudigital.cl\/sites\/vc\/wp-content\/uploads\/2022\/11\/64-87-06-ANTITESIS-Litoral_de_los_Poetas-Junio_202010.jpeg 700w, https:\/\/dev.antudigital.cl\/sites\/vc\/wp-content\/uploads\/2022\/11\/64-87-06-ANTITESIS-Litoral_de_los_Poetas-Junio_202010-300x204.jpeg 300w, https:\/\/dev.antudigital.cl\/sites\/vc\/wp-content\/uploads\/2022\/11\/64-87-06-ANTITESIS-Litoral_de_los_Poetas-Junio_202010-480x326.jpeg 480w\" sizes=\"(max-width: 700px) 100vw, 700px\" \/><\/figure>\n\n\n\n<p><strong>\u00bfC\u00f3mo fueron sus inicios en este trabajo?<\/strong><\/p>\n\n\n\n<p>-Nosotros llegamos con mucha energ\u00eda, por lo que llamamos la atenci\u00f3n r\u00e1pidamente, interactuamos mucho con varios grupos y nos dimos a conocer. Pasado el tiempo se han ido botando barreras y compenetrando el grupo que tenemos, donde nos compartimos todas las actividades que se est\u00e1n haciendo, nosotros compartimos lo que est\u00e1 sucediendo a trav\u00e9s de todas las redes sociales, donde nos pueden encontrar como <a href=\"https:\/\/litoralpoeta.cl\/\">@litoralpoeta<\/a>. Siempre tratando tambi\u00e9n de llevarlo por el lado de que queremos construir un lugar tur\u00edstico que convoque a todos los pensamientos, ideolog\u00edas, donde haya di\u00e1logo e intercambio de opiniones. Y hemos logrado ir encausando una idea s\u00f3lida en este sentido. Hemos ido encontrando ese equilibrio.<\/p>\n\n\n\n<p><strong>\u00bfEn qu\u00e9 est\u00e1n ahora?<\/strong><\/p>\n\n\n\n<p>-Estamos actualmente apoyando el Festival del T\u00edo Roberto Parra, que pensamos que es un modelo replicable para el resto de las comunas de San Antonio, ya que no es solo una instancia, sino que varias actividades que se desprenden de este paraguas y que impactan en otros \u00e1mbitos, no solo art\u00edsticos, sino que econ\u00f3micos, entre otros. A trav\u00e9s de estas iniciativas pensamos que podemos convocar a diversas autoridades y personajes para que puedan enterarse de lo que sucede en la comuna. Buscamos generar impacto en la vida de las personas de la provincia de San Antonio.<\/p>\n","protected":false},"excerpt":{"rendered":"<p>Alberto Herrera y Mar\u00eda Jos\u00e9 Urrejola trabajan desde el Tabo como Litoral Poeta, plataforma que busca difundir, visibilizar y potenciar el \u00e1mbito creativo y po\u00e9tico de la Regi\u00f3n y del pa\u00eds. Est\u00e1n trabajando activamente en la articulaci\u00f3n del territorio desde el reconocimiento y vinculaci\u00f3n de creativos y creativas, y desde el 2018 han llevado adelante [&hellip;]<\/p>\n","protected":false},"author":1,"featured_media":12063,"comment_status":"open","ping_status":"closed","sticky":false,"template":"","format":"standard","meta":{"_acf_changed":false,"footnotes":""},"categories":[8],"tags":[],"class_list":["post-12061","post","type-post","status-publish","format-standard","has-post-thumbnail","hentry","category-noticia"],"acf":[],"yoast_head":"<!-- This site is optimized with the Yoast SEO plugin v27.1.1 - https:\/\/yoast.com\/product\/yoast-seo-wordpress\/ -->\n<title>Litoral Poeta: gesti\u00f3n con visi\u00f3n descentralizada - Valpara\u00ed\u00adso Creativo<\/title>\n<meta name=\"robots\" content=\"index, follow, max-snippet:-1, max-image-preview:large, max-video-preview:-1\" \/>\n<link rel=\"canonical\" href=\"https:\/\/dev.antudigital.cl\/sites\/vc\/litoral-poeta-gestion-con-vision-descentralizada\/\" \/>\n<meta property=\"og:locale\" content=\"es_ES\" \/>\n<meta property=\"og:type\" content=\"article\" \/>\n<meta property=\"og:title\" content=\"Litoral Poeta: gesti\u00f3n con visi\u00f3n descentralizada - Valpara\u00ed\u00adso Creativo\" \/>\n<meta property=\"og:description\" content=\"Alberto Herrera y Mar\u00eda Jos\u00e9 Urrejola trabajan desde el Tabo como Litoral Poeta, plataforma que busca difundir, visibilizar y potenciar el \u00e1mbito creativo y po\u00e9tico de la Regi\u00f3n y del pa\u00eds. Est\u00e1n trabajando activamente en la articulaci\u00f3n del territorio desde el reconocimiento y vinculaci\u00f3n de creativos y creativas, y desde el 2018 han llevado adelante [&hellip;]\" \/>\n<meta property=\"og:url\" content=\"https:\/\/dev.antudigital.cl\/sites\/vc\/litoral-poeta-gestion-con-vision-descentralizada\/\" \/>\n<meta property=\"og:site_name\" content=\"Valpara\u00ed\u00adso Creativo\" \/>\n<meta property=\"article:published_time\" content=\"2022-11-14T20:57:47+00:00\" \/>\n<meta property=\"article:modified_time\" content=\"2022-11-14T21:02:27+00:00\" \/>\n<meta property=\"og:image\" content=\"https:\/\/dev.antudigital.cl\/sites\/vc\/wp-content\/uploads\/2022\/11\/LitoralPoetaoh_60931289_2753400124677051_4277398902996895832_n.jpg\" \/>\n\t<meta property=\"og:image:width\" content=\"1054\" \/>\n\t<meta property=\"og:image:height\" content=\"849\" \/>\n\t<meta property=\"og:image:type\" content=\"image\/jpeg\" \/>\n<meta name=\"author\" content=\"Valpara\u00edso Creativo\" \/>\n<meta name=\"twitter:card\" content=\"summary_large_image\" \/>\n<meta name=\"twitter:label1\" content=\"Escrito por\" \/>\n\t<meta name=\"twitter:data1\" content=\"Valpara\u00edso Creativo\" \/>\n\t<meta name=\"twitter:label2\" content=\"Tiempo de lectura\" \/>\n\t<meta name=\"twitter:data2\" content=\"7 minutos\" \/>\n<script type=\"application\/ld+json\" class=\"yoast-schema-graph\">{\"@context\":\"https:\/\/schema.org\",\"@graph\":[{\"@type\":\"Article\",\"@id\":\"https:\/\/dev.antudigital.cl\/sites\/vc\/litoral-poeta-gestion-con-vision-descentralizada\/#article\",\"isPartOf\":{\"@id\":\"https:\/\/dev.antudigital.cl\/sites\/vc\/litoral-poeta-gestion-con-vision-descentralizada\/\"},\"author\":{\"name\":\"Valpara\u00edso Creativo\",\"@id\":\"https:\/\/dev.antudigital.cl\/sites\/vc\/#\/schema\/person\/c2b9da8dd545e27166fc5ab232837318\"},\"headline\":\"Litoral Poeta: gesti\u00f3n con visi\u00f3n descentralizada\",\"datePublished\":\"2022-11-14T20:57:47+00:00\",\"dateModified\":\"2022-11-14T21:02:27+00:00\",\"mainEntityOfPage\":{\"@id\":\"https:\/\/dev.antudigital.cl\/sites\/vc\/litoral-poeta-gestion-con-vision-descentralizada\/\"},\"wordCount\":1410,\"commentCount\":0,\"image\":{\"@id\":\"https:\/\/dev.antudigital.cl\/sites\/vc\/litoral-poeta-gestion-con-vision-descentralizada\/#primaryimage\"},\"thumbnailUrl\":\"https:\/\/dev.antudigital.cl\/sites\/vc\/wp-content\/uploads\/2022\/11\/LitoralPoetaoh_60931289_2753400124677051_4277398902996895832_n.jpg\",\"articleSection\":[\"Noticia\"],\"inLanguage\":\"es\",\"potentialAction\":[{\"@type\":\"CommentAction\",\"name\":\"Comment\",\"target\":[\"https:\/\/dev.antudigital.cl\/sites\/vc\/litoral-poeta-gestion-con-vision-descentralizada\/#respond\"]}]},{\"@type\":\"WebPage\",\"@id\":\"https:\/\/dev.antudigital.cl\/sites\/vc\/litoral-poeta-gestion-con-vision-descentralizada\/\",\"url\":\"https:\/\/dev.antudigital.cl\/sites\/vc\/litoral-poeta-gestion-con-vision-descentralizada\/\",\"name\":\"Litoral Poeta: gesti\u00f3n con visi\u00f3n descentralizada - Valpara\u00ed\u00adso Creativo\",\"isPartOf\":{\"@id\":\"https:\/\/dev.antudigital.cl\/sites\/vc\/#website\"},\"primaryImageOfPage\":{\"@id\":\"https:\/\/dev.antudigital.cl\/sites\/vc\/litoral-poeta-gestion-con-vision-descentralizada\/#primaryimage\"},\"image\":{\"@id\":\"https:\/\/dev.antudigital.cl\/sites\/vc\/litoral-poeta-gestion-con-vision-descentralizada\/#primaryimage\"},\"thumbnailUrl\":\"https:\/\/dev.antudigital.cl\/sites\/vc\/wp-content\/uploads\/2022\/11\/LitoralPoetaoh_60931289_2753400124677051_4277398902996895832_n.jpg\",\"datePublished\":\"2022-11-14T20:57:47+00:00\",\"dateModified\":\"2022-11-14T21:02:27+00:00\",\"author\":{\"@id\":\"https:\/\/dev.antudigital.cl\/sites\/vc\/#\/schema\/person\/c2b9da8dd545e27166fc5ab232837318\"},\"breadcrumb\":{\"@id\":\"https:\/\/dev.antudigital.cl\/sites\/vc\/litoral-poeta-gestion-con-vision-descentralizada\/#breadcrumb\"},\"inLanguage\":\"es\",\"potentialAction\":[{\"@type\":\"ReadAction\",\"target\":[\"https:\/\/dev.antudigital.cl\/sites\/vc\/litoral-poeta-gestion-con-vision-descentralizada\/\"]}]},{\"@type\":\"ImageObject\",\"inLanguage\":\"es\",\"@id\":\"https:\/\/dev.antudigital.cl\/sites\/vc\/litoral-poeta-gestion-con-vision-descentralizada\/#primaryimage\",\"url\":\"https:\/\/dev.antudigital.cl\/sites\/vc\/wp-content\/uploads\/2022\/11\/LitoralPoetaoh_60931289_2753400124677051_4277398902996895832_n.jpg\",\"contentUrl\":\"https:\/\/dev.antudigital.cl\/sites\/vc\/wp-content\/uploads\/2022\/11\/LitoralPoetaoh_60931289_2753400124677051_4277398902996895832_n.jpg\",\"width\":1054,\"height\":849},{\"@type\":\"BreadcrumbList\",\"@id\":\"https:\/\/dev.antudigital.cl\/sites\/vc\/litoral-poeta-gestion-con-vision-descentralizada\/#breadcrumb\",\"itemListElement\":[{\"@type\":\"ListItem\",\"position\":1,\"name\":\"Home\",\"item\":\"https:\/\/dev.antudigital.cl\/sites\/vc\/\"},{\"@type\":\"ListItem\",\"position\":2,\"name\":\"Litoral Poeta: gesti\u00f3n con visi\u00f3n descentralizada\"}]},{\"@type\":\"WebSite\",\"@id\":\"https:\/\/dev.antudigital.cl\/sites\/vc\/#website\",\"url\":\"https:\/\/dev.antudigital.cl\/sites\/vc\/\",\"name\":\"Valpara\u00ed\u00adso Creativo\",\"description\":\"\",\"potentialAction\":[{\"@type\":\"SearchAction\",\"target\":{\"@type\":\"EntryPoint\",\"urlTemplate\":\"https:\/\/dev.antudigital.cl\/sites\/vc\/?s={search_term_string}\"},\"query-input\":{\"@type\":\"PropertyValueSpecification\",\"valueRequired\":true,\"valueName\":\"search_term_string\"}}],\"inLanguage\":\"es\"},{\"@type\":\"Person\",\"@id\":\"https:\/\/dev.antudigital.cl\/sites\/vc\/#\/schema\/person\/c2b9da8dd545e27166fc5ab232837318\",\"name\":\"Valpara\u00edso Creativo\",\"description\":\"Periodista de cultura en la Regi\u00f3n de Valpara\u00edso.\",\"url\":\"https:\/\/dev.antudigital.cl\/sites\/vc\/author\/valpoadmin\/\"}]}<\/script>\n<!-- \/ Yoast SEO plugin. -->","yoast_head_json":{"title":"Litoral Poeta: gesti\u00f3n con visi\u00f3n descentralizada - Valpara\u00ed\u00adso Creativo","robots":{"index":"index","follow":"follow","max-snippet":"max-snippet:-1","max-image-preview":"max-image-preview:large","max-video-preview":"max-video-preview:-1"},"canonical":"https:\/\/dev.antudigital.cl\/sites\/vc\/litoral-poeta-gestion-con-vision-descentralizada\/","og_locale":"es_ES","og_type":"article","og_title":"Litoral Poeta: gesti\u00f3n con visi\u00f3n descentralizada - Valpara\u00ed\u00adso Creativo","og_description":"Alberto Herrera y Mar\u00eda Jos\u00e9 Urrejola trabajan desde el Tabo como Litoral Poeta, plataforma que busca difundir, visibilizar y potenciar el \u00e1mbito creativo y po\u00e9tico de la Regi\u00f3n y del pa\u00eds. Est\u00e1n trabajando activamente en la articulaci\u00f3n del territorio desde el reconocimiento y vinculaci\u00f3n de creativos y creativas, y desde el 2018 han llevado adelante [&hellip;]","og_url":"https:\/\/dev.antudigital.cl\/sites\/vc\/litoral-poeta-gestion-con-vision-descentralizada\/","og_site_name":"Valpara\u00ed\u00adso Creativo","article_published_time":"2022-11-14T20:57:47+00:00","article_modified_time":"2022-11-14T21:02:27+00:00","og_image":[{"width":1054,"height":849,"url":"https:\/\/dev.antudigital.cl\/sites\/vc\/wp-content\/uploads\/2022\/11\/LitoralPoetaoh_60931289_2753400124677051_4277398902996895832_n.jpg","type":"image\/jpeg"}],"author":"Valpara\u00edso Creativo","twitter_card":"summary_large_image","twitter_misc":{"Escrito por":"Valpara\u00edso Creativo","Tiempo de lectura":"7 minutos"},"schema":{"@context":"https:\/\/schema.org","@graph":[{"@type":"Article","@id":"https:\/\/dev.antudigital.cl\/sites\/vc\/litoral-poeta-gestion-con-vision-descentralizada\/#article","isPartOf":{"@id":"https:\/\/dev.antudigital.cl\/sites\/vc\/litoral-poeta-gestion-con-vision-descentralizada\/"},"author":{"name":"Valpara\u00edso Creativo","@id":"https:\/\/dev.antudigital.cl\/sites\/vc\/#\/schema\/person\/c2b9da8dd545e27166fc5ab232837318"},"headline":"Litoral Poeta: gesti\u00f3n con visi\u00f3n descentralizada","datePublished":"2022-11-14T20:57:47+00:00","dateModified":"2022-11-14T21:02:27+00:00","mainEntityOfPage":{"@id":"https:\/\/dev.antudigital.cl\/sites\/vc\/litoral-poeta-gestion-con-vision-descentralizada\/"},"wordCount":1410,"commentCount":0,"image":{"@id":"https:\/\/dev.antudigital.cl\/sites\/vc\/litoral-poeta-gestion-con-vision-descentralizada\/#primaryimage"},"thumbnailUrl":"https:\/\/dev.antudigital.cl\/sites\/vc\/wp-content\/uploads\/2022\/11\/LitoralPoetaoh_60931289_2753400124677051_4277398902996895832_n.jpg","articleSection":["Noticia"],"inLanguage":"es","potentialAction":[{"@type":"CommentAction","name":"Comment","target":["https:\/\/dev.antudigital.cl\/sites\/vc\/litoral-poeta-gestion-con-vision-descentralizada\/#respond"]}]},{"@type":"WebPage","@id":"https:\/\/dev.antudigital.cl\/sites\/vc\/litoral-poeta-gestion-con-vision-descentralizada\/","url":"https:\/\/dev.antudigital.cl\/sites\/vc\/litoral-poeta-gestion-con-vision-descentralizada\/","name":"Litoral Poeta: gesti\u00f3n con visi\u00f3n descentralizada - Valpara\u00ed\u00adso Creativo","isPartOf":{"@id":"https:\/\/dev.antudigital.cl\/sites\/vc\/#website"},"primaryImageOfPage":{"@id":"https:\/\/dev.antudigital.cl\/sites\/vc\/litoral-poeta-gestion-con-vision-descentralizada\/#primaryimage"},"image":{"@id":"https:\/\/dev.antudigital.cl\/sites\/vc\/litoral-poeta-gestion-con-vision-descentralizada\/#primaryimage"},"thumbnailUrl":"https:\/\/dev.antudigital.cl\/sites\/vc\/wp-content\/uploads\/2022\/11\/LitoralPoetaoh_60931289_2753400124677051_4277398902996895832_n.jpg","datePublished":"2022-11-14T20:57:47+00:00","dateModified":"2022-11-14T21:02:27+00:00","author":{"@id":"https:\/\/dev.antudigital.cl\/sites\/vc\/#\/schema\/person\/c2b9da8dd545e27166fc5ab232837318"},"breadcrumb":{"@id":"https:\/\/dev.antudigital.cl\/sites\/vc\/litoral-poeta-gestion-con-vision-descentralizada\/#breadcrumb"},"inLanguage":"es","potentialAction":[{"@type":"ReadAction","target":["https:\/\/dev.antudigital.cl\/sites\/vc\/litoral-poeta-gestion-con-vision-descentralizada\/"]}]},{"@type":"ImageObject","inLanguage":"es","@id":"https:\/\/dev.antudigital.cl\/sites\/vc\/litoral-poeta-gestion-con-vision-descentralizada\/#primaryimage","url":"https:\/\/dev.antudigital.cl\/sites\/vc\/wp-content\/uploads\/2022\/11\/LitoralPoetaoh_60931289_2753400124677051_4277398902996895832_n.jpg","contentUrl":"https:\/\/dev.antudigital.cl\/sites\/vc\/wp-content\/uploads\/2022\/11\/LitoralPoetaoh_60931289_2753400124677051_4277398902996895832_n.jpg","width":1054,"height":849},{"@type":"BreadcrumbList","@id":"https:\/\/dev.antudigital.cl\/sites\/vc\/litoral-poeta-gestion-con-vision-descentralizada\/#breadcrumb","itemListElement":[{"@type":"ListItem","position":1,"name":"Home","item":"https:\/\/dev.antudigital.cl\/sites\/vc\/"},{"@type":"ListItem","position":2,"name":"Litoral Poeta: gesti\u00f3n con visi\u00f3n descentralizada"}]},{"@type":"WebSite","@id":"https:\/\/dev.antudigital.cl\/sites\/vc\/#website","url":"https:\/\/dev.antudigital.cl\/sites\/vc\/","name":"Valpara\u00ed\u00adso Creativo","description":"","potentialAction":[{"@type":"SearchAction","target":{"@type":"EntryPoint","urlTemplate":"https:\/\/dev.antudigital.cl\/sites\/vc\/?s={search_term_string}"},"query-input":{"@type":"PropertyValueSpecification","valueRequired":true,"valueName":"search_term_string"}}],"inLanguage":"es"},{"@type":"Person","@id":"https:\/\/dev.antudigital.cl\/sites\/vc\/#\/schema\/person\/c2b9da8dd545e27166fc5ab232837318","name":"Valpara\u00edso Creativo","description":"Periodista de cultura en la Regi\u00f3n de Valpara\u00edso.","url":"https:\/\/dev.antudigital.cl\/sites\/vc\/author\/valpoadmin\/"}]}},"_links":{"self":[{"href":"https:\/\/dev.antudigital.cl\/sites\/vc\/wp-json\/wp\/v2\/posts\/12061","targetHints":{"allow":["GET"]}}],"collection":[{"href":"https:\/\/dev.antudigital.cl\/sites\/vc\/wp-json\/wp\/v2\/posts"}],"about":[{"href":"https:\/\/dev.antudigital.cl\/sites\/vc\/wp-json\/wp\/v2\/types\/post"}],"author":[{"embeddable":true,"href":"https:\/\/dev.antudigital.cl\/sites\/vc\/wp-json\/wp\/v2\/users\/1"}],"replies":[{"embeddable":true,"href":"https:\/\/dev.antudigital.cl\/sites\/vc\/wp-json\/wp\/v2\/comments?post=12061"}],"version-history":[{"count":2,"href":"https:\/\/dev.antudigital.cl\/sites\/vc\/wp-json\/wp\/v2\/posts\/12061\/revisions"}],"predecessor-version":[{"id":12067,"href":"https:\/\/dev.antudigital.cl\/sites\/vc\/wp-json\/wp\/v2\/posts\/12061\/revisions\/12067"}],"wp:featuredmedia":[{"embeddable":true,"href":"https:\/\/dev.antudigital.cl\/sites\/vc\/wp-json\/wp\/v2\/media\/12063"}],"wp:attachment":[{"href":"https:\/\/dev.antudigital.cl\/sites\/vc\/wp-json\/wp\/v2\/media?parent=12061"}],"wp:term":[{"taxonomy":"category","embeddable":true,"href":"https:\/\/dev.antudigital.cl\/sites\/vc\/wp-json\/wp\/v2\/categories?post=12061"},{"taxonomy":"post_tag","embeddable":true,"href":"https:\/\/dev.antudigital.cl\/sites\/vc\/wp-json\/wp\/v2\/tags?post=12061"}],"curies":[{"name":"wp","href":"https:\/\/api.w.org\/{rel}","templated":true}]}}