{"id":12070,"date":"2022-11-20T21:13:14","date_gmt":"2022-11-20T21:13:14","guid":{"rendered":"https:\/\/www.valparaisocreativo.cl\/?p=12070"},"modified":"2022-11-20T21:13:18","modified_gmt":"2022-11-20T21:13:18","slug":"ya-comienza-festival-multicultural-2022-de-villa-alemana","status":"publish","type":"post","link":"https:\/\/dev.antudigital.cl\/sites\/vc\/ya-comienza-festival-multicultural-2022-de-villa-alemana\/","title":{"rendered":"Ya comienza Festival Multicultural 2022 de Villa Alemana"},"content":{"rendered":"\n<p>Descubre toda la programaci\u00f3n del Festival Multicultural 2022 del 21 al 26 de noviembre en <a href=\"https:\/\/www.instagram.com\/explore\/tags\/villaalemana\/\">#villaalemana<\/a><br><br>Te invitamos a disfrutar de una semana llena de actividades que buscan visibilizar las expresiones culturales de las personas migrantes y pueblos originarios de nuestro pa\u00eds, disfrutando de un amplio programa de charlas, cuentacuentos, m\u00fasica y danza, en el Centro Cultural Gabriela Mistral, Teatro Municipal Pompeya, Biblioteca P\u00fablica Paul Harris y Plaza Las Am\u00e9ricas de Pe\u00f1ablanca.<br><br>Organizado y financiado por la Municipalidad de Villa Alemana y cuenta con el financiamiento del Programa de Reactivaci\u00f3n Cultural del Ministerio de las Culturas, las Artes y el Patrimonio.<\/p>\n\n\n\n<p>Descubre toda la programaci\u00f3n, que se desarrollar\u00e1 entre el 21 al 26 de noviembre,<a href=\"https:\/\/www.instagram.com\/teatropompeya\/\"> en sus redes sociales<\/a>.<\/p>\n\n\n\n<figure class=\"wp-block-image size-full\"><img fetchpriority=\"high\" decoding=\"async\" width=\"598\" height=\"597\" src=\"https:\/\/www.valparaisocreativo.cl\/wp-content\/uploads\/2022\/11\/Captura-de-Pantalla-2022-11-20-a-las-18.09.02.png\" alt=\"\" class=\"wp-image-12072\" srcset=\"https:\/\/dev.antudigital.cl\/sites\/vc\/wp-content\/uploads\/2022\/11\/Captura-de-Pantalla-2022-11-20-a-las-18.09.02.png 598w, https:\/\/dev.antudigital.cl\/sites\/vc\/wp-content\/uploads\/2022\/11\/Captura-de-Pantalla-2022-11-20-a-las-18.09.02-300x300.png 300w, https:\/\/dev.antudigital.cl\/sites\/vc\/wp-content\/uploads\/2022\/11\/Captura-de-Pantalla-2022-11-20-a-las-18.09.02-150x150.png 150w, https:\/\/dev.antudigital.cl\/sites\/vc\/wp-content\/uploads\/2022\/11\/Captura-de-Pantalla-2022-11-20-a-las-18.09.02-480x479.png 480w\" sizes=\"(max-width: 598px) 100vw, 598px\" \/><\/figure>\n","protected":false},"excerpt":{"rendered":"<p>Descubre toda la programaci\u00f3n del Festival Multicultural 2022 del 21 al 26 de noviembre en #villaalemana Te invitamos a disfrutar de una semana llena de actividades que buscan visibilizar las expresiones culturales de las personas migrantes y pueblos originarios de nuestro pa\u00eds, disfrutando de un amplio programa de charlas, cuentacuentos, m\u00fasica y danza, en el [&hellip;]<\/p>\n","protected":false},"author":1,"featured_media":12071,"comment_status":"open","ping_status":"closed","sticky":false,"template":"","format":"standard","meta":{"_acf_changed":false,"footnotes":""},"categories":[8],"tags":[],"class_list":["post-12070","post","type-post","status-publish","format-standard","has-post-thumbnail","hentry","category-noticia"],"acf":[],"yoast_head":"<!-- This site is optimized with the Yoast SEO plugin v27.1.1 - https:\/\/yoast.com\/product\/yoast-seo-wordpress\/ -->\n<title>Ya comienza Festival Multicultural 2022 de Villa Alemana - Valpara\u00ed\u00adso Creativo<\/title>\n<meta name=\"robots\" content=\"index, follow, max-snippet:-1, max-image-preview:large, max-video-preview:-1\" \/>\n<link rel=\"canonical\" href=\"https:\/\/dev.antudigital.cl\/sites\/vc\/ya-comienza-festival-multicultural-2022-de-villa-alemana\/\" \/>\n<meta property=\"og:locale\" content=\"es_ES\" \/>\n<meta property=\"og:type\" content=\"article\" \/>\n<meta property=\"og:title\" content=\"Ya comienza Festival Multicultural 2022 de Villa Alemana - Valpara\u00ed\u00adso Creativo\" \/>\n<meta property=\"og:description\" content=\"Descubre toda la programaci\u00f3n del Festival Multicultural 2022 del 21 al 26 de noviembre en #villaalemana Te invitamos a disfrutar de una semana llena de actividades que buscan visibilizar las expresiones culturales de las personas migrantes y pueblos originarios de nuestro pa\u00eds, disfrutando de un amplio programa de charlas, cuentacuentos, m\u00fasica y danza, en el [&hellip;]\" \/>\n<meta property=\"og:url\" content=\"https:\/\/dev.antudigital.cl\/sites\/vc\/ya-comienza-festival-multicultural-2022-de-villa-alemana\/\" \/>\n<meta property=\"og:site_name\" content=\"Valpara\u00ed\u00adso Creativo\" \/>\n<meta property=\"article:published_time\" content=\"2022-11-20T21:13:14+00:00\" \/>\n<meta property=\"article:modified_time\" content=\"2022-11-20T21:13:18+00:00\" \/>\n<meta property=\"og:image\" content=\"https:\/\/dev.antudigital.cl\/sites\/vc\/wp-content\/uploads\/2022\/11\/Captura-de-Pantalla-2022-11-20-a-las-18.10.34.png\" \/>\n\t<meta property=\"og:image:width\" content=\"607\" \/>\n\t<meta property=\"og:image:height\" content=\"347\" \/>\n\t<meta property=\"og:image:type\" content=\"image\/png\" \/>\n<meta name=\"author\" content=\"Valpara\u00edso Creativo\" \/>\n<meta name=\"twitter:card\" content=\"summary_large_image\" \/>\n<meta name=\"twitter:label1\" content=\"Escrito por\" \/>\n\t<meta name=\"twitter:data1\" content=\"Valpara\u00edso Creativo\" \/>\n\t<meta name=\"twitter:label2\" content=\"Tiempo de lectura\" \/>\n\t<meta name=\"twitter:data2\" content=\"1 minuto\" \/>\n<script type=\"application\/ld+json\" class=\"yoast-schema-graph\">{\"@context\":\"https:\/\/schema.org\",\"@graph\":[{\"@type\":\"Article\",\"@id\":\"https:\/\/dev.antudigital.cl\/sites\/vc\/ya-comienza-festival-multicultural-2022-de-villa-alemana\/#article\",\"isPartOf\":{\"@id\":\"https:\/\/dev.antudigital.cl\/sites\/vc\/ya-comienza-festival-multicultural-2022-de-villa-alemana\/\"},\"author\":{\"name\":\"Valpara\u00edso Creativo\",\"@id\":\"https:\/\/dev.antudigital.cl\/sites\/vc\/#\/schema\/person\/c2b9da8dd545e27166fc5ab232837318\"},\"headline\":\"Ya comienza Festival Multicultural 2022 de Villa Alemana\",\"datePublished\":\"2022-11-20T21:13:14+00:00\",\"dateModified\":\"2022-11-20T21:13:18+00:00\",\"mainEntityOfPage\":{\"@id\":\"https:\/\/dev.antudigital.cl\/sites\/vc\/ya-comienza-festival-multicultural-2022-de-villa-alemana\/\"},\"wordCount\":129,\"commentCount\":0,\"image\":{\"@id\":\"https:\/\/dev.antudigital.cl\/sites\/vc\/ya-comienza-festival-multicultural-2022-de-villa-alemana\/#primaryimage\"},\"thumbnailUrl\":\"https:\/\/dev.antudigital.cl\/sites\/vc\/wp-content\/uploads\/2022\/11\/Captura-de-Pantalla-2022-11-20-a-las-18.10.34.png\",\"articleSection\":[\"Noticia\"],\"inLanguage\":\"es\",\"potentialAction\":[{\"@type\":\"CommentAction\",\"name\":\"Comment\",\"target\":[\"https:\/\/dev.antudigital.cl\/sites\/vc\/ya-comienza-festival-multicultural-2022-de-villa-alemana\/#respond\"]}]},{\"@type\":\"WebPage\",\"@id\":\"https:\/\/dev.antudigital.cl\/sites\/vc\/ya-comienza-festival-multicultural-2022-de-villa-alemana\/\",\"url\":\"https:\/\/dev.antudigital.cl\/sites\/vc\/ya-comienza-festival-multicultural-2022-de-villa-alemana\/\",\"name\":\"Ya comienza Festival Multicultural 2022 de Villa Alemana - Valpara\u00ed\u00adso Creativo\",\"isPartOf\":{\"@id\":\"https:\/\/dev.antudigital.cl\/sites\/vc\/#website\"},\"primaryImageOfPage\":{\"@id\":\"https:\/\/dev.antudigital.cl\/sites\/vc\/ya-comienza-festival-multicultural-2022-de-villa-alemana\/#primaryimage\"},\"image\":{\"@id\":\"https:\/\/dev.antudigital.cl\/sites\/vc\/ya-comienza-festival-multicultural-2022-de-villa-alemana\/#primaryimage\"},\"thumbnailUrl\":\"https:\/\/dev.antudigital.cl\/sites\/vc\/wp-content\/uploads\/2022\/11\/Captura-de-Pantalla-2022-11-20-a-las-18.10.34.png\",\"datePublished\":\"2022-11-20T21:13:14+00:00\",\"dateModified\":\"2022-11-20T21:13:18+00:00\",\"author\":{\"@id\":\"https:\/\/dev.antudigital.cl\/sites\/vc\/#\/schema\/person\/c2b9da8dd545e27166fc5ab232837318\"},\"breadcrumb\":{\"@id\":\"https:\/\/dev.antudigital.cl\/sites\/vc\/ya-comienza-festival-multicultural-2022-de-villa-alemana\/#breadcrumb\"},\"inLanguage\":\"es\",\"potentialAction\":[{\"@type\":\"ReadAction\",\"target\":[\"https:\/\/dev.antudigital.cl\/sites\/vc\/ya-comienza-festival-multicultural-2022-de-villa-alemana\/\"]}]},{\"@type\":\"ImageObject\",\"inLanguage\":\"es\",\"@id\":\"https:\/\/dev.antudigital.cl\/sites\/vc\/ya-comienza-festival-multicultural-2022-de-villa-alemana\/#primaryimage\",\"url\":\"https:\/\/dev.antudigital.cl\/sites\/vc\/wp-content\/uploads\/2022\/11\/Captura-de-Pantalla-2022-11-20-a-las-18.10.34.png\",\"contentUrl\":\"https:\/\/dev.antudigital.cl\/sites\/vc\/wp-content\/uploads\/2022\/11\/Captura-de-Pantalla-2022-11-20-a-las-18.10.34.png\",\"width\":607,\"height\":347},{\"@type\":\"BreadcrumbList\",\"@id\":\"https:\/\/dev.antudigital.cl\/sites\/vc\/ya-comienza-festival-multicultural-2022-de-villa-alemana\/#breadcrumb\",\"itemListElement\":[{\"@type\":\"ListItem\",\"position\":1,\"name\":\"Home\",\"item\":\"https:\/\/dev.antudigital.cl\/sites\/vc\/\"},{\"@type\":\"ListItem\",\"position\":2,\"name\":\"Ya comienza Festival Multicultural 2022 de Villa Alemana\"}]},{\"@type\":\"WebSite\",\"@id\":\"https:\/\/dev.antudigital.cl\/sites\/vc\/#website\",\"url\":\"https:\/\/dev.antudigital.cl\/sites\/vc\/\",\"name\":\"Valpara\u00ed\u00adso Creativo\",\"description\":\"\",\"potentialAction\":[{\"@type\":\"SearchAction\",\"target\":{\"@type\":\"EntryPoint\",\"urlTemplate\":\"https:\/\/dev.antudigital.cl\/sites\/vc\/?s={search_term_string}\"},\"query-input\":{\"@type\":\"PropertyValueSpecification\",\"valueRequired\":true,\"valueName\":\"search_term_string\"}}],\"inLanguage\":\"es\"},{\"@type\":\"Person\",\"@id\":\"https:\/\/dev.antudigital.cl\/sites\/vc\/#\/schema\/person\/c2b9da8dd545e27166fc5ab232837318\",\"name\":\"Valpara\u00edso Creativo\",\"description\":\"Periodista de cultura en la Regi\u00f3n de Valpara\u00edso.\",\"url\":\"https:\/\/dev.antudigital.cl\/sites\/vc\/author\/valpoadmin\/\"}]}<\/script>\n<!-- \/ Yoast SEO plugin. -->","yoast_head_json":{"title":"Ya comienza Festival Multicultural 2022 de Villa Alemana - Valpara\u00ed\u00adso Creativo","robots":{"index":"index","follow":"follow","max-snippet":"max-snippet:-1","max-image-preview":"max-image-preview:large","max-video-preview":"max-video-preview:-1"},"canonical":"https:\/\/dev.antudigital.cl\/sites\/vc\/ya-comienza-festival-multicultural-2022-de-villa-alemana\/","og_locale":"es_ES","og_type":"article","og_title":"Ya comienza Festival Multicultural 2022 de Villa Alemana - Valpara\u00ed\u00adso Creativo","og_description":"Descubre toda la programaci\u00f3n del Festival Multicultural 2022 del 21 al 26 de noviembre en #villaalemana Te invitamos a disfrutar de una semana llena de actividades que buscan visibilizar las expresiones culturales de las personas migrantes y pueblos originarios de nuestro pa\u00eds, disfrutando de un amplio programa de charlas, cuentacuentos, m\u00fasica y danza, en el [&hellip;]","og_url":"https:\/\/dev.antudigital.cl\/sites\/vc\/ya-comienza-festival-multicultural-2022-de-villa-alemana\/","og_site_name":"Valpara\u00ed\u00adso Creativo","article_published_time":"2022-11-20T21:13:14+00:00","article_modified_time":"2022-11-20T21:13:18+00:00","og_image":[{"width":607,"height":347,"url":"https:\/\/dev.antudigital.cl\/sites\/vc\/wp-content\/uploads\/2022\/11\/Captura-de-Pantalla-2022-11-20-a-las-18.10.34.png","type":"image\/png"}],"author":"Valpara\u00edso Creativo","twitter_card":"summary_large_image","twitter_misc":{"Escrito por":"Valpara\u00edso Creativo","Tiempo de lectura":"1 minuto"},"schema":{"@context":"https:\/\/schema.org","@graph":[{"@type":"Article","@id":"https:\/\/dev.antudigital.cl\/sites\/vc\/ya-comienza-festival-multicultural-2022-de-villa-alemana\/#article","isPartOf":{"@id":"https:\/\/dev.antudigital.cl\/sites\/vc\/ya-comienza-festival-multicultural-2022-de-villa-alemana\/"},"author":{"name":"Valpara\u00edso Creativo","@id":"https:\/\/dev.antudigital.cl\/sites\/vc\/#\/schema\/person\/c2b9da8dd545e27166fc5ab232837318"},"headline":"Ya comienza Festival Multicultural 2022 de Villa Alemana","datePublished":"2022-11-20T21:13:14+00:00","dateModified":"2022-11-20T21:13:18+00:00","mainEntityOfPage":{"@id":"https:\/\/dev.antudigital.cl\/sites\/vc\/ya-comienza-festival-multicultural-2022-de-villa-alemana\/"},"wordCount":129,"commentCount":0,"image":{"@id":"https:\/\/dev.antudigital.cl\/sites\/vc\/ya-comienza-festival-multicultural-2022-de-villa-alemana\/#primaryimage"},"thumbnailUrl":"https:\/\/dev.antudigital.cl\/sites\/vc\/wp-content\/uploads\/2022\/11\/Captura-de-Pantalla-2022-11-20-a-las-18.10.34.png","articleSection":["Noticia"],"inLanguage":"es","potentialAction":[{"@type":"CommentAction","name":"Comment","target":["https:\/\/dev.antudigital.cl\/sites\/vc\/ya-comienza-festival-multicultural-2022-de-villa-alemana\/#respond"]}]},{"@type":"WebPage","@id":"https:\/\/dev.antudigital.cl\/sites\/vc\/ya-comienza-festival-multicultural-2022-de-villa-alemana\/","url":"https:\/\/dev.antudigital.cl\/sites\/vc\/ya-comienza-festival-multicultural-2022-de-villa-alemana\/","name":"Ya comienza Festival Multicultural 2022 de Villa Alemana - Valpara\u00ed\u00adso Creativo","isPartOf":{"@id":"https:\/\/dev.antudigital.cl\/sites\/vc\/#website"},"primaryImageOfPage":{"@id":"https:\/\/dev.antudigital.cl\/sites\/vc\/ya-comienza-festival-multicultural-2022-de-villa-alemana\/#primaryimage"},"image":{"@id":"https:\/\/dev.antudigital.cl\/sites\/vc\/ya-comienza-festival-multicultural-2022-de-villa-alemana\/#primaryimage"},"thumbnailUrl":"https:\/\/dev.antudigital.cl\/sites\/vc\/wp-content\/uploads\/2022\/11\/Captura-de-Pantalla-2022-11-20-a-las-18.10.34.png","datePublished":"2022-11-20T21:13:14+00:00","dateModified":"2022-11-20T21:13:18+00:00","author":{"@id":"https:\/\/dev.antudigital.cl\/sites\/vc\/#\/schema\/person\/c2b9da8dd545e27166fc5ab232837318"},"breadcrumb":{"@id":"https:\/\/dev.antudigital.cl\/sites\/vc\/ya-comienza-festival-multicultural-2022-de-villa-alemana\/#breadcrumb"},"inLanguage":"es","potentialAction":[{"@type":"ReadAction","target":["https:\/\/dev.antudigital.cl\/sites\/vc\/ya-comienza-festival-multicultural-2022-de-villa-alemana\/"]}]},{"@type":"ImageObject","inLanguage":"es","@id":"https:\/\/dev.antudigital.cl\/sites\/vc\/ya-comienza-festival-multicultural-2022-de-villa-alemana\/#primaryimage","url":"https:\/\/dev.antudigital.cl\/sites\/vc\/wp-content\/uploads\/2022\/11\/Captura-de-Pantalla-2022-11-20-a-las-18.10.34.png","contentUrl":"https:\/\/dev.antudigital.cl\/sites\/vc\/wp-content\/uploads\/2022\/11\/Captura-de-Pantalla-2022-11-20-a-las-18.10.34.png","width":607,"height":347},{"@type":"BreadcrumbList","@id":"https:\/\/dev.antudigital.cl\/sites\/vc\/ya-comienza-festival-multicultural-2022-de-villa-alemana\/#breadcrumb","itemListElement":[{"@type":"ListItem","position":1,"name":"Home","item":"https:\/\/dev.antudigital.cl\/sites\/vc\/"},{"@type":"ListItem","position":2,"name":"Ya comienza Festival Multicultural 2022 de Villa Alemana"}]},{"@type":"WebSite","@id":"https:\/\/dev.antudigital.cl\/sites\/vc\/#website","url":"https:\/\/dev.antudigital.cl\/sites\/vc\/","name":"Valpara\u00ed\u00adso Creativo","description":"","potentialAction":[{"@type":"SearchAction","target":{"@type":"EntryPoint","urlTemplate":"https:\/\/dev.antudigital.cl\/sites\/vc\/?s={search_term_string}"},"query-input":{"@type":"PropertyValueSpecification","valueRequired":true,"valueName":"search_term_string"}}],"inLanguage":"es"},{"@type":"Person","@id":"https:\/\/dev.antudigital.cl\/sites\/vc\/#\/schema\/person\/c2b9da8dd545e27166fc5ab232837318","name":"Valpara\u00edso Creativo","description":"Periodista de cultura en la Regi\u00f3n de Valpara\u00edso.","url":"https:\/\/dev.antudigital.cl\/sites\/vc\/author\/valpoadmin\/"}]}},"_links":{"self":[{"href":"https:\/\/dev.antudigital.cl\/sites\/vc\/wp-json\/wp\/v2\/posts\/12070","targetHints":{"allow":["GET"]}}],"collection":[{"href":"https:\/\/dev.antudigital.cl\/sites\/vc\/wp-json\/wp\/v2\/posts"}],"about":[{"href":"https:\/\/dev.antudigital.cl\/sites\/vc\/wp-json\/wp\/v2\/types\/post"}],"author":[{"embeddable":true,"href":"https:\/\/dev.antudigital.cl\/sites\/vc\/wp-json\/wp\/v2\/users\/1"}],"replies":[{"embeddable":true,"href":"https:\/\/dev.antudigital.cl\/sites\/vc\/wp-json\/wp\/v2\/comments?post=12070"}],"version-history":[{"count":1,"href":"https:\/\/dev.antudigital.cl\/sites\/vc\/wp-json\/wp\/v2\/posts\/12070\/revisions"}],"predecessor-version":[{"id":12073,"href":"https:\/\/dev.antudigital.cl\/sites\/vc\/wp-json\/wp\/v2\/posts\/12070\/revisions\/12073"}],"wp:featuredmedia":[{"embeddable":true,"href":"https:\/\/dev.antudigital.cl\/sites\/vc\/wp-json\/wp\/v2\/media\/12071"}],"wp:attachment":[{"href":"https:\/\/dev.antudigital.cl\/sites\/vc\/wp-json\/wp\/v2\/media?parent=12070"}],"wp:term":[{"taxonomy":"category","embeddable":true,"href":"https:\/\/dev.antudigital.cl\/sites\/vc\/wp-json\/wp\/v2\/categories?post=12070"},{"taxonomy":"post_tag","embeddable":true,"href":"https:\/\/dev.antudigital.cl\/sites\/vc\/wp-json\/wp\/v2\/tags?post=12070"}],"curies":[{"name":"wp","href":"https:\/\/api.w.org\/{rel}","templated":true}]}}