{"id":12078,"date":"2022-11-21T19:40:57","date_gmt":"2022-11-21T19:40:57","guid":{"rendered":"https:\/\/www.valparaisocreativo.cl\/?p=12078"},"modified":"2022-11-21T19:41:02","modified_gmt":"2022-11-21T19:41:02","slug":"ven-a-celebrar-los-21-anos-de-baj-valpo-a-festival-volar","status":"publish","type":"post","link":"https:\/\/dev.antudigital.cl\/sites\/vc\/ven-a-celebrar-los-21-anos-de-baj-valpo-a-festival-volar\/","title":{"rendered":"Ven a celebrar los 21 a\u00f1os de BAJ Valpo a Festival Volar"},"content":{"rendered":"\n<p><strong><a href=\"https:\/\/www.instagram.com\/bajvalpo\/\">Balmaceda Arte Joven Valpara\u00edso<\/a> vuelve con una extraordinaria programaci\u00f3n art\u00edstica, en modalidad presencial, que se realizar\u00e1 en cuatro jornadas consecutivas desde el 23 al 26 de noviembre en la sede BAJValpo, cerro Placeres y Playa Ancha.\u00a0<\/strong><\/p>\n\n\n\n<p>Se trata del&nbsp;<strong>Festival Volar<\/strong>, el cual como todos los a\u00f1os apunta a generar cercan\u00eda con la comunidad, reflexionar y disfrutar en torno a m\u00faltiples disciplinas art\u00edsticas como artes visuales, danza, teatro, m\u00fasica, literatura, performance, entre otras, las cuales se presentar\u00e1n desde el 23 al 26 de noviembre en un nuevo aniversario n\u00famero 21 de BajValpo.<\/p>\n\n\n\n<p>Bajo el lema \u201cAparecer para ser juntxs\u201d, las muestras se enmarcan en el proceso desarrollado durante los talleres art\u00edsticos de este a\u00f1o 2022 y tienen por objetivo potenciar la visibilizaci\u00f3n de lxs j\u00f3venes creadores de la regi\u00f3n de Valpara\u00edso.\u00a0<\/p>\n\n\n\n<p>Este a\u00f1o el programa se desarrollar\u00e1 en tres puntos de la comuna, siendo el hito inaugural el 23 de noviembre desde las 18:30 horas en la sede institucional, instancia donde se estrenar\u00e1 la obra <em>Barro y Sue\u00f1os<\/em> a cargo de la Compa\u00f1\u00eda de Danza de Balmaceda Arte Joven Valpara\u00edso, dirigida por Mar\u00eda Jos\u00e9 Franco. Muestras en vivo y exposiciones de artes visuales dar\u00e1n forma a este d\u00eda de apertura.<\/p>\n\n\n\n<p>En la segunda jornada, prevista para el jueves 24 de noviembre, tendr\u00e1 lugar en la plaza De La Conquista en <strong>cerro Los Placeres<\/strong> y contar\u00e1 con un concierto en vivo del Laboratorio de Producci\u00f3n Musical y el taller de m\u00fasica, adem\u00e1s la poes\u00eda esc\u00e9nica se tomar\u00e1 el espacio con el Slam <em>Voy y Vuelvo<\/em> a cargo de Teodora Inostroza.<\/p>\n\n\n\n<p>El d\u00eda viernes la m\u00fasica ser\u00e1 la protagonista con el concierto del Laboratorio de Producci\u00f3n Musical en la <strong>plaza Waddington<\/strong> en Playa Ancha.&nbsp;<\/p>\n\n\n\n<p>Por \u00faltimo, el Coro Escuela BAJ Valpara\u00edso ser\u00e1 el encargado de poner el broche final al festival el s\u00e1bado 26 de noviembre a las 12:30 horas, en un ensayo abierto en la sede BAJValpo.<\/p>\n\n\n\n<p>\u201c<em>Este Festival Volar es muy significativo dentro de los 21 a\u00f1os que nuestra corporaci\u00f3n est\u00e1 en la regi\u00f3n. Luego de casi dos a\u00f1os de una programaci\u00f3n virtual o anal\u00f3gica restringida, hoy podemos volver con toda la fuerza a la presencialidad, y no solo ocupando la casona que nos alberga en todos sus rincones, sino tambi\u00e9n, llevando nuestra programaci\u00f3n a diversos espacios p\u00fablicos de la comuna<\/em>\u201d finaliza Federico.<\/p>\n\n\n\n<p><strong>Entrada liberada para todo p\u00fablico.<\/strong><\/p>\n\n\n\n<p><strong>Revisa la programaci\u00f3n completa en <a href=\"https:\/\/www.instagram.com\/bajvalpo\/\">baj.cl<\/a>.\u00a0<\/strong><\/p>\n\n\n\n<figure class=\"wp-block-image size-large\"><img fetchpriority=\"high\" decoding=\"async\" width=\"1024\" height=\"1024\" src=\"https:\/\/www.valparaisocreativo.cl\/wp-content\/uploads\/2022\/11\/AFICHE-IG-1-1024x1024.png\" alt=\"\" class=\"wp-image-12085\" srcset=\"https:\/\/dev.antudigital.cl\/sites\/vc\/wp-content\/uploads\/2022\/11\/AFICHE-IG-1-1024x1024.png 1024w, https:\/\/dev.antudigital.cl\/sites\/vc\/wp-content\/uploads\/2022\/11\/AFICHE-IG-1-300x300.png 300w, https:\/\/dev.antudigital.cl\/sites\/vc\/wp-content\/uploads\/2022\/11\/AFICHE-IG-1-150x150.png 150w, https:\/\/dev.antudigital.cl\/sites\/vc\/wp-content\/uploads\/2022\/11\/AFICHE-IG-1-768x768.png 768w, https:\/\/dev.antudigital.cl\/sites\/vc\/wp-content\/uploads\/2022\/11\/AFICHE-IG-1-1080x1080.png 1080w, https:\/\/dev.antudigital.cl\/sites\/vc\/wp-content\/uploads\/2022\/11\/AFICHE-IG-1-980x980.png 980w, https:\/\/dev.antudigital.cl\/sites\/vc\/wp-content\/uploads\/2022\/11\/AFICHE-IG-1-480x480.png 480w, https:\/\/dev.antudigital.cl\/sites\/vc\/wp-content\/uploads\/2022\/11\/AFICHE-IG-1.png 1200w\" sizes=\"(max-width: 1024px) 100vw, 1024px\" \/><\/figure>\n","protected":false},"excerpt":{"rendered":"<p>Balmaceda Arte Joven Valpara\u00edso vuelve con una extraordinaria programaci\u00f3n art\u00edstica, en modalidad presencial, que se realizar\u00e1 en cuatro jornadas consecutivas desde el 23 al 26 de noviembre en la sede BAJValpo, cerro Placeres y Playa Ancha.\u00a0 Se trata del&nbsp;Festival Volar, el cual como todos los a\u00f1os apunta a generar cercan\u00eda con la comunidad, reflexionar y [&hellip;]<\/p>\n","protected":false},"author":1,"featured_media":12086,"comment_status":"open","ping_status":"closed","sticky":false,"template":"","format":"standard","meta":{"_acf_changed":false,"footnotes":""},"categories":[8],"tags":[],"class_list":["post-12078","post","type-post","status-publish","format-standard","has-post-thumbnail","hentry","category-noticia"],"acf":[],"yoast_head":"<!-- This site is optimized with the Yoast SEO plugin v27.1.1 - https:\/\/yoast.com\/product\/yoast-seo-wordpress\/ -->\n<title>Ven a celebrar los 21 a\u00f1os de BAJ Valpo a Festival Volar - Valpara\u00ed\u00adso Creativo<\/title>\n<meta name=\"robots\" content=\"index, follow, max-snippet:-1, max-image-preview:large, max-video-preview:-1\" \/>\n<link rel=\"canonical\" href=\"https:\/\/dev.antudigital.cl\/sites\/vc\/ven-a-celebrar-los-21-anos-de-baj-valpo-a-festival-volar\/\" \/>\n<meta property=\"og:locale\" content=\"es_ES\" \/>\n<meta property=\"og:type\" content=\"article\" \/>\n<meta property=\"og:title\" content=\"Ven a celebrar los 21 a\u00f1os de BAJ Valpo a Festival Volar - Valpara\u00ed\u00adso Creativo\" \/>\n<meta property=\"og:description\" content=\"Balmaceda Arte Joven Valpara\u00edso vuelve con una extraordinaria programaci\u00f3n art\u00edstica, en modalidad presencial, que se realizar\u00e1 en cuatro jornadas consecutivas desde el 23 al 26 de noviembre en la sede BAJValpo, cerro Placeres y Playa Ancha.\u00a0 Se trata del&nbsp;Festival Volar, el cual como todos los a\u00f1os apunta a generar cercan\u00eda con la comunidad, reflexionar y [&hellip;]\" \/>\n<meta property=\"og:url\" content=\"https:\/\/dev.antudigital.cl\/sites\/vc\/ven-a-celebrar-los-21-anos-de-baj-valpo-a-festival-volar\/\" \/>\n<meta property=\"og:site_name\" content=\"Valpara\u00ed\u00adso Creativo\" \/>\n<meta property=\"article:published_time\" content=\"2022-11-21T19:40:57+00:00\" \/>\n<meta property=\"article:modified_time\" content=\"2022-11-21T19:41:02+00:00\" \/>\n<meta property=\"og:image\" content=\"https:\/\/dev.antudigital.cl\/sites\/vc\/wp-content\/uploads\/2022\/11\/Volar.png\" \/>\n\t<meta property=\"og:image:width\" content=\"960\" \/>\n\t<meta property=\"og:image:height\" content=\"542\" \/>\n\t<meta property=\"og:image:type\" content=\"image\/png\" \/>\n<meta name=\"author\" content=\"Valpara\u00edso Creativo\" \/>\n<meta name=\"twitter:card\" content=\"summary_large_image\" \/>\n<meta name=\"twitter:label1\" content=\"Escrito por\" \/>\n\t<meta name=\"twitter:data1\" content=\"Valpara\u00edso Creativo\" \/>\n\t<meta name=\"twitter:label2\" content=\"Tiempo de lectura\" \/>\n\t<meta name=\"twitter:data2\" content=\"2 minutos\" \/>\n<script type=\"application\/ld+json\" class=\"yoast-schema-graph\">{\"@context\":\"https:\/\/schema.org\",\"@graph\":[{\"@type\":\"Article\",\"@id\":\"https:\/\/dev.antudigital.cl\/sites\/vc\/ven-a-celebrar-los-21-anos-de-baj-valpo-a-festival-volar\/#article\",\"isPartOf\":{\"@id\":\"https:\/\/dev.antudigital.cl\/sites\/vc\/ven-a-celebrar-los-21-anos-de-baj-valpo-a-festival-volar\/\"},\"author\":{\"name\":\"Valpara\u00edso Creativo\",\"@id\":\"https:\/\/dev.antudigital.cl\/sites\/vc\/#\/schema\/person\/c2b9da8dd545e27166fc5ab232837318\"},\"headline\":\"Ven a celebrar los 21 a\u00f1os de BAJ Valpo a Festival Volar\",\"datePublished\":\"2022-11-21T19:40:57+00:00\",\"dateModified\":\"2022-11-21T19:41:02+00:00\",\"mainEntityOfPage\":{\"@id\":\"https:\/\/dev.antudigital.cl\/sites\/vc\/ven-a-celebrar-los-21-anos-de-baj-valpo-a-festival-volar\/\"},\"wordCount\":441,\"commentCount\":0,\"image\":{\"@id\":\"https:\/\/dev.antudigital.cl\/sites\/vc\/ven-a-celebrar-los-21-anos-de-baj-valpo-a-festival-volar\/#primaryimage\"},\"thumbnailUrl\":\"https:\/\/dev.antudigital.cl\/sites\/vc\/wp-content\/uploads\/2022\/11\/Volar.png\",\"articleSection\":[\"Noticia\"],\"inLanguage\":\"es\",\"potentialAction\":[{\"@type\":\"CommentAction\",\"name\":\"Comment\",\"target\":[\"https:\/\/dev.antudigital.cl\/sites\/vc\/ven-a-celebrar-los-21-anos-de-baj-valpo-a-festival-volar\/#respond\"]}]},{\"@type\":\"WebPage\",\"@id\":\"https:\/\/dev.antudigital.cl\/sites\/vc\/ven-a-celebrar-los-21-anos-de-baj-valpo-a-festival-volar\/\",\"url\":\"https:\/\/dev.antudigital.cl\/sites\/vc\/ven-a-celebrar-los-21-anos-de-baj-valpo-a-festival-volar\/\",\"name\":\"Ven a celebrar los 21 a\u00f1os de BAJ Valpo a Festival Volar - Valpara\u00ed\u00adso Creativo\",\"isPartOf\":{\"@id\":\"https:\/\/dev.antudigital.cl\/sites\/vc\/#website\"},\"primaryImageOfPage\":{\"@id\":\"https:\/\/dev.antudigital.cl\/sites\/vc\/ven-a-celebrar-los-21-anos-de-baj-valpo-a-festival-volar\/#primaryimage\"},\"image\":{\"@id\":\"https:\/\/dev.antudigital.cl\/sites\/vc\/ven-a-celebrar-los-21-anos-de-baj-valpo-a-festival-volar\/#primaryimage\"},\"thumbnailUrl\":\"https:\/\/dev.antudigital.cl\/sites\/vc\/wp-content\/uploads\/2022\/11\/Volar.png\",\"datePublished\":\"2022-11-21T19:40:57+00:00\",\"dateModified\":\"2022-11-21T19:41:02+00:00\",\"author\":{\"@id\":\"https:\/\/dev.antudigital.cl\/sites\/vc\/#\/schema\/person\/c2b9da8dd545e27166fc5ab232837318\"},\"breadcrumb\":{\"@id\":\"https:\/\/dev.antudigital.cl\/sites\/vc\/ven-a-celebrar-los-21-anos-de-baj-valpo-a-festival-volar\/#breadcrumb\"},\"inLanguage\":\"es\",\"potentialAction\":[{\"@type\":\"ReadAction\",\"target\":[\"https:\/\/dev.antudigital.cl\/sites\/vc\/ven-a-celebrar-los-21-anos-de-baj-valpo-a-festival-volar\/\"]}]},{\"@type\":\"ImageObject\",\"inLanguage\":\"es\",\"@id\":\"https:\/\/dev.antudigital.cl\/sites\/vc\/ven-a-celebrar-los-21-anos-de-baj-valpo-a-festival-volar\/#primaryimage\",\"url\":\"https:\/\/dev.antudigital.cl\/sites\/vc\/wp-content\/uploads\/2022\/11\/Volar.png\",\"contentUrl\":\"https:\/\/dev.antudigital.cl\/sites\/vc\/wp-content\/uploads\/2022\/11\/Volar.png\",\"width\":960,\"height\":542},{\"@type\":\"BreadcrumbList\",\"@id\":\"https:\/\/dev.antudigital.cl\/sites\/vc\/ven-a-celebrar-los-21-anos-de-baj-valpo-a-festival-volar\/#breadcrumb\",\"itemListElement\":[{\"@type\":\"ListItem\",\"position\":1,\"name\":\"Home\",\"item\":\"https:\/\/dev.antudigital.cl\/sites\/vc\/\"},{\"@type\":\"ListItem\",\"position\":2,\"name\":\"Ven a celebrar los 21 a\u00f1os de BAJ Valpo a Festival Volar\"}]},{\"@type\":\"WebSite\",\"@id\":\"https:\/\/dev.antudigital.cl\/sites\/vc\/#website\",\"url\":\"https:\/\/dev.antudigital.cl\/sites\/vc\/\",\"name\":\"Valpara\u00ed\u00adso Creativo\",\"description\":\"\",\"potentialAction\":[{\"@type\":\"SearchAction\",\"target\":{\"@type\":\"EntryPoint\",\"urlTemplate\":\"https:\/\/dev.antudigital.cl\/sites\/vc\/?s={search_term_string}\"},\"query-input\":{\"@type\":\"PropertyValueSpecification\",\"valueRequired\":true,\"valueName\":\"search_term_string\"}}],\"inLanguage\":\"es\"},{\"@type\":\"Person\",\"@id\":\"https:\/\/dev.antudigital.cl\/sites\/vc\/#\/schema\/person\/c2b9da8dd545e27166fc5ab232837318\",\"name\":\"Valpara\u00edso Creativo\",\"description\":\"Periodista de cultura en la Regi\u00f3n de Valpara\u00edso.\",\"url\":\"https:\/\/dev.antudigital.cl\/sites\/vc\/author\/valpoadmin\/\"}]}<\/script>\n<!-- \/ Yoast SEO plugin. -->","yoast_head_json":{"title":"Ven a celebrar los 21 a\u00f1os de BAJ Valpo a Festival Volar - Valpara\u00ed\u00adso Creativo","robots":{"index":"index","follow":"follow","max-snippet":"max-snippet:-1","max-image-preview":"max-image-preview:large","max-video-preview":"max-video-preview:-1"},"canonical":"https:\/\/dev.antudigital.cl\/sites\/vc\/ven-a-celebrar-los-21-anos-de-baj-valpo-a-festival-volar\/","og_locale":"es_ES","og_type":"article","og_title":"Ven a celebrar los 21 a\u00f1os de BAJ Valpo a Festival Volar - Valpara\u00ed\u00adso Creativo","og_description":"Balmaceda Arte Joven Valpara\u00edso vuelve con una extraordinaria programaci\u00f3n art\u00edstica, en modalidad presencial, que se realizar\u00e1 en cuatro jornadas consecutivas desde el 23 al 26 de noviembre en la sede BAJValpo, cerro Placeres y Playa Ancha.\u00a0 Se trata del&nbsp;Festival Volar, el cual como todos los a\u00f1os apunta a generar cercan\u00eda con la comunidad, reflexionar y [&hellip;]","og_url":"https:\/\/dev.antudigital.cl\/sites\/vc\/ven-a-celebrar-los-21-anos-de-baj-valpo-a-festival-volar\/","og_site_name":"Valpara\u00ed\u00adso Creativo","article_published_time":"2022-11-21T19:40:57+00:00","article_modified_time":"2022-11-21T19:41:02+00:00","og_image":[{"width":960,"height":542,"url":"https:\/\/dev.antudigital.cl\/sites\/vc\/wp-content\/uploads\/2022\/11\/Volar.png","type":"image\/png"}],"author":"Valpara\u00edso Creativo","twitter_card":"summary_large_image","twitter_misc":{"Escrito por":"Valpara\u00edso Creativo","Tiempo de lectura":"2 minutos"},"schema":{"@context":"https:\/\/schema.org","@graph":[{"@type":"Article","@id":"https:\/\/dev.antudigital.cl\/sites\/vc\/ven-a-celebrar-los-21-anos-de-baj-valpo-a-festival-volar\/#article","isPartOf":{"@id":"https:\/\/dev.antudigital.cl\/sites\/vc\/ven-a-celebrar-los-21-anos-de-baj-valpo-a-festival-volar\/"},"author":{"name":"Valpara\u00edso Creativo","@id":"https:\/\/dev.antudigital.cl\/sites\/vc\/#\/schema\/person\/c2b9da8dd545e27166fc5ab232837318"},"headline":"Ven a celebrar los 21 a\u00f1os de BAJ Valpo a Festival Volar","datePublished":"2022-11-21T19:40:57+00:00","dateModified":"2022-11-21T19:41:02+00:00","mainEntityOfPage":{"@id":"https:\/\/dev.antudigital.cl\/sites\/vc\/ven-a-celebrar-los-21-anos-de-baj-valpo-a-festival-volar\/"},"wordCount":441,"commentCount":0,"image":{"@id":"https:\/\/dev.antudigital.cl\/sites\/vc\/ven-a-celebrar-los-21-anos-de-baj-valpo-a-festival-volar\/#primaryimage"},"thumbnailUrl":"https:\/\/dev.antudigital.cl\/sites\/vc\/wp-content\/uploads\/2022\/11\/Volar.png","articleSection":["Noticia"],"inLanguage":"es","potentialAction":[{"@type":"CommentAction","name":"Comment","target":["https:\/\/dev.antudigital.cl\/sites\/vc\/ven-a-celebrar-los-21-anos-de-baj-valpo-a-festival-volar\/#respond"]}]},{"@type":"WebPage","@id":"https:\/\/dev.antudigital.cl\/sites\/vc\/ven-a-celebrar-los-21-anos-de-baj-valpo-a-festival-volar\/","url":"https:\/\/dev.antudigital.cl\/sites\/vc\/ven-a-celebrar-los-21-anos-de-baj-valpo-a-festival-volar\/","name":"Ven a celebrar los 21 a\u00f1os de BAJ Valpo a Festival Volar - Valpara\u00ed\u00adso Creativo","isPartOf":{"@id":"https:\/\/dev.antudigital.cl\/sites\/vc\/#website"},"primaryImageOfPage":{"@id":"https:\/\/dev.antudigital.cl\/sites\/vc\/ven-a-celebrar-los-21-anos-de-baj-valpo-a-festival-volar\/#primaryimage"},"image":{"@id":"https:\/\/dev.antudigital.cl\/sites\/vc\/ven-a-celebrar-los-21-anos-de-baj-valpo-a-festival-volar\/#primaryimage"},"thumbnailUrl":"https:\/\/dev.antudigital.cl\/sites\/vc\/wp-content\/uploads\/2022\/11\/Volar.png","datePublished":"2022-11-21T19:40:57+00:00","dateModified":"2022-11-21T19:41:02+00:00","author":{"@id":"https:\/\/dev.antudigital.cl\/sites\/vc\/#\/schema\/person\/c2b9da8dd545e27166fc5ab232837318"},"breadcrumb":{"@id":"https:\/\/dev.antudigital.cl\/sites\/vc\/ven-a-celebrar-los-21-anos-de-baj-valpo-a-festival-volar\/#breadcrumb"},"inLanguage":"es","potentialAction":[{"@type":"ReadAction","target":["https:\/\/dev.antudigital.cl\/sites\/vc\/ven-a-celebrar-los-21-anos-de-baj-valpo-a-festival-volar\/"]}]},{"@type":"ImageObject","inLanguage":"es","@id":"https:\/\/dev.antudigital.cl\/sites\/vc\/ven-a-celebrar-los-21-anos-de-baj-valpo-a-festival-volar\/#primaryimage","url":"https:\/\/dev.antudigital.cl\/sites\/vc\/wp-content\/uploads\/2022\/11\/Volar.png","contentUrl":"https:\/\/dev.antudigital.cl\/sites\/vc\/wp-content\/uploads\/2022\/11\/Volar.png","width":960,"height":542},{"@type":"BreadcrumbList","@id":"https:\/\/dev.antudigital.cl\/sites\/vc\/ven-a-celebrar-los-21-anos-de-baj-valpo-a-festival-volar\/#breadcrumb","itemListElement":[{"@type":"ListItem","position":1,"name":"Home","item":"https:\/\/dev.antudigital.cl\/sites\/vc\/"},{"@type":"ListItem","position":2,"name":"Ven a celebrar los 21 a\u00f1os de BAJ Valpo a Festival Volar"}]},{"@type":"WebSite","@id":"https:\/\/dev.antudigital.cl\/sites\/vc\/#website","url":"https:\/\/dev.antudigital.cl\/sites\/vc\/","name":"Valpara\u00ed\u00adso Creativo","description":"","potentialAction":[{"@type":"SearchAction","target":{"@type":"EntryPoint","urlTemplate":"https:\/\/dev.antudigital.cl\/sites\/vc\/?s={search_term_string}"},"query-input":{"@type":"PropertyValueSpecification","valueRequired":true,"valueName":"search_term_string"}}],"inLanguage":"es"},{"@type":"Person","@id":"https:\/\/dev.antudigital.cl\/sites\/vc\/#\/schema\/person\/c2b9da8dd545e27166fc5ab232837318","name":"Valpara\u00edso Creativo","description":"Periodista de cultura en la Regi\u00f3n de Valpara\u00edso.","url":"https:\/\/dev.antudigital.cl\/sites\/vc\/author\/valpoadmin\/"}]}},"_links":{"self":[{"href":"https:\/\/dev.antudigital.cl\/sites\/vc\/wp-json\/wp\/v2\/posts\/12078","targetHints":{"allow":["GET"]}}],"collection":[{"href":"https:\/\/dev.antudigital.cl\/sites\/vc\/wp-json\/wp\/v2\/posts"}],"about":[{"href":"https:\/\/dev.antudigital.cl\/sites\/vc\/wp-json\/wp\/v2\/types\/post"}],"author":[{"embeddable":true,"href":"https:\/\/dev.antudigital.cl\/sites\/vc\/wp-json\/wp\/v2\/users\/1"}],"replies":[{"embeddable":true,"href":"https:\/\/dev.antudigital.cl\/sites\/vc\/wp-json\/wp\/v2\/comments?post=12078"}],"version-history":[{"count":2,"href":"https:\/\/dev.antudigital.cl\/sites\/vc\/wp-json\/wp\/v2\/posts\/12078\/revisions"}],"predecessor-version":[{"id":12087,"href":"https:\/\/dev.antudigital.cl\/sites\/vc\/wp-json\/wp\/v2\/posts\/12078\/revisions\/12087"}],"wp:featuredmedia":[{"embeddable":true,"href":"https:\/\/dev.antudigital.cl\/sites\/vc\/wp-json\/wp\/v2\/media\/12086"}],"wp:attachment":[{"href":"https:\/\/dev.antudigital.cl\/sites\/vc\/wp-json\/wp\/v2\/media?parent=12078"}],"wp:term":[{"taxonomy":"category","embeddable":true,"href":"https:\/\/dev.antudigital.cl\/sites\/vc\/wp-json\/wp\/v2\/categories?post=12078"},{"taxonomy":"post_tag","embeddable":true,"href":"https:\/\/dev.antudigital.cl\/sites\/vc\/wp-json\/wp\/v2\/tags?post=12078"}],"curies":[{"name":"wp","href":"https:\/\/api.w.org\/{rel}","templated":true}]}}