{"id":12096,"date":"2022-11-21T20:03:46","date_gmt":"2022-11-21T20:03:46","guid":{"rendered":"https:\/\/www.valparaisocreativo.cl\/?p=12096"},"modified":"2022-11-21T20:03:51","modified_gmt":"2022-11-21T20:03:51","slug":"prochile-invita-a-su-charla-la-asociatividad-como-modelo-para-internacionalizacion","status":"publish","type":"post","link":"https:\/\/dev.antudigital.cl\/sites\/vc\/prochile-invita-a-su-charla-la-asociatividad-como-modelo-para-internacionalizacion\/","title":{"rendered":"ProChile invita a su charla \u00abla asociatividad como modelo para internacionalizaci\u00f3n\u00bb"},"content":{"rendered":"\n<p><strong>ProChile<\/strong>\u00a0tiene el agrado de invitarle a participar del Taller\u00a0<strong>\u201cLa Asociatividad como modelo para la Internacionalizaci\u00f3n\u201d<\/strong>. Contar\u00e1n con la participaci\u00f3n del\u00a0<strong>\u00c1rea de Fomento y Desarrollo del Ministerio de Econom\u00eda<\/strong>,\u00a0<strong>as\u00ed como con otros organismos p\u00fablicos y privados<\/strong>\u00a0vinculados al tema.<br><br>El objetivo de esta actividad es promover la asociatividad empresarial, mecanismo mediante el cual las organizaciones unen voluntades, iniciativas y recursos, frente a objetivos comunes, con el prop\u00f3sito de ser m\u00e1s competitivas en el mercado global.<\/p>\n\n\n\n<p>La reuni\u00f3n ser\u00e1 desde las 9:30hrs. del 22 de noviembre v\u00eda teams<\/p>\n\n\n\n<p><a href=\"https:\/\/acceso.prochile.cl\/difusion\/difusion2022\/noviembre\/inv_taller_asociatividad\/images\/programa.pdf\">Revisa aqu\u00ed el programa<\/a><\/p>\n","protected":false},"excerpt":{"rendered":"<p>ProChile\u00a0tiene el agrado de invitarle a participar del Taller\u00a0\u201cLa Asociatividad como modelo para la Internacionalizaci\u00f3n\u201d. Contar\u00e1n con la participaci\u00f3n del\u00a0\u00c1rea de Fomento y Desarrollo del Ministerio de Econom\u00eda,\u00a0as\u00ed como con otros organismos p\u00fablicos y privados\u00a0vinculados al tema. El objetivo de esta actividad es promover la asociatividad empresarial, mecanismo mediante el cual las organizaciones unen voluntades, [&hellip;]<\/p>\n","protected":false},"author":1,"featured_media":12097,"comment_status":"open","ping_status":"closed","sticky":false,"template":"","format":"standard","meta":{"_acf_changed":false,"footnotes":""},"categories":[8],"tags":[],"class_list":["post-12096","post","type-post","status-publish","format-standard","has-post-thumbnail","hentry","category-noticia"],"acf":[],"yoast_head":"<!-- This site is optimized with the Yoast SEO plugin v27.1.1 - https:\/\/yoast.com\/product\/yoast-seo-wordpress\/ -->\n<title>ProChile invita a su charla &quot;la asociatividad como modelo para internacionalizaci\u00f3n&quot; - Valpara\u00ed\u00adso Creativo<\/title>\n<meta name=\"robots\" content=\"index, follow, max-snippet:-1, max-image-preview:large, max-video-preview:-1\" \/>\n<link rel=\"canonical\" href=\"https:\/\/dev.antudigital.cl\/sites\/vc\/prochile-invita-a-su-charla-la-asociatividad-como-modelo-para-internacionalizacion\/\" \/>\n<meta property=\"og:locale\" content=\"es_ES\" \/>\n<meta property=\"og:type\" content=\"article\" \/>\n<meta property=\"og:title\" content=\"ProChile invita a su charla &quot;la asociatividad como modelo para internacionalizaci\u00f3n&quot; - Valpara\u00ed\u00adso Creativo\" \/>\n<meta property=\"og:description\" content=\"ProChile\u00a0tiene el agrado de invitarle a participar del Taller\u00a0\u201cLa Asociatividad como modelo para la Internacionalizaci\u00f3n\u201d. Contar\u00e1n con la participaci\u00f3n del\u00a0\u00c1rea de Fomento y Desarrollo del Ministerio de Econom\u00eda,\u00a0as\u00ed como con otros organismos p\u00fablicos y privados\u00a0vinculados al tema. El objetivo de esta actividad es promover la asociatividad empresarial, mecanismo mediante el cual las organizaciones unen voluntades, [&hellip;]\" \/>\n<meta property=\"og:url\" content=\"https:\/\/dev.antudigital.cl\/sites\/vc\/prochile-invita-a-su-charla-la-asociatividad-como-modelo-para-internacionalizacion\/\" \/>\n<meta property=\"og:site_name\" content=\"Valpara\u00ed\u00adso Creativo\" \/>\n<meta property=\"article:published_time\" content=\"2022-11-21T20:03:46+00:00\" \/>\n<meta property=\"article:modified_time\" content=\"2022-11-21T20:03:51+00:00\" \/>\n<meta property=\"og:image\" content=\"https:\/\/dev.antudigital.cl\/sites\/vc\/wp-content\/uploads\/2022\/11\/image006.png\" \/>\n\t<meta property=\"og:image:width\" content=\"1000\" \/>\n\t<meta property=\"og:image:height\" content=\"310\" \/>\n\t<meta property=\"og:image:type\" content=\"image\/png\" \/>\n<meta name=\"author\" content=\"Valpara\u00edso Creativo\" \/>\n<meta name=\"twitter:card\" content=\"summary_large_image\" \/>\n<meta name=\"twitter:label1\" content=\"Escrito por\" \/>\n\t<meta name=\"twitter:data1\" content=\"Valpara\u00edso Creativo\" \/>\n\t<meta name=\"twitter:label2\" content=\"Tiempo de lectura\" \/>\n\t<meta name=\"twitter:data2\" content=\"1 minuto\" \/>\n<script type=\"application\/ld+json\" class=\"yoast-schema-graph\">{\"@context\":\"https:\/\/schema.org\",\"@graph\":[{\"@type\":\"Article\",\"@id\":\"https:\/\/dev.antudigital.cl\/sites\/vc\/prochile-invita-a-su-charla-la-asociatividad-como-modelo-para-internacionalizacion\/#article\",\"isPartOf\":{\"@id\":\"https:\/\/dev.antudigital.cl\/sites\/vc\/prochile-invita-a-su-charla-la-asociatividad-como-modelo-para-internacionalizacion\/\"},\"author\":{\"name\":\"Valpara\u00edso Creativo\",\"@id\":\"https:\/\/dev.antudigital.cl\/sites\/vc\/#\/schema\/person\/c2b9da8dd545e27166fc5ab232837318\"},\"headline\":\"ProChile invita a su charla \u00abla asociatividad como modelo para internacionalizaci\u00f3n\u00bb\",\"datePublished\":\"2022-11-21T20:03:46+00:00\",\"dateModified\":\"2022-11-21T20:03:51+00:00\",\"mainEntityOfPage\":{\"@id\":\"https:\/\/dev.antudigital.cl\/sites\/vc\/prochile-invita-a-su-charla-la-asociatividad-como-modelo-para-internacionalizacion\/\"},\"wordCount\":114,\"commentCount\":0,\"image\":{\"@id\":\"https:\/\/dev.antudigital.cl\/sites\/vc\/prochile-invita-a-su-charla-la-asociatividad-como-modelo-para-internacionalizacion\/#primaryimage\"},\"thumbnailUrl\":\"https:\/\/dev.antudigital.cl\/sites\/vc\/wp-content\/uploads\/2022\/11\/image006.png\",\"articleSection\":[\"Noticia\"],\"inLanguage\":\"es\",\"potentialAction\":[{\"@type\":\"CommentAction\",\"name\":\"Comment\",\"target\":[\"https:\/\/dev.antudigital.cl\/sites\/vc\/prochile-invita-a-su-charla-la-asociatividad-como-modelo-para-internacionalizacion\/#respond\"]}]},{\"@type\":\"WebPage\",\"@id\":\"https:\/\/dev.antudigital.cl\/sites\/vc\/prochile-invita-a-su-charla-la-asociatividad-como-modelo-para-internacionalizacion\/\",\"url\":\"https:\/\/dev.antudigital.cl\/sites\/vc\/prochile-invita-a-su-charla-la-asociatividad-como-modelo-para-internacionalizacion\/\",\"name\":\"ProChile invita a su charla \\\"la asociatividad como modelo para internacionalizaci\u00f3n\\\" - Valpara\u00ed\u00adso Creativo\",\"isPartOf\":{\"@id\":\"https:\/\/dev.antudigital.cl\/sites\/vc\/#website\"},\"primaryImageOfPage\":{\"@id\":\"https:\/\/dev.antudigital.cl\/sites\/vc\/prochile-invita-a-su-charla-la-asociatividad-como-modelo-para-internacionalizacion\/#primaryimage\"},\"image\":{\"@id\":\"https:\/\/dev.antudigital.cl\/sites\/vc\/prochile-invita-a-su-charla-la-asociatividad-como-modelo-para-internacionalizacion\/#primaryimage\"},\"thumbnailUrl\":\"https:\/\/dev.antudigital.cl\/sites\/vc\/wp-content\/uploads\/2022\/11\/image006.png\",\"datePublished\":\"2022-11-21T20:03:46+00:00\",\"dateModified\":\"2022-11-21T20:03:51+00:00\",\"author\":{\"@id\":\"https:\/\/dev.antudigital.cl\/sites\/vc\/#\/schema\/person\/c2b9da8dd545e27166fc5ab232837318\"},\"breadcrumb\":{\"@id\":\"https:\/\/dev.antudigital.cl\/sites\/vc\/prochile-invita-a-su-charla-la-asociatividad-como-modelo-para-internacionalizacion\/#breadcrumb\"},\"inLanguage\":\"es\",\"potentialAction\":[{\"@type\":\"ReadAction\",\"target\":[\"https:\/\/dev.antudigital.cl\/sites\/vc\/prochile-invita-a-su-charla-la-asociatividad-como-modelo-para-internacionalizacion\/\"]}]},{\"@type\":\"ImageObject\",\"inLanguage\":\"es\",\"@id\":\"https:\/\/dev.antudigital.cl\/sites\/vc\/prochile-invita-a-su-charla-la-asociatividad-como-modelo-para-internacionalizacion\/#primaryimage\",\"url\":\"https:\/\/dev.antudigital.cl\/sites\/vc\/wp-content\/uploads\/2022\/11\/image006.png\",\"contentUrl\":\"https:\/\/dev.antudigital.cl\/sites\/vc\/wp-content\/uploads\/2022\/11\/image006.png\",\"width\":1000,\"height\":310},{\"@type\":\"BreadcrumbList\",\"@id\":\"https:\/\/dev.antudigital.cl\/sites\/vc\/prochile-invita-a-su-charla-la-asociatividad-como-modelo-para-internacionalizacion\/#breadcrumb\",\"itemListElement\":[{\"@type\":\"ListItem\",\"position\":1,\"name\":\"Home\",\"item\":\"https:\/\/dev.antudigital.cl\/sites\/vc\/\"},{\"@type\":\"ListItem\",\"position\":2,\"name\":\"ProChile invita a su charla \u00abla asociatividad como modelo para internacionalizaci\u00f3n\u00bb\"}]},{\"@type\":\"WebSite\",\"@id\":\"https:\/\/dev.antudigital.cl\/sites\/vc\/#website\",\"url\":\"https:\/\/dev.antudigital.cl\/sites\/vc\/\",\"name\":\"Valpara\u00ed\u00adso Creativo\",\"description\":\"\",\"potentialAction\":[{\"@type\":\"SearchAction\",\"target\":{\"@type\":\"EntryPoint\",\"urlTemplate\":\"https:\/\/dev.antudigital.cl\/sites\/vc\/?s={search_term_string}\"},\"query-input\":{\"@type\":\"PropertyValueSpecification\",\"valueRequired\":true,\"valueName\":\"search_term_string\"}}],\"inLanguage\":\"es\"},{\"@type\":\"Person\",\"@id\":\"https:\/\/dev.antudigital.cl\/sites\/vc\/#\/schema\/person\/c2b9da8dd545e27166fc5ab232837318\",\"name\":\"Valpara\u00edso Creativo\",\"description\":\"Periodista de cultura en la Regi\u00f3n de Valpara\u00edso.\",\"url\":\"https:\/\/dev.antudigital.cl\/sites\/vc\/author\/valpoadmin\/\"}]}<\/script>\n<!-- \/ Yoast SEO plugin. -->","yoast_head_json":{"title":"ProChile invita a su charla \"la asociatividad como modelo para internacionalizaci\u00f3n\" - Valpara\u00ed\u00adso Creativo","robots":{"index":"index","follow":"follow","max-snippet":"max-snippet:-1","max-image-preview":"max-image-preview:large","max-video-preview":"max-video-preview:-1"},"canonical":"https:\/\/dev.antudigital.cl\/sites\/vc\/prochile-invita-a-su-charla-la-asociatividad-como-modelo-para-internacionalizacion\/","og_locale":"es_ES","og_type":"article","og_title":"ProChile invita a su charla \"la asociatividad como modelo para internacionalizaci\u00f3n\" - Valpara\u00ed\u00adso Creativo","og_description":"ProChile\u00a0tiene el agrado de invitarle a participar del Taller\u00a0\u201cLa Asociatividad como modelo para la Internacionalizaci\u00f3n\u201d. Contar\u00e1n con la participaci\u00f3n del\u00a0\u00c1rea de Fomento y Desarrollo del Ministerio de Econom\u00eda,\u00a0as\u00ed como con otros organismos p\u00fablicos y privados\u00a0vinculados al tema. El objetivo de esta actividad es promover la asociatividad empresarial, mecanismo mediante el cual las organizaciones unen voluntades, [&hellip;]","og_url":"https:\/\/dev.antudigital.cl\/sites\/vc\/prochile-invita-a-su-charla-la-asociatividad-como-modelo-para-internacionalizacion\/","og_site_name":"Valpara\u00ed\u00adso Creativo","article_published_time":"2022-11-21T20:03:46+00:00","article_modified_time":"2022-11-21T20:03:51+00:00","og_image":[{"width":1000,"height":310,"url":"https:\/\/dev.antudigital.cl\/sites\/vc\/wp-content\/uploads\/2022\/11\/image006.png","type":"image\/png"}],"author":"Valpara\u00edso Creativo","twitter_card":"summary_large_image","twitter_misc":{"Escrito por":"Valpara\u00edso Creativo","Tiempo de lectura":"1 minuto"},"schema":{"@context":"https:\/\/schema.org","@graph":[{"@type":"Article","@id":"https:\/\/dev.antudigital.cl\/sites\/vc\/prochile-invita-a-su-charla-la-asociatividad-como-modelo-para-internacionalizacion\/#article","isPartOf":{"@id":"https:\/\/dev.antudigital.cl\/sites\/vc\/prochile-invita-a-su-charla-la-asociatividad-como-modelo-para-internacionalizacion\/"},"author":{"name":"Valpara\u00edso Creativo","@id":"https:\/\/dev.antudigital.cl\/sites\/vc\/#\/schema\/person\/c2b9da8dd545e27166fc5ab232837318"},"headline":"ProChile invita a su charla \u00abla asociatividad como modelo para internacionalizaci\u00f3n\u00bb","datePublished":"2022-11-21T20:03:46+00:00","dateModified":"2022-11-21T20:03:51+00:00","mainEntityOfPage":{"@id":"https:\/\/dev.antudigital.cl\/sites\/vc\/prochile-invita-a-su-charla-la-asociatividad-como-modelo-para-internacionalizacion\/"},"wordCount":114,"commentCount":0,"image":{"@id":"https:\/\/dev.antudigital.cl\/sites\/vc\/prochile-invita-a-su-charla-la-asociatividad-como-modelo-para-internacionalizacion\/#primaryimage"},"thumbnailUrl":"https:\/\/dev.antudigital.cl\/sites\/vc\/wp-content\/uploads\/2022\/11\/image006.png","articleSection":["Noticia"],"inLanguage":"es","potentialAction":[{"@type":"CommentAction","name":"Comment","target":["https:\/\/dev.antudigital.cl\/sites\/vc\/prochile-invita-a-su-charla-la-asociatividad-como-modelo-para-internacionalizacion\/#respond"]}]},{"@type":"WebPage","@id":"https:\/\/dev.antudigital.cl\/sites\/vc\/prochile-invita-a-su-charla-la-asociatividad-como-modelo-para-internacionalizacion\/","url":"https:\/\/dev.antudigital.cl\/sites\/vc\/prochile-invita-a-su-charla-la-asociatividad-como-modelo-para-internacionalizacion\/","name":"ProChile invita a su charla \"la asociatividad como modelo para internacionalizaci\u00f3n\" - Valpara\u00ed\u00adso Creativo","isPartOf":{"@id":"https:\/\/dev.antudigital.cl\/sites\/vc\/#website"},"primaryImageOfPage":{"@id":"https:\/\/dev.antudigital.cl\/sites\/vc\/prochile-invita-a-su-charla-la-asociatividad-como-modelo-para-internacionalizacion\/#primaryimage"},"image":{"@id":"https:\/\/dev.antudigital.cl\/sites\/vc\/prochile-invita-a-su-charla-la-asociatividad-como-modelo-para-internacionalizacion\/#primaryimage"},"thumbnailUrl":"https:\/\/dev.antudigital.cl\/sites\/vc\/wp-content\/uploads\/2022\/11\/image006.png","datePublished":"2022-11-21T20:03:46+00:00","dateModified":"2022-11-21T20:03:51+00:00","author":{"@id":"https:\/\/dev.antudigital.cl\/sites\/vc\/#\/schema\/person\/c2b9da8dd545e27166fc5ab232837318"},"breadcrumb":{"@id":"https:\/\/dev.antudigital.cl\/sites\/vc\/prochile-invita-a-su-charla-la-asociatividad-como-modelo-para-internacionalizacion\/#breadcrumb"},"inLanguage":"es","potentialAction":[{"@type":"ReadAction","target":["https:\/\/dev.antudigital.cl\/sites\/vc\/prochile-invita-a-su-charla-la-asociatividad-como-modelo-para-internacionalizacion\/"]}]},{"@type":"ImageObject","inLanguage":"es","@id":"https:\/\/dev.antudigital.cl\/sites\/vc\/prochile-invita-a-su-charla-la-asociatividad-como-modelo-para-internacionalizacion\/#primaryimage","url":"https:\/\/dev.antudigital.cl\/sites\/vc\/wp-content\/uploads\/2022\/11\/image006.png","contentUrl":"https:\/\/dev.antudigital.cl\/sites\/vc\/wp-content\/uploads\/2022\/11\/image006.png","width":1000,"height":310},{"@type":"BreadcrumbList","@id":"https:\/\/dev.antudigital.cl\/sites\/vc\/prochile-invita-a-su-charla-la-asociatividad-como-modelo-para-internacionalizacion\/#breadcrumb","itemListElement":[{"@type":"ListItem","position":1,"name":"Home","item":"https:\/\/dev.antudigital.cl\/sites\/vc\/"},{"@type":"ListItem","position":2,"name":"ProChile invita a su charla \u00abla asociatividad como modelo para internacionalizaci\u00f3n\u00bb"}]},{"@type":"WebSite","@id":"https:\/\/dev.antudigital.cl\/sites\/vc\/#website","url":"https:\/\/dev.antudigital.cl\/sites\/vc\/","name":"Valpara\u00ed\u00adso Creativo","description":"","potentialAction":[{"@type":"SearchAction","target":{"@type":"EntryPoint","urlTemplate":"https:\/\/dev.antudigital.cl\/sites\/vc\/?s={search_term_string}"},"query-input":{"@type":"PropertyValueSpecification","valueRequired":true,"valueName":"search_term_string"}}],"inLanguage":"es"},{"@type":"Person","@id":"https:\/\/dev.antudigital.cl\/sites\/vc\/#\/schema\/person\/c2b9da8dd545e27166fc5ab232837318","name":"Valpara\u00edso Creativo","description":"Periodista de cultura en la Regi\u00f3n de Valpara\u00edso.","url":"https:\/\/dev.antudigital.cl\/sites\/vc\/author\/valpoadmin\/"}]}},"_links":{"self":[{"href":"https:\/\/dev.antudigital.cl\/sites\/vc\/wp-json\/wp\/v2\/posts\/12096","targetHints":{"allow":["GET"]}}],"collection":[{"href":"https:\/\/dev.antudigital.cl\/sites\/vc\/wp-json\/wp\/v2\/posts"}],"about":[{"href":"https:\/\/dev.antudigital.cl\/sites\/vc\/wp-json\/wp\/v2\/types\/post"}],"author":[{"embeddable":true,"href":"https:\/\/dev.antudigital.cl\/sites\/vc\/wp-json\/wp\/v2\/users\/1"}],"replies":[{"embeddable":true,"href":"https:\/\/dev.antudigital.cl\/sites\/vc\/wp-json\/wp\/v2\/comments?post=12096"}],"version-history":[{"count":1,"href":"https:\/\/dev.antudigital.cl\/sites\/vc\/wp-json\/wp\/v2\/posts\/12096\/revisions"}],"predecessor-version":[{"id":12098,"href":"https:\/\/dev.antudigital.cl\/sites\/vc\/wp-json\/wp\/v2\/posts\/12096\/revisions\/12098"}],"wp:featuredmedia":[{"embeddable":true,"href":"https:\/\/dev.antudigital.cl\/sites\/vc\/wp-json\/wp\/v2\/media\/12097"}],"wp:attachment":[{"href":"https:\/\/dev.antudigital.cl\/sites\/vc\/wp-json\/wp\/v2\/media?parent=12096"}],"wp:term":[{"taxonomy":"category","embeddable":true,"href":"https:\/\/dev.antudigital.cl\/sites\/vc\/wp-json\/wp\/v2\/categories?post=12096"},{"taxonomy":"post_tag","embeddable":true,"href":"https:\/\/dev.antudigital.cl\/sites\/vc\/wp-json\/wp\/v2\/tags?post=12096"}],"curies":[{"name":"wp","href":"https:\/\/api.w.org\/{rel}","templated":true}]}}