{"id":12099,"date":"2022-11-22T01:53:24","date_gmt":"2022-11-22T01:53:24","guid":{"rendered":"https:\/\/www.valparaisocreativo.cl\/?p=12099"},"modified":"2022-11-22T12:23:36","modified_gmt":"2022-11-22T12:23:36","slug":"nuevo-espacio-para-el-cafe-desde-barrio-puerto-callejon-cafe","status":"publish","type":"post","link":"https:\/\/dev.antudigital.cl\/sites\/vc\/nuevo-espacio-para-el-cafe-desde-barrio-puerto-callejon-cafe\/","title":{"rendered":"Nuevo espacio para el caf\u00e9 desde Barrio Puerto: Callej\u00f3n Caf\u00e9"},"content":{"rendered":"\n<p><em>Fotograf\u00eda de portada: <a href=\"https:\/\/www.instagram.com\/furiosayfebril\/\">https:\/\/www.instagram.com<\/a><\/em><a href=\"https:\/\/www.instagram.com\/furiosayfebril\/\"><em>\/furiosayfebril\/<\/em><\/a><\/p>\n\n\n\n<p>Hace dos meses y un poco m\u00e1s que abri\u00f3 <a href=\"https:\/\/www.instagram.com\/callejon.cafe\/\"><strong>Callej\u00f3n&nbsp;Caf\u00e9<\/strong><\/a>, un proyecto de tres amigues que decidieron emprender en Barrio Puerto, aportando con su propuesta gastron\u00f3mica que desde el caf\u00e9 se ampl\u00eda a m\u00e1s.<\/p>\n\n\n\n<p>Desde inicios de marzo que Romina, Carolina y Camilo se han estado cuestionando y planteando c\u00f3mo ser\u00eda Callej\u00f3n. Se les dio la oportunidad de llevar a cabo su idea, encontraron un lugar, y \u201cno ha sido f\u00e1cil, pero aqu\u00ed estamos d\u00e1ndolo todo\u201d, menciona Carolina.<\/p>\n\n\n\n<figure class=\"wp-block-image size-full\"><img fetchpriority=\"high\" decoding=\"async\" width=\"483\" height=\"604\" src=\"https:\/\/www.valparaisocreativo.cl\/wp-content\/uploads\/2022\/11\/Captura-de-Pantalla-2022-11-21-a-las-22.45.58.png\" alt=\"\" class=\"wp-image-12104\" srcset=\"https:\/\/dev.antudigital.cl\/sites\/vc\/wp-content\/uploads\/2022\/11\/Captura-de-Pantalla-2022-11-21-a-las-22.45.58.png 483w, https:\/\/dev.antudigital.cl\/sites\/vc\/wp-content\/uploads\/2022\/11\/Captura-de-Pantalla-2022-11-21-a-las-22.45.58-240x300.png 240w, https:\/\/dev.antudigital.cl\/sites\/vc\/wp-content\/uploads\/2022\/11\/Captura-de-Pantalla-2022-11-21-a-las-22.45.58-480x600.png 480w\" sizes=\"(max-width: 483px) 100vw, 483px\" \/><\/figure>\n\n\n\n<p><strong>\u00bfQu\u00e9 es lo principal que quieren transmitir con Callej\u00f3n?<\/strong><\/p>\n\n\n\n<p>-Un buen servicio, tambi\u00e9n reactivar el barrio, queremos aportar a los buenos espacios en Serrano. No sab\u00edamos si es que iba a resultar, pero a la vez queremos mucho potenciar este lugar, ese ser\u00eda un motivo principal.<\/p>\n\n\n\n<p>Por una parte Carolina y Romina armaron el proyecto, mientras que Camilo (Kamo) entr\u00f3 despu\u00e9s para completar el concepto gastron\u00f3mico y m\u00e1s vinculado al caf\u00e9, tema principal en un lugar como \u00e9ste.<\/p>\n\n\n\n<p>\u201cQuer\u00edamos darle una onda urbana, armar un espacio para les artistas de Valpara\u00edso, y eso queremos. Adem\u00e1s de trabajar con peque\u00f1os empresarios, pymes porte\u00f1os\u201d.&nbsp;<\/p>\n\n\n\n<figure class=\"wp-block-image size-full\"><img decoding=\"async\" width=\"480\" height=\"377\" src=\"https:\/\/www.valparaisocreativo.cl\/wp-content\/uploads\/2022\/11\/Captura-de-Pantalla-2022-11-21-a-las-22.46.08.png\" alt=\"\" class=\"wp-image-12102\" srcset=\"https:\/\/dev.antudigital.cl\/sites\/vc\/wp-content\/uploads\/2022\/11\/Captura-de-Pantalla-2022-11-21-a-las-22.46.08.png 480w, https:\/\/dev.antudigital.cl\/sites\/vc\/wp-content\/uploads\/2022\/11\/Captura-de-Pantalla-2022-11-21-a-las-22.46.08-300x236.png 300w\" sizes=\"(max-width: 480px) 100vw, 480px\" \/><\/figure>\n\n\n\n<p><strong>\u00bfC\u00f3mo traducen esto?<\/strong><\/p>\n\n\n\n<p>-Por ejemplo el pan es del Guria, las butifarras de la Sethmacher, la boller\u00eda es de un peque\u00f1o productor local, Nova Speranza del Cerro Esperanza\u2026 y la tostadur\u00eda de caf\u00e9 es Pickers Cofee, que queda en Cerro Alegre. Pretendemos unirnos con varios proyectos de la misma ciudad.<\/p>\n\n\n\n<p>\u201cQue el logo sea un rat\u00f3n tambi\u00e9n es un tema que nos identifica, pues es parte especial de la fauna de Valpara\u00edso y quer\u00edamos usar ese elemento, este animal, en otro tono m\u00e1s amigable y m\u00e1s cercano, en todas partes hay ratones\u201d, relata Kamo.<\/p>\n\n\n\n<figure class=\"wp-block-image size-full\"><img decoding=\"async\" width=\"483\" height=\"605\" src=\"https:\/\/www.valparaisocreativo.cl\/wp-content\/uploads\/2022\/11\/Captura-de-Pantalla-2022-11-21-a-las-22.45.44.png\" alt=\"\" class=\"wp-image-12101\" srcset=\"https:\/\/dev.antudigital.cl\/sites\/vc\/wp-content\/uploads\/2022\/11\/Captura-de-Pantalla-2022-11-21-a-las-22.45.44.png 483w, https:\/\/dev.antudigital.cl\/sites\/vc\/wp-content\/uploads\/2022\/11\/Captura-de-Pantalla-2022-11-21-a-las-22.45.44-240x300.png 240w, https:\/\/dev.antudigital.cl\/sites\/vc\/wp-content\/uploads\/2022\/11\/Captura-de-Pantalla-2022-11-21-a-las-22.45.44-480x601.png 480w\" sizes=\"(max-width: 483px) 100vw, 483px\" \/><\/figure>\n\n\n\n<p>\u00bf<strong>Cu\u00e1l es su propuesta gastron\u00f3mica?<\/strong><\/p>\n\n\n\n<p>-Creo que queremos concentrarnos en tener buenos productos: rico, de buena calidad, con buenos ingredientes y a un precio no tan alto. Eso siempre hemos querido, que todos y todas puedan consumir, que todes puedan probar algo rico.&nbsp;<\/p>\n\n\n\n<p>\u201cCreo que Valpara\u00edso est\u00e1 creciendo a pasos agigantados en caf\u00e9s, restaurantes y m\u00e1s\u201d, mencionan en equipo. Y es que ac\u00e1 vienen a aportar con su granito de arena que es bastante. En Callej\u00f3n Caf\u00e9 puedes encontrar diversas preparaciones de caf\u00e9, a la vez que sandwichs, pasteles y m\u00e1s productos. Uno de sus insignes actuales es el \u00abaffogato york\u00bb, caf\u00e9 preparado junto a un helado York que sobresale del vaso, demostrando la identidad porte\u00f1a que tiene el local.<\/p>\n\n\n\n<p>Puedes conocer m\u00e1s sobre<a href=\"https:\/\/www.instagram.com\/callejon.cafe\/\"> Callej\u00f3n en sus redes sociales.<\/a><\/p>\n","protected":false},"excerpt":{"rendered":"<p>Fotograf\u00eda de portada: https:\/\/www.instagram.com\/furiosayfebril\/ Hace dos meses y un poco m\u00e1s que abri\u00f3 Callej\u00f3n&nbsp;Caf\u00e9, un proyecto de tres amigues que decidieron emprender en Barrio Puerto, aportando con su propuesta gastron\u00f3mica que desde el caf\u00e9 se ampl\u00eda a m\u00e1s. Desde inicios de marzo que Romina, Carolina y Camilo se han estado cuestionando y planteando c\u00f3mo ser\u00eda [&hellip;]<\/p>\n","protected":false},"author":1,"featured_media":12103,"comment_status":"open","ping_status":"closed","sticky":false,"template":"","format":"standard","meta":{"_acf_changed":false,"footnotes":""},"categories":[8],"tags":[],"class_list":["post-12099","post","type-post","status-publish","format-standard","has-post-thumbnail","hentry","category-noticia"],"acf":[],"yoast_head":"<!-- This site is optimized with the Yoast SEO plugin v27.1.1 - https:\/\/yoast.com\/product\/yoast-seo-wordpress\/ -->\n<title>Nuevo espacio para el caf\u00e9 desde Barrio Puerto: Callej\u00f3n Caf\u00e9 - Valpara\u00ed\u00adso Creativo<\/title>\n<meta name=\"robots\" content=\"index, follow, max-snippet:-1, max-image-preview:large, max-video-preview:-1\" \/>\n<link rel=\"canonical\" href=\"https:\/\/dev.antudigital.cl\/sites\/vc\/nuevo-espacio-para-el-cafe-desde-barrio-puerto-callejon-cafe\/\" \/>\n<meta property=\"og:locale\" content=\"es_ES\" \/>\n<meta property=\"og:type\" content=\"article\" \/>\n<meta property=\"og:title\" content=\"Nuevo espacio para el caf\u00e9 desde Barrio Puerto: Callej\u00f3n Caf\u00e9 - Valpara\u00ed\u00adso Creativo\" \/>\n<meta property=\"og:description\" content=\"Fotograf\u00eda de portada: https:\/\/www.instagram.com\/furiosayfebril\/ Hace dos meses y un poco m\u00e1s que abri\u00f3 Callej\u00f3n&nbsp;Caf\u00e9, un proyecto de tres amigues que decidieron emprender en Barrio Puerto, aportando con su propuesta gastron\u00f3mica que desde el caf\u00e9 se ampl\u00eda a m\u00e1s. Desde inicios de marzo que Romina, Carolina y Camilo se han estado cuestionando y planteando c\u00f3mo ser\u00eda [&hellip;]\" \/>\n<meta property=\"og:url\" content=\"https:\/\/dev.antudigital.cl\/sites\/vc\/nuevo-espacio-para-el-cafe-desde-barrio-puerto-callejon-cafe\/\" \/>\n<meta property=\"og:site_name\" content=\"Valpara\u00ed\u00adso Creativo\" \/>\n<meta property=\"article:published_time\" content=\"2022-11-22T01:53:24+00:00\" \/>\n<meta property=\"article:modified_time\" content=\"2022-11-22T12:23:36+00:00\" \/>\n<meta property=\"og:image\" content=\"https:\/\/dev.antudigital.cl\/sites\/vc\/wp-content\/uploads\/2022\/11\/Captura-de-Pantalla-2022-11-21-a-las-22.47.25.png\" \/>\n\t<meta property=\"og:image:width\" content=\"611\" \/>\n\t<meta property=\"og:image:height\" content=\"386\" \/>\n\t<meta property=\"og:image:type\" content=\"image\/png\" \/>\n<meta name=\"author\" content=\"Valpara\u00edso Creativo\" \/>\n<meta name=\"twitter:card\" content=\"summary_large_image\" \/>\n<meta name=\"twitter:label1\" content=\"Escrito por\" \/>\n\t<meta name=\"twitter:data1\" content=\"Valpara\u00edso Creativo\" \/>\n\t<meta name=\"twitter:label2\" content=\"Tiempo de lectura\" \/>\n\t<meta name=\"twitter:data2\" content=\"3 minutos\" \/>\n<script type=\"application\/ld+json\" class=\"yoast-schema-graph\">{\"@context\":\"https:\/\/schema.org\",\"@graph\":[{\"@type\":\"Article\",\"@id\":\"https:\/\/dev.antudigital.cl\/sites\/vc\/nuevo-espacio-para-el-cafe-desde-barrio-puerto-callejon-cafe\/#article\",\"isPartOf\":{\"@id\":\"https:\/\/dev.antudigital.cl\/sites\/vc\/nuevo-espacio-para-el-cafe-desde-barrio-puerto-callejon-cafe\/\"},\"author\":{\"name\":\"Valpara\u00edso Creativo\",\"@id\":\"https:\/\/dev.antudigital.cl\/sites\/vc\/#\/schema\/person\/c2b9da8dd545e27166fc5ab232837318\"},\"headline\":\"Nuevo espacio para el caf\u00e9 desde Barrio Puerto: Callej\u00f3n Caf\u00e9\",\"datePublished\":\"2022-11-22T01:53:24+00:00\",\"dateModified\":\"2022-11-22T12:23:36+00:00\",\"mainEntityOfPage\":{\"@id\":\"https:\/\/dev.antudigital.cl\/sites\/vc\/nuevo-espacio-para-el-cafe-desde-barrio-puerto-callejon-cafe\/\"},\"wordCount\":469,\"commentCount\":0,\"image\":{\"@id\":\"https:\/\/dev.antudigital.cl\/sites\/vc\/nuevo-espacio-para-el-cafe-desde-barrio-puerto-callejon-cafe\/#primaryimage\"},\"thumbnailUrl\":\"https:\/\/dev.antudigital.cl\/sites\/vc\/wp-content\/uploads\/2022\/11\/Captura-de-Pantalla-2022-11-21-a-las-22.47.25.png\",\"articleSection\":[\"Noticia\"],\"inLanguage\":\"es\",\"potentialAction\":[{\"@type\":\"CommentAction\",\"name\":\"Comment\",\"target\":[\"https:\/\/dev.antudigital.cl\/sites\/vc\/nuevo-espacio-para-el-cafe-desde-barrio-puerto-callejon-cafe\/#respond\"]}]},{\"@type\":\"WebPage\",\"@id\":\"https:\/\/dev.antudigital.cl\/sites\/vc\/nuevo-espacio-para-el-cafe-desde-barrio-puerto-callejon-cafe\/\",\"url\":\"https:\/\/dev.antudigital.cl\/sites\/vc\/nuevo-espacio-para-el-cafe-desde-barrio-puerto-callejon-cafe\/\",\"name\":\"Nuevo espacio para el caf\u00e9 desde Barrio Puerto: Callej\u00f3n Caf\u00e9 - Valpara\u00ed\u00adso Creativo\",\"isPartOf\":{\"@id\":\"https:\/\/dev.antudigital.cl\/sites\/vc\/#website\"},\"primaryImageOfPage\":{\"@id\":\"https:\/\/dev.antudigital.cl\/sites\/vc\/nuevo-espacio-para-el-cafe-desde-barrio-puerto-callejon-cafe\/#primaryimage\"},\"image\":{\"@id\":\"https:\/\/dev.antudigital.cl\/sites\/vc\/nuevo-espacio-para-el-cafe-desde-barrio-puerto-callejon-cafe\/#primaryimage\"},\"thumbnailUrl\":\"https:\/\/dev.antudigital.cl\/sites\/vc\/wp-content\/uploads\/2022\/11\/Captura-de-Pantalla-2022-11-21-a-las-22.47.25.png\",\"datePublished\":\"2022-11-22T01:53:24+00:00\",\"dateModified\":\"2022-11-22T12:23:36+00:00\",\"author\":{\"@id\":\"https:\/\/dev.antudigital.cl\/sites\/vc\/#\/schema\/person\/c2b9da8dd545e27166fc5ab232837318\"},\"breadcrumb\":{\"@id\":\"https:\/\/dev.antudigital.cl\/sites\/vc\/nuevo-espacio-para-el-cafe-desde-barrio-puerto-callejon-cafe\/#breadcrumb\"},\"inLanguage\":\"es\",\"potentialAction\":[{\"@type\":\"ReadAction\",\"target\":[\"https:\/\/dev.antudigital.cl\/sites\/vc\/nuevo-espacio-para-el-cafe-desde-barrio-puerto-callejon-cafe\/\"]}]},{\"@type\":\"ImageObject\",\"inLanguage\":\"es\",\"@id\":\"https:\/\/dev.antudigital.cl\/sites\/vc\/nuevo-espacio-para-el-cafe-desde-barrio-puerto-callejon-cafe\/#primaryimage\",\"url\":\"https:\/\/dev.antudigital.cl\/sites\/vc\/wp-content\/uploads\/2022\/11\/Captura-de-Pantalla-2022-11-21-a-las-22.47.25.png\",\"contentUrl\":\"https:\/\/dev.antudigital.cl\/sites\/vc\/wp-content\/uploads\/2022\/11\/Captura-de-Pantalla-2022-11-21-a-las-22.47.25.png\",\"width\":611,\"height\":386},{\"@type\":\"BreadcrumbList\",\"@id\":\"https:\/\/dev.antudigital.cl\/sites\/vc\/nuevo-espacio-para-el-cafe-desde-barrio-puerto-callejon-cafe\/#breadcrumb\",\"itemListElement\":[{\"@type\":\"ListItem\",\"position\":1,\"name\":\"Home\",\"item\":\"https:\/\/dev.antudigital.cl\/sites\/vc\/\"},{\"@type\":\"ListItem\",\"position\":2,\"name\":\"Nuevo espacio para el caf\u00e9 desde Barrio Puerto: Callej\u00f3n Caf\u00e9\"}]},{\"@type\":\"WebSite\",\"@id\":\"https:\/\/dev.antudigital.cl\/sites\/vc\/#website\",\"url\":\"https:\/\/dev.antudigital.cl\/sites\/vc\/\",\"name\":\"Valpara\u00ed\u00adso Creativo\",\"description\":\"\",\"potentialAction\":[{\"@type\":\"SearchAction\",\"target\":{\"@type\":\"EntryPoint\",\"urlTemplate\":\"https:\/\/dev.antudigital.cl\/sites\/vc\/?s={search_term_string}\"},\"query-input\":{\"@type\":\"PropertyValueSpecification\",\"valueRequired\":true,\"valueName\":\"search_term_string\"}}],\"inLanguage\":\"es\"},{\"@type\":\"Person\",\"@id\":\"https:\/\/dev.antudigital.cl\/sites\/vc\/#\/schema\/person\/c2b9da8dd545e27166fc5ab232837318\",\"name\":\"Valpara\u00edso Creativo\",\"description\":\"Periodista de cultura en la Regi\u00f3n de Valpara\u00edso.\",\"url\":\"https:\/\/dev.antudigital.cl\/sites\/vc\/author\/valpoadmin\/\"}]}<\/script>\n<!-- \/ Yoast SEO plugin. -->","yoast_head_json":{"title":"Nuevo espacio para el caf\u00e9 desde Barrio Puerto: Callej\u00f3n Caf\u00e9 - Valpara\u00ed\u00adso Creativo","robots":{"index":"index","follow":"follow","max-snippet":"max-snippet:-1","max-image-preview":"max-image-preview:large","max-video-preview":"max-video-preview:-1"},"canonical":"https:\/\/dev.antudigital.cl\/sites\/vc\/nuevo-espacio-para-el-cafe-desde-barrio-puerto-callejon-cafe\/","og_locale":"es_ES","og_type":"article","og_title":"Nuevo espacio para el caf\u00e9 desde Barrio Puerto: Callej\u00f3n Caf\u00e9 - Valpara\u00ed\u00adso Creativo","og_description":"Fotograf\u00eda de portada: https:\/\/www.instagram.com\/furiosayfebril\/ Hace dos meses y un poco m\u00e1s que abri\u00f3 Callej\u00f3n&nbsp;Caf\u00e9, un proyecto de tres amigues que decidieron emprender en Barrio Puerto, aportando con su propuesta gastron\u00f3mica que desde el caf\u00e9 se ampl\u00eda a m\u00e1s. Desde inicios de marzo que Romina, Carolina y Camilo se han estado cuestionando y planteando c\u00f3mo ser\u00eda [&hellip;]","og_url":"https:\/\/dev.antudigital.cl\/sites\/vc\/nuevo-espacio-para-el-cafe-desde-barrio-puerto-callejon-cafe\/","og_site_name":"Valpara\u00ed\u00adso Creativo","article_published_time":"2022-11-22T01:53:24+00:00","article_modified_time":"2022-11-22T12:23:36+00:00","og_image":[{"width":611,"height":386,"url":"https:\/\/dev.antudigital.cl\/sites\/vc\/wp-content\/uploads\/2022\/11\/Captura-de-Pantalla-2022-11-21-a-las-22.47.25.png","type":"image\/png"}],"author":"Valpara\u00edso Creativo","twitter_card":"summary_large_image","twitter_misc":{"Escrito por":"Valpara\u00edso Creativo","Tiempo de lectura":"3 minutos"},"schema":{"@context":"https:\/\/schema.org","@graph":[{"@type":"Article","@id":"https:\/\/dev.antudigital.cl\/sites\/vc\/nuevo-espacio-para-el-cafe-desde-barrio-puerto-callejon-cafe\/#article","isPartOf":{"@id":"https:\/\/dev.antudigital.cl\/sites\/vc\/nuevo-espacio-para-el-cafe-desde-barrio-puerto-callejon-cafe\/"},"author":{"name":"Valpara\u00edso Creativo","@id":"https:\/\/dev.antudigital.cl\/sites\/vc\/#\/schema\/person\/c2b9da8dd545e27166fc5ab232837318"},"headline":"Nuevo espacio para el caf\u00e9 desde Barrio Puerto: Callej\u00f3n Caf\u00e9","datePublished":"2022-11-22T01:53:24+00:00","dateModified":"2022-11-22T12:23:36+00:00","mainEntityOfPage":{"@id":"https:\/\/dev.antudigital.cl\/sites\/vc\/nuevo-espacio-para-el-cafe-desde-barrio-puerto-callejon-cafe\/"},"wordCount":469,"commentCount":0,"image":{"@id":"https:\/\/dev.antudigital.cl\/sites\/vc\/nuevo-espacio-para-el-cafe-desde-barrio-puerto-callejon-cafe\/#primaryimage"},"thumbnailUrl":"https:\/\/dev.antudigital.cl\/sites\/vc\/wp-content\/uploads\/2022\/11\/Captura-de-Pantalla-2022-11-21-a-las-22.47.25.png","articleSection":["Noticia"],"inLanguage":"es","potentialAction":[{"@type":"CommentAction","name":"Comment","target":["https:\/\/dev.antudigital.cl\/sites\/vc\/nuevo-espacio-para-el-cafe-desde-barrio-puerto-callejon-cafe\/#respond"]}]},{"@type":"WebPage","@id":"https:\/\/dev.antudigital.cl\/sites\/vc\/nuevo-espacio-para-el-cafe-desde-barrio-puerto-callejon-cafe\/","url":"https:\/\/dev.antudigital.cl\/sites\/vc\/nuevo-espacio-para-el-cafe-desde-barrio-puerto-callejon-cafe\/","name":"Nuevo espacio para el caf\u00e9 desde Barrio Puerto: Callej\u00f3n Caf\u00e9 - Valpara\u00ed\u00adso Creativo","isPartOf":{"@id":"https:\/\/dev.antudigital.cl\/sites\/vc\/#website"},"primaryImageOfPage":{"@id":"https:\/\/dev.antudigital.cl\/sites\/vc\/nuevo-espacio-para-el-cafe-desde-barrio-puerto-callejon-cafe\/#primaryimage"},"image":{"@id":"https:\/\/dev.antudigital.cl\/sites\/vc\/nuevo-espacio-para-el-cafe-desde-barrio-puerto-callejon-cafe\/#primaryimage"},"thumbnailUrl":"https:\/\/dev.antudigital.cl\/sites\/vc\/wp-content\/uploads\/2022\/11\/Captura-de-Pantalla-2022-11-21-a-las-22.47.25.png","datePublished":"2022-11-22T01:53:24+00:00","dateModified":"2022-11-22T12:23:36+00:00","author":{"@id":"https:\/\/dev.antudigital.cl\/sites\/vc\/#\/schema\/person\/c2b9da8dd545e27166fc5ab232837318"},"breadcrumb":{"@id":"https:\/\/dev.antudigital.cl\/sites\/vc\/nuevo-espacio-para-el-cafe-desde-barrio-puerto-callejon-cafe\/#breadcrumb"},"inLanguage":"es","potentialAction":[{"@type":"ReadAction","target":["https:\/\/dev.antudigital.cl\/sites\/vc\/nuevo-espacio-para-el-cafe-desde-barrio-puerto-callejon-cafe\/"]}]},{"@type":"ImageObject","inLanguage":"es","@id":"https:\/\/dev.antudigital.cl\/sites\/vc\/nuevo-espacio-para-el-cafe-desde-barrio-puerto-callejon-cafe\/#primaryimage","url":"https:\/\/dev.antudigital.cl\/sites\/vc\/wp-content\/uploads\/2022\/11\/Captura-de-Pantalla-2022-11-21-a-las-22.47.25.png","contentUrl":"https:\/\/dev.antudigital.cl\/sites\/vc\/wp-content\/uploads\/2022\/11\/Captura-de-Pantalla-2022-11-21-a-las-22.47.25.png","width":611,"height":386},{"@type":"BreadcrumbList","@id":"https:\/\/dev.antudigital.cl\/sites\/vc\/nuevo-espacio-para-el-cafe-desde-barrio-puerto-callejon-cafe\/#breadcrumb","itemListElement":[{"@type":"ListItem","position":1,"name":"Home","item":"https:\/\/dev.antudigital.cl\/sites\/vc\/"},{"@type":"ListItem","position":2,"name":"Nuevo espacio para el caf\u00e9 desde Barrio Puerto: Callej\u00f3n Caf\u00e9"}]},{"@type":"WebSite","@id":"https:\/\/dev.antudigital.cl\/sites\/vc\/#website","url":"https:\/\/dev.antudigital.cl\/sites\/vc\/","name":"Valpara\u00ed\u00adso Creativo","description":"","potentialAction":[{"@type":"SearchAction","target":{"@type":"EntryPoint","urlTemplate":"https:\/\/dev.antudigital.cl\/sites\/vc\/?s={search_term_string}"},"query-input":{"@type":"PropertyValueSpecification","valueRequired":true,"valueName":"search_term_string"}}],"inLanguage":"es"},{"@type":"Person","@id":"https:\/\/dev.antudigital.cl\/sites\/vc\/#\/schema\/person\/c2b9da8dd545e27166fc5ab232837318","name":"Valpara\u00edso Creativo","description":"Periodista de cultura en la Regi\u00f3n de Valpara\u00edso.","url":"https:\/\/dev.antudigital.cl\/sites\/vc\/author\/valpoadmin\/"}]}},"_links":{"self":[{"href":"https:\/\/dev.antudigital.cl\/sites\/vc\/wp-json\/wp\/v2\/posts\/12099","targetHints":{"allow":["GET"]}}],"collection":[{"href":"https:\/\/dev.antudigital.cl\/sites\/vc\/wp-json\/wp\/v2\/posts"}],"about":[{"href":"https:\/\/dev.antudigital.cl\/sites\/vc\/wp-json\/wp\/v2\/types\/post"}],"author":[{"embeddable":true,"href":"https:\/\/dev.antudigital.cl\/sites\/vc\/wp-json\/wp\/v2\/users\/1"}],"replies":[{"embeddable":true,"href":"https:\/\/dev.antudigital.cl\/sites\/vc\/wp-json\/wp\/v2\/comments?post=12099"}],"version-history":[{"count":3,"href":"https:\/\/dev.antudigital.cl\/sites\/vc\/wp-json\/wp\/v2\/posts\/12099\/revisions"}],"predecessor-version":[{"id":12106,"href":"https:\/\/dev.antudigital.cl\/sites\/vc\/wp-json\/wp\/v2\/posts\/12099\/revisions\/12106"}],"wp:featuredmedia":[{"embeddable":true,"href":"https:\/\/dev.antudigital.cl\/sites\/vc\/wp-json\/wp\/v2\/media\/12103"}],"wp:attachment":[{"href":"https:\/\/dev.antudigital.cl\/sites\/vc\/wp-json\/wp\/v2\/media?parent=12099"}],"wp:term":[{"taxonomy":"category","embeddable":true,"href":"https:\/\/dev.antudigital.cl\/sites\/vc\/wp-json\/wp\/v2\/categories?post=12099"},{"taxonomy":"post_tag","embeddable":true,"href":"https:\/\/dev.antudigital.cl\/sites\/vc\/wp-json\/wp\/v2\/tags?post=12099"}],"curies":[{"name":"wp","href":"https:\/\/api.w.org\/{rel}","templated":true}]}}