{"id":12112,"date":"2022-11-24T18:20:17","date_gmt":"2022-11-24T18:20:17","guid":{"rendered":"https:\/\/www.valparaisocreativo.cl\/?p=12112"},"modified":"2022-11-24T18:20:21","modified_gmt":"2022-11-24T18:20:21","slug":"primer-encuentro-de-narracion-accesible-e-inclusiva-se-realizara-en-noviembre-de-forma-virtual","status":"publish","type":"post","link":"https:\/\/dev.antudigital.cl\/sites\/vc\/primer-encuentro-de-narracion-accesible-e-inclusiva-se-realizara-en-noviembre-de-forma-virtual\/","title":{"rendered":"Primer Encuentro de Narraci\u00f3n Accesible e Inclusiva se realizar\u00e1 en noviembre de forma virtual"},"content":{"rendered":"\n<p>Como una instancia de exhibici\u00f3n y aprendizaje colaborativo en torno a la narraci\u00f3n esc\u00e9nica accesible, hecha por y para personas en situaci\u00f3n de discapacidad (PeSD), es que se desarrollar\u00e1 entre el <strong>14 y 26 de noviembre<\/strong> el primer <strong>Encuentro de Narraci\u00f3n Accesible e Inclusiva (ENAI)<\/strong>, que incluir\u00e1 charlas, conversatorios, seminarios intensivos y presentaciones virtuales, con el objetivo de difundir el arte esc\u00e9nico creado con herramientas de accesibilidad para personas sordas y personas con discapacidad visual.&nbsp;<\/p>\n\n\n\n<p>Esta primera edici\u00f3n de ENAI contar\u00e1 con la participaci\u00f3n de las compa\u00f1\u00edas nacionales <strong>Cuentos Para Los Ojos &#8211;<\/strong>organizadores del certamen-,<strong> Inmersiva, <\/strong>e<strong> Historias Para Todos<\/strong>; adem\u00e1s de la agrupaci\u00f3n chileno-mexicana <strong>Otro Cuerpo<\/strong> y la destacada compa\u00f1\u00eda mexicana <strong>Se\u00f1a y Verbo<\/strong>. Esta versi\u00f3n <strong>se realizar\u00e1 completamente de forma virtual<\/strong>, siendo sus actividades presentadas v\u00eda Zoom y tambi\u00e9n por la p\u00e1gina de Facebook del Parque Cultural de Valpara\u00edso, aliado estrat\u00e9gico para la difusi\u00f3n del evento.<\/p>\n\n\n\n<p>El objetivo del Encuentro de Narraci\u00f3n Accesible e Inclusiva es generar una instancia formal y profesional de promoci\u00f3n, difusi\u00f3n, exhibici\u00f3n, aprendizaje y encuentro en torno a la narraci\u00f3n esc\u00e9nica hecha por y para personas en situaci\u00f3n de discapacidad. Lo anterior, con el fin de contribuir al desarrollo de nuevos artistas, maestros, expositores y p\u00fablicos que se destaquen por ser accesibles e inclusivos, en esta iniciativa financiada por el Fondo Nacional de Fomento y Desarrollo de las Artes Esc\u00e9nicas, Convocatoria 2022 del Ministerio de las Culturas, las Artes y el Patrimonio.<\/p>\n\n\n\n<p>En este sentido, Pablo Abarca Carrazana, Director Ejecutivo de ENAI, comenta que \u201cla importancia que tiene desarrollar las artes esc\u00e9nicas para personas en situaci\u00f3n de discapacidad tiene que ver, principalmente, con un enfoque de derechos y tambi\u00e9n de justicia social y cultural para con ellos. Hist\u00f3ricamente las comunidades de PeSD han estado ajenas a las artes esc\u00e9nicas, o han tenido que sortear muchas barreras para poder acceder a la cultura, a la informaci\u00f3n y en particular a este tipo de eventos culturales, m\u00e1s espec\u00edficamente cuando se trata de narraci\u00f3n\u201d.<\/p>\n\n\n\n<p>\u201cNuestra intenci\u00f3n al desarrollar el Encuentro de Narraci\u00f3n Accesible e Inclusiva, es precisamente resguardar una instancia de reuni\u00f3n entre diversas compa\u00f1\u00edas nacionales e internacionales, que est\u00e1n desarrollando iniciativas de artes esc\u00e9nicas y narraci\u00f3n accesibles, y que tambi\u00e9n cuentan en sus equipos con personas en situaci\u00f3n de discapacidad, ya sea auditiva o visual\u201d, agrega Abarca.<\/p>\n\n\n\n<p>Para m\u00e1s informaci\u00f3n puedes contactarnos a <a href=\"mailto:cuentosparalosojos@gmail.com\" target=\"_blank\" rel=\"noreferrer noopener\">enaichile@gmail.com<\/a>, visitar nuestra p\u00e1gina web <a href=\"http:\/\/www.cuentosparalosojos.cl\/enai\" target=\"_blank\" rel=\"noreferrer noopener\">www.cuentosparalosojos.cl\/enai<\/a> o seguir nuestras redes sociales: en Facebook somos <a href=\"https:\/\/www.facebook.com\/profile.php?id=100086319950881\" target=\"_blank\" rel=\"noreferrer noopener\">ENAI 2022<\/a> y en Instagram puedes encontrarnos como <a href=\"https:\/\/www.instagram.com\/enaichile\/\" target=\"_blank\" rel=\"noreferrer noopener\">@enaichile<\/a>.<\/p>\n\n\n\n<figure class=\"wp-block-image size-large\"><img fetchpriority=\"high\" decoding=\"async\" width=\"1024\" height=\"1024\" src=\"https:\/\/www.valparaisocreativo.cl\/wp-content\/uploads\/2022\/11\/AFICHE-ENAI-2022-1024x1024.jpg\" alt=\"\" class=\"wp-image-12115\" srcset=\"https:\/\/dev.antudigital.cl\/sites\/vc\/wp-content\/uploads\/2022\/11\/AFICHE-ENAI-2022-1024x1024.jpg 1024w, https:\/\/dev.antudigital.cl\/sites\/vc\/wp-content\/uploads\/2022\/11\/AFICHE-ENAI-2022-300x300.jpg 300w, https:\/\/dev.antudigital.cl\/sites\/vc\/wp-content\/uploads\/2022\/11\/AFICHE-ENAI-2022-150x150.jpg 150w, https:\/\/dev.antudigital.cl\/sites\/vc\/wp-content\/uploads\/2022\/11\/AFICHE-ENAI-2022-768x768.jpg 768w, https:\/\/dev.antudigital.cl\/sites\/vc\/wp-content\/uploads\/2022\/11\/AFICHE-ENAI-2022-980x980.jpg 980w, https:\/\/dev.antudigital.cl\/sites\/vc\/wp-content\/uploads\/2022\/11\/AFICHE-ENAI-2022-480x480.jpg 480w, https:\/\/dev.antudigital.cl\/sites\/vc\/wp-content\/uploads\/2022\/11\/AFICHE-ENAI-2022.jpg 1080w\" sizes=\"(max-width: 1024px) 100vw, 1024px\" \/><\/figure>\n","protected":false},"excerpt":{"rendered":"<p>Como una instancia de exhibici\u00f3n y aprendizaje colaborativo en torno a la narraci\u00f3n esc\u00e9nica accesible, hecha por y para personas en situaci\u00f3n de discapacidad (PeSD), es que se desarrollar\u00e1 entre el 14 y 26 de noviembre el primer Encuentro de Narraci\u00f3n Accesible e Inclusiva (ENAI), que incluir\u00e1 charlas, conversatorios, seminarios intensivos y presentaciones virtuales, con [&hellip;]<\/p>\n","protected":false},"author":1,"featured_media":12114,"comment_status":"open","ping_status":"closed","sticky":false,"template":"","format":"standard","meta":{"_acf_changed":false,"footnotes":""},"categories":[8],"tags":[],"class_list":["post-12112","post","type-post","status-publish","format-standard","has-post-thumbnail","hentry","category-noticia"],"acf":[],"yoast_head":"<!-- This site is optimized with the Yoast SEO plugin v27.1.1 - https:\/\/yoast.com\/product\/yoast-seo-wordpress\/ -->\n<title>Primer Encuentro de Narraci\u00f3n Accesible e Inclusiva se realizar\u00e1 en noviembre de forma virtual - Valpara\u00ed\u00adso Creativo<\/title>\n<meta name=\"robots\" content=\"index, follow, max-snippet:-1, max-image-preview:large, max-video-preview:-1\" \/>\n<link rel=\"canonical\" href=\"https:\/\/dev.antudigital.cl\/sites\/vc\/primer-encuentro-de-narracion-accesible-e-inclusiva-se-realizara-en-noviembre-de-forma-virtual\/\" \/>\n<meta property=\"og:locale\" content=\"es_ES\" \/>\n<meta property=\"og:type\" content=\"article\" \/>\n<meta property=\"og:title\" content=\"Primer Encuentro de Narraci\u00f3n Accesible e Inclusiva se realizar\u00e1 en noviembre de forma virtual - Valpara\u00ed\u00adso Creativo\" \/>\n<meta property=\"og:description\" content=\"Como una instancia de exhibici\u00f3n y aprendizaje colaborativo en torno a la narraci\u00f3n esc\u00e9nica accesible, hecha por y para personas en situaci\u00f3n de discapacidad (PeSD), es que se desarrollar\u00e1 entre el 14 y 26 de noviembre el primer Encuentro de Narraci\u00f3n Accesible e Inclusiva (ENAI), que incluir\u00e1 charlas, conversatorios, seminarios intensivos y presentaciones virtuales, con [&hellip;]\" \/>\n<meta property=\"og:url\" content=\"https:\/\/dev.antudigital.cl\/sites\/vc\/primer-encuentro-de-narracion-accesible-e-inclusiva-se-realizara-en-noviembre-de-forma-virtual\/\" \/>\n<meta property=\"og:site_name\" content=\"Valpara\u00ed\u00adso Creativo\" \/>\n<meta property=\"article:published_time\" content=\"2022-11-24T18:20:17+00:00\" \/>\n<meta property=\"article:modified_time\" content=\"2022-11-24T18:20:21+00:00\" \/>\n<meta property=\"og:image\" content=\"https:\/\/dev.antudigital.cl\/sites\/vc\/wp-content\/uploads\/2022\/11\/AFICHE-ENAI-PERSONAJE-2022-2.jpg\" \/>\n\t<meta property=\"og:image:width\" content=\"1850\" \/>\n\t<meta property=\"og:image:height\" content=\"1080\" \/>\n\t<meta property=\"og:image:type\" content=\"image\/jpeg\" \/>\n<meta name=\"author\" content=\"Valpara\u00edso Creativo\" \/>\n<meta name=\"twitter:card\" content=\"summary_large_image\" \/>\n<meta name=\"twitter:label1\" content=\"Escrito por\" \/>\n\t<meta name=\"twitter:data1\" content=\"Valpara\u00edso Creativo\" \/>\n\t<meta name=\"twitter:label2\" content=\"Tiempo de lectura\" \/>\n\t<meta name=\"twitter:data2\" content=\"3 minutos\" \/>\n<script type=\"application\/ld+json\" class=\"yoast-schema-graph\">{\"@context\":\"https:\/\/schema.org\",\"@graph\":[{\"@type\":\"Article\",\"@id\":\"https:\/\/dev.antudigital.cl\/sites\/vc\/primer-encuentro-de-narracion-accesible-e-inclusiva-se-realizara-en-noviembre-de-forma-virtual\/#article\",\"isPartOf\":{\"@id\":\"https:\/\/dev.antudigital.cl\/sites\/vc\/primer-encuentro-de-narracion-accesible-e-inclusiva-se-realizara-en-noviembre-de-forma-virtual\/\"},\"author\":{\"name\":\"Valpara\u00edso Creativo\",\"@id\":\"https:\/\/dev.antudigital.cl\/sites\/vc\/#\/schema\/person\/c2b9da8dd545e27166fc5ab232837318\"},\"headline\":\"Primer Encuentro de Narraci\u00f3n Accesible e Inclusiva se realizar\u00e1 en noviembre de forma virtual\",\"datePublished\":\"2022-11-24T18:20:17+00:00\",\"dateModified\":\"2022-11-24T18:20:21+00:00\",\"mainEntityOfPage\":{\"@id\":\"https:\/\/dev.antudigital.cl\/sites\/vc\/primer-encuentro-de-narracion-accesible-e-inclusiva-se-realizara-en-noviembre-de-forma-virtual\/\"},\"wordCount\":477,\"commentCount\":0,\"image\":{\"@id\":\"https:\/\/dev.antudigital.cl\/sites\/vc\/primer-encuentro-de-narracion-accesible-e-inclusiva-se-realizara-en-noviembre-de-forma-virtual\/#primaryimage\"},\"thumbnailUrl\":\"https:\/\/dev.antudigital.cl\/sites\/vc\/wp-content\/uploads\/2022\/11\/AFICHE-ENAI-PERSONAJE-2022-2.jpg\",\"articleSection\":[\"Noticia\"],\"inLanguage\":\"es\",\"potentialAction\":[{\"@type\":\"CommentAction\",\"name\":\"Comment\",\"target\":[\"https:\/\/dev.antudigital.cl\/sites\/vc\/primer-encuentro-de-narracion-accesible-e-inclusiva-se-realizara-en-noviembre-de-forma-virtual\/#respond\"]}]},{\"@type\":\"WebPage\",\"@id\":\"https:\/\/dev.antudigital.cl\/sites\/vc\/primer-encuentro-de-narracion-accesible-e-inclusiva-se-realizara-en-noviembre-de-forma-virtual\/\",\"url\":\"https:\/\/dev.antudigital.cl\/sites\/vc\/primer-encuentro-de-narracion-accesible-e-inclusiva-se-realizara-en-noviembre-de-forma-virtual\/\",\"name\":\"Primer Encuentro de Narraci\u00f3n Accesible e Inclusiva se realizar\u00e1 en noviembre de forma virtual - Valpara\u00ed\u00adso Creativo\",\"isPartOf\":{\"@id\":\"https:\/\/dev.antudigital.cl\/sites\/vc\/#website\"},\"primaryImageOfPage\":{\"@id\":\"https:\/\/dev.antudigital.cl\/sites\/vc\/primer-encuentro-de-narracion-accesible-e-inclusiva-se-realizara-en-noviembre-de-forma-virtual\/#primaryimage\"},\"image\":{\"@id\":\"https:\/\/dev.antudigital.cl\/sites\/vc\/primer-encuentro-de-narracion-accesible-e-inclusiva-se-realizara-en-noviembre-de-forma-virtual\/#primaryimage\"},\"thumbnailUrl\":\"https:\/\/dev.antudigital.cl\/sites\/vc\/wp-content\/uploads\/2022\/11\/AFICHE-ENAI-PERSONAJE-2022-2.jpg\",\"datePublished\":\"2022-11-24T18:20:17+00:00\",\"dateModified\":\"2022-11-24T18:20:21+00:00\",\"author\":{\"@id\":\"https:\/\/dev.antudigital.cl\/sites\/vc\/#\/schema\/person\/c2b9da8dd545e27166fc5ab232837318\"},\"breadcrumb\":{\"@id\":\"https:\/\/dev.antudigital.cl\/sites\/vc\/primer-encuentro-de-narracion-accesible-e-inclusiva-se-realizara-en-noviembre-de-forma-virtual\/#breadcrumb\"},\"inLanguage\":\"es\",\"potentialAction\":[{\"@type\":\"ReadAction\",\"target\":[\"https:\/\/dev.antudigital.cl\/sites\/vc\/primer-encuentro-de-narracion-accesible-e-inclusiva-se-realizara-en-noviembre-de-forma-virtual\/\"]}]},{\"@type\":\"ImageObject\",\"inLanguage\":\"es\",\"@id\":\"https:\/\/dev.antudigital.cl\/sites\/vc\/primer-encuentro-de-narracion-accesible-e-inclusiva-se-realizara-en-noviembre-de-forma-virtual\/#primaryimage\",\"url\":\"https:\/\/dev.antudigital.cl\/sites\/vc\/wp-content\/uploads\/2022\/11\/AFICHE-ENAI-PERSONAJE-2022-2.jpg\",\"contentUrl\":\"https:\/\/dev.antudigital.cl\/sites\/vc\/wp-content\/uploads\/2022\/11\/AFICHE-ENAI-PERSONAJE-2022-2.jpg\",\"width\":1850,\"height\":1080},{\"@type\":\"BreadcrumbList\",\"@id\":\"https:\/\/dev.antudigital.cl\/sites\/vc\/primer-encuentro-de-narracion-accesible-e-inclusiva-se-realizara-en-noviembre-de-forma-virtual\/#breadcrumb\",\"itemListElement\":[{\"@type\":\"ListItem\",\"position\":1,\"name\":\"Home\",\"item\":\"https:\/\/dev.antudigital.cl\/sites\/vc\/\"},{\"@type\":\"ListItem\",\"position\":2,\"name\":\"Primer Encuentro de Narraci\u00f3n Accesible e Inclusiva se realizar\u00e1 en noviembre de forma virtual\"}]},{\"@type\":\"WebSite\",\"@id\":\"https:\/\/dev.antudigital.cl\/sites\/vc\/#website\",\"url\":\"https:\/\/dev.antudigital.cl\/sites\/vc\/\",\"name\":\"Valpara\u00ed\u00adso Creativo\",\"description\":\"\",\"potentialAction\":[{\"@type\":\"SearchAction\",\"target\":{\"@type\":\"EntryPoint\",\"urlTemplate\":\"https:\/\/dev.antudigital.cl\/sites\/vc\/?s={search_term_string}\"},\"query-input\":{\"@type\":\"PropertyValueSpecification\",\"valueRequired\":true,\"valueName\":\"search_term_string\"}}],\"inLanguage\":\"es\"},{\"@type\":\"Person\",\"@id\":\"https:\/\/dev.antudigital.cl\/sites\/vc\/#\/schema\/person\/c2b9da8dd545e27166fc5ab232837318\",\"name\":\"Valpara\u00edso Creativo\",\"description\":\"Periodista de cultura en la Regi\u00f3n de Valpara\u00edso.\",\"url\":\"https:\/\/dev.antudigital.cl\/sites\/vc\/author\/valpoadmin\/\"}]}<\/script>\n<!-- \/ Yoast SEO plugin. -->","yoast_head_json":{"title":"Primer Encuentro de Narraci\u00f3n Accesible e Inclusiva se realizar\u00e1 en noviembre de forma virtual - Valpara\u00ed\u00adso Creativo","robots":{"index":"index","follow":"follow","max-snippet":"max-snippet:-1","max-image-preview":"max-image-preview:large","max-video-preview":"max-video-preview:-1"},"canonical":"https:\/\/dev.antudigital.cl\/sites\/vc\/primer-encuentro-de-narracion-accesible-e-inclusiva-se-realizara-en-noviembre-de-forma-virtual\/","og_locale":"es_ES","og_type":"article","og_title":"Primer Encuentro de Narraci\u00f3n Accesible e Inclusiva se realizar\u00e1 en noviembre de forma virtual - Valpara\u00ed\u00adso Creativo","og_description":"Como una instancia de exhibici\u00f3n y aprendizaje colaborativo en torno a la narraci\u00f3n esc\u00e9nica accesible, hecha por y para personas en situaci\u00f3n de discapacidad (PeSD), es que se desarrollar\u00e1 entre el 14 y 26 de noviembre el primer Encuentro de Narraci\u00f3n Accesible e Inclusiva (ENAI), que incluir\u00e1 charlas, conversatorios, seminarios intensivos y presentaciones virtuales, con [&hellip;]","og_url":"https:\/\/dev.antudigital.cl\/sites\/vc\/primer-encuentro-de-narracion-accesible-e-inclusiva-se-realizara-en-noviembre-de-forma-virtual\/","og_site_name":"Valpara\u00ed\u00adso Creativo","article_published_time":"2022-11-24T18:20:17+00:00","article_modified_time":"2022-11-24T18:20:21+00:00","og_image":[{"width":1850,"height":1080,"url":"https:\/\/dev.antudigital.cl\/sites\/vc\/wp-content\/uploads\/2022\/11\/AFICHE-ENAI-PERSONAJE-2022-2.jpg","type":"image\/jpeg"}],"author":"Valpara\u00edso Creativo","twitter_card":"summary_large_image","twitter_misc":{"Escrito por":"Valpara\u00edso Creativo","Tiempo de lectura":"3 minutos"},"schema":{"@context":"https:\/\/schema.org","@graph":[{"@type":"Article","@id":"https:\/\/dev.antudigital.cl\/sites\/vc\/primer-encuentro-de-narracion-accesible-e-inclusiva-se-realizara-en-noviembre-de-forma-virtual\/#article","isPartOf":{"@id":"https:\/\/dev.antudigital.cl\/sites\/vc\/primer-encuentro-de-narracion-accesible-e-inclusiva-se-realizara-en-noviembre-de-forma-virtual\/"},"author":{"name":"Valpara\u00edso Creativo","@id":"https:\/\/dev.antudigital.cl\/sites\/vc\/#\/schema\/person\/c2b9da8dd545e27166fc5ab232837318"},"headline":"Primer Encuentro de Narraci\u00f3n Accesible e Inclusiva se realizar\u00e1 en noviembre de forma virtual","datePublished":"2022-11-24T18:20:17+00:00","dateModified":"2022-11-24T18:20:21+00:00","mainEntityOfPage":{"@id":"https:\/\/dev.antudigital.cl\/sites\/vc\/primer-encuentro-de-narracion-accesible-e-inclusiva-se-realizara-en-noviembre-de-forma-virtual\/"},"wordCount":477,"commentCount":0,"image":{"@id":"https:\/\/dev.antudigital.cl\/sites\/vc\/primer-encuentro-de-narracion-accesible-e-inclusiva-se-realizara-en-noviembre-de-forma-virtual\/#primaryimage"},"thumbnailUrl":"https:\/\/dev.antudigital.cl\/sites\/vc\/wp-content\/uploads\/2022\/11\/AFICHE-ENAI-PERSONAJE-2022-2.jpg","articleSection":["Noticia"],"inLanguage":"es","potentialAction":[{"@type":"CommentAction","name":"Comment","target":["https:\/\/dev.antudigital.cl\/sites\/vc\/primer-encuentro-de-narracion-accesible-e-inclusiva-se-realizara-en-noviembre-de-forma-virtual\/#respond"]}]},{"@type":"WebPage","@id":"https:\/\/dev.antudigital.cl\/sites\/vc\/primer-encuentro-de-narracion-accesible-e-inclusiva-se-realizara-en-noviembre-de-forma-virtual\/","url":"https:\/\/dev.antudigital.cl\/sites\/vc\/primer-encuentro-de-narracion-accesible-e-inclusiva-se-realizara-en-noviembre-de-forma-virtual\/","name":"Primer Encuentro de Narraci\u00f3n Accesible e Inclusiva se realizar\u00e1 en noviembre de forma virtual - Valpara\u00ed\u00adso Creativo","isPartOf":{"@id":"https:\/\/dev.antudigital.cl\/sites\/vc\/#website"},"primaryImageOfPage":{"@id":"https:\/\/dev.antudigital.cl\/sites\/vc\/primer-encuentro-de-narracion-accesible-e-inclusiva-se-realizara-en-noviembre-de-forma-virtual\/#primaryimage"},"image":{"@id":"https:\/\/dev.antudigital.cl\/sites\/vc\/primer-encuentro-de-narracion-accesible-e-inclusiva-se-realizara-en-noviembre-de-forma-virtual\/#primaryimage"},"thumbnailUrl":"https:\/\/dev.antudigital.cl\/sites\/vc\/wp-content\/uploads\/2022\/11\/AFICHE-ENAI-PERSONAJE-2022-2.jpg","datePublished":"2022-11-24T18:20:17+00:00","dateModified":"2022-11-24T18:20:21+00:00","author":{"@id":"https:\/\/dev.antudigital.cl\/sites\/vc\/#\/schema\/person\/c2b9da8dd545e27166fc5ab232837318"},"breadcrumb":{"@id":"https:\/\/dev.antudigital.cl\/sites\/vc\/primer-encuentro-de-narracion-accesible-e-inclusiva-se-realizara-en-noviembre-de-forma-virtual\/#breadcrumb"},"inLanguage":"es","potentialAction":[{"@type":"ReadAction","target":["https:\/\/dev.antudigital.cl\/sites\/vc\/primer-encuentro-de-narracion-accesible-e-inclusiva-se-realizara-en-noviembre-de-forma-virtual\/"]}]},{"@type":"ImageObject","inLanguage":"es","@id":"https:\/\/dev.antudigital.cl\/sites\/vc\/primer-encuentro-de-narracion-accesible-e-inclusiva-se-realizara-en-noviembre-de-forma-virtual\/#primaryimage","url":"https:\/\/dev.antudigital.cl\/sites\/vc\/wp-content\/uploads\/2022\/11\/AFICHE-ENAI-PERSONAJE-2022-2.jpg","contentUrl":"https:\/\/dev.antudigital.cl\/sites\/vc\/wp-content\/uploads\/2022\/11\/AFICHE-ENAI-PERSONAJE-2022-2.jpg","width":1850,"height":1080},{"@type":"BreadcrumbList","@id":"https:\/\/dev.antudigital.cl\/sites\/vc\/primer-encuentro-de-narracion-accesible-e-inclusiva-se-realizara-en-noviembre-de-forma-virtual\/#breadcrumb","itemListElement":[{"@type":"ListItem","position":1,"name":"Home","item":"https:\/\/dev.antudigital.cl\/sites\/vc\/"},{"@type":"ListItem","position":2,"name":"Primer Encuentro de Narraci\u00f3n Accesible e Inclusiva se realizar\u00e1 en noviembre de forma virtual"}]},{"@type":"WebSite","@id":"https:\/\/dev.antudigital.cl\/sites\/vc\/#website","url":"https:\/\/dev.antudigital.cl\/sites\/vc\/","name":"Valpara\u00ed\u00adso Creativo","description":"","potentialAction":[{"@type":"SearchAction","target":{"@type":"EntryPoint","urlTemplate":"https:\/\/dev.antudigital.cl\/sites\/vc\/?s={search_term_string}"},"query-input":{"@type":"PropertyValueSpecification","valueRequired":true,"valueName":"search_term_string"}}],"inLanguage":"es"},{"@type":"Person","@id":"https:\/\/dev.antudigital.cl\/sites\/vc\/#\/schema\/person\/c2b9da8dd545e27166fc5ab232837318","name":"Valpara\u00edso Creativo","description":"Periodista de cultura en la Regi\u00f3n de Valpara\u00edso.","url":"https:\/\/dev.antudigital.cl\/sites\/vc\/author\/valpoadmin\/"}]}},"_links":{"self":[{"href":"https:\/\/dev.antudigital.cl\/sites\/vc\/wp-json\/wp\/v2\/posts\/12112","targetHints":{"allow":["GET"]}}],"collection":[{"href":"https:\/\/dev.antudigital.cl\/sites\/vc\/wp-json\/wp\/v2\/posts"}],"about":[{"href":"https:\/\/dev.antudigital.cl\/sites\/vc\/wp-json\/wp\/v2\/types\/post"}],"author":[{"embeddable":true,"href":"https:\/\/dev.antudigital.cl\/sites\/vc\/wp-json\/wp\/v2\/users\/1"}],"replies":[{"embeddable":true,"href":"https:\/\/dev.antudigital.cl\/sites\/vc\/wp-json\/wp\/v2\/comments?post=12112"}],"version-history":[{"count":1,"href":"https:\/\/dev.antudigital.cl\/sites\/vc\/wp-json\/wp\/v2\/posts\/12112\/revisions"}],"predecessor-version":[{"id":12116,"href":"https:\/\/dev.antudigital.cl\/sites\/vc\/wp-json\/wp\/v2\/posts\/12112\/revisions\/12116"}],"wp:featuredmedia":[{"embeddable":true,"href":"https:\/\/dev.antudigital.cl\/sites\/vc\/wp-json\/wp\/v2\/media\/12114"}],"wp:attachment":[{"href":"https:\/\/dev.antudigital.cl\/sites\/vc\/wp-json\/wp\/v2\/media?parent=12112"}],"wp:term":[{"taxonomy":"category","embeddable":true,"href":"https:\/\/dev.antudigital.cl\/sites\/vc\/wp-json\/wp\/v2\/categories?post=12112"},{"taxonomy":"post_tag","embeddable":true,"href":"https:\/\/dev.antudigital.cl\/sites\/vc\/wp-json\/wp\/v2\/tags?post=12112"}],"curies":[{"name":"wp","href":"https:\/\/api.w.org\/{rel}","templated":true}]}}