{"id":12117,"date":"2022-11-24T18:24:41","date_gmt":"2022-11-24T18:24:41","guid":{"rendered":"https:\/\/www.valparaisocreativo.cl\/?p=12117"},"modified":"2022-11-24T18:24:45","modified_gmt":"2022-11-24T18:24:45","slug":"real-windows-documental-sobre-el-estallido-social-en-valparaiso-se-exhibira-en-el-parque-cultural-de-valparaiso","status":"publish","type":"post","link":"https:\/\/dev.antudigital.cl\/sites\/vc\/real-windows-documental-sobre-el-estallido-social-en-valparaiso-se-exhibira-en-el-parque-cultural-de-valparaiso\/","title":{"rendered":"<strong>\u00abReal Windows\u00bb: documental sobre el estallido social en Valpara\u00edso se exhibir\u00e1 en el Parque Cultural de Valpara\u00edso<\/strong>"},"content":{"rendered":"\n<p>El s\u00e1bado 3 de diciembre, en el Teatro del parque Cultural de Valpara\u00edso, se realizar\u00e1 la exhibici\u00f3n de la pel\u00edcula&nbsp;\u201cReal Windows\u201d,&nbsp;en una funci\u00f3n abierta para toda la comunidad.&nbsp;El documental, dirigido por Pedro Pavez y Joel Cisternas, registra el estallido social de octubre de 2019 en Valpara\u00edso y recibi\u00f3 el Premio del Jurado en el Indian Cine Film Fest de Mumbai (India).<\/p>\n\n\n\n<p>Los realizadores se\u00f1alaron que \u201cPara nosotros es muy importante compartir con la comunidad este trabajo. Estamos orgullosos de poder contribuir a la reflexi\u00f3n desde lejos de la mirada centralista. Todos los porte\u00f1os parecemos tener la costumbre de mirar por la ventana y este es un ejercicio que evoca esa experiencia\u201d.<\/p>\n\n\n\n<figure class=\"wp-block-image size-large\"><img fetchpriority=\"high\" decoding=\"async\" width=\"724\" height=\"1024\" src=\"https:\/\/www.valparaisocreativo.cl\/wp-content\/uploads\/2022\/11\/Real-Windows-724x1024.jpg\" alt=\"\" class=\"wp-image-12119\" srcset=\"https:\/\/dev.antudigital.cl\/sites\/vc\/wp-content\/uploads\/2022\/11\/Real-Windows-724x1024.jpg 724w, https:\/\/dev.antudigital.cl\/sites\/vc\/wp-content\/uploads\/2022\/11\/Real-Windows-212x300.jpg 212w, https:\/\/dev.antudigital.cl\/sites\/vc\/wp-content\/uploads\/2022\/11\/Real-Windows-768x1086.jpg 768w, https:\/\/dev.antudigital.cl\/sites\/vc\/wp-content\/uploads\/2022\/11\/Real-Windows-1086x1536.jpg 1086w, https:\/\/dev.antudigital.cl\/sites\/vc\/wp-content\/uploads\/2022\/11\/Real-Windows-1448x2048.jpg 1448w, https:\/\/dev.antudigital.cl\/sites\/vc\/wp-content\/uploads\/2022\/11\/Real-Windows-1080x1527.jpg 1080w, https:\/\/dev.antudigital.cl\/sites\/vc\/wp-content\/uploads\/2022\/11\/Real-Windows-1280x1810.jpg 1280w, https:\/\/dev.antudigital.cl\/sites\/vc\/wp-content\/uploads\/2022\/11\/Real-Windows-980x1386.jpg 980w, https:\/\/dev.antudigital.cl\/sites\/vc\/wp-content\/uploads\/2022\/11\/Real-Windows-480x679.jpg 480w, https:\/\/dev.antudigital.cl\/sites\/vc\/wp-content\/uploads\/2022\/11\/Real-Windows-scaled.jpg 1810w\" sizes=\"(max-width: 724px) 100vw, 724px\" \/><\/figure>\n\n\n\n<p><strong>El arte de la observaci\u00f3n<\/strong><\/p>\n\n\n\n<p>\u201cReal Windows. El estallido social en Valpara\u00edso\u201d es un documental de 80 minutos de duraci\u00f3n, en blanco y negro y sin voz en off, que se aleja del reportaje televisivo para convertirse en un documental de observaci\u00f3n, que busca ir m\u00e1s all\u00e1 de la noticia y lo inmediato. \u201cLa televisi\u00f3n no permite que haya silencio, tiempos muertos le llaman. Castiga las dudas y no puedes estar en la tele y decir \u2018no se\u2019 porque no te llevan ah\u00ed para no decir nada. Ac\u00e1 lo \u00fanico que pod\u00eda hacer era realizar un esfuerzo por mostrar\u201d, afirma Cisternas.&nbsp;<\/p>\n\n\n\n<p>Sobre la opci\u00f3n del blanco y negro, Pavez indica que \u201cme gustaba la idea que a trav\u00e9s de la imagen no se pudiese establecer de qu\u00e9 \u00e9poca es el material, evocar los registros hist\u00f3ricos de conflictos pasados. Pens\u00e9 tambi\u00e9n en Joris Ivens y Aldo Francia, que son los que construyen todo el marco cinematogr\u00e1fico de esta ciudad. Y tambi\u00e9n quer\u00eda que la pel\u00edcula estuviera lejos de la concepci\u00f3n costumbrista de una ciudad pintoresca llena de tambores y escaleras de colores\u201d.\u00a0<\/p>\n\n\n\n<figure class=\"wp-block-image size-large\"><img decoding=\"async\" width=\"1024\" height=\"768\" src=\"https:\/\/www.valparaisocreativo.cl\/wp-content\/uploads\/2022\/11\/P1249092-1024x768.jpg\" alt=\"\" class=\"wp-image-12118\" srcset=\"https:\/\/dev.antudigital.cl\/sites\/vc\/wp-content\/uploads\/2022\/11\/P1249092-1024x768.jpg 1024w, https:\/\/dev.antudigital.cl\/sites\/vc\/wp-content\/uploads\/2022\/11\/P1249092-300x225.jpg 300w, https:\/\/dev.antudigital.cl\/sites\/vc\/wp-content\/uploads\/2022\/11\/P1249092-768x576.jpg 768w, https:\/\/dev.antudigital.cl\/sites\/vc\/wp-content\/uploads\/2022\/11\/P1249092-1536x1152.jpg 1536w, https:\/\/dev.antudigital.cl\/sites\/vc\/wp-content\/uploads\/2022\/11\/P1249092-2048x1536.jpg 2048w, https:\/\/dev.antudigital.cl\/sites\/vc\/wp-content\/uploads\/2022\/11\/P1249092-510x382.jpg 510w, https:\/\/dev.antudigital.cl\/sites\/vc\/wp-content\/uploads\/2022\/11\/P1249092-1080x810.jpg 1080w, https:\/\/dev.antudigital.cl\/sites\/vc\/wp-content\/uploads\/2022\/11\/P1249092-1280x960.jpg 1280w, https:\/\/dev.antudigital.cl\/sites\/vc\/wp-content\/uploads\/2022\/11\/P1249092-980x735.jpg 980w, https:\/\/dev.antudigital.cl\/sites\/vc\/wp-content\/uploads\/2022\/11\/P1249092-480x360.jpg 480w\" sizes=\"(max-width: 1024px) 100vw, 1024px\" \/><\/figure>\n\n\n\n<p>&nbsp;A la hora de definir este documental, rodado en c\u00e1mara fija en un tr\u00edpode con un lente 24mm que adem\u00e1s de marchas y patrullas policiales registr\u00f3 a personas que se acercaron espont\u00e1neamente para ir construyendo sus propias historias, Cisternas se\u00f1ala que \u201cquiz\u00e1s es un esfuerzo por aportar un poco a preservar los elementos locales en un momento hist\u00f3rico nacional e intentar otorgar espacios amplios desde los que observar parte de lo que ocurr\u00eda\u201d. A lo anterior, Pedro Pavez agrega que \u201ces una pel\u00edcula que permite arrancar de la mirada epop\u00e9yica que nos ha rodeado todo este tiempo en torno a la construcci\u00f3n del imaginario del estallido, que siempre, al menos en los medios, se centr\u00f3 en Santiago. Las limitaciones formales que se proponen pretend\u00edan conectar el espacio de lo real con la abstracci\u00f3n, esta estrategia nos permiti\u00f3 entender que para respetar la realidad no era necesario acumular detalles, sino que desproveerla de todo lo que no era necesario\u201d.<\/p>\n\n\n\n<p>Real Windows se ha proyectado en la zona en el marco del Festival de Cine Recobrado y, recientemente, en el Festival Internacional de Cine de Vi\u00f1a del Mar y sigue su camino en el circuito de festivales nacionales e internacionales. <strong>La funci\u00f3n se llevar\u00e1 a cabo el S\u00e1bado 3 de diciembre a las 18 horas en el Teatro del Parque cultural de Valpara\u00edso. La entrada es liberada.<\/strong><\/p>\n\n\n","protected":false},"excerpt":{"rendered":"<p>El s\u00e1bado 3 de diciembre, en el Teatro del parque Cultural de Valpara\u00edso, se realizar\u00e1 la exhibici\u00f3n de la pel\u00edcula&nbsp;\u201cReal Windows\u201d,&nbsp;en una funci\u00f3n abierta para toda la comunidad.&nbsp;El documental, dirigido por Pedro Pavez y Joel Cisternas, registra el estallido social de octubre de 2019 en Valpara\u00edso y recibi\u00f3 el Premio del Jurado en el Indian [&hellip;]<\/p>\n","protected":false},"author":1,"featured_media":12120,"comment_status":"open","ping_status":"closed","sticky":false,"template":"","format":"standard","meta":{"_acf_changed":false,"footnotes":""},"categories":[8],"tags":[],"class_list":["post-12117","post","type-post","status-publish","format-standard","has-post-thumbnail","hentry","category-noticia"],"acf":[],"yoast_head":"<!-- This site is optimized with the Yoast SEO plugin v27.1.1 - https:\/\/yoast.com\/product\/yoast-seo-wordpress\/ -->\n<title>&quot;Real Windows&quot;: documental sobre el estallido social en Valpara\u00edso se exhibir\u00e1 en el Parque Cultural de Valpara\u00edso - Valpara\u00ed\u00adso Creativo<\/title>\n<meta name=\"robots\" content=\"index, follow, max-snippet:-1, max-image-preview:large, max-video-preview:-1\" \/>\n<link rel=\"canonical\" href=\"https:\/\/dev.antudigital.cl\/sites\/vc\/real-windows-documental-sobre-el-estallido-social-en-valparaiso-se-exhibira-en-el-parque-cultural-de-valparaiso\/\" \/>\n<meta property=\"og:locale\" content=\"es_ES\" \/>\n<meta property=\"og:type\" content=\"article\" \/>\n<meta property=\"og:title\" content=\"&quot;Real Windows&quot;: documental sobre el estallido social en Valpara\u00edso se exhibir\u00e1 en el Parque Cultural de Valpara\u00edso - Valpara\u00ed\u00adso Creativo\" \/>\n<meta property=\"og:description\" content=\"El s\u00e1bado 3 de diciembre, en el Teatro del parque Cultural de Valpara\u00edso, se realizar\u00e1 la exhibici\u00f3n de la pel\u00edcula&nbsp;\u201cReal Windows\u201d,&nbsp;en una funci\u00f3n abierta para toda la comunidad.&nbsp;El documental, dirigido por Pedro Pavez y Joel Cisternas, registra el estallido social de octubre de 2019 en Valpara\u00edso y recibi\u00f3 el Premio del Jurado en el Indian [&hellip;]\" \/>\n<meta property=\"og:url\" content=\"https:\/\/dev.antudigital.cl\/sites\/vc\/real-windows-documental-sobre-el-estallido-social-en-valparaiso-se-exhibira-en-el-parque-cultural-de-valparaiso\/\" \/>\n<meta property=\"og:site_name\" content=\"Valpara\u00ed\u00adso Creativo\" \/>\n<meta property=\"article:published_time\" content=\"2022-11-24T18:24:41+00:00\" \/>\n<meta property=\"article:modified_time\" content=\"2022-11-24T18:24:45+00:00\" \/>\n<meta property=\"og:image\" content=\"https:\/\/dev.antudigital.cl\/sites\/vc\/wp-content\/uploads\/2022\/11\/REAL-WINDOWS-Facebook-Cover.jpg\" \/>\n\t<meta property=\"og:image:width\" content=\"1640\" \/>\n\t<meta property=\"og:image:height\" content=\"924\" \/>\n\t<meta property=\"og:image:type\" content=\"image\/jpeg\" \/>\n<meta name=\"author\" content=\"Valpara\u00edso Creativo\" \/>\n<meta name=\"twitter:card\" content=\"summary_large_image\" \/>\n<meta name=\"twitter:label1\" content=\"Escrito por\" \/>\n\t<meta name=\"twitter:data1\" content=\"Valpara\u00edso Creativo\" \/>\n\t<meta name=\"twitter:label2\" content=\"Tiempo de lectura\" \/>\n\t<meta name=\"twitter:data2\" content=\"3 minutos\" \/>\n<script type=\"application\/ld+json\" class=\"yoast-schema-graph\">{\"@context\":\"https:\/\/schema.org\",\"@graph\":[{\"@type\":\"Article\",\"@id\":\"https:\/\/dev.antudigital.cl\/sites\/vc\/real-windows-documental-sobre-el-estallido-social-en-valparaiso-se-exhibira-en-el-parque-cultural-de-valparaiso\/#article\",\"isPartOf\":{\"@id\":\"https:\/\/dev.antudigital.cl\/sites\/vc\/real-windows-documental-sobre-el-estallido-social-en-valparaiso-se-exhibira-en-el-parque-cultural-de-valparaiso\/\"},\"author\":{\"name\":\"Valpara\u00edso Creativo\",\"@id\":\"https:\/\/dev.antudigital.cl\/sites\/vc\/#\/schema\/person\/c2b9da8dd545e27166fc5ab232837318\"},\"headline\":\"\u00abReal Windows\u00bb: documental sobre el estallido social en Valpara\u00edso se exhibir\u00e1 en el Parque Cultural de Valpara\u00edso\",\"datePublished\":\"2022-11-24T18:24:41+00:00\",\"dateModified\":\"2022-11-24T18:24:45+00:00\",\"mainEntityOfPage\":{\"@id\":\"https:\/\/dev.antudigital.cl\/sites\/vc\/real-windows-documental-sobre-el-estallido-social-en-valparaiso-se-exhibira-en-el-parque-cultural-de-valparaiso\/\"},\"wordCount\":581,\"commentCount\":0,\"image\":{\"@id\":\"https:\/\/dev.antudigital.cl\/sites\/vc\/real-windows-documental-sobre-el-estallido-social-en-valparaiso-se-exhibira-en-el-parque-cultural-de-valparaiso\/#primaryimage\"},\"thumbnailUrl\":\"https:\/\/dev.antudigital.cl\/sites\/vc\/wp-content\/uploads\/2022\/11\/REAL-WINDOWS-Facebook-Cover.jpg\",\"articleSection\":[\"Noticia\"],\"inLanguage\":\"es\",\"potentialAction\":[{\"@type\":\"CommentAction\",\"name\":\"Comment\",\"target\":[\"https:\/\/dev.antudigital.cl\/sites\/vc\/real-windows-documental-sobre-el-estallido-social-en-valparaiso-se-exhibira-en-el-parque-cultural-de-valparaiso\/#respond\"]}]},{\"@type\":\"WebPage\",\"@id\":\"https:\/\/dev.antudigital.cl\/sites\/vc\/real-windows-documental-sobre-el-estallido-social-en-valparaiso-se-exhibira-en-el-parque-cultural-de-valparaiso\/\",\"url\":\"https:\/\/dev.antudigital.cl\/sites\/vc\/real-windows-documental-sobre-el-estallido-social-en-valparaiso-se-exhibira-en-el-parque-cultural-de-valparaiso\/\",\"name\":\"\\\"Real Windows\\\": documental sobre el estallido social en Valpara\u00edso se exhibir\u00e1 en el Parque Cultural de Valpara\u00edso - Valpara\u00ed\u00adso Creativo\",\"isPartOf\":{\"@id\":\"https:\/\/dev.antudigital.cl\/sites\/vc\/#website\"},\"primaryImageOfPage\":{\"@id\":\"https:\/\/dev.antudigital.cl\/sites\/vc\/real-windows-documental-sobre-el-estallido-social-en-valparaiso-se-exhibira-en-el-parque-cultural-de-valparaiso\/#primaryimage\"},\"image\":{\"@id\":\"https:\/\/dev.antudigital.cl\/sites\/vc\/real-windows-documental-sobre-el-estallido-social-en-valparaiso-se-exhibira-en-el-parque-cultural-de-valparaiso\/#primaryimage\"},\"thumbnailUrl\":\"https:\/\/dev.antudigital.cl\/sites\/vc\/wp-content\/uploads\/2022\/11\/REAL-WINDOWS-Facebook-Cover.jpg\",\"datePublished\":\"2022-11-24T18:24:41+00:00\",\"dateModified\":\"2022-11-24T18:24:45+00:00\",\"author\":{\"@id\":\"https:\/\/dev.antudigital.cl\/sites\/vc\/#\/schema\/person\/c2b9da8dd545e27166fc5ab232837318\"},\"breadcrumb\":{\"@id\":\"https:\/\/dev.antudigital.cl\/sites\/vc\/real-windows-documental-sobre-el-estallido-social-en-valparaiso-se-exhibira-en-el-parque-cultural-de-valparaiso\/#breadcrumb\"},\"inLanguage\":\"es\",\"potentialAction\":[{\"@type\":\"ReadAction\",\"target\":[\"https:\/\/dev.antudigital.cl\/sites\/vc\/real-windows-documental-sobre-el-estallido-social-en-valparaiso-se-exhibira-en-el-parque-cultural-de-valparaiso\/\"]}]},{\"@type\":\"ImageObject\",\"inLanguage\":\"es\",\"@id\":\"https:\/\/dev.antudigital.cl\/sites\/vc\/real-windows-documental-sobre-el-estallido-social-en-valparaiso-se-exhibira-en-el-parque-cultural-de-valparaiso\/#primaryimage\",\"url\":\"https:\/\/dev.antudigital.cl\/sites\/vc\/wp-content\/uploads\/2022\/11\/REAL-WINDOWS-Facebook-Cover.jpg\",\"contentUrl\":\"https:\/\/dev.antudigital.cl\/sites\/vc\/wp-content\/uploads\/2022\/11\/REAL-WINDOWS-Facebook-Cover.jpg\",\"width\":1640,\"height\":924},{\"@type\":\"BreadcrumbList\",\"@id\":\"https:\/\/dev.antudigital.cl\/sites\/vc\/real-windows-documental-sobre-el-estallido-social-en-valparaiso-se-exhibira-en-el-parque-cultural-de-valparaiso\/#breadcrumb\",\"itemListElement\":[{\"@type\":\"ListItem\",\"position\":1,\"name\":\"Home\",\"item\":\"https:\/\/dev.antudigital.cl\/sites\/vc\/\"},{\"@type\":\"ListItem\",\"position\":2,\"name\":\"\u00abReal Windows\u00bb: documental sobre el estallido social en Valpara\u00edso se exhibir\u00e1 en el Parque Cultural de Valpara\u00edso\"}]},{\"@type\":\"WebSite\",\"@id\":\"https:\/\/dev.antudigital.cl\/sites\/vc\/#website\",\"url\":\"https:\/\/dev.antudigital.cl\/sites\/vc\/\",\"name\":\"Valpara\u00ed\u00adso Creativo\",\"description\":\"\",\"potentialAction\":[{\"@type\":\"SearchAction\",\"target\":{\"@type\":\"EntryPoint\",\"urlTemplate\":\"https:\/\/dev.antudigital.cl\/sites\/vc\/?s={search_term_string}\"},\"query-input\":{\"@type\":\"PropertyValueSpecification\",\"valueRequired\":true,\"valueName\":\"search_term_string\"}}],\"inLanguage\":\"es\"},{\"@type\":\"Person\",\"@id\":\"https:\/\/dev.antudigital.cl\/sites\/vc\/#\/schema\/person\/c2b9da8dd545e27166fc5ab232837318\",\"name\":\"Valpara\u00edso Creativo\",\"description\":\"Periodista de cultura en la Regi\u00f3n de Valpara\u00edso.\",\"url\":\"https:\/\/dev.antudigital.cl\/sites\/vc\/author\/valpoadmin\/\"}]}<\/script>\n<!-- \/ Yoast SEO plugin. -->","yoast_head_json":{"title":"\"Real Windows\": documental sobre el estallido social en Valpara\u00edso se exhibir\u00e1 en el Parque Cultural de Valpara\u00edso - Valpara\u00ed\u00adso Creativo","robots":{"index":"index","follow":"follow","max-snippet":"max-snippet:-1","max-image-preview":"max-image-preview:large","max-video-preview":"max-video-preview:-1"},"canonical":"https:\/\/dev.antudigital.cl\/sites\/vc\/real-windows-documental-sobre-el-estallido-social-en-valparaiso-se-exhibira-en-el-parque-cultural-de-valparaiso\/","og_locale":"es_ES","og_type":"article","og_title":"\"Real Windows\": documental sobre el estallido social en Valpara\u00edso se exhibir\u00e1 en el Parque Cultural de Valpara\u00edso - Valpara\u00ed\u00adso Creativo","og_description":"El s\u00e1bado 3 de diciembre, en el Teatro del parque Cultural de Valpara\u00edso, se realizar\u00e1 la exhibici\u00f3n de la pel\u00edcula&nbsp;\u201cReal Windows\u201d,&nbsp;en una funci\u00f3n abierta para toda la comunidad.&nbsp;El documental, dirigido por Pedro Pavez y Joel Cisternas, registra el estallido social de octubre de 2019 en Valpara\u00edso y recibi\u00f3 el Premio del Jurado en el Indian [&hellip;]","og_url":"https:\/\/dev.antudigital.cl\/sites\/vc\/real-windows-documental-sobre-el-estallido-social-en-valparaiso-se-exhibira-en-el-parque-cultural-de-valparaiso\/","og_site_name":"Valpara\u00ed\u00adso Creativo","article_published_time":"2022-11-24T18:24:41+00:00","article_modified_time":"2022-11-24T18:24:45+00:00","og_image":[{"width":1640,"height":924,"url":"https:\/\/dev.antudigital.cl\/sites\/vc\/wp-content\/uploads\/2022\/11\/REAL-WINDOWS-Facebook-Cover.jpg","type":"image\/jpeg"}],"author":"Valpara\u00edso Creativo","twitter_card":"summary_large_image","twitter_misc":{"Escrito por":"Valpara\u00edso Creativo","Tiempo de lectura":"3 minutos"},"schema":{"@context":"https:\/\/schema.org","@graph":[{"@type":"Article","@id":"https:\/\/dev.antudigital.cl\/sites\/vc\/real-windows-documental-sobre-el-estallido-social-en-valparaiso-se-exhibira-en-el-parque-cultural-de-valparaiso\/#article","isPartOf":{"@id":"https:\/\/dev.antudigital.cl\/sites\/vc\/real-windows-documental-sobre-el-estallido-social-en-valparaiso-se-exhibira-en-el-parque-cultural-de-valparaiso\/"},"author":{"name":"Valpara\u00edso Creativo","@id":"https:\/\/dev.antudigital.cl\/sites\/vc\/#\/schema\/person\/c2b9da8dd545e27166fc5ab232837318"},"headline":"\u00abReal Windows\u00bb: documental sobre el estallido social en Valpara\u00edso se exhibir\u00e1 en el Parque Cultural de Valpara\u00edso","datePublished":"2022-11-24T18:24:41+00:00","dateModified":"2022-11-24T18:24:45+00:00","mainEntityOfPage":{"@id":"https:\/\/dev.antudigital.cl\/sites\/vc\/real-windows-documental-sobre-el-estallido-social-en-valparaiso-se-exhibira-en-el-parque-cultural-de-valparaiso\/"},"wordCount":581,"commentCount":0,"image":{"@id":"https:\/\/dev.antudigital.cl\/sites\/vc\/real-windows-documental-sobre-el-estallido-social-en-valparaiso-se-exhibira-en-el-parque-cultural-de-valparaiso\/#primaryimage"},"thumbnailUrl":"https:\/\/dev.antudigital.cl\/sites\/vc\/wp-content\/uploads\/2022\/11\/REAL-WINDOWS-Facebook-Cover.jpg","articleSection":["Noticia"],"inLanguage":"es","potentialAction":[{"@type":"CommentAction","name":"Comment","target":["https:\/\/dev.antudigital.cl\/sites\/vc\/real-windows-documental-sobre-el-estallido-social-en-valparaiso-se-exhibira-en-el-parque-cultural-de-valparaiso\/#respond"]}]},{"@type":"WebPage","@id":"https:\/\/dev.antudigital.cl\/sites\/vc\/real-windows-documental-sobre-el-estallido-social-en-valparaiso-se-exhibira-en-el-parque-cultural-de-valparaiso\/","url":"https:\/\/dev.antudigital.cl\/sites\/vc\/real-windows-documental-sobre-el-estallido-social-en-valparaiso-se-exhibira-en-el-parque-cultural-de-valparaiso\/","name":"\"Real Windows\": documental sobre el estallido social en Valpara\u00edso se exhibir\u00e1 en el Parque Cultural de Valpara\u00edso - Valpara\u00ed\u00adso Creativo","isPartOf":{"@id":"https:\/\/dev.antudigital.cl\/sites\/vc\/#website"},"primaryImageOfPage":{"@id":"https:\/\/dev.antudigital.cl\/sites\/vc\/real-windows-documental-sobre-el-estallido-social-en-valparaiso-se-exhibira-en-el-parque-cultural-de-valparaiso\/#primaryimage"},"image":{"@id":"https:\/\/dev.antudigital.cl\/sites\/vc\/real-windows-documental-sobre-el-estallido-social-en-valparaiso-se-exhibira-en-el-parque-cultural-de-valparaiso\/#primaryimage"},"thumbnailUrl":"https:\/\/dev.antudigital.cl\/sites\/vc\/wp-content\/uploads\/2022\/11\/REAL-WINDOWS-Facebook-Cover.jpg","datePublished":"2022-11-24T18:24:41+00:00","dateModified":"2022-11-24T18:24:45+00:00","author":{"@id":"https:\/\/dev.antudigital.cl\/sites\/vc\/#\/schema\/person\/c2b9da8dd545e27166fc5ab232837318"},"breadcrumb":{"@id":"https:\/\/dev.antudigital.cl\/sites\/vc\/real-windows-documental-sobre-el-estallido-social-en-valparaiso-se-exhibira-en-el-parque-cultural-de-valparaiso\/#breadcrumb"},"inLanguage":"es","potentialAction":[{"@type":"ReadAction","target":["https:\/\/dev.antudigital.cl\/sites\/vc\/real-windows-documental-sobre-el-estallido-social-en-valparaiso-se-exhibira-en-el-parque-cultural-de-valparaiso\/"]}]},{"@type":"ImageObject","inLanguage":"es","@id":"https:\/\/dev.antudigital.cl\/sites\/vc\/real-windows-documental-sobre-el-estallido-social-en-valparaiso-se-exhibira-en-el-parque-cultural-de-valparaiso\/#primaryimage","url":"https:\/\/dev.antudigital.cl\/sites\/vc\/wp-content\/uploads\/2022\/11\/REAL-WINDOWS-Facebook-Cover.jpg","contentUrl":"https:\/\/dev.antudigital.cl\/sites\/vc\/wp-content\/uploads\/2022\/11\/REAL-WINDOWS-Facebook-Cover.jpg","width":1640,"height":924},{"@type":"BreadcrumbList","@id":"https:\/\/dev.antudigital.cl\/sites\/vc\/real-windows-documental-sobre-el-estallido-social-en-valparaiso-se-exhibira-en-el-parque-cultural-de-valparaiso\/#breadcrumb","itemListElement":[{"@type":"ListItem","position":1,"name":"Home","item":"https:\/\/dev.antudigital.cl\/sites\/vc\/"},{"@type":"ListItem","position":2,"name":"\u00abReal Windows\u00bb: documental sobre el estallido social en Valpara\u00edso se exhibir\u00e1 en el Parque Cultural de Valpara\u00edso"}]},{"@type":"WebSite","@id":"https:\/\/dev.antudigital.cl\/sites\/vc\/#website","url":"https:\/\/dev.antudigital.cl\/sites\/vc\/","name":"Valpara\u00ed\u00adso Creativo","description":"","potentialAction":[{"@type":"SearchAction","target":{"@type":"EntryPoint","urlTemplate":"https:\/\/dev.antudigital.cl\/sites\/vc\/?s={search_term_string}"},"query-input":{"@type":"PropertyValueSpecification","valueRequired":true,"valueName":"search_term_string"}}],"inLanguage":"es"},{"@type":"Person","@id":"https:\/\/dev.antudigital.cl\/sites\/vc\/#\/schema\/person\/c2b9da8dd545e27166fc5ab232837318","name":"Valpara\u00edso Creativo","description":"Periodista de cultura en la Regi\u00f3n de Valpara\u00edso.","url":"https:\/\/dev.antudigital.cl\/sites\/vc\/author\/valpoadmin\/"}]}},"_links":{"self":[{"href":"https:\/\/dev.antudigital.cl\/sites\/vc\/wp-json\/wp\/v2\/posts\/12117","targetHints":{"allow":["GET"]}}],"collection":[{"href":"https:\/\/dev.antudigital.cl\/sites\/vc\/wp-json\/wp\/v2\/posts"}],"about":[{"href":"https:\/\/dev.antudigital.cl\/sites\/vc\/wp-json\/wp\/v2\/types\/post"}],"author":[{"embeddable":true,"href":"https:\/\/dev.antudigital.cl\/sites\/vc\/wp-json\/wp\/v2\/users\/1"}],"replies":[{"embeddable":true,"href":"https:\/\/dev.antudigital.cl\/sites\/vc\/wp-json\/wp\/v2\/comments?post=12117"}],"version-history":[{"count":1,"href":"https:\/\/dev.antudigital.cl\/sites\/vc\/wp-json\/wp\/v2\/posts\/12117\/revisions"}],"predecessor-version":[{"id":12121,"href":"https:\/\/dev.antudigital.cl\/sites\/vc\/wp-json\/wp\/v2\/posts\/12117\/revisions\/12121"}],"wp:featuredmedia":[{"embeddable":true,"href":"https:\/\/dev.antudigital.cl\/sites\/vc\/wp-json\/wp\/v2\/media\/12120"}],"wp:attachment":[{"href":"https:\/\/dev.antudigital.cl\/sites\/vc\/wp-json\/wp\/v2\/media?parent=12117"}],"wp:term":[{"taxonomy":"category","embeddable":true,"href":"https:\/\/dev.antudigital.cl\/sites\/vc\/wp-json\/wp\/v2\/categories?post=12117"},{"taxonomy":"post_tag","embeddable":true,"href":"https:\/\/dev.antudigital.cl\/sites\/vc\/wp-json\/wp\/v2\/tags?post=12117"}],"curies":[{"name":"wp","href":"https:\/\/api.w.org\/{rel}","templated":true}]}}