{"id":12133,"date":"2022-11-25T20:00:17","date_gmt":"2022-11-25T20:00:17","guid":{"rendered":"https:\/\/www.valparaisocreativo.cl\/?p=12133"},"modified":"2022-11-25T20:00:25","modified_gmt":"2022-11-25T20:00:25","slug":"neo-valpo-el-festival-porteno-que-agrupa-diversas-manifestaciones-culturales-y-artisticas-locales","status":"publish","type":"post","link":"https:\/\/dev.antudigital.cl\/sites\/vc\/neo-valpo-el-festival-porteno-que-agrupa-diversas-manifestaciones-culturales-y-artisticas-locales\/","title":{"rendered":"<strong>Neo Valpo: El festival porte\u00f1o que agrupa diversas manifestaciones culturales y art\u00edsticas locales<\/strong>"},"content":{"rendered":"\n<p>Ser\u00e1 este <strong>s\u00e1bado 26 de noviembre<\/strong>, a partir de las 11 horas, que la 2da edici\u00f3n del Festival Neo Valpo se llevar\u00e1 a cabo en el barrio El Almendral, precisamente en Eusebio Lillo 409, en Valpara\u00edso, con una jornada que tendr\u00e1 entre sus artistas y m\u00fasicos nacionales a <strong>Cola de Zorro, Siberia, Conf\u00edo en tus Amigos, Nico Carre\u00f1o y Du0Fem<\/strong>. La actividad, organizada por <strong>Hub Musical<\/strong> y <strong>Sello Recolector<\/strong>, est\u00e1 abierta a toda la familia, con una feria de artes y oficios que tendr\u00e1 el trabajo de artistas y emprendedores locales.<\/p>\n\n\n\n<p>El festival que busca hacer un cruce entre las distintas manifestaciones art\u00edstica de la ciudad, como una forma de poner al centro las\u00a0 inquietudes, incertidumbres y los cuestionamientos cotidianos que surgen en el actual contexto sociopol\u00edtico, <strong>se realizar\u00e1 por primera vez de manera presencia<\/strong>l, ya que la iniciativa surgi\u00f3 en plena pandemia. Fue el 2021 que su programaci\u00f3n cont\u00f3 con artistas nacionales e internacionales, a trav\u00e9s de una programaci\u00f3n en l\u00ednea; y es por ello la relevancia de esta segunda edici\u00f3n, como una forma de encontrarse con la audiencia.<\/p>\n\n\n\n<figure class=\"wp-block-image size-large\"><img fetchpriority=\"high\" decoding=\"async\" width=\"1024\" height=\"819\" src=\"https:\/\/www.valparaisocreativo.cl\/wp-content\/uploads\/2022\/11\/DUO-FEM-1024x819.jpg\" alt=\"\" class=\"wp-image-12136\" srcset=\"https:\/\/dev.antudigital.cl\/sites\/vc\/wp-content\/uploads\/2022\/11\/DUO-FEM-1024x819.jpg 1024w, https:\/\/dev.antudigital.cl\/sites\/vc\/wp-content\/uploads\/2022\/11\/DUO-FEM-300x240.jpg 300w, https:\/\/dev.antudigital.cl\/sites\/vc\/wp-content\/uploads\/2022\/11\/DUO-FEM-768x614.jpg 768w, https:\/\/dev.antudigital.cl\/sites\/vc\/wp-content\/uploads\/2022\/11\/DUO-FEM-1080x864.jpg 1080w, https:\/\/dev.antudigital.cl\/sites\/vc\/wp-content\/uploads\/2022\/11\/DUO-FEM-980x784.jpg 980w, https:\/\/dev.antudigital.cl\/sites\/vc\/wp-content\/uploads\/2022\/11\/DUO-FEM-480x384.jpg 480w, https:\/\/dev.antudigital.cl\/sites\/vc\/wp-content\/uploads\/2022\/11\/DUO-FEM.jpg 1280w\" sizes=\"(max-width: 1024px) 100vw, 1024px\" \/><\/figure>\n\n\n\n<p>La programaci\u00f3n, que incluye espacios de di\u00e1logo, m\u00fasica e instancias creativas junto a artistas y emprendedores, adem\u00e1s contar\u00e1 con dos talleres con cupos limitados, v\u00eda inscripci\u00f3n online y con una retribuci\u00f3n de $1.000: <a href=\"https:\/\/docs.google.com\/forms\/d\/e\/1FAIpQLSdnMxqeA8kPVfDjnPSyXc47lawjUIypI1O46SQmw4Jkxtr3JA\/viewform\" target=\"_blank\" rel=\"noreferrer noopener\"><strong>Tango Queer<\/strong><\/a> <strong><em>-26 de Nov., a las 11 hrs.<\/em><\/strong><strong>&#8211;<\/strong> es uno de los talleres que estar\u00e1 a cargo de <strong>Milonga Queer<\/strong> y <strong>El Reinazo<\/strong>, ambas iniciativas locales que impulsan este estilo de danza en la zona. Adem\u00e1s, este espacio contar\u00e1 con un segundo taller, dedicado a mujeres y disidencias, sobre la <a href=\"https:\/\/docs.google.com\/forms\/d\/e\/1FAIpQLSeu1cXY3H2xcEZSjKbN9NtTXTlJLYu97zqAyDIZHnNAGgZKeg\/viewform\" target=\"_blank\" rel=\"noreferrer noopener\"><strong>Autodefensa<\/strong><\/a><strong> <\/strong><strong><em>-26 de Nov., a las 16.30 hrs.-<\/em><\/strong> a cargo de la instructora de ESD, actriz y dramaturga, <strong>Carina Aspillaga<\/strong>.<\/p>\n\n\n\n<p>En tanto, la m\u00fasica estar\u00e1 a cargo de una selecta curator\u00eda que incluye a artistas musicales activos en la escena local y nacional. Entre ellos, <strong>Cola de Zorro<\/strong>, porte\u00f1os que recientemente lanzaron el disco <strong><em>El desierto avanza <\/em><\/strong>(2022), que ha tenido muy buena recepci\u00f3n del p\u00fablico; adem\u00e1s de <strong>Nico Carre\u00f1o<\/strong>, quien tambi\u00e9n liber\u00f3 hace algunos d\u00edas <strong>\u201cEscansi\u00f3n\u201d<\/strong>, el nuevo single de su pr\u00f3ximo disco. A ellos se suma Siberia, d\u00fao de synth pop de Valpara\u00edso quien est\u00e1 preparando su pr\u00f3ximo EP, que integrar\u00e1 seis nuevas canciones. En tanto, <strong>Du0Fem <\/strong>llega desde el litoral central a presentarse con su m\u00fasica experimental y sensorial, acompa\u00f1ada de visuales y performance; sumado a <strong>Conf\u00edo en Tus Amigos<\/strong>, banda con activas presentaciones en el pa\u00eds.<\/p>\n\n\n\n<figure class=\"wp-block-image size-large\"><img decoding=\"async\" width=\"731\" height=\"1024\" src=\"https:\/\/www.valparaisocreativo.cl\/wp-content\/uploads\/2022\/11\/Afiche-Neo-2022-final--731x1024.jpg\" alt=\"\" class=\"wp-image-12134\" srcset=\"https:\/\/dev.antudigital.cl\/sites\/vc\/wp-content\/uploads\/2022\/11\/Afiche-Neo-2022-final--731x1024.jpg 731w, https:\/\/dev.antudigital.cl\/sites\/vc\/wp-content\/uploads\/2022\/11\/Afiche-Neo-2022-final--214x300.jpg 214w, https:\/\/dev.antudigital.cl\/sites\/vc\/wp-content\/uploads\/2022\/11\/Afiche-Neo-2022-final--768x1075.jpg 768w, https:\/\/dev.antudigital.cl\/sites\/vc\/wp-content\/uploads\/2022\/11\/Afiche-Neo-2022-final--1097x1536.jpg 1097w, https:\/\/dev.antudigital.cl\/sites\/vc\/wp-content\/uploads\/2022\/11\/Afiche-Neo-2022-final--1463x2048.jpg 1463w, https:\/\/dev.antudigital.cl\/sites\/vc\/wp-content\/uploads\/2022\/11\/Afiche-Neo-2022-final--1080x1512.jpg 1080w, https:\/\/dev.antudigital.cl\/sites\/vc\/wp-content\/uploads\/2022\/11\/Afiche-Neo-2022-final--scaled.jpg 1829w\" sizes=\"(max-width: 731px) 100vw, 731px\" \/><\/figure>\n\n\n\n<p>Neo Valpo contar\u00e1 en su feria de emprendedores con stands de <em>Astrolog\u00eda, Cosm\u00e9tica Natural, Editoriales independientes, Arte Gr\u00e1fico, Joyer\u00eda, Ilustraci\u00f3n, Cocina Vegana, Cervecer\u00eda, espacios informativos y mucho m\u00e1s<\/em>. <strong>Todo esto de manera gratuita, desde las 11 horas, en Espacio La Compa\u00f1\u00eda, en Eusebio Lillo 409, Valpara\u00edso.<\/strong><br><\/p>\n","protected":false},"excerpt":{"rendered":"<p>Ser\u00e1 este s\u00e1bado 26 de noviembre, a partir de las 11 horas, que la 2da edici\u00f3n del Festival Neo Valpo se llevar\u00e1 a cabo en el barrio El Almendral, precisamente en Eusebio Lillo 409, en Valpara\u00edso, con una jornada que tendr\u00e1 entre sus artistas y m\u00fasicos nacionales a Cola de Zorro, Siberia, Conf\u00edo en tus [&hellip;]<\/p>\n","protected":false},"author":1,"featured_media":12135,"comment_status":"open","ping_status":"closed","sticky":false,"template":"","format":"standard","meta":{"_acf_changed":false,"footnotes":""},"categories":[8],"tags":[],"class_list":["post-12133","post","type-post","status-publish","format-standard","has-post-thumbnail","hentry","category-noticia"],"acf":[],"yoast_head":"<!-- This site is optimized with the Yoast SEO plugin v27.1.1 - https:\/\/yoast.com\/product\/yoast-seo-wordpress\/ -->\n<title>Neo Valpo: El festival porte\u00f1o que agrupa diversas manifestaciones culturales y art\u00edsticas locales - Valpara\u00ed\u00adso Creativo<\/title>\n<meta name=\"robots\" content=\"index, follow, max-snippet:-1, max-image-preview:large, max-video-preview:-1\" \/>\n<link rel=\"canonical\" href=\"https:\/\/dev.antudigital.cl\/sites\/vc\/neo-valpo-el-festival-porteno-que-agrupa-diversas-manifestaciones-culturales-y-artisticas-locales\/\" \/>\n<meta property=\"og:locale\" content=\"es_ES\" \/>\n<meta property=\"og:type\" content=\"article\" \/>\n<meta property=\"og:title\" content=\"Neo Valpo: El festival porte\u00f1o que agrupa diversas manifestaciones culturales y art\u00edsticas locales - Valpara\u00ed\u00adso Creativo\" \/>\n<meta property=\"og:description\" content=\"Ser\u00e1 este s\u00e1bado 26 de noviembre, a partir de las 11 horas, que la 2da edici\u00f3n del Festival Neo Valpo se llevar\u00e1 a cabo en el barrio El Almendral, precisamente en Eusebio Lillo 409, en Valpara\u00edso, con una jornada que tendr\u00e1 entre sus artistas y m\u00fasicos nacionales a Cola de Zorro, Siberia, Conf\u00edo en tus [&hellip;]\" \/>\n<meta property=\"og:url\" content=\"https:\/\/dev.antudigital.cl\/sites\/vc\/neo-valpo-el-festival-porteno-que-agrupa-diversas-manifestaciones-culturales-y-artisticas-locales\/\" \/>\n<meta property=\"og:site_name\" content=\"Valpara\u00ed\u00adso Creativo\" \/>\n<meta property=\"article:published_time\" content=\"2022-11-25T20:00:17+00:00\" \/>\n<meta property=\"article:modified_time\" content=\"2022-11-25T20:00:25+00:00\" \/>\n<meta property=\"og:image\" content=\"https:\/\/dev.antudigital.cl\/sites\/vc\/wp-content\/uploads\/2022\/11\/COLA-DE-ZORRO-scaled.jpg\" \/>\n\t<meta property=\"og:image:width\" content=\"2560\" \/>\n\t<meta property=\"og:image:height\" content=\"1707\" \/>\n\t<meta property=\"og:image:type\" content=\"image\/jpeg\" \/>\n<meta name=\"author\" content=\"Valpara\u00edso Creativo\" \/>\n<meta name=\"twitter:card\" content=\"summary_large_image\" \/>\n<meta name=\"twitter:label1\" content=\"Escrito por\" \/>\n\t<meta name=\"twitter:data1\" content=\"Valpara\u00edso Creativo\" \/>\n\t<meta name=\"twitter:label2\" content=\"Tiempo de lectura\" \/>\n\t<meta name=\"twitter:data2\" content=\"3 minutos\" \/>\n<script type=\"application\/ld+json\" class=\"yoast-schema-graph\">{\"@context\":\"https:\/\/schema.org\",\"@graph\":[{\"@type\":\"Article\",\"@id\":\"https:\/\/dev.antudigital.cl\/sites\/vc\/neo-valpo-el-festival-porteno-que-agrupa-diversas-manifestaciones-culturales-y-artisticas-locales\/#article\",\"isPartOf\":{\"@id\":\"https:\/\/dev.antudigital.cl\/sites\/vc\/neo-valpo-el-festival-porteno-que-agrupa-diversas-manifestaciones-culturales-y-artisticas-locales\/\"},\"author\":{\"name\":\"Valpara\u00edso Creativo\",\"@id\":\"https:\/\/dev.antudigital.cl\/sites\/vc\/#\/schema\/person\/c2b9da8dd545e27166fc5ab232837318\"},\"headline\":\"Neo Valpo: El festival porte\u00f1o que agrupa diversas manifestaciones culturales y art\u00edsticas locales\",\"datePublished\":\"2022-11-25T20:00:17+00:00\",\"dateModified\":\"2022-11-25T20:00:25+00:00\",\"mainEntityOfPage\":{\"@id\":\"https:\/\/dev.antudigital.cl\/sites\/vc\/neo-valpo-el-festival-porteno-que-agrupa-diversas-manifestaciones-culturales-y-artisticas-locales\/\"},\"wordCount\":507,\"commentCount\":0,\"image\":{\"@id\":\"https:\/\/dev.antudigital.cl\/sites\/vc\/neo-valpo-el-festival-porteno-que-agrupa-diversas-manifestaciones-culturales-y-artisticas-locales\/#primaryimage\"},\"thumbnailUrl\":\"https:\/\/dev.antudigital.cl\/sites\/vc\/wp-content\/uploads\/2022\/11\/COLA-DE-ZORRO-scaled.jpg\",\"articleSection\":[\"Noticia\"],\"inLanguage\":\"es\",\"potentialAction\":[{\"@type\":\"CommentAction\",\"name\":\"Comment\",\"target\":[\"https:\/\/dev.antudigital.cl\/sites\/vc\/neo-valpo-el-festival-porteno-que-agrupa-diversas-manifestaciones-culturales-y-artisticas-locales\/#respond\"]}]},{\"@type\":\"WebPage\",\"@id\":\"https:\/\/dev.antudigital.cl\/sites\/vc\/neo-valpo-el-festival-porteno-que-agrupa-diversas-manifestaciones-culturales-y-artisticas-locales\/\",\"url\":\"https:\/\/dev.antudigital.cl\/sites\/vc\/neo-valpo-el-festival-porteno-que-agrupa-diversas-manifestaciones-culturales-y-artisticas-locales\/\",\"name\":\"Neo Valpo: El festival porte\u00f1o que agrupa diversas manifestaciones culturales y art\u00edsticas locales - Valpara\u00ed\u00adso Creativo\",\"isPartOf\":{\"@id\":\"https:\/\/dev.antudigital.cl\/sites\/vc\/#website\"},\"primaryImageOfPage\":{\"@id\":\"https:\/\/dev.antudigital.cl\/sites\/vc\/neo-valpo-el-festival-porteno-que-agrupa-diversas-manifestaciones-culturales-y-artisticas-locales\/#primaryimage\"},\"image\":{\"@id\":\"https:\/\/dev.antudigital.cl\/sites\/vc\/neo-valpo-el-festival-porteno-que-agrupa-diversas-manifestaciones-culturales-y-artisticas-locales\/#primaryimage\"},\"thumbnailUrl\":\"https:\/\/dev.antudigital.cl\/sites\/vc\/wp-content\/uploads\/2022\/11\/COLA-DE-ZORRO-scaled.jpg\",\"datePublished\":\"2022-11-25T20:00:17+00:00\",\"dateModified\":\"2022-11-25T20:00:25+00:00\",\"author\":{\"@id\":\"https:\/\/dev.antudigital.cl\/sites\/vc\/#\/schema\/person\/c2b9da8dd545e27166fc5ab232837318\"},\"breadcrumb\":{\"@id\":\"https:\/\/dev.antudigital.cl\/sites\/vc\/neo-valpo-el-festival-porteno-que-agrupa-diversas-manifestaciones-culturales-y-artisticas-locales\/#breadcrumb\"},\"inLanguage\":\"es\",\"potentialAction\":[{\"@type\":\"ReadAction\",\"target\":[\"https:\/\/dev.antudigital.cl\/sites\/vc\/neo-valpo-el-festival-porteno-que-agrupa-diversas-manifestaciones-culturales-y-artisticas-locales\/\"]}]},{\"@type\":\"ImageObject\",\"inLanguage\":\"es\",\"@id\":\"https:\/\/dev.antudigital.cl\/sites\/vc\/neo-valpo-el-festival-porteno-que-agrupa-diversas-manifestaciones-culturales-y-artisticas-locales\/#primaryimage\",\"url\":\"https:\/\/dev.antudigital.cl\/sites\/vc\/wp-content\/uploads\/2022\/11\/COLA-DE-ZORRO-scaled.jpg\",\"contentUrl\":\"https:\/\/dev.antudigital.cl\/sites\/vc\/wp-content\/uploads\/2022\/11\/COLA-DE-ZORRO-scaled.jpg\",\"width\":2560,\"height\":1707},{\"@type\":\"BreadcrumbList\",\"@id\":\"https:\/\/dev.antudigital.cl\/sites\/vc\/neo-valpo-el-festival-porteno-que-agrupa-diversas-manifestaciones-culturales-y-artisticas-locales\/#breadcrumb\",\"itemListElement\":[{\"@type\":\"ListItem\",\"position\":1,\"name\":\"Home\",\"item\":\"https:\/\/dev.antudigital.cl\/sites\/vc\/\"},{\"@type\":\"ListItem\",\"position\":2,\"name\":\"Neo Valpo: El festival porte\u00f1o que agrupa diversas manifestaciones culturales y art\u00edsticas locales\"}]},{\"@type\":\"WebSite\",\"@id\":\"https:\/\/dev.antudigital.cl\/sites\/vc\/#website\",\"url\":\"https:\/\/dev.antudigital.cl\/sites\/vc\/\",\"name\":\"Valpara\u00ed\u00adso Creativo\",\"description\":\"\",\"potentialAction\":[{\"@type\":\"SearchAction\",\"target\":{\"@type\":\"EntryPoint\",\"urlTemplate\":\"https:\/\/dev.antudigital.cl\/sites\/vc\/?s={search_term_string}\"},\"query-input\":{\"@type\":\"PropertyValueSpecification\",\"valueRequired\":true,\"valueName\":\"search_term_string\"}}],\"inLanguage\":\"es\"},{\"@type\":\"Person\",\"@id\":\"https:\/\/dev.antudigital.cl\/sites\/vc\/#\/schema\/person\/c2b9da8dd545e27166fc5ab232837318\",\"name\":\"Valpara\u00edso Creativo\",\"description\":\"Periodista de cultura en la Regi\u00f3n de Valpara\u00edso.\",\"url\":\"https:\/\/dev.antudigital.cl\/sites\/vc\/author\/valpoadmin\/\"}]}<\/script>\n<!-- \/ Yoast SEO plugin. -->","yoast_head_json":{"title":"Neo Valpo: El festival porte\u00f1o que agrupa diversas manifestaciones culturales y art\u00edsticas locales - Valpara\u00ed\u00adso Creativo","robots":{"index":"index","follow":"follow","max-snippet":"max-snippet:-1","max-image-preview":"max-image-preview:large","max-video-preview":"max-video-preview:-1"},"canonical":"https:\/\/dev.antudigital.cl\/sites\/vc\/neo-valpo-el-festival-porteno-que-agrupa-diversas-manifestaciones-culturales-y-artisticas-locales\/","og_locale":"es_ES","og_type":"article","og_title":"Neo Valpo: El festival porte\u00f1o que agrupa diversas manifestaciones culturales y art\u00edsticas locales - Valpara\u00ed\u00adso Creativo","og_description":"Ser\u00e1 este s\u00e1bado 26 de noviembre, a partir de las 11 horas, que la 2da edici\u00f3n del Festival Neo Valpo se llevar\u00e1 a cabo en el barrio El Almendral, precisamente en Eusebio Lillo 409, en Valpara\u00edso, con una jornada que tendr\u00e1 entre sus artistas y m\u00fasicos nacionales a Cola de Zorro, Siberia, Conf\u00edo en tus [&hellip;]","og_url":"https:\/\/dev.antudigital.cl\/sites\/vc\/neo-valpo-el-festival-porteno-que-agrupa-diversas-manifestaciones-culturales-y-artisticas-locales\/","og_site_name":"Valpara\u00ed\u00adso Creativo","article_published_time":"2022-11-25T20:00:17+00:00","article_modified_time":"2022-11-25T20:00:25+00:00","og_image":[{"width":2560,"height":1707,"url":"https:\/\/dev.antudigital.cl\/sites\/vc\/wp-content\/uploads\/2022\/11\/COLA-DE-ZORRO-scaled.jpg","type":"image\/jpeg"}],"author":"Valpara\u00edso Creativo","twitter_card":"summary_large_image","twitter_misc":{"Escrito por":"Valpara\u00edso Creativo","Tiempo de lectura":"3 minutos"},"schema":{"@context":"https:\/\/schema.org","@graph":[{"@type":"Article","@id":"https:\/\/dev.antudigital.cl\/sites\/vc\/neo-valpo-el-festival-porteno-que-agrupa-diversas-manifestaciones-culturales-y-artisticas-locales\/#article","isPartOf":{"@id":"https:\/\/dev.antudigital.cl\/sites\/vc\/neo-valpo-el-festival-porteno-que-agrupa-diversas-manifestaciones-culturales-y-artisticas-locales\/"},"author":{"name":"Valpara\u00edso Creativo","@id":"https:\/\/dev.antudigital.cl\/sites\/vc\/#\/schema\/person\/c2b9da8dd545e27166fc5ab232837318"},"headline":"Neo Valpo: El festival porte\u00f1o que agrupa diversas manifestaciones culturales y art\u00edsticas locales","datePublished":"2022-11-25T20:00:17+00:00","dateModified":"2022-11-25T20:00:25+00:00","mainEntityOfPage":{"@id":"https:\/\/dev.antudigital.cl\/sites\/vc\/neo-valpo-el-festival-porteno-que-agrupa-diversas-manifestaciones-culturales-y-artisticas-locales\/"},"wordCount":507,"commentCount":0,"image":{"@id":"https:\/\/dev.antudigital.cl\/sites\/vc\/neo-valpo-el-festival-porteno-que-agrupa-diversas-manifestaciones-culturales-y-artisticas-locales\/#primaryimage"},"thumbnailUrl":"https:\/\/dev.antudigital.cl\/sites\/vc\/wp-content\/uploads\/2022\/11\/COLA-DE-ZORRO-scaled.jpg","articleSection":["Noticia"],"inLanguage":"es","potentialAction":[{"@type":"CommentAction","name":"Comment","target":["https:\/\/dev.antudigital.cl\/sites\/vc\/neo-valpo-el-festival-porteno-que-agrupa-diversas-manifestaciones-culturales-y-artisticas-locales\/#respond"]}]},{"@type":"WebPage","@id":"https:\/\/dev.antudigital.cl\/sites\/vc\/neo-valpo-el-festival-porteno-que-agrupa-diversas-manifestaciones-culturales-y-artisticas-locales\/","url":"https:\/\/dev.antudigital.cl\/sites\/vc\/neo-valpo-el-festival-porteno-que-agrupa-diversas-manifestaciones-culturales-y-artisticas-locales\/","name":"Neo Valpo: El festival porte\u00f1o que agrupa diversas manifestaciones culturales y art\u00edsticas locales - Valpara\u00ed\u00adso Creativo","isPartOf":{"@id":"https:\/\/dev.antudigital.cl\/sites\/vc\/#website"},"primaryImageOfPage":{"@id":"https:\/\/dev.antudigital.cl\/sites\/vc\/neo-valpo-el-festival-porteno-que-agrupa-diversas-manifestaciones-culturales-y-artisticas-locales\/#primaryimage"},"image":{"@id":"https:\/\/dev.antudigital.cl\/sites\/vc\/neo-valpo-el-festival-porteno-que-agrupa-diversas-manifestaciones-culturales-y-artisticas-locales\/#primaryimage"},"thumbnailUrl":"https:\/\/dev.antudigital.cl\/sites\/vc\/wp-content\/uploads\/2022\/11\/COLA-DE-ZORRO-scaled.jpg","datePublished":"2022-11-25T20:00:17+00:00","dateModified":"2022-11-25T20:00:25+00:00","author":{"@id":"https:\/\/dev.antudigital.cl\/sites\/vc\/#\/schema\/person\/c2b9da8dd545e27166fc5ab232837318"},"breadcrumb":{"@id":"https:\/\/dev.antudigital.cl\/sites\/vc\/neo-valpo-el-festival-porteno-que-agrupa-diversas-manifestaciones-culturales-y-artisticas-locales\/#breadcrumb"},"inLanguage":"es","potentialAction":[{"@type":"ReadAction","target":["https:\/\/dev.antudigital.cl\/sites\/vc\/neo-valpo-el-festival-porteno-que-agrupa-diversas-manifestaciones-culturales-y-artisticas-locales\/"]}]},{"@type":"ImageObject","inLanguage":"es","@id":"https:\/\/dev.antudigital.cl\/sites\/vc\/neo-valpo-el-festival-porteno-que-agrupa-diversas-manifestaciones-culturales-y-artisticas-locales\/#primaryimage","url":"https:\/\/dev.antudigital.cl\/sites\/vc\/wp-content\/uploads\/2022\/11\/COLA-DE-ZORRO-scaled.jpg","contentUrl":"https:\/\/dev.antudigital.cl\/sites\/vc\/wp-content\/uploads\/2022\/11\/COLA-DE-ZORRO-scaled.jpg","width":2560,"height":1707},{"@type":"BreadcrumbList","@id":"https:\/\/dev.antudigital.cl\/sites\/vc\/neo-valpo-el-festival-porteno-que-agrupa-diversas-manifestaciones-culturales-y-artisticas-locales\/#breadcrumb","itemListElement":[{"@type":"ListItem","position":1,"name":"Home","item":"https:\/\/dev.antudigital.cl\/sites\/vc\/"},{"@type":"ListItem","position":2,"name":"Neo Valpo: El festival porte\u00f1o que agrupa diversas manifestaciones culturales y art\u00edsticas locales"}]},{"@type":"WebSite","@id":"https:\/\/dev.antudigital.cl\/sites\/vc\/#website","url":"https:\/\/dev.antudigital.cl\/sites\/vc\/","name":"Valpara\u00ed\u00adso Creativo","description":"","potentialAction":[{"@type":"SearchAction","target":{"@type":"EntryPoint","urlTemplate":"https:\/\/dev.antudigital.cl\/sites\/vc\/?s={search_term_string}"},"query-input":{"@type":"PropertyValueSpecification","valueRequired":true,"valueName":"search_term_string"}}],"inLanguage":"es"},{"@type":"Person","@id":"https:\/\/dev.antudigital.cl\/sites\/vc\/#\/schema\/person\/c2b9da8dd545e27166fc5ab232837318","name":"Valpara\u00edso Creativo","description":"Periodista de cultura en la Regi\u00f3n de Valpara\u00edso.","url":"https:\/\/dev.antudigital.cl\/sites\/vc\/author\/valpoadmin\/"}]}},"_links":{"self":[{"href":"https:\/\/dev.antudigital.cl\/sites\/vc\/wp-json\/wp\/v2\/posts\/12133","targetHints":{"allow":["GET"]}}],"collection":[{"href":"https:\/\/dev.antudigital.cl\/sites\/vc\/wp-json\/wp\/v2\/posts"}],"about":[{"href":"https:\/\/dev.antudigital.cl\/sites\/vc\/wp-json\/wp\/v2\/types\/post"}],"author":[{"embeddable":true,"href":"https:\/\/dev.antudigital.cl\/sites\/vc\/wp-json\/wp\/v2\/users\/1"}],"replies":[{"embeddable":true,"href":"https:\/\/dev.antudigital.cl\/sites\/vc\/wp-json\/wp\/v2\/comments?post=12133"}],"version-history":[{"count":1,"href":"https:\/\/dev.antudigital.cl\/sites\/vc\/wp-json\/wp\/v2\/posts\/12133\/revisions"}],"predecessor-version":[{"id":12137,"href":"https:\/\/dev.antudigital.cl\/sites\/vc\/wp-json\/wp\/v2\/posts\/12133\/revisions\/12137"}],"wp:featuredmedia":[{"embeddable":true,"href":"https:\/\/dev.antudigital.cl\/sites\/vc\/wp-json\/wp\/v2\/media\/12135"}],"wp:attachment":[{"href":"https:\/\/dev.antudigital.cl\/sites\/vc\/wp-json\/wp\/v2\/media?parent=12133"}],"wp:term":[{"taxonomy":"category","embeddable":true,"href":"https:\/\/dev.antudigital.cl\/sites\/vc\/wp-json\/wp\/v2\/categories?post=12133"},{"taxonomy":"post_tag","embeddable":true,"href":"https:\/\/dev.antudigital.cl\/sites\/vc\/wp-json\/wp\/v2\/tags?post=12133"}],"curies":[{"name":"wp","href":"https:\/\/api.w.org\/{rel}","templated":true}]}}