{"id":12143,"date":"2022-11-28T16:24:35","date_gmt":"2022-11-28T16:24:35","guid":{"rendered":"https:\/\/www.valparaisocreativo.cl\/?p=12143"},"modified":"2022-11-28T17:58:24","modified_gmt":"2022-11-28T17:58:24","slug":"ven-al-segundo-lanzamiento-revista-conectadas-n2-de-effem","status":"publish","type":"post","link":"https:\/\/dev.antudigital.cl\/sites\/vc\/ven-al-segundo-lanzamiento-revista-conectadas-n2-de-effem\/","title":{"rendered":"Ven al segundo lanzamiento revista \u00abConectadas\u00bb N2 de EFFEM"},"content":{"rendered":"\n<p>EFFEM invita al lanzamiento del n\u00famero dos de su revista \u00abConectadas\u00bb, este mi\u00e9rcoles 30 en <a href=\"https:\/\/www.instagram.com\/bajvalpo\/\">Balmaceda Arte Joven Valpara\u00edso<\/a>.<br><br>En esta nueva edici\u00f3n de la revista se podr\u00e1 apreciar los resultados fotogr\u00e1ficos y collages de todas las mujeres que participaron en sus residencias virtuales del a\u00f1o 2021. Tambi\u00e9n, se evidencian las reflexiones de Valentina Jara y Camila Pichuante, quienes dirigieron los encuentros virtuales para trabajar desde la emocionalidad, reconociendo y poniendo en valor el linaje femenino y las inquietudes que brotaron en pleno confinamiento. Como complemento se suman entrevistas a compa\u00f1eras de distintas disciplinas art\u00edsticas; Sof\u00eda Yanjar\u00ed, Valentina Cortese y Dubi Cano, quienes dan a conocer su trabajo autoral.<\/p>\n\n\n\n<figure class=\"wp-block-image size-large\"><img fetchpriority=\"high\" decoding=\"async\" width=\"1024\" height=\"682\" src=\"https:\/\/www.valparaisocreativo.cl\/wp-content\/uploads\/2022\/11\/CONECTADAS-N2_2-2-1024x682.jpg\" alt=\"\" class=\"wp-image-12162\" srcset=\"https:\/\/dev.antudigital.cl\/sites\/vc\/wp-content\/uploads\/2022\/11\/CONECTADAS-N2_2-2-1024x682.jpg 1024w, https:\/\/dev.antudigital.cl\/sites\/vc\/wp-content\/uploads\/2022\/11\/CONECTADAS-N2_2-2-300x200.jpg 300w, https:\/\/dev.antudigital.cl\/sites\/vc\/wp-content\/uploads\/2022\/11\/CONECTADAS-N2_2-2-768x512.jpg 768w, https:\/\/dev.antudigital.cl\/sites\/vc\/wp-content\/uploads\/2022\/11\/CONECTADAS-N2_2-2-1536x1024.jpg 1536w, https:\/\/dev.antudigital.cl\/sites\/vc\/wp-content\/uploads\/2022\/11\/CONECTADAS-N2_2-2-1080x720.jpg 1080w, https:\/\/dev.antudigital.cl\/sites\/vc\/wp-content\/uploads\/2022\/11\/CONECTADAS-N2_2-2-1280x853.jpg 1280w, https:\/\/dev.antudigital.cl\/sites\/vc\/wp-content\/uploads\/2022\/11\/CONECTADAS-N2_2-2-980x653.jpg 980w, https:\/\/dev.antudigital.cl\/sites\/vc\/wp-content\/uploads\/2022\/11\/CONECTADAS-N2_2-2-480x320.jpg 480w, https:\/\/dev.antudigital.cl\/sites\/vc\/wp-content\/uploads\/2022\/11\/CONECTADAS-N2_2-2.jpg 2000w\" sizes=\"(max-width: 1024px) 100vw, 1024px\" \/><\/figure>\n\n\n\n<p>Esta publicaci\u00f3n busca generar un acercamiento de la comunidad al arte fotogr\u00e1fico y visual. Al mismo tiempo, invita a reflexionar e interpretar desde distintas realidades estas obras art\u00edsticas que expresan, la experiencia en las residencias virtuales del 2021 en tiempos de pandemia.<br><br>&#x1f4cd;\u00bfD\u00f3nde?<br>Balmaceda Arte Joven, Valpara\u00edso<br>&#x25aa;&#xfe0f;Sta. Isabel 739, Cerro Alegre<br><br>&#x26a1;\u00bfCu\u00e1ndo?<br>Mi\u00e9rcoles 30 de noviembre a las 18:00 horas<\/p>\n\n\n\n<p><\/p>\n","protected":false},"excerpt":{"rendered":"<p>EFFEM invita al lanzamiento del n\u00famero dos de su revista \u00abConectadas\u00bb, este mi\u00e9rcoles 30 en Balmaceda Arte Joven Valpara\u00edso. En esta nueva edici\u00f3n de la revista se podr\u00e1 apreciar los resultados fotogr\u00e1ficos y collages de todas las mujeres que participaron en sus residencias virtuales del a\u00f1o 2021. Tambi\u00e9n, se evidencian las reflexiones de Valentina Jara [&hellip;]<\/p>\n","protected":false},"author":1,"featured_media":12161,"comment_status":"open","ping_status":"closed","sticky":false,"template":"","format":"standard","meta":{"_acf_changed":false,"footnotes":""},"categories":[8],"tags":[],"class_list":["post-12143","post","type-post","status-publish","format-standard","has-post-thumbnail","hentry","category-noticia"],"acf":[],"yoast_head":"<!-- This site is optimized with the Yoast SEO plugin v27.1.1 - https:\/\/yoast.com\/product\/yoast-seo-wordpress\/ -->\n<title>Ven al segundo lanzamiento revista &quot;Conectadas&quot; N2 de EFFEM - Valpara\u00ed\u00adso Creativo<\/title>\n<meta name=\"robots\" content=\"index, follow, max-snippet:-1, max-image-preview:large, max-video-preview:-1\" \/>\n<link rel=\"canonical\" href=\"https:\/\/dev.antudigital.cl\/sites\/vc\/ven-al-segundo-lanzamiento-revista-conectadas-n2-de-effem\/\" \/>\n<meta property=\"og:locale\" content=\"es_ES\" \/>\n<meta property=\"og:type\" content=\"article\" \/>\n<meta property=\"og:title\" content=\"Ven al segundo lanzamiento revista &quot;Conectadas&quot; N2 de EFFEM - Valpara\u00ed\u00adso Creativo\" \/>\n<meta property=\"og:description\" content=\"EFFEM invita al lanzamiento del n\u00famero dos de su revista \u00abConectadas\u00bb, este mi\u00e9rcoles 30 en Balmaceda Arte Joven Valpara\u00edso. En esta nueva edici\u00f3n de la revista se podr\u00e1 apreciar los resultados fotogr\u00e1ficos y collages de todas las mujeres que participaron en sus residencias virtuales del a\u00f1o 2021. Tambi\u00e9n, se evidencian las reflexiones de Valentina Jara [&hellip;]\" \/>\n<meta property=\"og:url\" content=\"https:\/\/dev.antudigital.cl\/sites\/vc\/ven-al-segundo-lanzamiento-revista-conectadas-n2-de-effem\/\" \/>\n<meta property=\"og:site_name\" content=\"Valpara\u00ed\u00adso Creativo\" \/>\n<meta property=\"article:published_time\" content=\"2022-11-28T16:24:35+00:00\" \/>\n<meta property=\"article:modified_time\" content=\"2022-11-28T17:58:24+00:00\" \/>\n<meta property=\"og:image\" content=\"https:\/\/dev.antudigital.cl\/sites\/vc\/wp-content\/uploads\/2022\/11\/CONECTADAS-N2_1-2.jpg\" \/>\n\t<meta property=\"og:image:width\" content=\"2000\" \/>\n\t<meta property=\"og:image:height\" content=\"1333\" \/>\n\t<meta property=\"og:image:type\" content=\"image\/jpeg\" \/>\n<meta name=\"author\" content=\"Valpara\u00edso Creativo\" \/>\n<meta name=\"twitter:card\" content=\"summary_large_image\" \/>\n<meta name=\"twitter:label1\" content=\"Escrito por\" \/>\n\t<meta name=\"twitter:data1\" content=\"Valpara\u00edso Creativo\" \/>\n\t<meta name=\"twitter:label2\" content=\"Tiempo de lectura\" \/>\n\t<meta name=\"twitter:data2\" content=\"1 minuto\" \/>\n<script type=\"application\/ld+json\" class=\"yoast-schema-graph\">{\"@context\":\"https:\/\/schema.org\",\"@graph\":[{\"@type\":\"Article\",\"@id\":\"https:\/\/dev.antudigital.cl\/sites\/vc\/ven-al-segundo-lanzamiento-revista-conectadas-n2-de-effem\/#article\",\"isPartOf\":{\"@id\":\"https:\/\/dev.antudigital.cl\/sites\/vc\/ven-al-segundo-lanzamiento-revista-conectadas-n2-de-effem\/\"},\"author\":{\"name\":\"Valpara\u00edso Creativo\",\"@id\":\"https:\/\/dev.antudigital.cl\/sites\/vc\/#\/schema\/person\/c2b9da8dd545e27166fc5ab232837318\"},\"headline\":\"Ven al segundo lanzamiento revista \u00abConectadas\u00bb N2 de EFFEM\",\"datePublished\":\"2022-11-28T16:24:35+00:00\",\"dateModified\":\"2022-11-28T17:58:24+00:00\",\"mainEntityOfPage\":{\"@id\":\"https:\/\/dev.antudigital.cl\/sites\/vc\/ven-al-segundo-lanzamiento-revista-conectadas-n2-de-effem\/\"},\"wordCount\":199,\"commentCount\":0,\"image\":{\"@id\":\"https:\/\/dev.antudigital.cl\/sites\/vc\/ven-al-segundo-lanzamiento-revista-conectadas-n2-de-effem\/#primaryimage\"},\"thumbnailUrl\":\"https:\/\/dev.antudigital.cl\/sites\/vc\/wp-content\/uploads\/2022\/11\/CONECTADAS-N2_1-2.jpg\",\"articleSection\":[\"Noticia\"],\"inLanguage\":\"es\",\"potentialAction\":[{\"@type\":\"CommentAction\",\"name\":\"Comment\",\"target\":[\"https:\/\/dev.antudigital.cl\/sites\/vc\/ven-al-segundo-lanzamiento-revista-conectadas-n2-de-effem\/#respond\"]}]},{\"@type\":\"WebPage\",\"@id\":\"https:\/\/dev.antudigital.cl\/sites\/vc\/ven-al-segundo-lanzamiento-revista-conectadas-n2-de-effem\/\",\"url\":\"https:\/\/dev.antudigital.cl\/sites\/vc\/ven-al-segundo-lanzamiento-revista-conectadas-n2-de-effem\/\",\"name\":\"Ven al segundo lanzamiento revista \\\"Conectadas\\\" N2 de EFFEM - Valpara\u00ed\u00adso Creativo\",\"isPartOf\":{\"@id\":\"https:\/\/dev.antudigital.cl\/sites\/vc\/#website\"},\"primaryImageOfPage\":{\"@id\":\"https:\/\/dev.antudigital.cl\/sites\/vc\/ven-al-segundo-lanzamiento-revista-conectadas-n2-de-effem\/#primaryimage\"},\"image\":{\"@id\":\"https:\/\/dev.antudigital.cl\/sites\/vc\/ven-al-segundo-lanzamiento-revista-conectadas-n2-de-effem\/#primaryimage\"},\"thumbnailUrl\":\"https:\/\/dev.antudigital.cl\/sites\/vc\/wp-content\/uploads\/2022\/11\/CONECTADAS-N2_1-2.jpg\",\"datePublished\":\"2022-11-28T16:24:35+00:00\",\"dateModified\":\"2022-11-28T17:58:24+00:00\",\"author\":{\"@id\":\"https:\/\/dev.antudigital.cl\/sites\/vc\/#\/schema\/person\/c2b9da8dd545e27166fc5ab232837318\"},\"breadcrumb\":{\"@id\":\"https:\/\/dev.antudigital.cl\/sites\/vc\/ven-al-segundo-lanzamiento-revista-conectadas-n2-de-effem\/#breadcrumb\"},\"inLanguage\":\"es\",\"potentialAction\":[{\"@type\":\"ReadAction\",\"target\":[\"https:\/\/dev.antudigital.cl\/sites\/vc\/ven-al-segundo-lanzamiento-revista-conectadas-n2-de-effem\/\"]}]},{\"@type\":\"ImageObject\",\"inLanguage\":\"es\",\"@id\":\"https:\/\/dev.antudigital.cl\/sites\/vc\/ven-al-segundo-lanzamiento-revista-conectadas-n2-de-effem\/#primaryimage\",\"url\":\"https:\/\/dev.antudigital.cl\/sites\/vc\/wp-content\/uploads\/2022\/11\/CONECTADAS-N2_1-2.jpg\",\"contentUrl\":\"https:\/\/dev.antudigital.cl\/sites\/vc\/wp-content\/uploads\/2022\/11\/CONECTADAS-N2_1-2.jpg\",\"width\":2000,\"height\":1333},{\"@type\":\"BreadcrumbList\",\"@id\":\"https:\/\/dev.antudigital.cl\/sites\/vc\/ven-al-segundo-lanzamiento-revista-conectadas-n2-de-effem\/#breadcrumb\",\"itemListElement\":[{\"@type\":\"ListItem\",\"position\":1,\"name\":\"Home\",\"item\":\"https:\/\/dev.antudigital.cl\/sites\/vc\/\"},{\"@type\":\"ListItem\",\"position\":2,\"name\":\"Ven al segundo lanzamiento revista \u00abConectadas\u00bb N2 de EFFEM\"}]},{\"@type\":\"WebSite\",\"@id\":\"https:\/\/dev.antudigital.cl\/sites\/vc\/#website\",\"url\":\"https:\/\/dev.antudigital.cl\/sites\/vc\/\",\"name\":\"Valpara\u00ed\u00adso Creativo\",\"description\":\"\",\"potentialAction\":[{\"@type\":\"SearchAction\",\"target\":{\"@type\":\"EntryPoint\",\"urlTemplate\":\"https:\/\/dev.antudigital.cl\/sites\/vc\/?s={search_term_string}\"},\"query-input\":{\"@type\":\"PropertyValueSpecification\",\"valueRequired\":true,\"valueName\":\"search_term_string\"}}],\"inLanguage\":\"es\"},{\"@type\":\"Person\",\"@id\":\"https:\/\/dev.antudigital.cl\/sites\/vc\/#\/schema\/person\/c2b9da8dd545e27166fc5ab232837318\",\"name\":\"Valpara\u00edso Creativo\",\"description\":\"Periodista de cultura en la Regi\u00f3n de Valpara\u00edso.\",\"url\":\"https:\/\/dev.antudigital.cl\/sites\/vc\/author\/valpoadmin\/\"}]}<\/script>\n<!-- \/ Yoast SEO plugin. -->","yoast_head_json":{"title":"Ven al segundo lanzamiento revista \"Conectadas\" N2 de EFFEM - Valpara\u00ed\u00adso Creativo","robots":{"index":"index","follow":"follow","max-snippet":"max-snippet:-1","max-image-preview":"max-image-preview:large","max-video-preview":"max-video-preview:-1"},"canonical":"https:\/\/dev.antudigital.cl\/sites\/vc\/ven-al-segundo-lanzamiento-revista-conectadas-n2-de-effem\/","og_locale":"es_ES","og_type":"article","og_title":"Ven al segundo lanzamiento revista \"Conectadas\" N2 de EFFEM - Valpara\u00ed\u00adso Creativo","og_description":"EFFEM invita al lanzamiento del n\u00famero dos de su revista \u00abConectadas\u00bb, este mi\u00e9rcoles 30 en Balmaceda Arte Joven Valpara\u00edso. En esta nueva edici\u00f3n de la revista se podr\u00e1 apreciar los resultados fotogr\u00e1ficos y collages de todas las mujeres que participaron en sus residencias virtuales del a\u00f1o 2021. Tambi\u00e9n, se evidencian las reflexiones de Valentina Jara [&hellip;]","og_url":"https:\/\/dev.antudigital.cl\/sites\/vc\/ven-al-segundo-lanzamiento-revista-conectadas-n2-de-effem\/","og_site_name":"Valpara\u00ed\u00adso Creativo","article_published_time":"2022-11-28T16:24:35+00:00","article_modified_time":"2022-11-28T17:58:24+00:00","og_image":[{"width":2000,"height":1333,"url":"https:\/\/dev.antudigital.cl\/sites\/vc\/wp-content\/uploads\/2022\/11\/CONECTADAS-N2_1-2.jpg","type":"image\/jpeg"}],"author":"Valpara\u00edso Creativo","twitter_card":"summary_large_image","twitter_misc":{"Escrito por":"Valpara\u00edso Creativo","Tiempo de lectura":"1 minuto"},"schema":{"@context":"https:\/\/schema.org","@graph":[{"@type":"Article","@id":"https:\/\/dev.antudigital.cl\/sites\/vc\/ven-al-segundo-lanzamiento-revista-conectadas-n2-de-effem\/#article","isPartOf":{"@id":"https:\/\/dev.antudigital.cl\/sites\/vc\/ven-al-segundo-lanzamiento-revista-conectadas-n2-de-effem\/"},"author":{"name":"Valpara\u00edso Creativo","@id":"https:\/\/dev.antudigital.cl\/sites\/vc\/#\/schema\/person\/c2b9da8dd545e27166fc5ab232837318"},"headline":"Ven al segundo lanzamiento revista \u00abConectadas\u00bb N2 de EFFEM","datePublished":"2022-11-28T16:24:35+00:00","dateModified":"2022-11-28T17:58:24+00:00","mainEntityOfPage":{"@id":"https:\/\/dev.antudigital.cl\/sites\/vc\/ven-al-segundo-lanzamiento-revista-conectadas-n2-de-effem\/"},"wordCount":199,"commentCount":0,"image":{"@id":"https:\/\/dev.antudigital.cl\/sites\/vc\/ven-al-segundo-lanzamiento-revista-conectadas-n2-de-effem\/#primaryimage"},"thumbnailUrl":"https:\/\/dev.antudigital.cl\/sites\/vc\/wp-content\/uploads\/2022\/11\/CONECTADAS-N2_1-2.jpg","articleSection":["Noticia"],"inLanguage":"es","potentialAction":[{"@type":"CommentAction","name":"Comment","target":["https:\/\/dev.antudigital.cl\/sites\/vc\/ven-al-segundo-lanzamiento-revista-conectadas-n2-de-effem\/#respond"]}]},{"@type":"WebPage","@id":"https:\/\/dev.antudigital.cl\/sites\/vc\/ven-al-segundo-lanzamiento-revista-conectadas-n2-de-effem\/","url":"https:\/\/dev.antudigital.cl\/sites\/vc\/ven-al-segundo-lanzamiento-revista-conectadas-n2-de-effem\/","name":"Ven al segundo lanzamiento revista \"Conectadas\" N2 de EFFEM - Valpara\u00ed\u00adso Creativo","isPartOf":{"@id":"https:\/\/dev.antudigital.cl\/sites\/vc\/#website"},"primaryImageOfPage":{"@id":"https:\/\/dev.antudigital.cl\/sites\/vc\/ven-al-segundo-lanzamiento-revista-conectadas-n2-de-effem\/#primaryimage"},"image":{"@id":"https:\/\/dev.antudigital.cl\/sites\/vc\/ven-al-segundo-lanzamiento-revista-conectadas-n2-de-effem\/#primaryimage"},"thumbnailUrl":"https:\/\/dev.antudigital.cl\/sites\/vc\/wp-content\/uploads\/2022\/11\/CONECTADAS-N2_1-2.jpg","datePublished":"2022-11-28T16:24:35+00:00","dateModified":"2022-11-28T17:58:24+00:00","author":{"@id":"https:\/\/dev.antudigital.cl\/sites\/vc\/#\/schema\/person\/c2b9da8dd545e27166fc5ab232837318"},"breadcrumb":{"@id":"https:\/\/dev.antudigital.cl\/sites\/vc\/ven-al-segundo-lanzamiento-revista-conectadas-n2-de-effem\/#breadcrumb"},"inLanguage":"es","potentialAction":[{"@type":"ReadAction","target":["https:\/\/dev.antudigital.cl\/sites\/vc\/ven-al-segundo-lanzamiento-revista-conectadas-n2-de-effem\/"]}]},{"@type":"ImageObject","inLanguage":"es","@id":"https:\/\/dev.antudigital.cl\/sites\/vc\/ven-al-segundo-lanzamiento-revista-conectadas-n2-de-effem\/#primaryimage","url":"https:\/\/dev.antudigital.cl\/sites\/vc\/wp-content\/uploads\/2022\/11\/CONECTADAS-N2_1-2.jpg","contentUrl":"https:\/\/dev.antudigital.cl\/sites\/vc\/wp-content\/uploads\/2022\/11\/CONECTADAS-N2_1-2.jpg","width":2000,"height":1333},{"@type":"BreadcrumbList","@id":"https:\/\/dev.antudigital.cl\/sites\/vc\/ven-al-segundo-lanzamiento-revista-conectadas-n2-de-effem\/#breadcrumb","itemListElement":[{"@type":"ListItem","position":1,"name":"Home","item":"https:\/\/dev.antudigital.cl\/sites\/vc\/"},{"@type":"ListItem","position":2,"name":"Ven al segundo lanzamiento revista \u00abConectadas\u00bb N2 de EFFEM"}]},{"@type":"WebSite","@id":"https:\/\/dev.antudigital.cl\/sites\/vc\/#website","url":"https:\/\/dev.antudigital.cl\/sites\/vc\/","name":"Valpara\u00ed\u00adso Creativo","description":"","potentialAction":[{"@type":"SearchAction","target":{"@type":"EntryPoint","urlTemplate":"https:\/\/dev.antudigital.cl\/sites\/vc\/?s={search_term_string}"},"query-input":{"@type":"PropertyValueSpecification","valueRequired":true,"valueName":"search_term_string"}}],"inLanguage":"es"},{"@type":"Person","@id":"https:\/\/dev.antudigital.cl\/sites\/vc\/#\/schema\/person\/c2b9da8dd545e27166fc5ab232837318","name":"Valpara\u00edso Creativo","description":"Periodista de cultura en la Regi\u00f3n de Valpara\u00edso.","url":"https:\/\/dev.antudigital.cl\/sites\/vc\/author\/valpoadmin\/"}]}},"_links":{"self":[{"href":"https:\/\/dev.antudigital.cl\/sites\/vc\/wp-json\/wp\/v2\/posts\/12143","targetHints":{"allow":["GET"]}}],"collection":[{"href":"https:\/\/dev.antudigital.cl\/sites\/vc\/wp-json\/wp\/v2\/posts"}],"about":[{"href":"https:\/\/dev.antudigital.cl\/sites\/vc\/wp-json\/wp\/v2\/types\/post"}],"author":[{"embeddable":true,"href":"https:\/\/dev.antudigital.cl\/sites\/vc\/wp-json\/wp\/v2\/users\/1"}],"replies":[{"embeddable":true,"href":"https:\/\/dev.antudigital.cl\/sites\/vc\/wp-json\/wp\/v2\/comments?post=12143"}],"version-history":[{"count":2,"href":"https:\/\/dev.antudigital.cl\/sites\/vc\/wp-json\/wp\/v2\/posts\/12143\/revisions"}],"predecessor-version":[{"id":12163,"href":"https:\/\/dev.antudigital.cl\/sites\/vc\/wp-json\/wp\/v2\/posts\/12143\/revisions\/12163"}],"wp:featuredmedia":[{"embeddable":true,"href":"https:\/\/dev.antudigital.cl\/sites\/vc\/wp-json\/wp\/v2\/media\/12161"}],"wp:attachment":[{"href":"https:\/\/dev.antudigital.cl\/sites\/vc\/wp-json\/wp\/v2\/media?parent=12143"}],"wp:term":[{"taxonomy":"category","embeddable":true,"href":"https:\/\/dev.antudigital.cl\/sites\/vc\/wp-json\/wp\/v2\/categories?post=12143"},{"taxonomy":"post_tag","embeddable":true,"href":"https:\/\/dev.antudigital.cl\/sites\/vc\/wp-json\/wp\/v2\/tags?post=12143"}],"curies":[{"name":"wp","href":"https:\/\/api.w.org\/{rel}","templated":true}]}}