{"id":12147,"date":"2022-11-28T16:29:35","date_gmt":"2022-11-28T16:29:35","guid":{"rendered":"https:\/\/www.valparaisocreativo.cl\/?p=12147"},"modified":"2022-11-28T16:29:39","modified_gmt":"2022-11-28T16:29:39","slug":"corfo-tiene-convocatoria-abierta-semilla-expande","status":"publish","type":"post","link":"https:\/\/dev.antudigital.cl\/sites\/vc\/corfo-tiene-convocatoria-abierta-semilla-expande\/","title":{"rendered":"Corfo tiene convocatoria abierta: Semilla Expande"},"content":{"rendered":"\n<p>\u00bfTu producto o servicio innovador ya genera ventas? Da el siguiente paso con Semilla Expande. Postulaciones abiertas hasta el 21\/12. Adem\u00e1s habr\u00e1n webinars informativos.<\/p>\n\n\n\n<p><br>Desde el 24 de noviembre est\u00e1 abierta la convocatoria Semilla Expande, \u00bfDe qu\u00e9 trata?<\/p>\n\n\n\n<p>Si tienes un emprendimiento de alto potencial de crecimiento, con una soluci\u00f3n ya desarrollada y con ventas iniciales entre $100.000 y $60.000.000 durante los \u00faltimos 12 meses, postula a esta convocatoria para acceder a cofinanciamiento que te permitir\u00e1 expandir comercialmente tu emprendimiento.<\/p>\n\n\n\n<p>Semilla Expande est\u00e1 orientado a apoyar emprendimientos innovadores, esto es, proyectos que cuenten con una soluci\u00f3n mejorada respecto de lo que ya existe, corresponda a un desarrollo del equipo emprendedor, que atienda una problem\u00e1tica u oportunidad relevante al menos a nivel regional y tenga potencial para expandirse a nuevos mercados.<\/p>\n\n\n\n<p>Conoce todos los detalles <a href=\"https:\/\/www.corfo.cl\/sites\/cpp\/convocatorias\/movil\/semilla_expande\">en el siguiente link<\/a><\/p>\n\n\n\n<figure class=\"wp-block-image size-full\"><img fetchpriority=\"high\" decoding=\"async\" width=\"591\" height=\"595\" src=\"https:\/\/www.valparaisocreativo.cl\/wp-content\/uploads\/2022\/11\/Captura-de-Pantalla-2022-11-28-a-las-13.25.44.png\" alt=\"\" class=\"wp-image-12148\" srcset=\"https:\/\/dev.antudigital.cl\/sites\/vc\/wp-content\/uploads\/2022\/11\/Captura-de-Pantalla-2022-11-28-a-las-13.25.44.png 591w, https:\/\/dev.antudigital.cl\/sites\/vc\/wp-content\/uploads\/2022\/11\/Captura-de-Pantalla-2022-11-28-a-las-13.25.44-298x300.png 298w, https:\/\/dev.antudigital.cl\/sites\/vc\/wp-content\/uploads\/2022\/11\/Captura-de-Pantalla-2022-11-28-a-las-13.25.44-150x150.png 150w, https:\/\/dev.antudigital.cl\/sites\/vc\/wp-content\/uploads\/2022\/11\/Captura-de-Pantalla-2022-11-28-a-las-13.25.44-480x483.png 480w\" sizes=\"(max-width: 591px) 100vw, 591px\" \/><\/figure>\n","protected":false},"excerpt":{"rendered":"<p>\u00bfTu producto o servicio innovador ya genera ventas? Da el siguiente paso con Semilla Expande. Postulaciones abiertas hasta el 21\/12. Adem\u00e1s habr\u00e1n webinars informativos. Desde el 24 de noviembre est\u00e1 abierta la convocatoria Semilla Expande, \u00bfDe qu\u00e9 trata? Si tienes un emprendimiento de alto potencial de crecimiento, con una soluci\u00f3n ya desarrollada y con ventas [&hellip;]<\/p>\n","protected":false},"author":1,"featured_media":9938,"comment_status":"open","ping_status":"closed","sticky":false,"template":"","format":"standard","meta":{"_acf_changed":false,"footnotes":""},"categories":[8],"tags":[],"class_list":["post-12147","post","type-post","status-publish","format-standard","has-post-thumbnail","hentry","category-noticia"],"acf":[],"yoast_head":"<!-- This site is optimized with the Yoast SEO plugin v27.1.1 - https:\/\/yoast.com\/product\/yoast-seo-wordpress\/ -->\n<title>Corfo tiene convocatoria abierta: Semilla Expande - Valpara\u00ed\u00adso Creativo<\/title>\n<meta name=\"robots\" content=\"index, follow, max-snippet:-1, max-image-preview:large, max-video-preview:-1\" \/>\n<link rel=\"canonical\" href=\"https:\/\/dev.antudigital.cl\/sites\/vc\/corfo-tiene-convocatoria-abierta-semilla-expande\/\" \/>\n<meta property=\"og:locale\" content=\"es_ES\" \/>\n<meta property=\"og:type\" content=\"article\" \/>\n<meta property=\"og:title\" content=\"Corfo tiene convocatoria abierta: Semilla Expande - Valpara\u00ed\u00adso Creativo\" \/>\n<meta property=\"og:description\" content=\"\u00bfTu producto o servicio innovador ya genera ventas? Da el siguiente paso con Semilla Expande. Postulaciones abiertas hasta el 21\/12. Adem\u00e1s habr\u00e1n webinars informativos. Desde el 24 de noviembre est\u00e1 abierta la convocatoria Semilla Expande, \u00bfDe qu\u00e9 trata? Si tienes un emprendimiento de alto potencial de crecimiento, con una soluci\u00f3n ya desarrollada y con ventas [&hellip;]\" \/>\n<meta property=\"og:url\" content=\"https:\/\/dev.antudigital.cl\/sites\/vc\/corfo-tiene-convocatoria-abierta-semilla-expande\/\" \/>\n<meta property=\"og:site_name\" content=\"Valpara\u00ed\u00adso Creativo\" \/>\n<meta property=\"article:published_time\" content=\"2022-11-28T16:29:35+00:00\" \/>\n<meta property=\"article:modified_time\" content=\"2022-11-28T16:29:39+00:00\" \/>\n<meta property=\"og:image\" content=\"https:\/\/dev.antudigital.cl\/sites\/vc\/wp-content\/uploads\/2022\/03\/corfo2.jpg\" \/>\n\t<meta property=\"og:image:width\" content=\"1500\" \/>\n\t<meta property=\"og:image:height\" content=\"500\" \/>\n\t<meta property=\"og:image:type\" content=\"image\/jpeg\" \/>\n<meta name=\"author\" content=\"Valpara\u00edso Creativo\" \/>\n<meta name=\"twitter:card\" content=\"summary_large_image\" \/>\n<meta name=\"twitter:label1\" content=\"Escrito por\" \/>\n\t<meta name=\"twitter:data1\" content=\"Valpara\u00edso Creativo\" \/>\n\t<meta name=\"twitter:label2\" content=\"Tiempo de lectura\" \/>\n\t<meta name=\"twitter:data2\" content=\"1 minuto\" \/>\n<script type=\"application\/ld+json\" class=\"yoast-schema-graph\">{\"@context\":\"https:\/\/schema.org\",\"@graph\":[{\"@type\":\"Article\",\"@id\":\"https:\/\/dev.antudigital.cl\/sites\/vc\/corfo-tiene-convocatoria-abierta-semilla-expande\/#article\",\"isPartOf\":{\"@id\":\"https:\/\/dev.antudigital.cl\/sites\/vc\/corfo-tiene-convocatoria-abierta-semilla-expande\/\"},\"author\":{\"name\":\"Valpara\u00edso Creativo\",\"@id\":\"https:\/\/dev.antudigital.cl\/sites\/vc\/#\/schema\/person\/c2b9da8dd545e27166fc5ab232837318\"},\"headline\":\"Corfo tiene convocatoria abierta: Semilla Expande\",\"datePublished\":\"2022-11-28T16:29:35+00:00\",\"dateModified\":\"2022-11-28T16:29:39+00:00\",\"mainEntityOfPage\":{\"@id\":\"https:\/\/dev.antudigital.cl\/sites\/vc\/corfo-tiene-convocatoria-abierta-semilla-expande\/\"},\"wordCount\":144,\"commentCount\":0,\"image\":{\"@id\":\"https:\/\/dev.antudigital.cl\/sites\/vc\/corfo-tiene-convocatoria-abierta-semilla-expande\/#primaryimage\"},\"thumbnailUrl\":\"https:\/\/dev.antudigital.cl\/sites\/vc\/wp-content\/uploads\/2022\/03\/corfo2.jpg\",\"articleSection\":[\"Noticia\"],\"inLanguage\":\"es\",\"potentialAction\":[{\"@type\":\"CommentAction\",\"name\":\"Comment\",\"target\":[\"https:\/\/dev.antudigital.cl\/sites\/vc\/corfo-tiene-convocatoria-abierta-semilla-expande\/#respond\"]}]},{\"@type\":\"WebPage\",\"@id\":\"https:\/\/dev.antudigital.cl\/sites\/vc\/corfo-tiene-convocatoria-abierta-semilla-expande\/\",\"url\":\"https:\/\/dev.antudigital.cl\/sites\/vc\/corfo-tiene-convocatoria-abierta-semilla-expande\/\",\"name\":\"Corfo tiene convocatoria abierta: Semilla Expande - Valpara\u00ed\u00adso Creativo\",\"isPartOf\":{\"@id\":\"https:\/\/dev.antudigital.cl\/sites\/vc\/#website\"},\"primaryImageOfPage\":{\"@id\":\"https:\/\/dev.antudigital.cl\/sites\/vc\/corfo-tiene-convocatoria-abierta-semilla-expande\/#primaryimage\"},\"image\":{\"@id\":\"https:\/\/dev.antudigital.cl\/sites\/vc\/corfo-tiene-convocatoria-abierta-semilla-expande\/#primaryimage\"},\"thumbnailUrl\":\"https:\/\/dev.antudigital.cl\/sites\/vc\/wp-content\/uploads\/2022\/03\/corfo2.jpg\",\"datePublished\":\"2022-11-28T16:29:35+00:00\",\"dateModified\":\"2022-11-28T16:29:39+00:00\",\"author\":{\"@id\":\"https:\/\/dev.antudigital.cl\/sites\/vc\/#\/schema\/person\/c2b9da8dd545e27166fc5ab232837318\"},\"breadcrumb\":{\"@id\":\"https:\/\/dev.antudigital.cl\/sites\/vc\/corfo-tiene-convocatoria-abierta-semilla-expande\/#breadcrumb\"},\"inLanguage\":\"es\",\"potentialAction\":[{\"@type\":\"ReadAction\",\"target\":[\"https:\/\/dev.antudigital.cl\/sites\/vc\/corfo-tiene-convocatoria-abierta-semilla-expande\/\"]}]},{\"@type\":\"ImageObject\",\"inLanguage\":\"es\",\"@id\":\"https:\/\/dev.antudigital.cl\/sites\/vc\/corfo-tiene-convocatoria-abierta-semilla-expande\/#primaryimage\",\"url\":\"https:\/\/dev.antudigital.cl\/sites\/vc\/wp-content\/uploads\/2022\/03\/corfo2.jpg\",\"contentUrl\":\"https:\/\/dev.antudigital.cl\/sites\/vc\/wp-content\/uploads\/2022\/03\/corfo2.jpg\",\"width\":1500,\"height\":500},{\"@type\":\"BreadcrumbList\",\"@id\":\"https:\/\/dev.antudigital.cl\/sites\/vc\/corfo-tiene-convocatoria-abierta-semilla-expande\/#breadcrumb\",\"itemListElement\":[{\"@type\":\"ListItem\",\"position\":1,\"name\":\"Home\",\"item\":\"https:\/\/dev.antudigital.cl\/sites\/vc\/\"},{\"@type\":\"ListItem\",\"position\":2,\"name\":\"Corfo tiene convocatoria abierta: Semilla Expande\"}]},{\"@type\":\"WebSite\",\"@id\":\"https:\/\/dev.antudigital.cl\/sites\/vc\/#website\",\"url\":\"https:\/\/dev.antudigital.cl\/sites\/vc\/\",\"name\":\"Valpara\u00ed\u00adso Creativo\",\"description\":\"\",\"potentialAction\":[{\"@type\":\"SearchAction\",\"target\":{\"@type\":\"EntryPoint\",\"urlTemplate\":\"https:\/\/dev.antudigital.cl\/sites\/vc\/?s={search_term_string}\"},\"query-input\":{\"@type\":\"PropertyValueSpecification\",\"valueRequired\":true,\"valueName\":\"search_term_string\"}}],\"inLanguage\":\"es\"},{\"@type\":\"Person\",\"@id\":\"https:\/\/dev.antudigital.cl\/sites\/vc\/#\/schema\/person\/c2b9da8dd545e27166fc5ab232837318\",\"name\":\"Valpara\u00edso Creativo\",\"description\":\"Periodista de cultura en la Regi\u00f3n de Valpara\u00edso.\",\"url\":\"https:\/\/dev.antudigital.cl\/sites\/vc\/author\/valpoadmin\/\"}]}<\/script>\n<!-- \/ Yoast SEO plugin. -->","yoast_head_json":{"title":"Corfo tiene convocatoria abierta: Semilla Expande - Valpara\u00ed\u00adso Creativo","robots":{"index":"index","follow":"follow","max-snippet":"max-snippet:-1","max-image-preview":"max-image-preview:large","max-video-preview":"max-video-preview:-1"},"canonical":"https:\/\/dev.antudigital.cl\/sites\/vc\/corfo-tiene-convocatoria-abierta-semilla-expande\/","og_locale":"es_ES","og_type":"article","og_title":"Corfo tiene convocatoria abierta: Semilla Expande - Valpara\u00ed\u00adso Creativo","og_description":"\u00bfTu producto o servicio innovador ya genera ventas? Da el siguiente paso con Semilla Expande. Postulaciones abiertas hasta el 21\/12. Adem\u00e1s habr\u00e1n webinars informativos. Desde el 24 de noviembre est\u00e1 abierta la convocatoria Semilla Expande, \u00bfDe qu\u00e9 trata? Si tienes un emprendimiento de alto potencial de crecimiento, con una soluci\u00f3n ya desarrollada y con ventas [&hellip;]","og_url":"https:\/\/dev.antudigital.cl\/sites\/vc\/corfo-tiene-convocatoria-abierta-semilla-expande\/","og_site_name":"Valpara\u00ed\u00adso Creativo","article_published_time":"2022-11-28T16:29:35+00:00","article_modified_time":"2022-11-28T16:29:39+00:00","og_image":[{"width":1500,"height":500,"url":"https:\/\/dev.antudigital.cl\/sites\/vc\/wp-content\/uploads\/2022\/03\/corfo2.jpg","type":"image\/jpeg"}],"author":"Valpara\u00edso Creativo","twitter_card":"summary_large_image","twitter_misc":{"Escrito por":"Valpara\u00edso Creativo","Tiempo de lectura":"1 minuto"},"schema":{"@context":"https:\/\/schema.org","@graph":[{"@type":"Article","@id":"https:\/\/dev.antudigital.cl\/sites\/vc\/corfo-tiene-convocatoria-abierta-semilla-expande\/#article","isPartOf":{"@id":"https:\/\/dev.antudigital.cl\/sites\/vc\/corfo-tiene-convocatoria-abierta-semilla-expande\/"},"author":{"name":"Valpara\u00edso Creativo","@id":"https:\/\/dev.antudigital.cl\/sites\/vc\/#\/schema\/person\/c2b9da8dd545e27166fc5ab232837318"},"headline":"Corfo tiene convocatoria abierta: Semilla Expande","datePublished":"2022-11-28T16:29:35+00:00","dateModified":"2022-11-28T16:29:39+00:00","mainEntityOfPage":{"@id":"https:\/\/dev.antudigital.cl\/sites\/vc\/corfo-tiene-convocatoria-abierta-semilla-expande\/"},"wordCount":144,"commentCount":0,"image":{"@id":"https:\/\/dev.antudigital.cl\/sites\/vc\/corfo-tiene-convocatoria-abierta-semilla-expande\/#primaryimage"},"thumbnailUrl":"https:\/\/dev.antudigital.cl\/sites\/vc\/wp-content\/uploads\/2022\/03\/corfo2.jpg","articleSection":["Noticia"],"inLanguage":"es","potentialAction":[{"@type":"CommentAction","name":"Comment","target":["https:\/\/dev.antudigital.cl\/sites\/vc\/corfo-tiene-convocatoria-abierta-semilla-expande\/#respond"]}]},{"@type":"WebPage","@id":"https:\/\/dev.antudigital.cl\/sites\/vc\/corfo-tiene-convocatoria-abierta-semilla-expande\/","url":"https:\/\/dev.antudigital.cl\/sites\/vc\/corfo-tiene-convocatoria-abierta-semilla-expande\/","name":"Corfo tiene convocatoria abierta: Semilla Expande - Valpara\u00ed\u00adso Creativo","isPartOf":{"@id":"https:\/\/dev.antudigital.cl\/sites\/vc\/#website"},"primaryImageOfPage":{"@id":"https:\/\/dev.antudigital.cl\/sites\/vc\/corfo-tiene-convocatoria-abierta-semilla-expande\/#primaryimage"},"image":{"@id":"https:\/\/dev.antudigital.cl\/sites\/vc\/corfo-tiene-convocatoria-abierta-semilla-expande\/#primaryimage"},"thumbnailUrl":"https:\/\/dev.antudigital.cl\/sites\/vc\/wp-content\/uploads\/2022\/03\/corfo2.jpg","datePublished":"2022-11-28T16:29:35+00:00","dateModified":"2022-11-28T16:29:39+00:00","author":{"@id":"https:\/\/dev.antudigital.cl\/sites\/vc\/#\/schema\/person\/c2b9da8dd545e27166fc5ab232837318"},"breadcrumb":{"@id":"https:\/\/dev.antudigital.cl\/sites\/vc\/corfo-tiene-convocatoria-abierta-semilla-expande\/#breadcrumb"},"inLanguage":"es","potentialAction":[{"@type":"ReadAction","target":["https:\/\/dev.antudigital.cl\/sites\/vc\/corfo-tiene-convocatoria-abierta-semilla-expande\/"]}]},{"@type":"ImageObject","inLanguage":"es","@id":"https:\/\/dev.antudigital.cl\/sites\/vc\/corfo-tiene-convocatoria-abierta-semilla-expande\/#primaryimage","url":"https:\/\/dev.antudigital.cl\/sites\/vc\/wp-content\/uploads\/2022\/03\/corfo2.jpg","contentUrl":"https:\/\/dev.antudigital.cl\/sites\/vc\/wp-content\/uploads\/2022\/03\/corfo2.jpg","width":1500,"height":500},{"@type":"BreadcrumbList","@id":"https:\/\/dev.antudigital.cl\/sites\/vc\/corfo-tiene-convocatoria-abierta-semilla-expande\/#breadcrumb","itemListElement":[{"@type":"ListItem","position":1,"name":"Home","item":"https:\/\/dev.antudigital.cl\/sites\/vc\/"},{"@type":"ListItem","position":2,"name":"Corfo tiene convocatoria abierta: Semilla Expande"}]},{"@type":"WebSite","@id":"https:\/\/dev.antudigital.cl\/sites\/vc\/#website","url":"https:\/\/dev.antudigital.cl\/sites\/vc\/","name":"Valpara\u00ed\u00adso Creativo","description":"","potentialAction":[{"@type":"SearchAction","target":{"@type":"EntryPoint","urlTemplate":"https:\/\/dev.antudigital.cl\/sites\/vc\/?s={search_term_string}"},"query-input":{"@type":"PropertyValueSpecification","valueRequired":true,"valueName":"search_term_string"}}],"inLanguage":"es"},{"@type":"Person","@id":"https:\/\/dev.antudigital.cl\/sites\/vc\/#\/schema\/person\/c2b9da8dd545e27166fc5ab232837318","name":"Valpara\u00edso Creativo","description":"Periodista de cultura en la Regi\u00f3n de Valpara\u00edso.","url":"https:\/\/dev.antudigital.cl\/sites\/vc\/author\/valpoadmin\/"}]}},"_links":{"self":[{"href":"https:\/\/dev.antudigital.cl\/sites\/vc\/wp-json\/wp\/v2\/posts\/12147","targetHints":{"allow":["GET"]}}],"collection":[{"href":"https:\/\/dev.antudigital.cl\/sites\/vc\/wp-json\/wp\/v2\/posts"}],"about":[{"href":"https:\/\/dev.antudigital.cl\/sites\/vc\/wp-json\/wp\/v2\/types\/post"}],"author":[{"embeddable":true,"href":"https:\/\/dev.antudigital.cl\/sites\/vc\/wp-json\/wp\/v2\/users\/1"}],"replies":[{"embeddable":true,"href":"https:\/\/dev.antudigital.cl\/sites\/vc\/wp-json\/wp\/v2\/comments?post=12147"}],"version-history":[{"count":1,"href":"https:\/\/dev.antudigital.cl\/sites\/vc\/wp-json\/wp\/v2\/posts\/12147\/revisions"}],"predecessor-version":[{"id":12149,"href":"https:\/\/dev.antudigital.cl\/sites\/vc\/wp-json\/wp\/v2\/posts\/12147\/revisions\/12149"}],"wp:featuredmedia":[{"embeddable":true,"href":"https:\/\/dev.antudigital.cl\/sites\/vc\/wp-json\/wp\/v2\/media\/9938"}],"wp:attachment":[{"href":"https:\/\/dev.antudigital.cl\/sites\/vc\/wp-json\/wp\/v2\/media?parent=12147"}],"wp:term":[{"taxonomy":"category","embeddable":true,"href":"https:\/\/dev.antudigital.cl\/sites\/vc\/wp-json\/wp\/v2\/categories?post=12147"},{"taxonomy":"post_tag","embeddable":true,"href":"https:\/\/dev.antudigital.cl\/sites\/vc\/wp-json\/wp\/v2\/tags?post=12147"}],"curies":[{"name":"wp","href":"https:\/\/api.w.org\/{rel}","templated":true}]}}