{"id":12150,"date":"2022-11-28T17:45:12","date_gmt":"2022-11-28T17:45:12","guid":{"rendered":"https:\/\/www.valparaisocreativo.cl\/?p=12150"},"modified":"2022-11-28T17:45:24","modified_gmt":"2022-11-28T17:45:24","slug":"te-invitamos-al-lanzamiento-de-proyecto-suculento","status":"publish","type":"post","link":"https:\/\/dev.antudigital.cl\/sites\/vc\/te-invitamos-al-lanzamiento-de-proyecto-suculento\/","title":{"rendered":"Te invitamos al lanzamiento de Proyecto Suculento"},"content":{"rendered":"\n<p>Este 3 de diciembre ser\u00e1 el lanzamiento del libro <a href=\"https:\/\/www.instagram.com\/proyecto_suculento\/\">\u00abSuculento\u00bb,<\/a> en el Parque Cultural de Valpara\u00edso, de Paola Podesta, con 111 recetas italianas ilustradas, un gran trabajo creativo que ver\u00e1 su luz el pr\u00f3ximo s\u00e1bado. La actividad es completamente gratuita.<\/p>\n\n\n\n<figure class=\"wp-block-image size-full\"><img fetchpriority=\"high\" decoding=\"async\" width=\"477\" height=\"596\" src=\"https:\/\/www.valparaisocreativo.cl\/wp-content\/uploads\/2022\/11\/Captura-de-Pantalla-2022-11-28-a-las-14.41.19.png\" alt=\"\" class=\"wp-image-12151\" srcset=\"https:\/\/dev.antudigital.cl\/sites\/vc\/wp-content\/uploads\/2022\/11\/Captura-de-Pantalla-2022-11-28-a-las-14.41.19.png 477w, https:\/\/dev.antudigital.cl\/sites\/vc\/wp-content\/uploads\/2022\/11\/Captura-de-Pantalla-2022-11-28-a-las-14.41.19-240x300.png 240w\" sizes=\"(max-width: 477px) 100vw, 477px\" \/><\/figure>\n","protected":false},"excerpt":{"rendered":"<p>Este 3 de diciembre ser\u00e1 el lanzamiento del libro \u00abSuculento\u00bb, en el Parque Cultural de Valpara\u00edso, de Paola Podesta, con 111 recetas italianas ilustradas, un gran trabajo creativo que ver\u00e1 su luz el pr\u00f3ximo s\u00e1bado. La actividad es completamente gratuita.<\/p>\n","protected":false},"author":1,"featured_media":12152,"comment_status":"open","ping_status":"closed","sticky":false,"template":"","format":"standard","meta":{"_acf_changed":false,"footnotes":""},"categories":[8],"tags":[],"class_list":["post-12150","post","type-post","status-publish","format-standard","has-post-thumbnail","hentry","category-noticia"],"acf":[],"yoast_head":"<!-- This site is optimized with the Yoast SEO plugin v27.1.1 - https:\/\/yoast.com\/product\/yoast-seo-wordpress\/ -->\n<title>Te invitamos al lanzamiento de Proyecto Suculento - Valpara\u00ed\u00adso Creativo<\/title>\n<meta name=\"robots\" content=\"index, follow, max-snippet:-1, max-image-preview:large, max-video-preview:-1\" \/>\n<link rel=\"canonical\" href=\"https:\/\/dev.antudigital.cl\/sites\/vc\/te-invitamos-al-lanzamiento-de-proyecto-suculento\/\" \/>\n<meta property=\"og:locale\" content=\"es_ES\" \/>\n<meta property=\"og:type\" content=\"article\" \/>\n<meta property=\"og:title\" content=\"Te invitamos al lanzamiento de Proyecto Suculento - Valpara\u00ed\u00adso Creativo\" \/>\n<meta property=\"og:description\" content=\"Este 3 de diciembre ser\u00e1 el lanzamiento del libro \u00abSuculento\u00bb, en el Parque Cultural de Valpara\u00edso, de Paola Podesta, con 111 recetas italianas ilustradas, un gran trabajo creativo que ver\u00e1 su luz el pr\u00f3ximo s\u00e1bado. La actividad es completamente gratuita.\" \/>\n<meta property=\"og:url\" content=\"https:\/\/dev.antudigital.cl\/sites\/vc\/te-invitamos-al-lanzamiento-de-proyecto-suculento\/\" \/>\n<meta property=\"og:site_name\" content=\"Valpara\u00ed\u00adso Creativo\" \/>\n<meta property=\"article:published_time\" content=\"2022-11-28T17:45:12+00:00\" \/>\n<meta property=\"article:modified_time\" content=\"2022-11-28T17:45:24+00:00\" \/>\n<meta property=\"og:image\" content=\"https:\/\/dev.antudigital.cl\/sites\/vc\/wp-content\/uploads\/2022\/11\/Captura-de-Pantalla-2022-11-28-a-las-14.42.02.png\" \/>\n\t<meta property=\"og:image:width\" content=\"602\" \/>\n\t<meta property=\"og:image:height\" content=\"274\" \/>\n\t<meta property=\"og:image:type\" content=\"image\/png\" \/>\n<meta name=\"author\" content=\"Valpara\u00edso Creativo\" \/>\n<meta name=\"twitter:card\" content=\"summary_large_image\" \/>\n<meta name=\"twitter:label1\" content=\"Escrito por\" \/>\n\t<meta name=\"twitter:data1\" content=\"Valpara\u00edso Creativo\" \/>\n\t<meta name=\"twitter:label2\" content=\"Tiempo de lectura\" \/>\n\t<meta name=\"twitter:data2\" content=\"1 minuto\" \/>\n<script type=\"application\/ld+json\" class=\"yoast-schema-graph\">{\"@context\":\"https:\/\/schema.org\",\"@graph\":[{\"@type\":\"Article\",\"@id\":\"https:\/\/dev.antudigital.cl\/sites\/vc\/te-invitamos-al-lanzamiento-de-proyecto-suculento\/#article\",\"isPartOf\":{\"@id\":\"https:\/\/dev.antudigital.cl\/sites\/vc\/te-invitamos-al-lanzamiento-de-proyecto-suculento\/\"},\"author\":{\"name\":\"Valpara\u00edso Creativo\",\"@id\":\"https:\/\/dev.antudigital.cl\/sites\/vc\/#\/schema\/person\/c2b9da8dd545e27166fc5ab232837318\"},\"headline\":\"Te invitamos al lanzamiento de Proyecto Suculento\",\"datePublished\":\"2022-11-28T17:45:12+00:00\",\"dateModified\":\"2022-11-28T17:45:24+00:00\",\"mainEntityOfPage\":{\"@id\":\"https:\/\/dev.antudigital.cl\/sites\/vc\/te-invitamos-al-lanzamiento-de-proyecto-suculento\/\"},\"wordCount\":48,\"commentCount\":0,\"image\":{\"@id\":\"https:\/\/dev.antudigital.cl\/sites\/vc\/te-invitamos-al-lanzamiento-de-proyecto-suculento\/#primaryimage\"},\"thumbnailUrl\":\"https:\/\/dev.antudigital.cl\/sites\/vc\/wp-content\/uploads\/2022\/11\/Captura-de-Pantalla-2022-11-28-a-las-14.42.02.png\",\"articleSection\":[\"Noticia\"],\"inLanguage\":\"es\",\"potentialAction\":[{\"@type\":\"CommentAction\",\"name\":\"Comment\",\"target\":[\"https:\/\/dev.antudigital.cl\/sites\/vc\/te-invitamos-al-lanzamiento-de-proyecto-suculento\/#respond\"]}]},{\"@type\":\"WebPage\",\"@id\":\"https:\/\/dev.antudigital.cl\/sites\/vc\/te-invitamos-al-lanzamiento-de-proyecto-suculento\/\",\"url\":\"https:\/\/dev.antudigital.cl\/sites\/vc\/te-invitamos-al-lanzamiento-de-proyecto-suculento\/\",\"name\":\"Te invitamos al lanzamiento de Proyecto Suculento - Valpara\u00ed\u00adso Creativo\",\"isPartOf\":{\"@id\":\"https:\/\/dev.antudigital.cl\/sites\/vc\/#website\"},\"primaryImageOfPage\":{\"@id\":\"https:\/\/dev.antudigital.cl\/sites\/vc\/te-invitamos-al-lanzamiento-de-proyecto-suculento\/#primaryimage\"},\"image\":{\"@id\":\"https:\/\/dev.antudigital.cl\/sites\/vc\/te-invitamos-al-lanzamiento-de-proyecto-suculento\/#primaryimage\"},\"thumbnailUrl\":\"https:\/\/dev.antudigital.cl\/sites\/vc\/wp-content\/uploads\/2022\/11\/Captura-de-Pantalla-2022-11-28-a-las-14.42.02.png\",\"datePublished\":\"2022-11-28T17:45:12+00:00\",\"dateModified\":\"2022-11-28T17:45:24+00:00\",\"author\":{\"@id\":\"https:\/\/dev.antudigital.cl\/sites\/vc\/#\/schema\/person\/c2b9da8dd545e27166fc5ab232837318\"},\"breadcrumb\":{\"@id\":\"https:\/\/dev.antudigital.cl\/sites\/vc\/te-invitamos-al-lanzamiento-de-proyecto-suculento\/#breadcrumb\"},\"inLanguage\":\"es\",\"potentialAction\":[{\"@type\":\"ReadAction\",\"target\":[\"https:\/\/dev.antudigital.cl\/sites\/vc\/te-invitamos-al-lanzamiento-de-proyecto-suculento\/\"]}]},{\"@type\":\"ImageObject\",\"inLanguage\":\"es\",\"@id\":\"https:\/\/dev.antudigital.cl\/sites\/vc\/te-invitamos-al-lanzamiento-de-proyecto-suculento\/#primaryimage\",\"url\":\"https:\/\/dev.antudigital.cl\/sites\/vc\/wp-content\/uploads\/2022\/11\/Captura-de-Pantalla-2022-11-28-a-las-14.42.02.png\",\"contentUrl\":\"https:\/\/dev.antudigital.cl\/sites\/vc\/wp-content\/uploads\/2022\/11\/Captura-de-Pantalla-2022-11-28-a-las-14.42.02.png\",\"width\":602,\"height\":274},{\"@type\":\"BreadcrumbList\",\"@id\":\"https:\/\/dev.antudigital.cl\/sites\/vc\/te-invitamos-al-lanzamiento-de-proyecto-suculento\/#breadcrumb\",\"itemListElement\":[{\"@type\":\"ListItem\",\"position\":1,\"name\":\"Home\",\"item\":\"https:\/\/dev.antudigital.cl\/sites\/vc\/\"},{\"@type\":\"ListItem\",\"position\":2,\"name\":\"Te invitamos al lanzamiento de Proyecto Suculento\"}]},{\"@type\":\"WebSite\",\"@id\":\"https:\/\/dev.antudigital.cl\/sites\/vc\/#website\",\"url\":\"https:\/\/dev.antudigital.cl\/sites\/vc\/\",\"name\":\"Valpara\u00ed\u00adso Creativo\",\"description\":\"\",\"potentialAction\":[{\"@type\":\"SearchAction\",\"target\":{\"@type\":\"EntryPoint\",\"urlTemplate\":\"https:\/\/dev.antudigital.cl\/sites\/vc\/?s={search_term_string}\"},\"query-input\":{\"@type\":\"PropertyValueSpecification\",\"valueRequired\":true,\"valueName\":\"search_term_string\"}}],\"inLanguage\":\"es\"},{\"@type\":\"Person\",\"@id\":\"https:\/\/dev.antudigital.cl\/sites\/vc\/#\/schema\/person\/c2b9da8dd545e27166fc5ab232837318\",\"name\":\"Valpara\u00edso Creativo\",\"description\":\"Periodista de cultura en la Regi\u00f3n de Valpara\u00edso.\",\"url\":\"https:\/\/dev.antudigital.cl\/sites\/vc\/author\/valpoadmin\/\"}]}<\/script>\n<!-- \/ Yoast SEO plugin. -->","yoast_head_json":{"title":"Te invitamos al lanzamiento de Proyecto Suculento - Valpara\u00ed\u00adso Creativo","robots":{"index":"index","follow":"follow","max-snippet":"max-snippet:-1","max-image-preview":"max-image-preview:large","max-video-preview":"max-video-preview:-1"},"canonical":"https:\/\/dev.antudigital.cl\/sites\/vc\/te-invitamos-al-lanzamiento-de-proyecto-suculento\/","og_locale":"es_ES","og_type":"article","og_title":"Te invitamos al lanzamiento de Proyecto Suculento - Valpara\u00ed\u00adso Creativo","og_description":"Este 3 de diciembre ser\u00e1 el lanzamiento del libro \u00abSuculento\u00bb, en el Parque Cultural de Valpara\u00edso, de Paola Podesta, con 111 recetas italianas ilustradas, un gran trabajo creativo que ver\u00e1 su luz el pr\u00f3ximo s\u00e1bado. La actividad es completamente gratuita.","og_url":"https:\/\/dev.antudigital.cl\/sites\/vc\/te-invitamos-al-lanzamiento-de-proyecto-suculento\/","og_site_name":"Valpara\u00ed\u00adso Creativo","article_published_time":"2022-11-28T17:45:12+00:00","article_modified_time":"2022-11-28T17:45:24+00:00","og_image":[{"width":602,"height":274,"url":"https:\/\/dev.antudigital.cl\/sites\/vc\/wp-content\/uploads\/2022\/11\/Captura-de-Pantalla-2022-11-28-a-las-14.42.02.png","type":"image\/png"}],"author":"Valpara\u00edso Creativo","twitter_card":"summary_large_image","twitter_misc":{"Escrito por":"Valpara\u00edso Creativo","Tiempo de lectura":"1 minuto"},"schema":{"@context":"https:\/\/schema.org","@graph":[{"@type":"Article","@id":"https:\/\/dev.antudigital.cl\/sites\/vc\/te-invitamos-al-lanzamiento-de-proyecto-suculento\/#article","isPartOf":{"@id":"https:\/\/dev.antudigital.cl\/sites\/vc\/te-invitamos-al-lanzamiento-de-proyecto-suculento\/"},"author":{"name":"Valpara\u00edso Creativo","@id":"https:\/\/dev.antudigital.cl\/sites\/vc\/#\/schema\/person\/c2b9da8dd545e27166fc5ab232837318"},"headline":"Te invitamos al lanzamiento de Proyecto Suculento","datePublished":"2022-11-28T17:45:12+00:00","dateModified":"2022-11-28T17:45:24+00:00","mainEntityOfPage":{"@id":"https:\/\/dev.antudigital.cl\/sites\/vc\/te-invitamos-al-lanzamiento-de-proyecto-suculento\/"},"wordCount":48,"commentCount":0,"image":{"@id":"https:\/\/dev.antudigital.cl\/sites\/vc\/te-invitamos-al-lanzamiento-de-proyecto-suculento\/#primaryimage"},"thumbnailUrl":"https:\/\/dev.antudigital.cl\/sites\/vc\/wp-content\/uploads\/2022\/11\/Captura-de-Pantalla-2022-11-28-a-las-14.42.02.png","articleSection":["Noticia"],"inLanguage":"es","potentialAction":[{"@type":"CommentAction","name":"Comment","target":["https:\/\/dev.antudigital.cl\/sites\/vc\/te-invitamos-al-lanzamiento-de-proyecto-suculento\/#respond"]}]},{"@type":"WebPage","@id":"https:\/\/dev.antudigital.cl\/sites\/vc\/te-invitamos-al-lanzamiento-de-proyecto-suculento\/","url":"https:\/\/dev.antudigital.cl\/sites\/vc\/te-invitamos-al-lanzamiento-de-proyecto-suculento\/","name":"Te invitamos al lanzamiento de Proyecto Suculento - Valpara\u00ed\u00adso Creativo","isPartOf":{"@id":"https:\/\/dev.antudigital.cl\/sites\/vc\/#website"},"primaryImageOfPage":{"@id":"https:\/\/dev.antudigital.cl\/sites\/vc\/te-invitamos-al-lanzamiento-de-proyecto-suculento\/#primaryimage"},"image":{"@id":"https:\/\/dev.antudigital.cl\/sites\/vc\/te-invitamos-al-lanzamiento-de-proyecto-suculento\/#primaryimage"},"thumbnailUrl":"https:\/\/dev.antudigital.cl\/sites\/vc\/wp-content\/uploads\/2022\/11\/Captura-de-Pantalla-2022-11-28-a-las-14.42.02.png","datePublished":"2022-11-28T17:45:12+00:00","dateModified":"2022-11-28T17:45:24+00:00","author":{"@id":"https:\/\/dev.antudigital.cl\/sites\/vc\/#\/schema\/person\/c2b9da8dd545e27166fc5ab232837318"},"breadcrumb":{"@id":"https:\/\/dev.antudigital.cl\/sites\/vc\/te-invitamos-al-lanzamiento-de-proyecto-suculento\/#breadcrumb"},"inLanguage":"es","potentialAction":[{"@type":"ReadAction","target":["https:\/\/dev.antudigital.cl\/sites\/vc\/te-invitamos-al-lanzamiento-de-proyecto-suculento\/"]}]},{"@type":"ImageObject","inLanguage":"es","@id":"https:\/\/dev.antudigital.cl\/sites\/vc\/te-invitamos-al-lanzamiento-de-proyecto-suculento\/#primaryimage","url":"https:\/\/dev.antudigital.cl\/sites\/vc\/wp-content\/uploads\/2022\/11\/Captura-de-Pantalla-2022-11-28-a-las-14.42.02.png","contentUrl":"https:\/\/dev.antudigital.cl\/sites\/vc\/wp-content\/uploads\/2022\/11\/Captura-de-Pantalla-2022-11-28-a-las-14.42.02.png","width":602,"height":274},{"@type":"BreadcrumbList","@id":"https:\/\/dev.antudigital.cl\/sites\/vc\/te-invitamos-al-lanzamiento-de-proyecto-suculento\/#breadcrumb","itemListElement":[{"@type":"ListItem","position":1,"name":"Home","item":"https:\/\/dev.antudigital.cl\/sites\/vc\/"},{"@type":"ListItem","position":2,"name":"Te invitamos al lanzamiento de Proyecto Suculento"}]},{"@type":"WebSite","@id":"https:\/\/dev.antudigital.cl\/sites\/vc\/#website","url":"https:\/\/dev.antudigital.cl\/sites\/vc\/","name":"Valpara\u00ed\u00adso Creativo","description":"","potentialAction":[{"@type":"SearchAction","target":{"@type":"EntryPoint","urlTemplate":"https:\/\/dev.antudigital.cl\/sites\/vc\/?s={search_term_string}"},"query-input":{"@type":"PropertyValueSpecification","valueRequired":true,"valueName":"search_term_string"}}],"inLanguage":"es"},{"@type":"Person","@id":"https:\/\/dev.antudigital.cl\/sites\/vc\/#\/schema\/person\/c2b9da8dd545e27166fc5ab232837318","name":"Valpara\u00edso Creativo","description":"Periodista de cultura en la Regi\u00f3n de Valpara\u00edso.","url":"https:\/\/dev.antudigital.cl\/sites\/vc\/author\/valpoadmin\/"}]}},"_links":{"self":[{"href":"https:\/\/dev.antudigital.cl\/sites\/vc\/wp-json\/wp\/v2\/posts\/12150","targetHints":{"allow":["GET"]}}],"collection":[{"href":"https:\/\/dev.antudigital.cl\/sites\/vc\/wp-json\/wp\/v2\/posts"}],"about":[{"href":"https:\/\/dev.antudigital.cl\/sites\/vc\/wp-json\/wp\/v2\/types\/post"}],"author":[{"embeddable":true,"href":"https:\/\/dev.antudigital.cl\/sites\/vc\/wp-json\/wp\/v2\/users\/1"}],"replies":[{"embeddable":true,"href":"https:\/\/dev.antudigital.cl\/sites\/vc\/wp-json\/wp\/v2\/comments?post=12150"}],"version-history":[{"count":1,"href":"https:\/\/dev.antudigital.cl\/sites\/vc\/wp-json\/wp\/v2\/posts\/12150\/revisions"}],"predecessor-version":[{"id":12153,"href":"https:\/\/dev.antudigital.cl\/sites\/vc\/wp-json\/wp\/v2\/posts\/12150\/revisions\/12153"}],"wp:featuredmedia":[{"embeddable":true,"href":"https:\/\/dev.antudigital.cl\/sites\/vc\/wp-json\/wp\/v2\/media\/12152"}],"wp:attachment":[{"href":"https:\/\/dev.antudigital.cl\/sites\/vc\/wp-json\/wp\/v2\/media?parent=12150"}],"wp:term":[{"taxonomy":"category","embeddable":true,"href":"https:\/\/dev.antudigital.cl\/sites\/vc\/wp-json\/wp\/v2\/categories?post=12150"},{"taxonomy":"post_tag","embeddable":true,"href":"https:\/\/dev.antudigital.cl\/sites\/vc\/wp-json\/wp\/v2\/tags?post=12150"}],"curies":[{"name":"wp","href":"https:\/\/api.w.org\/{rel}","templated":true}]}}