{"id":12164,"date":"2022-11-28T23:38:33","date_gmt":"2022-11-28T23:38:33","guid":{"rendered":"https:\/\/www.valparaisocreativo.cl\/?p=12164"},"modified":"2022-11-28T23:38:37","modified_gmt":"2022-11-28T23:38:37","slug":"musica-para-volar-entrevista-a-pajaro-provinciano","status":"publish","type":"post","link":"https:\/\/dev.antudigital.cl\/sites\/vc\/musica-para-volar-entrevista-a-pajaro-provinciano\/","title":{"rendered":"M\u00fasica para volar: entrevista a P\u00e1jaro Provinciano"},"content":{"rendered":"\n<p>Ricardo N\u00fa\u00f1ez es <a href=\"https:\/\/www.instagram.com\/pajaroprovinciano\/\">P\u00e1jaro Provinciano<\/a>,y tambi\u00e9n es Director del Sello M\u00fasica del Sur. Entre estos dos oficios se divide el cantautor que vino del Maule, pero que actualmente est\u00e1 radicado en Cerro Florida, Valpara\u00edso.<\/p>\n\n\n\n<p>Ad portas de un nuevo proyecto para la m\u00fasica local que estamos gestionando en conjunto con M\u00fasica del Sur, Ricardo nos cuenta un poco de las tantas cosas en las que est\u00e1 incursionando, y c\u00f3mo ve la m\u00fasica desde su rinc\u00f3n.<\/p>\n\n\n\n<p><strong>\u00bfDesde hace cu\u00e1ndo que est\u00e1s trabajando en la m\u00fasica como solista?<\/strong><\/p>\n\n\n\n<p>-Yo decid\u00ed dedicarme 100% a la m\u00fasica el a\u00f1o 2010, pero primero estudi\u00e9 la carrera de Derecho. Esto componiendo, publicando fonogramas, tocando o en actividades relacionadas a la producci\u00f3n musical, la gesti\u00f3n cultural y as\u00ed hasta llegar a ser el nuevo director de M\u00fasica del Sur desde Valpara\u00edso.<\/p>\n\n\n\n<p><strong>\u00bfAdem\u00e1s haces talleres de formaci\u00f3n cierto?<\/strong><\/p>\n\n\n\n<p>-Aparte de hacer conciertos tradicionales, hago actividades formativas y conciertos en otro tipo de escenarios como escuelas rurales, colegios, c\u00e1rceles, en residencias de Sename. Acompa\u00f1ando procesos de formaci\u00f3n, pues les llamo Conciertos Pedag\u00f3dicos, ya que son experiencias. A trav\u00e9s de canciones, vamos reforzando materias de la teor\u00eda musical pero de manera l\u00fadica, como artista no como docente.<\/p>\n\n\n\n<p><strong>\u00bfY c\u00f3mo ha sido ese proceso de entrar en esos espacios?<\/strong><\/p>\n\n\n\n<p>&#8211; Bueno en realidad es s\u00faper distinto a todo lo protocolar que tiene una presentaci\u00f3n musical en un teatro, donde uno est\u00e1 arriba del p\u00fablico f\u00edsicamente. En cambio aqu\u00ed uno tiene que \u201cbajar\u201d, meter las patas en la tierra y encontrarte con una realidad que normalmente no se muestra en los medios o e la tele, algo que se oculta como lo que pasa en las c\u00e1rceles o en el Sename, no se habla de eso. Hay ciertos programas relacionados con la m\u00fasica que pasan por alto escuelas muy alejadas, y desde esa carencia y experiencias que observ\u00e9, y empec\u00e9 a intentar replicar estas iniciativas autogestionadas. Luego fui revisando distintos programas p\u00fablicos para buscarle el enganche para hacer lo que nosotros quer\u00edamos.<\/p>\n\n\n\n<p>Desde el a\u00f1o 2015 estamos con el programa Arte Educador, trabajando en la c\u00e1rcel de Linares y de Talca, trabajo constante de creaci\u00f3n y producci\u00f3n musical, donde hemos lanzado incluso un compilado. A trav\u00e9s de una fundaci\u00f3n he hecho lo mismo en hogares y residencias del Sename y viendo todas esas realidades. Una realidad compleja.&nbsp;<\/p>\n\n\n\n<p><strong>\u00bfTrabajas entonces con gente de todas las edades?<\/strong><\/p>\n\n\n\n<p>-S\u00ed, desde ni\u00f1os y ni\u00f1as de 5 en adelante hasta personas privadas de libertad con m\u00e1s de 60 a\u00f1os.<\/p>\n\n\n\n<p><strong>\u00bfHay diferencias en c\u00f3mo se vinculan con la m\u00fasica estos diversos p\u00fablicos?<\/strong><\/p>\n\n\n\n<p>-S\u00ed quiz\u00e1s en los estilos y gustos. En las preferencias. Pero la manera de disfrutar la m\u00fasica es muy similar. La metodolog\u00eda que uso es la misma. Parto preguntando qu\u00e9 est\u00e1n escuchando ellos con una canci\u00f3n y c\u00f3mo eso abre la conversaci\u00f3n. Desde sus tendencias incentivarles a crear, sea un verso o una melod\u00eda. Vamos haciendo un trabajo de retroalimentaci\u00f3n. Y eso es muy natural, pues incluso cuando aprendemos a hablar, cantamos. Este instinto se mantiene. Incluso nos hemos presentado en el Rock\u00f3dromo, y a fin de a\u00f1o sacaremos a gente de las c\u00e1rceles de la Regi\u00f3n del Maule para que se presenten en el Centro Cultural Municipal de Talca para mostrar sus creaciones.<\/p>\n\n\n\n<figure class=\"wp-block-image size-large\"><img fetchpriority=\"high\" decoding=\"async\" width=\"1024\" height=\"416\" src=\"https:\/\/www.valparaisocreativo.cl\/wp-content\/uploads\/2022\/11\/pajaro-provinciano-1024x416.jpg\" alt=\"\" class=\"wp-image-12166\" srcset=\"https:\/\/dev.antudigital.cl\/sites\/vc\/wp-content\/uploads\/2022\/11\/pajaro-provinciano-1024x416.jpg 1024w, https:\/\/dev.antudigital.cl\/sites\/vc\/wp-content\/uploads\/2022\/11\/pajaro-provinciano-300x122.jpg 300w, https:\/\/dev.antudigital.cl\/sites\/vc\/wp-content\/uploads\/2022\/11\/pajaro-provinciano-768x312.jpg 768w, https:\/\/dev.antudigital.cl\/sites\/vc\/wp-content\/uploads\/2022\/11\/pajaro-provinciano-1080x438.jpg 1080w, https:\/\/dev.antudigital.cl\/sites\/vc\/wp-content\/uploads\/2022\/11\/pajaro-provinciano-980x398.jpg 980w, https:\/\/dev.antudigital.cl\/sites\/vc\/wp-content\/uploads\/2022\/11\/pajaro-provinciano-480x195.jpg 480w, https:\/\/dev.antudigital.cl\/sites\/vc\/wp-content\/uploads\/2022\/11\/pajaro-provinciano.jpg 1195w\" sizes=\"(max-width: 1024px) 100vw, 1024px\" \/><\/figure>\n\n\n\n<p><strong>\u00bfY ac\u00e1 en Valpara\u00edso, con quienes trabajas?<\/strong><\/p>\n\n\n\n<p>-Bueno siempre he tenido una vinculaci\u00f3n con Valpara\u00edso, donde vivo ahora. Grab\u00e9 mi disco el 2018 en el Barrio Puerto en estudios F\u00e1bula. He tocado varias veces en el Rock\u00f3dromo, Rock Carnaza, por ejemplo. Ahora estoy con Balmaceda Arte Joven trabajando con creadores muy j\u00f3venes, y eso tambi\u00e9n fue un proceso muy bonito de trabajar el proceso antes del estudio. Para muchos era su primera vez componiendo o cantando.<\/p>\n\n\n\n<p>Ac\u00e1 hay oficio musical, hay creatividad, hay algo que no lo tienen las otras regiones, y se nota.<\/p>\n\n\n\n<p><strong>Actualmente eres del Director de M\u00fasica del Sur, \u00bfc\u00f3mo fue ocurriendo eso?<\/strong><\/p>\n\n\n\n<p>-Pues yo compr\u00e9 el Sello al director anterior, lo que fue un tremendo acto de confianza, pues el sello tiene una trayectoria de m\u00e1s de 10 a\u00f1os, con proyectos s\u00faper importantes y yo recuerdo que los escuchaba desde la universidad. Llegar a esto es important\u00edsimo, es un salto profesional muy grande, pues no solamente estoy a cargo de lo creativo, sino tambi\u00e9n de lo administrativo. Asesoro proyectos, doy opiniones, pero tambi\u00e9n es lo contable, lo jur\u00eddico, y eso es un gran cambio para un artista. Tambi\u00e9n me he tenido que meter en el tema de la distribuci\u00f3n musical, lo que ha sido muy entretenido. Ver c\u00f3mo las canciones c\u00f3mo se arman y c\u00f3mo entran a las playlists, los planes de marketing\u2026 es todo un lindo backstage. Adem\u00e1s me ha tocado trabajar con artistas que yo admiro mucho y ha sido muy enriquecedor. Creo que hasta el momento he demostrado que tengo las capacidades de llevar esto, hemos tenido buenos resultados, y quiero seguir de aqu\u00ed para arriba.<\/p>\n\n\n\n<p><strong>\u00bfCon cu\u00e1ntos artistas trabajas?<\/strong><\/p>\n\n\n\n<p>-Hay cerca de 35 proyectos de la Regi\u00f3n de Valpara\u00edso y de todo el pa\u00eds: de Magallanes, del Maule, del Norte e incluso de Santiago. Dentro de la Regi\u00f3n nuestra tambi\u00e9n hay una diversidad: de Quillota, Cartagena, Algarrobo, Vi\u00f1a del Mar, es bien diverso.<\/p>\n\n\n\n<p>Lo que buscamos es transmitir m\u00fasica chilena, esa es nuestra l\u00ednea editorial. Confiamos mucho en el poder de las canciones, lo que en la industria no siempre se ve bien, pero nosotros somos unos rom\u00e1nticos. Que es una v\u00eda de comunicaci\u00f3n entre el proyecto art\u00edstico y la gente.<\/p>\n\n\n\n<p><strong>\u00bfC\u00f3mo ha sido visualizar los proyectos musicales de otros y posicionarte desde esa vereda?<\/strong><\/p>\n\n\n\n<p>-Ha sido s\u00faper rico, pues est\u00e1s viendo el proyecto musical desde fuera y no solamente desde lo art\u00edstico. Como creadores al lanzar un fonograma, cuando viene la hora de distribuirlo, viene una gran inseguridad y queremos sacarlo todo, eso igual me pasa. Pero al verlo desde fuera puedo ordenar, presentar distintas opciones, e incluso sacar ciertos laberintos mentales de los proyectos y me lleva a definir cosas, la estrategia. Me tuve que capacitar mucho, pero he agradecido mucho la confianza de cada uno de los proyectos que hemos lanzado hasta ahora, que han sido 8 proyectos desde mayo del 2022.<\/p>\n\n\n\n<p><strong>Con respecto a tu carrera de solista, actualmente lanzaste un single y te aventuraste en una gira, \u00bfc\u00f3mo va eso?<\/strong><\/p>\n\n\n\n<p>-Saqu\u00e9 mi primer single desde Valpara\u00edso, Jard\u00edn de Invierno, que fue una canci\u00f3n que se produjo en invierno en el Cerro Florida, se mezcl\u00f3 y masteriz\u00f3 por MOWAT. Y se lanz\u00f3 en primavera, con una gira que ha ido creciendo en fechas, por lo que llegar\u00e1 hasta el verano al terminar en diciembre.&nbsp;<\/p>\n\n\n\n<p><strong>\u00bfY en qu\u00e9 est\u00e1s como solista?<\/strong><\/p>\n\n\n\n<p>-Bueno Jard\u00edn de Invierno es el single del segundo LP de P\u00e1jaro Provinciano, que no tiene fecha a\u00fan, pues estoy d\u00e1ndome todo el tiempo para ese proceso creativo\u2026 para que el resultado suene como yo quiero. Este trabajo tendr\u00e1 hartas canciones y ser\u00e1 producido desde Valpara\u00edso, as\u00ed dejando mi sonido de cuando estaba en el Maule, ya que ac\u00e1 he sido muy influenciado.&nbsp;<\/p>\n\n\n\n<p><strong>Finalmente, \u00bfqu\u00e9 quieres transmitir con tu m\u00fasica?<\/strong><\/p>\n\n\n\n<p>-Bueno, trabajo mucho con el imaginario de la cultura pop, hablando de lo cotidiano, y conversando en las canciones acerca de las relaciones humanas, eso es lo que trato de meter en las canciones. Siempre estoy muy atento a las conversaciones de la calle, desde donde salen muy entretenidos temas y que son diarios y dejamos de lado, pero tienen gran riqueza y sabidur\u00eda de la gente. Creo que eso es necesario rescatarlos.<\/p>\n\n\n\n<figure class=\"wp-block-embed is-type-video is-provider-youtube wp-block-embed-youtube wp-embed-aspect-16-9 wp-has-aspect-ratio\"><div class=\"wp-block-embed__wrapper\">\n<iframe title=\"P\u00c1JARO PROVINCIANO - JARD\u00cdN DE INVIERNO (VIDEO OFICIAL 4K)\" width=\"800\" height=\"450\" src=\"https:\/\/www.youtube.com\/embed\/MhExp7JDf60?feature=oembed\" frameborder=\"0\" allow=\"accelerometer; autoplay; clipboard-write; encrypted-media; gyroscope; picture-in-picture; web-share\" referrerpolicy=\"strict-origin-when-cross-origin\" allowfullscreen><\/iframe>\n<\/div><\/figure>\n\n\n\n<p>Puedes saber m\u00e1s de P\u00e1jaro Provinciano y <a href=\"https:\/\/www.instagram.com\/pajaroprovinciano\/\">seguirlo en sus redes sociales.<\/a><\/p>\n","protected":false},"excerpt":{"rendered":"<p>Ricardo N\u00fa\u00f1ez es P\u00e1jaro Provinciano,y tambi\u00e9n es Director del Sello M\u00fasica del Sur. Entre estos dos oficios se divide el cantautor que vino del Maule, pero que actualmente est\u00e1 radicado en Cerro Florida, Valpara\u00edso. Ad portas de un nuevo proyecto para la m\u00fasica local que estamos gestionando en conjunto con M\u00fasica del Sur, Ricardo nos [&hellip;]<\/p>\n","protected":false},"author":1,"featured_media":12165,"comment_status":"open","ping_status":"closed","sticky":false,"template":"","format":"standard","meta":{"_acf_changed":false,"footnotes":""},"categories":[1],"tags":[],"class_list":["post-12164","post","type-post","status-publish","format-standard","has-post-thumbnail","hentry","category-uncategorized"],"acf":[],"yoast_head":"<!-- This site is optimized with the Yoast SEO plugin v27.1.1 - https:\/\/yoast.com\/product\/yoast-seo-wordpress\/ -->\n<title>M\u00fasica para volar: entrevista a P\u00e1jaro Provinciano - Valpara\u00ed\u00adso Creativo<\/title>\n<meta name=\"robots\" content=\"index, follow, max-snippet:-1, max-image-preview:large, max-video-preview:-1\" \/>\n<link rel=\"canonical\" href=\"https:\/\/dev.antudigital.cl\/sites\/vc\/musica-para-volar-entrevista-a-pajaro-provinciano\/\" \/>\n<meta property=\"og:locale\" content=\"es_ES\" \/>\n<meta property=\"og:type\" content=\"article\" \/>\n<meta property=\"og:title\" content=\"M\u00fasica para volar: entrevista a P\u00e1jaro Provinciano - Valpara\u00ed\u00adso Creativo\" \/>\n<meta property=\"og:description\" content=\"Ricardo N\u00fa\u00f1ez es P\u00e1jaro Provinciano,y tambi\u00e9n es Director del Sello M\u00fasica del Sur. Entre estos dos oficios se divide el cantautor que vino del Maule, pero que actualmente est\u00e1 radicado en Cerro Florida, Valpara\u00edso. Ad portas de un nuevo proyecto para la m\u00fasica local que estamos gestionando en conjunto con M\u00fasica del Sur, Ricardo nos [&hellip;]\" \/>\n<meta property=\"og:url\" content=\"https:\/\/dev.antudigital.cl\/sites\/vc\/musica-para-volar-entrevista-a-pajaro-provinciano\/\" \/>\n<meta property=\"og:site_name\" content=\"Valpara\u00ed\u00adso Creativo\" \/>\n<meta property=\"article:published_time\" content=\"2022-11-28T23:38:33+00:00\" \/>\n<meta property=\"article:modified_time\" content=\"2022-11-28T23:38:37+00:00\" \/>\n<meta property=\"og:image\" content=\"https:\/\/dev.antudigital.cl\/sites\/vc\/wp-content\/uploads\/2022\/11\/pajaro-provinciano2.jpg\" \/>\n\t<meta property=\"og:image:width\" content=\"1170\" \/>\n\t<meta property=\"og:image:height\" content=\"512\" \/>\n\t<meta property=\"og:image:type\" content=\"image\/jpeg\" \/>\n<meta name=\"author\" content=\"Valpara\u00edso Creativo\" \/>\n<meta name=\"twitter:card\" content=\"summary_large_image\" \/>\n<meta name=\"twitter:label1\" content=\"Escrito por\" \/>\n\t<meta name=\"twitter:data1\" content=\"Valpara\u00edso Creativo\" \/>\n\t<meta name=\"twitter:label2\" content=\"Tiempo de lectura\" \/>\n\t<meta name=\"twitter:data2\" content=\"6 minutos\" \/>\n<script type=\"application\/ld+json\" class=\"yoast-schema-graph\">{\"@context\":\"https:\/\/schema.org\",\"@graph\":[{\"@type\":\"Article\",\"@id\":\"https:\/\/dev.antudigital.cl\/sites\/vc\/musica-para-volar-entrevista-a-pajaro-provinciano\/#article\",\"isPartOf\":{\"@id\":\"https:\/\/dev.antudigital.cl\/sites\/vc\/musica-para-volar-entrevista-a-pajaro-provinciano\/\"},\"author\":{\"name\":\"Valpara\u00edso Creativo\",\"@id\":\"https:\/\/dev.antudigital.cl\/sites\/vc\/#\/schema\/person\/c2b9da8dd545e27166fc5ab232837318\"},\"headline\":\"M\u00fasica para volar: entrevista a P\u00e1jaro Provinciano\",\"datePublished\":\"2022-11-28T23:38:33+00:00\",\"dateModified\":\"2022-11-28T23:38:37+00:00\",\"mainEntityOfPage\":{\"@id\":\"https:\/\/dev.antudigital.cl\/sites\/vc\/musica-para-volar-entrevista-a-pajaro-provinciano\/\"},\"wordCount\":1382,\"commentCount\":0,\"image\":{\"@id\":\"https:\/\/dev.antudigital.cl\/sites\/vc\/musica-para-volar-entrevista-a-pajaro-provinciano\/#primaryimage\"},\"thumbnailUrl\":\"https:\/\/dev.antudigital.cl\/sites\/vc\/wp-content\/uploads\/2022\/11\/pajaro-provinciano2.jpg\",\"articleSection\":[\"Uncategorized\"],\"inLanguage\":\"es\",\"potentialAction\":[{\"@type\":\"CommentAction\",\"name\":\"Comment\",\"target\":[\"https:\/\/dev.antudigital.cl\/sites\/vc\/musica-para-volar-entrevista-a-pajaro-provinciano\/#respond\"]}]},{\"@type\":\"WebPage\",\"@id\":\"https:\/\/dev.antudigital.cl\/sites\/vc\/musica-para-volar-entrevista-a-pajaro-provinciano\/\",\"url\":\"https:\/\/dev.antudigital.cl\/sites\/vc\/musica-para-volar-entrevista-a-pajaro-provinciano\/\",\"name\":\"M\u00fasica para volar: entrevista a P\u00e1jaro Provinciano - Valpara\u00ed\u00adso Creativo\",\"isPartOf\":{\"@id\":\"https:\/\/dev.antudigital.cl\/sites\/vc\/#website\"},\"primaryImageOfPage\":{\"@id\":\"https:\/\/dev.antudigital.cl\/sites\/vc\/musica-para-volar-entrevista-a-pajaro-provinciano\/#primaryimage\"},\"image\":{\"@id\":\"https:\/\/dev.antudigital.cl\/sites\/vc\/musica-para-volar-entrevista-a-pajaro-provinciano\/#primaryimage\"},\"thumbnailUrl\":\"https:\/\/dev.antudigital.cl\/sites\/vc\/wp-content\/uploads\/2022\/11\/pajaro-provinciano2.jpg\",\"datePublished\":\"2022-11-28T23:38:33+00:00\",\"dateModified\":\"2022-11-28T23:38:37+00:00\",\"author\":{\"@id\":\"https:\/\/dev.antudigital.cl\/sites\/vc\/#\/schema\/person\/c2b9da8dd545e27166fc5ab232837318\"},\"breadcrumb\":{\"@id\":\"https:\/\/dev.antudigital.cl\/sites\/vc\/musica-para-volar-entrevista-a-pajaro-provinciano\/#breadcrumb\"},\"inLanguage\":\"es\",\"potentialAction\":[{\"@type\":\"ReadAction\",\"target\":[\"https:\/\/dev.antudigital.cl\/sites\/vc\/musica-para-volar-entrevista-a-pajaro-provinciano\/\"]}]},{\"@type\":\"ImageObject\",\"inLanguage\":\"es\",\"@id\":\"https:\/\/dev.antudigital.cl\/sites\/vc\/musica-para-volar-entrevista-a-pajaro-provinciano\/#primaryimage\",\"url\":\"https:\/\/dev.antudigital.cl\/sites\/vc\/wp-content\/uploads\/2022\/11\/pajaro-provinciano2.jpg\",\"contentUrl\":\"https:\/\/dev.antudigital.cl\/sites\/vc\/wp-content\/uploads\/2022\/11\/pajaro-provinciano2.jpg\",\"width\":1170,\"height\":512},{\"@type\":\"BreadcrumbList\",\"@id\":\"https:\/\/dev.antudigital.cl\/sites\/vc\/musica-para-volar-entrevista-a-pajaro-provinciano\/#breadcrumb\",\"itemListElement\":[{\"@type\":\"ListItem\",\"position\":1,\"name\":\"Home\",\"item\":\"https:\/\/dev.antudigital.cl\/sites\/vc\/\"},{\"@type\":\"ListItem\",\"position\":2,\"name\":\"M\u00fasica para volar: entrevista a P\u00e1jaro Provinciano\"}]},{\"@type\":\"WebSite\",\"@id\":\"https:\/\/dev.antudigital.cl\/sites\/vc\/#website\",\"url\":\"https:\/\/dev.antudigital.cl\/sites\/vc\/\",\"name\":\"Valpara\u00ed\u00adso Creativo\",\"description\":\"\",\"potentialAction\":[{\"@type\":\"SearchAction\",\"target\":{\"@type\":\"EntryPoint\",\"urlTemplate\":\"https:\/\/dev.antudigital.cl\/sites\/vc\/?s={search_term_string}\"},\"query-input\":{\"@type\":\"PropertyValueSpecification\",\"valueRequired\":true,\"valueName\":\"search_term_string\"}}],\"inLanguage\":\"es\"},{\"@type\":\"Person\",\"@id\":\"https:\/\/dev.antudigital.cl\/sites\/vc\/#\/schema\/person\/c2b9da8dd545e27166fc5ab232837318\",\"name\":\"Valpara\u00edso Creativo\",\"description\":\"Periodista de cultura en la Regi\u00f3n de Valpara\u00edso.\",\"url\":\"https:\/\/dev.antudigital.cl\/sites\/vc\/author\/valpoadmin\/\"}]}<\/script>\n<!-- \/ Yoast SEO plugin. -->","yoast_head_json":{"title":"M\u00fasica para volar: entrevista a P\u00e1jaro Provinciano - Valpara\u00ed\u00adso Creativo","robots":{"index":"index","follow":"follow","max-snippet":"max-snippet:-1","max-image-preview":"max-image-preview:large","max-video-preview":"max-video-preview:-1"},"canonical":"https:\/\/dev.antudigital.cl\/sites\/vc\/musica-para-volar-entrevista-a-pajaro-provinciano\/","og_locale":"es_ES","og_type":"article","og_title":"M\u00fasica para volar: entrevista a P\u00e1jaro Provinciano - Valpara\u00ed\u00adso Creativo","og_description":"Ricardo N\u00fa\u00f1ez es P\u00e1jaro Provinciano,y tambi\u00e9n es Director del Sello M\u00fasica del Sur. Entre estos dos oficios se divide el cantautor que vino del Maule, pero que actualmente est\u00e1 radicado en Cerro Florida, Valpara\u00edso. Ad portas de un nuevo proyecto para la m\u00fasica local que estamos gestionando en conjunto con M\u00fasica del Sur, Ricardo nos [&hellip;]","og_url":"https:\/\/dev.antudigital.cl\/sites\/vc\/musica-para-volar-entrevista-a-pajaro-provinciano\/","og_site_name":"Valpara\u00ed\u00adso Creativo","article_published_time":"2022-11-28T23:38:33+00:00","article_modified_time":"2022-11-28T23:38:37+00:00","og_image":[{"width":1170,"height":512,"url":"https:\/\/dev.antudigital.cl\/sites\/vc\/wp-content\/uploads\/2022\/11\/pajaro-provinciano2.jpg","type":"image\/jpeg"}],"author":"Valpara\u00edso Creativo","twitter_card":"summary_large_image","twitter_misc":{"Escrito por":"Valpara\u00edso Creativo","Tiempo de lectura":"6 minutos"},"schema":{"@context":"https:\/\/schema.org","@graph":[{"@type":"Article","@id":"https:\/\/dev.antudigital.cl\/sites\/vc\/musica-para-volar-entrevista-a-pajaro-provinciano\/#article","isPartOf":{"@id":"https:\/\/dev.antudigital.cl\/sites\/vc\/musica-para-volar-entrevista-a-pajaro-provinciano\/"},"author":{"name":"Valpara\u00edso Creativo","@id":"https:\/\/dev.antudigital.cl\/sites\/vc\/#\/schema\/person\/c2b9da8dd545e27166fc5ab232837318"},"headline":"M\u00fasica para volar: entrevista a P\u00e1jaro Provinciano","datePublished":"2022-11-28T23:38:33+00:00","dateModified":"2022-11-28T23:38:37+00:00","mainEntityOfPage":{"@id":"https:\/\/dev.antudigital.cl\/sites\/vc\/musica-para-volar-entrevista-a-pajaro-provinciano\/"},"wordCount":1382,"commentCount":0,"image":{"@id":"https:\/\/dev.antudigital.cl\/sites\/vc\/musica-para-volar-entrevista-a-pajaro-provinciano\/#primaryimage"},"thumbnailUrl":"https:\/\/dev.antudigital.cl\/sites\/vc\/wp-content\/uploads\/2022\/11\/pajaro-provinciano2.jpg","articleSection":["Uncategorized"],"inLanguage":"es","potentialAction":[{"@type":"CommentAction","name":"Comment","target":["https:\/\/dev.antudigital.cl\/sites\/vc\/musica-para-volar-entrevista-a-pajaro-provinciano\/#respond"]}]},{"@type":"WebPage","@id":"https:\/\/dev.antudigital.cl\/sites\/vc\/musica-para-volar-entrevista-a-pajaro-provinciano\/","url":"https:\/\/dev.antudigital.cl\/sites\/vc\/musica-para-volar-entrevista-a-pajaro-provinciano\/","name":"M\u00fasica para volar: entrevista a P\u00e1jaro Provinciano - Valpara\u00ed\u00adso Creativo","isPartOf":{"@id":"https:\/\/dev.antudigital.cl\/sites\/vc\/#website"},"primaryImageOfPage":{"@id":"https:\/\/dev.antudigital.cl\/sites\/vc\/musica-para-volar-entrevista-a-pajaro-provinciano\/#primaryimage"},"image":{"@id":"https:\/\/dev.antudigital.cl\/sites\/vc\/musica-para-volar-entrevista-a-pajaro-provinciano\/#primaryimage"},"thumbnailUrl":"https:\/\/dev.antudigital.cl\/sites\/vc\/wp-content\/uploads\/2022\/11\/pajaro-provinciano2.jpg","datePublished":"2022-11-28T23:38:33+00:00","dateModified":"2022-11-28T23:38:37+00:00","author":{"@id":"https:\/\/dev.antudigital.cl\/sites\/vc\/#\/schema\/person\/c2b9da8dd545e27166fc5ab232837318"},"breadcrumb":{"@id":"https:\/\/dev.antudigital.cl\/sites\/vc\/musica-para-volar-entrevista-a-pajaro-provinciano\/#breadcrumb"},"inLanguage":"es","potentialAction":[{"@type":"ReadAction","target":["https:\/\/dev.antudigital.cl\/sites\/vc\/musica-para-volar-entrevista-a-pajaro-provinciano\/"]}]},{"@type":"ImageObject","inLanguage":"es","@id":"https:\/\/dev.antudigital.cl\/sites\/vc\/musica-para-volar-entrevista-a-pajaro-provinciano\/#primaryimage","url":"https:\/\/dev.antudigital.cl\/sites\/vc\/wp-content\/uploads\/2022\/11\/pajaro-provinciano2.jpg","contentUrl":"https:\/\/dev.antudigital.cl\/sites\/vc\/wp-content\/uploads\/2022\/11\/pajaro-provinciano2.jpg","width":1170,"height":512},{"@type":"BreadcrumbList","@id":"https:\/\/dev.antudigital.cl\/sites\/vc\/musica-para-volar-entrevista-a-pajaro-provinciano\/#breadcrumb","itemListElement":[{"@type":"ListItem","position":1,"name":"Home","item":"https:\/\/dev.antudigital.cl\/sites\/vc\/"},{"@type":"ListItem","position":2,"name":"M\u00fasica para volar: entrevista a P\u00e1jaro Provinciano"}]},{"@type":"WebSite","@id":"https:\/\/dev.antudigital.cl\/sites\/vc\/#website","url":"https:\/\/dev.antudigital.cl\/sites\/vc\/","name":"Valpara\u00ed\u00adso Creativo","description":"","potentialAction":[{"@type":"SearchAction","target":{"@type":"EntryPoint","urlTemplate":"https:\/\/dev.antudigital.cl\/sites\/vc\/?s={search_term_string}"},"query-input":{"@type":"PropertyValueSpecification","valueRequired":true,"valueName":"search_term_string"}}],"inLanguage":"es"},{"@type":"Person","@id":"https:\/\/dev.antudigital.cl\/sites\/vc\/#\/schema\/person\/c2b9da8dd545e27166fc5ab232837318","name":"Valpara\u00edso Creativo","description":"Periodista de cultura en la Regi\u00f3n de Valpara\u00edso.","url":"https:\/\/dev.antudigital.cl\/sites\/vc\/author\/valpoadmin\/"}]}},"_links":{"self":[{"href":"https:\/\/dev.antudigital.cl\/sites\/vc\/wp-json\/wp\/v2\/posts\/12164","targetHints":{"allow":["GET"]}}],"collection":[{"href":"https:\/\/dev.antudigital.cl\/sites\/vc\/wp-json\/wp\/v2\/posts"}],"about":[{"href":"https:\/\/dev.antudigital.cl\/sites\/vc\/wp-json\/wp\/v2\/types\/post"}],"author":[{"embeddable":true,"href":"https:\/\/dev.antudigital.cl\/sites\/vc\/wp-json\/wp\/v2\/users\/1"}],"replies":[{"embeddable":true,"href":"https:\/\/dev.antudigital.cl\/sites\/vc\/wp-json\/wp\/v2\/comments?post=12164"}],"version-history":[{"count":1,"href":"https:\/\/dev.antudigital.cl\/sites\/vc\/wp-json\/wp\/v2\/posts\/12164\/revisions"}],"predecessor-version":[{"id":12167,"href":"https:\/\/dev.antudigital.cl\/sites\/vc\/wp-json\/wp\/v2\/posts\/12164\/revisions\/12167"}],"wp:featuredmedia":[{"embeddable":true,"href":"https:\/\/dev.antudigital.cl\/sites\/vc\/wp-json\/wp\/v2\/media\/12165"}],"wp:attachment":[{"href":"https:\/\/dev.antudigital.cl\/sites\/vc\/wp-json\/wp\/v2\/media?parent=12164"}],"wp:term":[{"taxonomy":"category","embeddable":true,"href":"https:\/\/dev.antudigital.cl\/sites\/vc\/wp-json\/wp\/v2\/categories?post=12164"},{"taxonomy":"post_tag","embeddable":true,"href":"https:\/\/dev.antudigital.cl\/sites\/vc\/wp-json\/wp\/v2\/tags?post=12164"}],"curies":[{"name":"wp","href":"https:\/\/api.w.org\/{rel}","templated":true}]}}