{"id":12168,"date":"2022-11-29T14:08:18","date_gmt":"2022-11-29T14:08:18","guid":{"rendered":"https:\/\/www.valparaisocreativo.cl\/?p=12168"},"modified":"2022-12-05T17:19:14","modified_gmt":"2022-12-05T17:19:14","slug":"abrimos-llamado-buscamos-ejecutivo-a-de-fomento","status":"publish","type":"post","link":"https:\/\/dev.antudigital.cl\/sites\/vc\/abrimos-llamado-buscamos-ejecutivo-a-de-fomento\/","title":{"rendered":"Abrimos llamado: buscamos Ejecutivo\/a de Fomento"},"content":{"rendered":"\n<p>\u201cValpara\u00edso &nbsp; Ciudad &nbsp; Creativa, &nbsp; Sustentable &nbsp; e &nbsp; Innovadora\u201d &nbsp; es &nbsp; el &nbsp; Programa Estrat\u00e9gico de Especializaci\u00f3n Inteligente promovido por CORFO como una instancia de articulaci\u00f3n y acci\u00f3n p\u00fablico-privada para el mejoramiento competitivo de sectores de la Econom\u00eda Creativa en la Regi\u00f3n de Valpara\u00edso.<\/p>\n\n\n\n<p>Para su sexto a\u00f1o de implementaci\u00f3n, el programa busca sumar al equipo de trabajo un\/a profesional para desempe\u00f1arse como<strong> Ejecuti<\/strong><strong>vo T\u00e9cnico de Fomento; <\/strong>quien estar\u00e1 a cargo del seguimiento y control de gesti\u00f3n de los planes de acci\u00f3n de difrentes proyectos relacionados a la hoja de ruta del programa, comprende y es capaz de explicar gran parte de los instrumentos de fomento productivo disponibles para la industria creativa.<\/p>\n\n\n\n<p>Monitorea el buen funcionamiento de todas las instancias de contrataci\u00f3n externa del programa, siendo una contraparte administrativa de este antes sus diferentes proveedores.<\/p>\n\n\n\n<p>Los interesados en deben enviar antecedentes digitalizados al correo electr\u00f3nico valparaisocreativo@gmail.com <strong>hasta el 10 de diciembre&nbsp; de 2022.<\/strong><\/p>\n\n\n\n<p>Revisa las funciones y perfil del cargo en el siguiente documento:<\/p>\n\n\n\n<p>As\u00edmismo, adjuntamos los dos anexos del documento anterior:<\/p>\n\n\n\n<div class=\"wp-block-file\"><a id=\"wp-block-file--media-11cc56b9-0997-4447-bd8f-beed0ec5b918\" href=\"https:\/\/www.valparaisocreativo.cl\/wp-content\/uploads\/2022\/12\/ANEXO-1-CONTRATACION.doc\">ANEXO-1-CONTRATACION<\/a><a href=\"https:\/\/www.valparaisocreativo.cl\/wp-content\/uploads\/2022\/12\/ANEXO-1-CONTRATACION.doc\" class=\"wp-block-file__button wp-element-button\" download aria-describedby=\"wp-block-file--media-11cc56b9-0997-4447-bd8f-beed0ec5b918\">Descarga<\/a><\/div>\n\n\n\n<div class=\"wp-block-file\"><a id=\"wp-block-file--media-06c51859-0d1d-4230-9759-32ca803da8f5\" href=\"https:\/\/www.valparaisocreativo.cl\/wp-content\/uploads\/2022\/12\/ANEXO-N2-CONTRATACION.doc\">ANEXO-N2-CONTRATACION<\/a><a href=\"https:\/\/www.valparaisocreativo.cl\/wp-content\/uploads\/2022\/12\/ANEXO-N2-CONTRATACION.doc\" class=\"wp-block-file__button wp-element-button\" download aria-describedby=\"wp-block-file--media-06c51859-0d1d-4230-9759-32ca803da8f5\">Descarga<\/a><\/div>\n\n\n\n<p><\/p>\n\n\n\n<div data-wp-interactive=\"core\/file\" class=\"wp-block-file\"><object data-wp-bind--hidden=\"!state.hasPdfPreview\" hidden class=\"wp-block-file__embed\" data=\"https:\/\/www.valparaisocreativo.cl\/wp-content\/uploads\/2022\/11\/Contratacion-Ejecutivo-de-Fomento.pdf\" type=\"application\/pdf\" style=\"width:100%;height:600px\" aria-label=\"Incrustado de Contratacion-Ejecutivo-de-Fomento.\"><\/object><a id=\"wp-block-file--media-29593c35-76f5-45b8-bb7c-88fb5140dd77\" href=\"https:\/\/www.valparaisocreativo.cl\/wp-content\/uploads\/2022\/11\/Contratacion-Ejecutivo-de-Fomento.pdf\">Contratacion-Ejecutivo-de-Fomento<\/a><a href=\"https:\/\/www.valparaisocreativo.cl\/wp-content\/uploads\/2022\/11\/Contratacion-Ejecutivo-de-Fomento.pdf\" class=\"wp-block-file__button wp-element-button\" download aria-describedby=\"wp-block-file--media-29593c35-76f5-45b8-bb7c-88fb5140dd77\">Descarga<\/a><\/div>\n","protected":false},"excerpt":{"rendered":"<p>\u201cValpara\u00edso &nbsp; Ciudad &nbsp; Creativa, &nbsp; Sustentable &nbsp; e &nbsp; Innovadora\u201d &nbsp; es &nbsp; el &nbsp; Programa Estrat\u00e9gico de Especializaci\u00f3n Inteligente promovido por CORFO como una instancia de articulaci\u00f3n y acci\u00f3n p\u00fablico-privada para el mejoramiento competitivo de sectores de la Econom\u00eda Creativa en la Regi\u00f3n de Valpara\u00edso. Para su sexto a\u00f1o de implementaci\u00f3n, el programa [&hellip;]<\/p>\n","protected":false},"author":1,"featured_media":11552,"comment_status":"open","ping_status":"closed","sticky":false,"template":"","format":"standard","meta":{"_acf_changed":false,"footnotes":""},"categories":[1],"tags":[],"class_list":["post-12168","post","type-post","status-publish","format-standard","has-post-thumbnail","hentry","category-uncategorized"],"acf":[],"yoast_head":"<!-- This site is optimized with the Yoast SEO plugin v27.1.1 - https:\/\/yoast.com\/product\/yoast-seo-wordpress\/ -->\n<title>Abrimos llamado: buscamos Ejecutivo\/a de Fomento - Valpara\u00ed\u00adso Creativo<\/title>\n<meta name=\"robots\" content=\"index, follow, max-snippet:-1, max-image-preview:large, max-video-preview:-1\" \/>\n<link rel=\"canonical\" href=\"https:\/\/dev.antudigital.cl\/sites\/vc\/abrimos-llamado-buscamos-ejecutivo-a-de-fomento\/\" \/>\n<meta property=\"og:locale\" content=\"es_ES\" \/>\n<meta property=\"og:type\" content=\"article\" \/>\n<meta property=\"og:title\" content=\"Abrimos llamado: buscamos Ejecutivo\/a de Fomento - Valpara\u00ed\u00adso Creativo\" \/>\n<meta property=\"og:description\" content=\"\u201cValpara\u00edso &nbsp; Ciudad &nbsp; Creativa, &nbsp; Sustentable &nbsp; e &nbsp; Innovadora\u201d &nbsp; es &nbsp; el &nbsp; Programa Estrat\u00e9gico de Especializaci\u00f3n Inteligente promovido por CORFO como una instancia de articulaci\u00f3n y acci\u00f3n p\u00fablico-privada para el mejoramiento competitivo de sectores de la Econom\u00eda Creativa en la Regi\u00f3n de Valpara\u00edso. Para su sexto a\u00f1o de implementaci\u00f3n, el programa [&hellip;]\" \/>\n<meta property=\"og:url\" content=\"https:\/\/dev.antudigital.cl\/sites\/vc\/abrimos-llamado-buscamos-ejecutivo-a-de-fomento\/\" \/>\n<meta property=\"og:site_name\" content=\"Valpara\u00ed\u00adso Creativo\" \/>\n<meta property=\"article:published_time\" content=\"2022-11-29T14:08:18+00:00\" \/>\n<meta property=\"article:modified_time\" content=\"2022-12-05T17:19:14+00:00\" \/>\n<meta property=\"og:image\" content=\"https:\/\/dev.antudigital.cl\/sites\/vc\/wp-content\/uploads\/2022\/08\/Captura-de-Pantalla-2022-08-29-a-las-11.10.04.png\" \/>\n\t<meta property=\"og:image:width\" content=\"1440\" \/>\n\t<meta property=\"og:image:height\" content=\"482\" \/>\n\t<meta property=\"og:image:type\" content=\"image\/png\" \/>\n<meta name=\"author\" content=\"Valpara\u00edso Creativo\" \/>\n<meta name=\"twitter:card\" content=\"summary_large_image\" \/>\n<meta name=\"twitter:label1\" content=\"Escrito por\" \/>\n\t<meta name=\"twitter:data1\" content=\"Valpara\u00edso Creativo\" \/>\n\t<meta name=\"twitter:label2\" content=\"Tiempo de lectura\" \/>\n\t<meta name=\"twitter:data2\" content=\"1 minuto\" \/>\n<script type=\"application\/ld+json\" class=\"yoast-schema-graph\">{\"@context\":\"https:\/\/schema.org\",\"@graph\":[{\"@type\":\"Article\",\"@id\":\"https:\/\/dev.antudigital.cl\/sites\/vc\/abrimos-llamado-buscamos-ejecutivo-a-de-fomento\/#article\",\"isPartOf\":{\"@id\":\"https:\/\/dev.antudigital.cl\/sites\/vc\/abrimos-llamado-buscamos-ejecutivo-a-de-fomento\/\"},\"author\":{\"name\":\"Valpara\u00edso Creativo\",\"@id\":\"https:\/\/dev.antudigital.cl\/sites\/vc\/#\/schema\/person\/c2b9da8dd545e27166fc5ab232837318\"},\"headline\":\"Abrimos llamado: buscamos Ejecutivo\/a de Fomento\",\"datePublished\":\"2022-11-29T14:08:18+00:00\",\"dateModified\":\"2022-12-05T17:19:14+00:00\",\"mainEntityOfPage\":{\"@id\":\"https:\/\/dev.antudigital.cl\/sites\/vc\/abrimos-llamado-buscamos-ejecutivo-a-de-fomento\/\"},\"wordCount\":211,\"commentCount\":0,\"image\":{\"@id\":\"https:\/\/dev.antudigital.cl\/sites\/vc\/abrimos-llamado-buscamos-ejecutivo-a-de-fomento\/#primaryimage\"},\"thumbnailUrl\":\"https:\/\/dev.antudigital.cl\/sites\/vc\/wp-content\/uploads\/2022\/08\/Captura-de-Pantalla-2022-08-29-a-las-11.10.04.png\",\"articleSection\":[\"Uncategorized\"],\"inLanguage\":\"es\",\"potentialAction\":[{\"@type\":\"CommentAction\",\"name\":\"Comment\",\"target\":[\"https:\/\/dev.antudigital.cl\/sites\/vc\/abrimos-llamado-buscamos-ejecutivo-a-de-fomento\/#respond\"]}]},{\"@type\":\"WebPage\",\"@id\":\"https:\/\/dev.antudigital.cl\/sites\/vc\/abrimos-llamado-buscamos-ejecutivo-a-de-fomento\/\",\"url\":\"https:\/\/dev.antudigital.cl\/sites\/vc\/abrimos-llamado-buscamos-ejecutivo-a-de-fomento\/\",\"name\":\"Abrimos llamado: buscamos Ejecutivo\/a de Fomento - Valpara\u00ed\u00adso Creativo\",\"isPartOf\":{\"@id\":\"https:\/\/dev.antudigital.cl\/sites\/vc\/#website\"},\"primaryImageOfPage\":{\"@id\":\"https:\/\/dev.antudigital.cl\/sites\/vc\/abrimos-llamado-buscamos-ejecutivo-a-de-fomento\/#primaryimage\"},\"image\":{\"@id\":\"https:\/\/dev.antudigital.cl\/sites\/vc\/abrimos-llamado-buscamos-ejecutivo-a-de-fomento\/#primaryimage\"},\"thumbnailUrl\":\"https:\/\/dev.antudigital.cl\/sites\/vc\/wp-content\/uploads\/2022\/08\/Captura-de-Pantalla-2022-08-29-a-las-11.10.04.png\",\"datePublished\":\"2022-11-29T14:08:18+00:00\",\"dateModified\":\"2022-12-05T17:19:14+00:00\",\"author\":{\"@id\":\"https:\/\/dev.antudigital.cl\/sites\/vc\/#\/schema\/person\/c2b9da8dd545e27166fc5ab232837318\"},\"breadcrumb\":{\"@id\":\"https:\/\/dev.antudigital.cl\/sites\/vc\/abrimos-llamado-buscamos-ejecutivo-a-de-fomento\/#breadcrumb\"},\"inLanguage\":\"es\",\"potentialAction\":[{\"@type\":\"ReadAction\",\"target\":[\"https:\/\/dev.antudigital.cl\/sites\/vc\/abrimos-llamado-buscamos-ejecutivo-a-de-fomento\/\"]}]},{\"@type\":\"ImageObject\",\"inLanguage\":\"es\",\"@id\":\"https:\/\/dev.antudigital.cl\/sites\/vc\/abrimos-llamado-buscamos-ejecutivo-a-de-fomento\/#primaryimage\",\"url\":\"https:\/\/dev.antudigital.cl\/sites\/vc\/wp-content\/uploads\/2022\/08\/Captura-de-Pantalla-2022-08-29-a-las-11.10.04.png\",\"contentUrl\":\"https:\/\/dev.antudigital.cl\/sites\/vc\/wp-content\/uploads\/2022\/08\/Captura-de-Pantalla-2022-08-29-a-las-11.10.04.png\",\"width\":1440,\"height\":482},{\"@type\":\"BreadcrumbList\",\"@id\":\"https:\/\/dev.antudigital.cl\/sites\/vc\/abrimos-llamado-buscamos-ejecutivo-a-de-fomento\/#breadcrumb\",\"itemListElement\":[{\"@type\":\"ListItem\",\"position\":1,\"name\":\"Home\",\"item\":\"https:\/\/dev.antudigital.cl\/sites\/vc\/\"},{\"@type\":\"ListItem\",\"position\":2,\"name\":\"Abrimos llamado: buscamos Ejecutivo\/a de Fomento\"}]},{\"@type\":\"WebSite\",\"@id\":\"https:\/\/dev.antudigital.cl\/sites\/vc\/#website\",\"url\":\"https:\/\/dev.antudigital.cl\/sites\/vc\/\",\"name\":\"Valpara\u00ed\u00adso Creativo\",\"description\":\"\",\"potentialAction\":[{\"@type\":\"SearchAction\",\"target\":{\"@type\":\"EntryPoint\",\"urlTemplate\":\"https:\/\/dev.antudigital.cl\/sites\/vc\/?s={search_term_string}\"},\"query-input\":{\"@type\":\"PropertyValueSpecification\",\"valueRequired\":true,\"valueName\":\"search_term_string\"}}],\"inLanguage\":\"es\"},{\"@type\":\"Person\",\"@id\":\"https:\/\/dev.antudigital.cl\/sites\/vc\/#\/schema\/person\/c2b9da8dd545e27166fc5ab232837318\",\"name\":\"Valpara\u00edso Creativo\",\"description\":\"Periodista de cultura en la Regi\u00f3n de Valpara\u00edso.\",\"url\":\"https:\/\/dev.antudigital.cl\/sites\/vc\/author\/valpoadmin\/\"}]}<\/script>\n<!-- \/ Yoast SEO plugin. -->","yoast_head_json":{"title":"Abrimos llamado: buscamos Ejecutivo\/a de Fomento - Valpara\u00ed\u00adso Creativo","robots":{"index":"index","follow":"follow","max-snippet":"max-snippet:-1","max-image-preview":"max-image-preview:large","max-video-preview":"max-video-preview:-1"},"canonical":"https:\/\/dev.antudigital.cl\/sites\/vc\/abrimos-llamado-buscamos-ejecutivo-a-de-fomento\/","og_locale":"es_ES","og_type":"article","og_title":"Abrimos llamado: buscamos Ejecutivo\/a de Fomento - Valpara\u00ed\u00adso Creativo","og_description":"\u201cValpara\u00edso &nbsp; Ciudad &nbsp; Creativa, &nbsp; Sustentable &nbsp; e &nbsp; Innovadora\u201d &nbsp; es &nbsp; el &nbsp; Programa Estrat\u00e9gico de Especializaci\u00f3n Inteligente promovido por CORFO como una instancia de articulaci\u00f3n y acci\u00f3n p\u00fablico-privada para el mejoramiento competitivo de sectores de la Econom\u00eda Creativa en la Regi\u00f3n de Valpara\u00edso. Para su sexto a\u00f1o de implementaci\u00f3n, el programa [&hellip;]","og_url":"https:\/\/dev.antudigital.cl\/sites\/vc\/abrimos-llamado-buscamos-ejecutivo-a-de-fomento\/","og_site_name":"Valpara\u00ed\u00adso Creativo","article_published_time":"2022-11-29T14:08:18+00:00","article_modified_time":"2022-12-05T17:19:14+00:00","og_image":[{"width":1440,"height":482,"url":"https:\/\/dev.antudigital.cl\/sites\/vc\/wp-content\/uploads\/2022\/08\/Captura-de-Pantalla-2022-08-29-a-las-11.10.04.png","type":"image\/png"}],"author":"Valpara\u00edso Creativo","twitter_card":"summary_large_image","twitter_misc":{"Escrito por":"Valpara\u00edso Creativo","Tiempo de lectura":"1 minuto"},"schema":{"@context":"https:\/\/schema.org","@graph":[{"@type":"Article","@id":"https:\/\/dev.antudigital.cl\/sites\/vc\/abrimos-llamado-buscamos-ejecutivo-a-de-fomento\/#article","isPartOf":{"@id":"https:\/\/dev.antudigital.cl\/sites\/vc\/abrimos-llamado-buscamos-ejecutivo-a-de-fomento\/"},"author":{"name":"Valpara\u00edso Creativo","@id":"https:\/\/dev.antudigital.cl\/sites\/vc\/#\/schema\/person\/c2b9da8dd545e27166fc5ab232837318"},"headline":"Abrimos llamado: buscamos Ejecutivo\/a de Fomento","datePublished":"2022-11-29T14:08:18+00:00","dateModified":"2022-12-05T17:19:14+00:00","mainEntityOfPage":{"@id":"https:\/\/dev.antudigital.cl\/sites\/vc\/abrimos-llamado-buscamos-ejecutivo-a-de-fomento\/"},"wordCount":211,"commentCount":0,"image":{"@id":"https:\/\/dev.antudigital.cl\/sites\/vc\/abrimos-llamado-buscamos-ejecutivo-a-de-fomento\/#primaryimage"},"thumbnailUrl":"https:\/\/dev.antudigital.cl\/sites\/vc\/wp-content\/uploads\/2022\/08\/Captura-de-Pantalla-2022-08-29-a-las-11.10.04.png","articleSection":["Uncategorized"],"inLanguage":"es","potentialAction":[{"@type":"CommentAction","name":"Comment","target":["https:\/\/dev.antudigital.cl\/sites\/vc\/abrimos-llamado-buscamos-ejecutivo-a-de-fomento\/#respond"]}]},{"@type":"WebPage","@id":"https:\/\/dev.antudigital.cl\/sites\/vc\/abrimos-llamado-buscamos-ejecutivo-a-de-fomento\/","url":"https:\/\/dev.antudigital.cl\/sites\/vc\/abrimos-llamado-buscamos-ejecutivo-a-de-fomento\/","name":"Abrimos llamado: buscamos Ejecutivo\/a de Fomento - Valpara\u00ed\u00adso Creativo","isPartOf":{"@id":"https:\/\/dev.antudigital.cl\/sites\/vc\/#website"},"primaryImageOfPage":{"@id":"https:\/\/dev.antudigital.cl\/sites\/vc\/abrimos-llamado-buscamos-ejecutivo-a-de-fomento\/#primaryimage"},"image":{"@id":"https:\/\/dev.antudigital.cl\/sites\/vc\/abrimos-llamado-buscamos-ejecutivo-a-de-fomento\/#primaryimage"},"thumbnailUrl":"https:\/\/dev.antudigital.cl\/sites\/vc\/wp-content\/uploads\/2022\/08\/Captura-de-Pantalla-2022-08-29-a-las-11.10.04.png","datePublished":"2022-11-29T14:08:18+00:00","dateModified":"2022-12-05T17:19:14+00:00","author":{"@id":"https:\/\/dev.antudigital.cl\/sites\/vc\/#\/schema\/person\/c2b9da8dd545e27166fc5ab232837318"},"breadcrumb":{"@id":"https:\/\/dev.antudigital.cl\/sites\/vc\/abrimos-llamado-buscamos-ejecutivo-a-de-fomento\/#breadcrumb"},"inLanguage":"es","potentialAction":[{"@type":"ReadAction","target":["https:\/\/dev.antudigital.cl\/sites\/vc\/abrimos-llamado-buscamos-ejecutivo-a-de-fomento\/"]}]},{"@type":"ImageObject","inLanguage":"es","@id":"https:\/\/dev.antudigital.cl\/sites\/vc\/abrimos-llamado-buscamos-ejecutivo-a-de-fomento\/#primaryimage","url":"https:\/\/dev.antudigital.cl\/sites\/vc\/wp-content\/uploads\/2022\/08\/Captura-de-Pantalla-2022-08-29-a-las-11.10.04.png","contentUrl":"https:\/\/dev.antudigital.cl\/sites\/vc\/wp-content\/uploads\/2022\/08\/Captura-de-Pantalla-2022-08-29-a-las-11.10.04.png","width":1440,"height":482},{"@type":"BreadcrumbList","@id":"https:\/\/dev.antudigital.cl\/sites\/vc\/abrimos-llamado-buscamos-ejecutivo-a-de-fomento\/#breadcrumb","itemListElement":[{"@type":"ListItem","position":1,"name":"Home","item":"https:\/\/dev.antudigital.cl\/sites\/vc\/"},{"@type":"ListItem","position":2,"name":"Abrimos llamado: buscamos Ejecutivo\/a de Fomento"}]},{"@type":"WebSite","@id":"https:\/\/dev.antudigital.cl\/sites\/vc\/#website","url":"https:\/\/dev.antudigital.cl\/sites\/vc\/","name":"Valpara\u00ed\u00adso Creativo","description":"","potentialAction":[{"@type":"SearchAction","target":{"@type":"EntryPoint","urlTemplate":"https:\/\/dev.antudigital.cl\/sites\/vc\/?s={search_term_string}"},"query-input":{"@type":"PropertyValueSpecification","valueRequired":true,"valueName":"search_term_string"}}],"inLanguage":"es"},{"@type":"Person","@id":"https:\/\/dev.antudigital.cl\/sites\/vc\/#\/schema\/person\/c2b9da8dd545e27166fc5ab232837318","name":"Valpara\u00edso Creativo","description":"Periodista de cultura en la Regi\u00f3n de Valpara\u00edso.","url":"https:\/\/dev.antudigital.cl\/sites\/vc\/author\/valpoadmin\/"}]}},"_links":{"self":[{"href":"https:\/\/dev.antudigital.cl\/sites\/vc\/wp-json\/wp\/v2\/posts\/12168","targetHints":{"allow":["GET"]}}],"collection":[{"href":"https:\/\/dev.antudigital.cl\/sites\/vc\/wp-json\/wp\/v2\/posts"}],"about":[{"href":"https:\/\/dev.antudigital.cl\/sites\/vc\/wp-json\/wp\/v2\/types\/post"}],"author":[{"embeddable":true,"href":"https:\/\/dev.antudigital.cl\/sites\/vc\/wp-json\/wp\/v2\/users\/1"}],"replies":[{"embeddable":true,"href":"https:\/\/dev.antudigital.cl\/sites\/vc\/wp-json\/wp\/v2\/comments?post=12168"}],"version-history":[{"count":4,"href":"https:\/\/dev.antudigital.cl\/sites\/vc\/wp-json\/wp\/v2\/posts\/12168\/revisions"}],"predecessor-version":[{"id":12194,"href":"https:\/\/dev.antudigital.cl\/sites\/vc\/wp-json\/wp\/v2\/posts\/12168\/revisions\/12194"}],"wp:featuredmedia":[{"embeddable":true,"href":"https:\/\/dev.antudigital.cl\/sites\/vc\/wp-json\/wp\/v2\/media\/11552"}],"wp:attachment":[{"href":"https:\/\/dev.antudigital.cl\/sites\/vc\/wp-json\/wp\/v2\/media?parent=12168"}],"wp:term":[{"taxonomy":"category","embeddable":true,"href":"https:\/\/dev.antudigital.cl\/sites\/vc\/wp-json\/wp\/v2\/categories?post=12168"},{"taxonomy":"post_tag","embeddable":true,"href":"https:\/\/dev.antudigital.cl\/sites\/vc\/wp-json\/wp\/v2\/tags?post=12168"}],"curies":[{"name":"wp","href":"https:\/\/api.w.org\/{rel}","templated":true}]}}