{"id":12173,"date":"2022-11-29T18:38:02","date_gmt":"2022-11-29T18:38:02","guid":{"rendered":"https:\/\/www.valparaisocreativo.cl\/?p=12173"},"modified":"2022-11-29T18:38:05","modified_gmt":"2022-11-29T18:38:05","slug":"probeta-music-sello-de-valparaiso-presentara-catalogo-musical-con-show-en-vivo","status":"publish","type":"post","link":"https:\/\/dev.antudigital.cl\/sites\/vc\/probeta-music-sello-de-valparaiso-presentara-catalogo-musical-con-show-en-vivo\/","title":{"rendered":"<strong>Probeta Music: Sello de Valpara\u00edso presentar\u00e1 cat\u00e1logo musical con show en vivo<\/strong>"},"content":{"rendered":"\n<p>Tres artistas nacionales se convocar\u00e1n en pleno cerro Alegre, de la ciudad Puerto, para dar a conocer sus nuevas producciones musicales. Se trata <strong>Ver\u00f3<\/strong>, <strong>Luciano Altair <\/strong>y <strong>Bah\u00eda Conejo<\/strong>, quienes bajo el alero de Sello Probeta Music, invitan a una jornada gratuita de escucha activa, de manera presencial, este <strong>jueves 1 de diciembre, a las 18.00 horas<\/strong>, en BAJ Valpara\u00edso (Santa Isabel 739, esquina Lautaro Rosas).<\/p>\n\n\n\n<p>Con experiencia junto a diversos artistas nacionales, as\u00ed como tambi\u00e9n en la gesti\u00f3n de eventos, este sello que surge en la ciudad Puerto, concentra sus esfuerzos en apoyar los proyectos creativos y de gesti\u00f3n de m\u00fasicos en la regi\u00f3n, a trav\u00e9s de instancias de incubaci\u00f3n y aceleraci\u00f3n musical, trabajando de manera sostenida y directa con artistas. Es por ello que esta muestra en vivo de su actual cat\u00e1logo, se constituye como un momento relevante en su historia.<\/p>\n\n\n\n<p><em>\u201cEl desarrollo de este hito es poner a tocar a artistas en un espacio convocante, dentro de Valpara\u00edso, y dar cuenta de sus procesos creativos, y lo que han estado trabajando este a\u00f1o (&#8230;). La presencia en el territorio es importante, as\u00ed como tambi\u00e9n que la m\u00fasica suene, m\u00e1s all\u00e1 de lo convencional -que ahora es el tel\u00e9fono, el computador, los aud\u00edfonos-, porque queremos que suene en la ciudad, en todos lados donde est\u00e1 la gente, m\u00e1s all\u00e1 de los avatares digitales que nos creamos en las redes; poner la m\u00fasica en un ejercicio de la presencia\u201d<\/em>, se\u00f1ala <strong>Sebasti\u00e1n Mancilla, co-fundador y director art\u00edstico de Probeta Music.\u00a0<\/strong><\/p>\n\n\n\n<figure class=\"wp-block-image size-large\"><img fetchpriority=\"high\" decoding=\"async\" width=\"1024\" height=\"769\" src=\"https:\/\/www.valparaisocreativo.cl\/wp-content\/uploads\/2022\/11\/Bahia-Conejo-Promo-Ocaso-Violeta-01-1-1024x769.jpg\" alt=\"\" class=\"wp-image-12175\" srcset=\"https:\/\/dev.antudigital.cl\/sites\/vc\/wp-content\/uploads\/2022\/11\/Bahia-Conejo-Promo-Ocaso-Violeta-01-1-1024x769.jpg 1024w, https:\/\/dev.antudigital.cl\/sites\/vc\/wp-content\/uploads\/2022\/11\/Bahia-Conejo-Promo-Ocaso-Violeta-01-1-300x225.jpg 300w, https:\/\/dev.antudigital.cl\/sites\/vc\/wp-content\/uploads\/2022\/11\/Bahia-Conejo-Promo-Ocaso-Violeta-01-1-768x577.jpg 768w, https:\/\/dev.antudigital.cl\/sites\/vc\/wp-content\/uploads\/2022\/11\/Bahia-Conejo-Promo-Ocaso-Violeta-01-1-1536x1153.jpg 1536w, https:\/\/dev.antudigital.cl\/sites\/vc\/wp-content\/uploads\/2022\/11\/Bahia-Conejo-Promo-Ocaso-Violeta-01-1-2048x1538.jpg 2048w, https:\/\/dev.antudigital.cl\/sites\/vc\/wp-content\/uploads\/2022\/11\/Bahia-Conejo-Promo-Ocaso-Violeta-01-1-510x382.jpg 510w, https:\/\/dev.antudigital.cl\/sites\/vc\/wp-content\/uploads\/2022\/11\/Bahia-Conejo-Promo-Ocaso-Violeta-01-1-1080x811.jpg 1080w, https:\/\/dev.antudigital.cl\/sites\/vc\/wp-content\/uploads\/2022\/11\/Bahia-Conejo-Promo-Ocaso-Violeta-01-1-1280x961.jpg 1280w, https:\/\/dev.antudigital.cl\/sites\/vc\/wp-content\/uploads\/2022\/11\/Bahia-Conejo-Promo-Ocaso-Violeta-01-1-980x736.jpg 980w, https:\/\/dev.antudigital.cl\/sites\/vc\/wp-content\/uploads\/2022\/11\/Bahia-Conejo-Promo-Ocaso-Violeta-01-1-480x360.jpg 480w\" sizes=\"(max-width: 1024px) 100vw, 1024px\" \/><\/figure>\n\n\n\n<p>Una muestra de las din\u00e1micas colaborativas y de los procesos que posibilita este sello con base en Valpara\u00edso. Sobre eso, uno de los artistas involucrados, Luciano Altair, se\u00f1ala que tras liberar un single el 2020, surgi\u00f3 el inter\u00e9s de la incubadora en su proyecto. Y as\u00ed fue:<em> \u201cProbeta ha significado un apoyo tremendo en todo lo que respecta a la gesti\u00f3n y el poder postular a fondos y proyectos. Adem\u00e1s, la forma que tienen de trabajar me ha permitido tener una visi\u00f3n de mi obra m\u00e1s desde afuera, lo que siempre se agradece ya que permite darle perspectiva a lo que uno hace medio encerrado a veces\u201d, <\/em>enfatiza el cantautor.<\/p>\n\n\n\n<p>Esta diversidad de estilos de su cat\u00e1logo, tambi\u00e9n cuenta entre sus filas con<strong> Ver\u00f3<\/strong>, artista de Villa Alemana que llevaba tiempo trabajando sola en su proyecto, consolidando el desarrollo de \u00e9ste tras este proceso colectivo y met\u00f3dico junto a la incubadora musical: <strong>\u201cLa forma que tiene Probeta me ha servido mucho para definir conceptos en el arte que uno hace, de qu\u00e9 es lo que quiero hacer, de mis referentes, y d\u00f3nde quiero llegar\u201d<\/strong>. Cabe destacar que para la jornada presentar\u00e1 parte de su nuevo EP, que a\u00fan no es estrenado, en formato banda: <em>\u201cEs momento que todo el trabajo que hemos hecho estos a\u00f1os, que ha sido m\u00e1s bien silencioso, vea la luz (&#8230;)\u201d<\/em>, se\u00f1ala.&nbsp;<\/p>\n\n\n\n<p>La jornada se completa con la presencia de otro artista de sus filas. Se trata de Bah\u00eda Conejo, quien por primera vez presentar\u00e1 su m\u00fasica en vivo, junto a p\u00fablico, pues -a la fecha- solo es posible escuchar su repertorio a trav\u00e9s de plataformas digitales. Este hecho<em> \u201c(&#8230;) me emociona un mont\u00f3n. Esto va de la mano con el proceso de preparaci\u00f3n del lanzamiento de mi EP <\/em><strong><em>La Suave Brisa<\/em><\/strong><em>, que se lanza durante la primera quincena de enero del 2023, y que voy a estar tocando completo\u201d<\/em>, cuenta el m\u00fasico porte\u00f1o.&nbsp;<\/p>\n\n\n\n<p>Este hito convocado para este <strong>jueves 1 de diciembre, a las 18.00 horas<\/strong>, ser\u00e1 una muestra del resultado musical y creativo junto a este grupo de artistas. Este show, adem\u00e1s, contar\u00e1 con destacados invitados: como <strong>Nico Carre\u00f1o<\/strong> y el <strong>DJ Vesten Vanis<\/strong>. La entrada es liberada.\u00a0<\/p>\n\n\n\n<figure class=\"wp-block-image size-full\"><img decoding=\"async\" width=\"1476\" height=\"2088\" src=\"https:\/\/www.valparaisocreativo.cl\/wp-content\/uploads\/2022\/11\/Poster-RGB-media.jpg\" alt=\"\" class=\"wp-image-12176\" srcset=\"https:\/\/dev.antudigital.cl\/sites\/vc\/wp-content\/uploads\/2022\/11\/Poster-RGB-media.jpg 1476w, https:\/\/dev.antudigital.cl\/sites\/vc\/wp-content\/uploads\/2022\/11\/Poster-RGB-media-212x300.jpg 212w, https:\/\/dev.antudigital.cl\/sites\/vc\/wp-content\/uploads\/2022\/11\/Poster-RGB-media-724x1024.jpg 724w, https:\/\/dev.antudigital.cl\/sites\/vc\/wp-content\/uploads\/2022\/11\/Poster-RGB-media-768x1086.jpg 768w, https:\/\/dev.antudigital.cl\/sites\/vc\/wp-content\/uploads\/2022\/11\/Poster-RGB-media-1086x1536.jpg 1086w, https:\/\/dev.antudigital.cl\/sites\/vc\/wp-content\/uploads\/2022\/11\/Poster-RGB-media-1448x2048.jpg 1448w, https:\/\/dev.antudigital.cl\/sites\/vc\/wp-content\/uploads\/2022\/11\/Poster-RGB-media-1080x1528.jpg 1080w, https:\/\/dev.antudigital.cl\/sites\/vc\/wp-content\/uploads\/2022\/11\/Poster-RGB-media-1280x1811.jpg 1280w, https:\/\/dev.antudigital.cl\/sites\/vc\/wp-content\/uploads\/2022\/11\/Poster-RGB-media-980x1386.jpg 980w, https:\/\/dev.antudigital.cl\/sites\/vc\/wp-content\/uploads\/2022\/11\/Poster-RGB-media-480x679.jpg 480w\" sizes=\"(max-width: 1476px) 100vw, 1476px\" \/><\/figure>\n","protected":false},"excerpt":{"rendered":"<p>Tres artistas nacionales se convocar\u00e1n en pleno cerro Alegre, de la ciudad Puerto, para dar a conocer sus nuevas producciones musicales. Se trata Ver\u00f3, Luciano Altair y Bah\u00eda Conejo, quienes bajo el alero de Sello Probeta Music, invitan a una jornada gratuita de escucha activa, de manera presencial, este jueves 1 de diciembre, a las [&hellip;]<\/p>\n","protected":false},"author":1,"featured_media":12174,"comment_status":"open","ping_status":"closed","sticky":false,"template":"","format":"standard","meta":{"_acf_changed":false,"footnotes":""},"categories":[1],"tags":[],"class_list":["post-12173","post","type-post","status-publish","format-standard","has-post-thumbnail","hentry","category-uncategorized"],"acf":[],"yoast_head":"<!-- This site is optimized with the Yoast SEO plugin v27.1.1 - https:\/\/yoast.com\/product\/yoast-seo-wordpress\/ -->\n<title>Probeta Music: Sello de Valpara\u00edso presentar\u00e1 cat\u00e1logo musical con show en vivo - Valpara\u00ed\u00adso Creativo<\/title>\n<meta name=\"robots\" content=\"index, follow, max-snippet:-1, max-image-preview:large, max-video-preview:-1\" \/>\n<link rel=\"canonical\" href=\"https:\/\/dev.antudigital.cl\/sites\/vc\/probeta-music-sello-de-valparaiso-presentara-catalogo-musical-con-show-en-vivo\/\" \/>\n<meta property=\"og:locale\" content=\"es_ES\" \/>\n<meta property=\"og:type\" content=\"article\" \/>\n<meta property=\"og:title\" content=\"Probeta Music: Sello de Valpara\u00edso presentar\u00e1 cat\u00e1logo musical con show en vivo - Valpara\u00ed\u00adso Creativo\" \/>\n<meta property=\"og:description\" content=\"Tres artistas nacionales se convocar\u00e1n en pleno cerro Alegre, de la ciudad Puerto, para dar a conocer sus nuevas producciones musicales. Se trata Ver\u00f3, Luciano Altair y Bah\u00eda Conejo, quienes bajo el alero de Sello Probeta Music, invitan a una jornada gratuita de escucha activa, de manera presencial, este jueves 1 de diciembre, a las [&hellip;]\" \/>\n<meta property=\"og:url\" content=\"https:\/\/dev.antudigital.cl\/sites\/vc\/probeta-music-sello-de-valparaiso-presentara-catalogo-musical-con-show-en-vivo\/\" \/>\n<meta property=\"og:site_name\" content=\"Valpara\u00ed\u00adso Creativo\" \/>\n<meta property=\"article:published_time\" content=\"2022-11-29T18:38:02+00:00\" \/>\n<meta property=\"article:modified_time\" content=\"2022-11-29T18:38:05+00:00\" \/>\n<meta property=\"og:image\" content=\"https:\/\/dev.antudigital.cl\/sites\/vc\/wp-content\/uploads\/2022\/11\/Vero-foto-por-Sebastian-Mancilla.png\" \/>\n\t<meta property=\"og:image:width\" content=\"1060\" \/>\n\t<meta property=\"og:image:height\" content=\"701\" \/>\n\t<meta property=\"og:image:type\" content=\"image\/png\" \/>\n<meta name=\"author\" content=\"Valpara\u00edso Creativo\" \/>\n<meta name=\"twitter:card\" content=\"summary_large_image\" \/>\n<meta name=\"twitter:label1\" content=\"Escrito por\" \/>\n\t<meta name=\"twitter:data1\" content=\"Valpara\u00edso Creativo\" \/>\n\t<meta name=\"twitter:label2\" content=\"Tiempo de lectura\" \/>\n\t<meta name=\"twitter:data2\" content=\"4 minutos\" \/>\n<script type=\"application\/ld+json\" class=\"yoast-schema-graph\">{\"@context\":\"https:\/\/schema.org\",\"@graph\":[{\"@type\":\"Article\",\"@id\":\"https:\/\/dev.antudigital.cl\/sites\/vc\/probeta-music-sello-de-valparaiso-presentara-catalogo-musical-con-show-en-vivo\/#article\",\"isPartOf\":{\"@id\":\"https:\/\/dev.antudigital.cl\/sites\/vc\/probeta-music-sello-de-valparaiso-presentara-catalogo-musical-con-show-en-vivo\/\"},\"author\":{\"name\":\"Valpara\u00edso Creativo\",\"@id\":\"https:\/\/dev.antudigital.cl\/sites\/vc\/#\/schema\/person\/c2b9da8dd545e27166fc5ab232837318\"},\"headline\":\"Probeta Music: Sello de Valpara\u00edso presentar\u00e1 cat\u00e1logo musical con show en vivo\",\"datePublished\":\"2022-11-29T18:38:02+00:00\",\"dateModified\":\"2022-11-29T18:38:05+00:00\",\"mainEntityOfPage\":{\"@id\":\"https:\/\/dev.antudigital.cl\/sites\/vc\/probeta-music-sello-de-valparaiso-presentara-catalogo-musical-con-show-en-vivo\/\"},\"wordCount\":670,\"commentCount\":0,\"image\":{\"@id\":\"https:\/\/dev.antudigital.cl\/sites\/vc\/probeta-music-sello-de-valparaiso-presentara-catalogo-musical-con-show-en-vivo\/#primaryimage\"},\"thumbnailUrl\":\"https:\/\/dev.antudigital.cl\/sites\/vc\/wp-content\/uploads\/2022\/11\/Vero-foto-por-Sebastian-Mancilla.png\",\"articleSection\":[\"Uncategorized\"],\"inLanguage\":\"es\",\"potentialAction\":[{\"@type\":\"CommentAction\",\"name\":\"Comment\",\"target\":[\"https:\/\/dev.antudigital.cl\/sites\/vc\/probeta-music-sello-de-valparaiso-presentara-catalogo-musical-con-show-en-vivo\/#respond\"]}]},{\"@type\":\"WebPage\",\"@id\":\"https:\/\/dev.antudigital.cl\/sites\/vc\/probeta-music-sello-de-valparaiso-presentara-catalogo-musical-con-show-en-vivo\/\",\"url\":\"https:\/\/dev.antudigital.cl\/sites\/vc\/probeta-music-sello-de-valparaiso-presentara-catalogo-musical-con-show-en-vivo\/\",\"name\":\"Probeta Music: Sello de Valpara\u00edso presentar\u00e1 cat\u00e1logo musical con show en vivo - Valpara\u00ed\u00adso Creativo\",\"isPartOf\":{\"@id\":\"https:\/\/dev.antudigital.cl\/sites\/vc\/#website\"},\"primaryImageOfPage\":{\"@id\":\"https:\/\/dev.antudigital.cl\/sites\/vc\/probeta-music-sello-de-valparaiso-presentara-catalogo-musical-con-show-en-vivo\/#primaryimage\"},\"image\":{\"@id\":\"https:\/\/dev.antudigital.cl\/sites\/vc\/probeta-music-sello-de-valparaiso-presentara-catalogo-musical-con-show-en-vivo\/#primaryimage\"},\"thumbnailUrl\":\"https:\/\/dev.antudigital.cl\/sites\/vc\/wp-content\/uploads\/2022\/11\/Vero-foto-por-Sebastian-Mancilla.png\",\"datePublished\":\"2022-11-29T18:38:02+00:00\",\"dateModified\":\"2022-11-29T18:38:05+00:00\",\"author\":{\"@id\":\"https:\/\/dev.antudigital.cl\/sites\/vc\/#\/schema\/person\/c2b9da8dd545e27166fc5ab232837318\"},\"breadcrumb\":{\"@id\":\"https:\/\/dev.antudigital.cl\/sites\/vc\/probeta-music-sello-de-valparaiso-presentara-catalogo-musical-con-show-en-vivo\/#breadcrumb\"},\"inLanguage\":\"es\",\"potentialAction\":[{\"@type\":\"ReadAction\",\"target\":[\"https:\/\/dev.antudigital.cl\/sites\/vc\/probeta-music-sello-de-valparaiso-presentara-catalogo-musical-con-show-en-vivo\/\"]}]},{\"@type\":\"ImageObject\",\"inLanguage\":\"es\",\"@id\":\"https:\/\/dev.antudigital.cl\/sites\/vc\/probeta-music-sello-de-valparaiso-presentara-catalogo-musical-con-show-en-vivo\/#primaryimage\",\"url\":\"https:\/\/dev.antudigital.cl\/sites\/vc\/wp-content\/uploads\/2022\/11\/Vero-foto-por-Sebastian-Mancilla.png\",\"contentUrl\":\"https:\/\/dev.antudigital.cl\/sites\/vc\/wp-content\/uploads\/2022\/11\/Vero-foto-por-Sebastian-Mancilla.png\",\"width\":1060,\"height\":701},{\"@type\":\"BreadcrumbList\",\"@id\":\"https:\/\/dev.antudigital.cl\/sites\/vc\/probeta-music-sello-de-valparaiso-presentara-catalogo-musical-con-show-en-vivo\/#breadcrumb\",\"itemListElement\":[{\"@type\":\"ListItem\",\"position\":1,\"name\":\"Home\",\"item\":\"https:\/\/dev.antudigital.cl\/sites\/vc\/\"},{\"@type\":\"ListItem\",\"position\":2,\"name\":\"Probeta Music: Sello de Valpara\u00edso presentar\u00e1 cat\u00e1logo musical con show en vivo\"}]},{\"@type\":\"WebSite\",\"@id\":\"https:\/\/dev.antudigital.cl\/sites\/vc\/#website\",\"url\":\"https:\/\/dev.antudigital.cl\/sites\/vc\/\",\"name\":\"Valpara\u00ed\u00adso Creativo\",\"description\":\"\",\"potentialAction\":[{\"@type\":\"SearchAction\",\"target\":{\"@type\":\"EntryPoint\",\"urlTemplate\":\"https:\/\/dev.antudigital.cl\/sites\/vc\/?s={search_term_string}\"},\"query-input\":{\"@type\":\"PropertyValueSpecification\",\"valueRequired\":true,\"valueName\":\"search_term_string\"}}],\"inLanguage\":\"es\"},{\"@type\":\"Person\",\"@id\":\"https:\/\/dev.antudigital.cl\/sites\/vc\/#\/schema\/person\/c2b9da8dd545e27166fc5ab232837318\",\"name\":\"Valpara\u00edso Creativo\",\"description\":\"Periodista de cultura en la Regi\u00f3n de Valpara\u00edso.\",\"url\":\"https:\/\/dev.antudigital.cl\/sites\/vc\/author\/valpoadmin\/\"}]}<\/script>\n<!-- \/ Yoast SEO plugin. -->","yoast_head_json":{"title":"Probeta Music: Sello de Valpara\u00edso presentar\u00e1 cat\u00e1logo musical con show en vivo - Valpara\u00ed\u00adso Creativo","robots":{"index":"index","follow":"follow","max-snippet":"max-snippet:-1","max-image-preview":"max-image-preview:large","max-video-preview":"max-video-preview:-1"},"canonical":"https:\/\/dev.antudigital.cl\/sites\/vc\/probeta-music-sello-de-valparaiso-presentara-catalogo-musical-con-show-en-vivo\/","og_locale":"es_ES","og_type":"article","og_title":"Probeta Music: Sello de Valpara\u00edso presentar\u00e1 cat\u00e1logo musical con show en vivo - Valpara\u00ed\u00adso Creativo","og_description":"Tres artistas nacionales se convocar\u00e1n en pleno cerro Alegre, de la ciudad Puerto, para dar a conocer sus nuevas producciones musicales. Se trata Ver\u00f3, Luciano Altair y Bah\u00eda Conejo, quienes bajo el alero de Sello Probeta Music, invitan a una jornada gratuita de escucha activa, de manera presencial, este jueves 1 de diciembre, a las [&hellip;]","og_url":"https:\/\/dev.antudigital.cl\/sites\/vc\/probeta-music-sello-de-valparaiso-presentara-catalogo-musical-con-show-en-vivo\/","og_site_name":"Valpara\u00ed\u00adso Creativo","article_published_time":"2022-11-29T18:38:02+00:00","article_modified_time":"2022-11-29T18:38:05+00:00","og_image":[{"width":1060,"height":701,"url":"https:\/\/dev.antudigital.cl\/sites\/vc\/wp-content\/uploads\/2022\/11\/Vero-foto-por-Sebastian-Mancilla.png","type":"image\/png"}],"author":"Valpara\u00edso Creativo","twitter_card":"summary_large_image","twitter_misc":{"Escrito por":"Valpara\u00edso Creativo","Tiempo de lectura":"4 minutos"},"schema":{"@context":"https:\/\/schema.org","@graph":[{"@type":"Article","@id":"https:\/\/dev.antudigital.cl\/sites\/vc\/probeta-music-sello-de-valparaiso-presentara-catalogo-musical-con-show-en-vivo\/#article","isPartOf":{"@id":"https:\/\/dev.antudigital.cl\/sites\/vc\/probeta-music-sello-de-valparaiso-presentara-catalogo-musical-con-show-en-vivo\/"},"author":{"name":"Valpara\u00edso Creativo","@id":"https:\/\/dev.antudigital.cl\/sites\/vc\/#\/schema\/person\/c2b9da8dd545e27166fc5ab232837318"},"headline":"Probeta Music: Sello de Valpara\u00edso presentar\u00e1 cat\u00e1logo musical con show en vivo","datePublished":"2022-11-29T18:38:02+00:00","dateModified":"2022-11-29T18:38:05+00:00","mainEntityOfPage":{"@id":"https:\/\/dev.antudigital.cl\/sites\/vc\/probeta-music-sello-de-valparaiso-presentara-catalogo-musical-con-show-en-vivo\/"},"wordCount":670,"commentCount":0,"image":{"@id":"https:\/\/dev.antudigital.cl\/sites\/vc\/probeta-music-sello-de-valparaiso-presentara-catalogo-musical-con-show-en-vivo\/#primaryimage"},"thumbnailUrl":"https:\/\/dev.antudigital.cl\/sites\/vc\/wp-content\/uploads\/2022\/11\/Vero-foto-por-Sebastian-Mancilla.png","articleSection":["Uncategorized"],"inLanguage":"es","potentialAction":[{"@type":"CommentAction","name":"Comment","target":["https:\/\/dev.antudigital.cl\/sites\/vc\/probeta-music-sello-de-valparaiso-presentara-catalogo-musical-con-show-en-vivo\/#respond"]}]},{"@type":"WebPage","@id":"https:\/\/dev.antudigital.cl\/sites\/vc\/probeta-music-sello-de-valparaiso-presentara-catalogo-musical-con-show-en-vivo\/","url":"https:\/\/dev.antudigital.cl\/sites\/vc\/probeta-music-sello-de-valparaiso-presentara-catalogo-musical-con-show-en-vivo\/","name":"Probeta Music: Sello de Valpara\u00edso presentar\u00e1 cat\u00e1logo musical con show en vivo - Valpara\u00ed\u00adso Creativo","isPartOf":{"@id":"https:\/\/dev.antudigital.cl\/sites\/vc\/#website"},"primaryImageOfPage":{"@id":"https:\/\/dev.antudigital.cl\/sites\/vc\/probeta-music-sello-de-valparaiso-presentara-catalogo-musical-con-show-en-vivo\/#primaryimage"},"image":{"@id":"https:\/\/dev.antudigital.cl\/sites\/vc\/probeta-music-sello-de-valparaiso-presentara-catalogo-musical-con-show-en-vivo\/#primaryimage"},"thumbnailUrl":"https:\/\/dev.antudigital.cl\/sites\/vc\/wp-content\/uploads\/2022\/11\/Vero-foto-por-Sebastian-Mancilla.png","datePublished":"2022-11-29T18:38:02+00:00","dateModified":"2022-11-29T18:38:05+00:00","author":{"@id":"https:\/\/dev.antudigital.cl\/sites\/vc\/#\/schema\/person\/c2b9da8dd545e27166fc5ab232837318"},"breadcrumb":{"@id":"https:\/\/dev.antudigital.cl\/sites\/vc\/probeta-music-sello-de-valparaiso-presentara-catalogo-musical-con-show-en-vivo\/#breadcrumb"},"inLanguage":"es","potentialAction":[{"@type":"ReadAction","target":["https:\/\/dev.antudigital.cl\/sites\/vc\/probeta-music-sello-de-valparaiso-presentara-catalogo-musical-con-show-en-vivo\/"]}]},{"@type":"ImageObject","inLanguage":"es","@id":"https:\/\/dev.antudigital.cl\/sites\/vc\/probeta-music-sello-de-valparaiso-presentara-catalogo-musical-con-show-en-vivo\/#primaryimage","url":"https:\/\/dev.antudigital.cl\/sites\/vc\/wp-content\/uploads\/2022\/11\/Vero-foto-por-Sebastian-Mancilla.png","contentUrl":"https:\/\/dev.antudigital.cl\/sites\/vc\/wp-content\/uploads\/2022\/11\/Vero-foto-por-Sebastian-Mancilla.png","width":1060,"height":701},{"@type":"BreadcrumbList","@id":"https:\/\/dev.antudigital.cl\/sites\/vc\/probeta-music-sello-de-valparaiso-presentara-catalogo-musical-con-show-en-vivo\/#breadcrumb","itemListElement":[{"@type":"ListItem","position":1,"name":"Home","item":"https:\/\/dev.antudigital.cl\/sites\/vc\/"},{"@type":"ListItem","position":2,"name":"Probeta Music: Sello de Valpara\u00edso presentar\u00e1 cat\u00e1logo musical con show en vivo"}]},{"@type":"WebSite","@id":"https:\/\/dev.antudigital.cl\/sites\/vc\/#website","url":"https:\/\/dev.antudigital.cl\/sites\/vc\/","name":"Valpara\u00ed\u00adso Creativo","description":"","potentialAction":[{"@type":"SearchAction","target":{"@type":"EntryPoint","urlTemplate":"https:\/\/dev.antudigital.cl\/sites\/vc\/?s={search_term_string}"},"query-input":{"@type":"PropertyValueSpecification","valueRequired":true,"valueName":"search_term_string"}}],"inLanguage":"es"},{"@type":"Person","@id":"https:\/\/dev.antudigital.cl\/sites\/vc\/#\/schema\/person\/c2b9da8dd545e27166fc5ab232837318","name":"Valpara\u00edso Creativo","description":"Periodista de cultura en la Regi\u00f3n de Valpara\u00edso.","url":"https:\/\/dev.antudigital.cl\/sites\/vc\/author\/valpoadmin\/"}]}},"_links":{"self":[{"href":"https:\/\/dev.antudigital.cl\/sites\/vc\/wp-json\/wp\/v2\/posts\/12173","targetHints":{"allow":["GET"]}}],"collection":[{"href":"https:\/\/dev.antudigital.cl\/sites\/vc\/wp-json\/wp\/v2\/posts"}],"about":[{"href":"https:\/\/dev.antudigital.cl\/sites\/vc\/wp-json\/wp\/v2\/types\/post"}],"author":[{"embeddable":true,"href":"https:\/\/dev.antudigital.cl\/sites\/vc\/wp-json\/wp\/v2\/users\/1"}],"replies":[{"embeddable":true,"href":"https:\/\/dev.antudigital.cl\/sites\/vc\/wp-json\/wp\/v2\/comments?post=12173"}],"version-history":[{"count":1,"href":"https:\/\/dev.antudigital.cl\/sites\/vc\/wp-json\/wp\/v2\/posts\/12173\/revisions"}],"predecessor-version":[{"id":12177,"href":"https:\/\/dev.antudigital.cl\/sites\/vc\/wp-json\/wp\/v2\/posts\/12173\/revisions\/12177"}],"wp:featuredmedia":[{"embeddable":true,"href":"https:\/\/dev.antudigital.cl\/sites\/vc\/wp-json\/wp\/v2\/media\/12174"}],"wp:attachment":[{"href":"https:\/\/dev.antudigital.cl\/sites\/vc\/wp-json\/wp\/v2\/media?parent=12173"}],"wp:term":[{"taxonomy":"category","embeddable":true,"href":"https:\/\/dev.antudigital.cl\/sites\/vc\/wp-json\/wp\/v2\/categories?post=12173"},{"taxonomy":"post_tag","embeddable":true,"href":"https:\/\/dev.antudigital.cl\/sites\/vc\/wp-json\/wp\/v2\/tags?post=12173"}],"curies":[{"name":"wp","href":"https:\/\/api.w.org\/{rel}","templated":true}]}}