{"id":12178,"date":"2022-11-29T18:44:48","date_gmt":"2022-11-29T18:44:48","guid":{"rendered":"https:\/\/www.valparaisocreativo.cl\/?p=12178"},"modified":"2022-11-29T18:44:51","modified_gmt":"2022-11-29T18:44:51","slug":"tercer-forum-internacional-musica-ciencias-y-nuevas-tecnologias-valparaiso-2022","status":"publish","type":"post","link":"https:\/\/dev.antudigital.cl\/sites\/vc\/tercer-forum-internacional-musica-ciencias-y-nuevas-tecnologias-valparaiso-2022\/","title":{"rendered":"Tercer F\u00f3rum Internacional M\u00fasica, Ciencias y Nuevas Tecnolog\u00edas &#8211; Valpara\u00edso 2022"},"content":{"rendered":"\n<p>Se acerca el Tercer F\u00f3rum Internacional M\u00fasica, Ciencias y Nuevas Tecnolog\u00edas &#8211; Valpara\u00edso 2022, que es realizado por el Centro de Investigaci\u00f3n Musical Aut\u00f3nomo CIMA en colaboraci\u00f3n con la Facultad de Ingenier\u00eda de la PUCV.<\/p>\n\n\n\n<p>El evento ser\u00e1 el 5, 6 y 7 de diciembre en el Auditorio Aulario, en la Facultad de Ingenier\u00eda PUCV, ubicada en Avenida Brasil 2162, Valpara\u00edso.<\/p>\n\n\n\n<p>Tambi\u00e9n se har\u00e1 v\u00eda Zoom. <\/p>\n\n\n\n<p>Para m\u00e1s informaci\u00f3n, visita <a href=\"https:\/\/cimach.cl\/\">CIMA<\/a>.<\/p>\n\n\n\n<figure class=\"wp-block-image size-full\"><img fetchpriority=\"high\" decoding=\"async\" width=\"541\" height=\"541\" src=\"https:\/\/www.valparaisocreativo.cl\/wp-content\/uploads\/2022\/11\/E5C018984E824B3DB78A16A3E6441B01.png\" alt=\"\" class=\"wp-image-12179\" srcset=\"https:\/\/dev.antudigital.cl\/sites\/vc\/wp-content\/uploads\/2022\/11\/E5C018984E824B3DB78A16A3E6441B01.png 541w, https:\/\/dev.antudigital.cl\/sites\/vc\/wp-content\/uploads\/2022\/11\/E5C018984E824B3DB78A16A3E6441B01-300x300.png 300w, https:\/\/dev.antudigital.cl\/sites\/vc\/wp-content\/uploads\/2022\/11\/E5C018984E824B3DB78A16A3E6441B01-150x150.png 150w, https:\/\/dev.antudigital.cl\/sites\/vc\/wp-content\/uploads\/2022\/11\/E5C018984E824B3DB78A16A3E6441B01-480x480.png 480w\" sizes=\"(max-width: 541px) 100vw, 541px\" \/><\/figure>\n","protected":false},"excerpt":{"rendered":"<p>Se acerca el Tercer F\u00f3rum Internacional M\u00fasica, Ciencias y Nuevas Tecnolog\u00edas &#8211; Valpara\u00edso 2022, que es realizado por el Centro de Investigaci\u00f3n Musical Aut\u00f3nomo CIMA en colaboraci\u00f3n con la Facultad de Ingenier\u00eda de la PUCV. El evento ser\u00e1 el 5, 6 y 7 de diciembre en el Auditorio Aulario, en la Facultad de Ingenier\u00eda PUCV, [&hellip;]<\/p>\n","protected":false},"author":1,"featured_media":12180,"comment_status":"open","ping_status":"closed","sticky":false,"template":"","format":"standard","meta":{"_acf_changed":false,"footnotes":""},"categories":[8],"tags":[],"class_list":["post-12178","post","type-post","status-publish","format-standard","has-post-thumbnail","hentry","category-noticia"],"acf":[],"yoast_head":"<!-- This site is optimized with the Yoast SEO plugin v27.1.1 - https:\/\/yoast.com\/product\/yoast-seo-wordpress\/ -->\n<title>Tercer F\u00f3rum Internacional M\u00fasica, Ciencias y Nuevas Tecnolog\u00edas - Valpara\u00edso 2022 - Valpara\u00ed\u00adso Creativo<\/title>\n<meta name=\"robots\" content=\"index, follow, max-snippet:-1, max-image-preview:large, max-video-preview:-1\" \/>\n<link rel=\"canonical\" href=\"https:\/\/dev.antudigital.cl\/sites\/vc\/tercer-forum-internacional-musica-ciencias-y-nuevas-tecnologias-valparaiso-2022\/\" \/>\n<meta property=\"og:locale\" content=\"es_ES\" \/>\n<meta property=\"og:type\" content=\"article\" \/>\n<meta property=\"og:title\" content=\"Tercer F\u00f3rum Internacional M\u00fasica, Ciencias y Nuevas Tecnolog\u00edas - Valpara\u00edso 2022 - Valpara\u00ed\u00adso Creativo\" \/>\n<meta property=\"og:description\" content=\"Se acerca el Tercer F\u00f3rum Internacional M\u00fasica, Ciencias y Nuevas Tecnolog\u00edas &#8211; Valpara\u00edso 2022, que es realizado por el Centro de Investigaci\u00f3n Musical Aut\u00f3nomo CIMA en colaboraci\u00f3n con la Facultad de Ingenier\u00eda de la PUCV. El evento ser\u00e1 el 5, 6 y 7 de diciembre en el Auditorio Aulario, en la Facultad de Ingenier\u00eda PUCV, [&hellip;]\" \/>\n<meta property=\"og:url\" content=\"https:\/\/dev.antudigital.cl\/sites\/vc\/tercer-forum-internacional-musica-ciencias-y-nuevas-tecnologias-valparaiso-2022\/\" \/>\n<meta property=\"og:site_name\" content=\"Valpara\u00ed\u00adso Creativo\" \/>\n<meta property=\"article:published_time\" content=\"2022-11-29T18:44:48+00:00\" \/>\n<meta property=\"article:modified_time\" content=\"2022-11-29T18:44:51+00:00\" \/>\n<meta property=\"og:image\" content=\"https:\/\/dev.antudigital.cl\/sites\/vc\/wp-content\/uploads\/2022\/11\/Captura-de-Pantalla-2022-11-29-a-las-15.42.21.png\" \/>\n\t<meta property=\"og:image:width\" content=\"752\" \/>\n\t<meta property=\"og:image:height\" content=\"463\" \/>\n\t<meta property=\"og:image:type\" content=\"image\/png\" \/>\n<meta name=\"author\" content=\"Valpara\u00edso Creativo\" \/>\n<meta name=\"twitter:card\" content=\"summary_large_image\" \/>\n<meta name=\"twitter:label1\" content=\"Escrito por\" \/>\n\t<meta name=\"twitter:data1\" content=\"Valpara\u00edso Creativo\" \/>\n\t<meta name=\"twitter:label2\" content=\"Tiempo de lectura\" \/>\n\t<meta name=\"twitter:data2\" content=\"1 minuto\" \/>\n<script type=\"application\/ld+json\" class=\"yoast-schema-graph\">{\"@context\":\"https:\/\/schema.org\",\"@graph\":[{\"@type\":\"Article\",\"@id\":\"https:\/\/dev.antudigital.cl\/sites\/vc\/tercer-forum-internacional-musica-ciencias-y-nuevas-tecnologias-valparaiso-2022\/#article\",\"isPartOf\":{\"@id\":\"https:\/\/dev.antudigital.cl\/sites\/vc\/tercer-forum-internacional-musica-ciencias-y-nuevas-tecnologias-valparaiso-2022\/\"},\"author\":{\"name\":\"Valpara\u00edso Creativo\",\"@id\":\"https:\/\/dev.antudigital.cl\/sites\/vc\/#\/schema\/person\/c2b9da8dd545e27166fc5ab232837318\"},\"headline\":\"Tercer F\u00f3rum Internacional M\u00fasica, Ciencias y Nuevas Tecnolog\u00edas &#8211; Valpara\u00edso 2022\",\"datePublished\":\"2022-11-29T18:44:48+00:00\",\"dateModified\":\"2022-11-29T18:44:51+00:00\",\"mainEntityOfPage\":{\"@id\":\"https:\/\/dev.antudigital.cl\/sites\/vc\/tercer-forum-internacional-musica-ciencias-y-nuevas-tecnologias-valparaiso-2022\/\"},\"wordCount\":94,\"commentCount\":0,\"image\":{\"@id\":\"https:\/\/dev.antudigital.cl\/sites\/vc\/tercer-forum-internacional-musica-ciencias-y-nuevas-tecnologias-valparaiso-2022\/#primaryimage\"},\"thumbnailUrl\":\"https:\/\/dev.antudigital.cl\/sites\/vc\/wp-content\/uploads\/2022\/11\/Captura-de-Pantalla-2022-11-29-a-las-15.42.21.png\",\"articleSection\":[\"Noticia\"],\"inLanguage\":\"es\",\"potentialAction\":[{\"@type\":\"CommentAction\",\"name\":\"Comment\",\"target\":[\"https:\/\/dev.antudigital.cl\/sites\/vc\/tercer-forum-internacional-musica-ciencias-y-nuevas-tecnologias-valparaiso-2022\/#respond\"]}]},{\"@type\":\"WebPage\",\"@id\":\"https:\/\/dev.antudigital.cl\/sites\/vc\/tercer-forum-internacional-musica-ciencias-y-nuevas-tecnologias-valparaiso-2022\/\",\"url\":\"https:\/\/dev.antudigital.cl\/sites\/vc\/tercer-forum-internacional-musica-ciencias-y-nuevas-tecnologias-valparaiso-2022\/\",\"name\":\"Tercer F\u00f3rum Internacional M\u00fasica, Ciencias y Nuevas Tecnolog\u00edas - Valpara\u00edso 2022 - Valpara\u00ed\u00adso Creativo\",\"isPartOf\":{\"@id\":\"https:\/\/dev.antudigital.cl\/sites\/vc\/#website\"},\"primaryImageOfPage\":{\"@id\":\"https:\/\/dev.antudigital.cl\/sites\/vc\/tercer-forum-internacional-musica-ciencias-y-nuevas-tecnologias-valparaiso-2022\/#primaryimage\"},\"image\":{\"@id\":\"https:\/\/dev.antudigital.cl\/sites\/vc\/tercer-forum-internacional-musica-ciencias-y-nuevas-tecnologias-valparaiso-2022\/#primaryimage\"},\"thumbnailUrl\":\"https:\/\/dev.antudigital.cl\/sites\/vc\/wp-content\/uploads\/2022\/11\/Captura-de-Pantalla-2022-11-29-a-las-15.42.21.png\",\"datePublished\":\"2022-11-29T18:44:48+00:00\",\"dateModified\":\"2022-11-29T18:44:51+00:00\",\"author\":{\"@id\":\"https:\/\/dev.antudigital.cl\/sites\/vc\/#\/schema\/person\/c2b9da8dd545e27166fc5ab232837318\"},\"breadcrumb\":{\"@id\":\"https:\/\/dev.antudigital.cl\/sites\/vc\/tercer-forum-internacional-musica-ciencias-y-nuevas-tecnologias-valparaiso-2022\/#breadcrumb\"},\"inLanguage\":\"es\",\"potentialAction\":[{\"@type\":\"ReadAction\",\"target\":[\"https:\/\/dev.antudigital.cl\/sites\/vc\/tercer-forum-internacional-musica-ciencias-y-nuevas-tecnologias-valparaiso-2022\/\"]}]},{\"@type\":\"ImageObject\",\"inLanguage\":\"es\",\"@id\":\"https:\/\/dev.antudigital.cl\/sites\/vc\/tercer-forum-internacional-musica-ciencias-y-nuevas-tecnologias-valparaiso-2022\/#primaryimage\",\"url\":\"https:\/\/dev.antudigital.cl\/sites\/vc\/wp-content\/uploads\/2022\/11\/Captura-de-Pantalla-2022-11-29-a-las-15.42.21.png\",\"contentUrl\":\"https:\/\/dev.antudigital.cl\/sites\/vc\/wp-content\/uploads\/2022\/11\/Captura-de-Pantalla-2022-11-29-a-las-15.42.21.png\",\"width\":752,\"height\":463},{\"@type\":\"BreadcrumbList\",\"@id\":\"https:\/\/dev.antudigital.cl\/sites\/vc\/tercer-forum-internacional-musica-ciencias-y-nuevas-tecnologias-valparaiso-2022\/#breadcrumb\",\"itemListElement\":[{\"@type\":\"ListItem\",\"position\":1,\"name\":\"Home\",\"item\":\"https:\/\/dev.antudigital.cl\/sites\/vc\/\"},{\"@type\":\"ListItem\",\"position\":2,\"name\":\"Tercer F\u00f3rum Internacional M\u00fasica, Ciencias y Nuevas Tecnolog\u00edas &#8211; Valpara\u00edso 2022\"}]},{\"@type\":\"WebSite\",\"@id\":\"https:\/\/dev.antudigital.cl\/sites\/vc\/#website\",\"url\":\"https:\/\/dev.antudigital.cl\/sites\/vc\/\",\"name\":\"Valpara\u00ed\u00adso Creativo\",\"description\":\"\",\"potentialAction\":[{\"@type\":\"SearchAction\",\"target\":{\"@type\":\"EntryPoint\",\"urlTemplate\":\"https:\/\/dev.antudigital.cl\/sites\/vc\/?s={search_term_string}\"},\"query-input\":{\"@type\":\"PropertyValueSpecification\",\"valueRequired\":true,\"valueName\":\"search_term_string\"}}],\"inLanguage\":\"es\"},{\"@type\":\"Person\",\"@id\":\"https:\/\/dev.antudigital.cl\/sites\/vc\/#\/schema\/person\/c2b9da8dd545e27166fc5ab232837318\",\"name\":\"Valpara\u00edso Creativo\",\"description\":\"Periodista de cultura en la Regi\u00f3n de Valpara\u00edso.\",\"url\":\"https:\/\/dev.antudigital.cl\/sites\/vc\/author\/valpoadmin\/\"}]}<\/script>\n<!-- \/ Yoast SEO plugin. -->","yoast_head_json":{"title":"Tercer F\u00f3rum Internacional M\u00fasica, Ciencias y Nuevas Tecnolog\u00edas - Valpara\u00edso 2022 - Valpara\u00ed\u00adso Creativo","robots":{"index":"index","follow":"follow","max-snippet":"max-snippet:-1","max-image-preview":"max-image-preview:large","max-video-preview":"max-video-preview:-1"},"canonical":"https:\/\/dev.antudigital.cl\/sites\/vc\/tercer-forum-internacional-musica-ciencias-y-nuevas-tecnologias-valparaiso-2022\/","og_locale":"es_ES","og_type":"article","og_title":"Tercer F\u00f3rum Internacional M\u00fasica, Ciencias y Nuevas Tecnolog\u00edas - Valpara\u00edso 2022 - Valpara\u00ed\u00adso Creativo","og_description":"Se acerca el Tercer F\u00f3rum Internacional M\u00fasica, Ciencias y Nuevas Tecnolog\u00edas &#8211; Valpara\u00edso 2022, que es realizado por el Centro de Investigaci\u00f3n Musical Aut\u00f3nomo CIMA en colaboraci\u00f3n con la Facultad de Ingenier\u00eda de la PUCV. El evento ser\u00e1 el 5, 6 y 7 de diciembre en el Auditorio Aulario, en la Facultad de Ingenier\u00eda PUCV, [&hellip;]","og_url":"https:\/\/dev.antudigital.cl\/sites\/vc\/tercer-forum-internacional-musica-ciencias-y-nuevas-tecnologias-valparaiso-2022\/","og_site_name":"Valpara\u00ed\u00adso Creativo","article_published_time":"2022-11-29T18:44:48+00:00","article_modified_time":"2022-11-29T18:44:51+00:00","og_image":[{"width":752,"height":463,"url":"https:\/\/dev.antudigital.cl\/sites\/vc\/wp-content\/uploads\/2022\/11\/Captura-de-Pantalla-2022-11-29-a-las-15.42.21.png","type":"image\/png"}],"author":"Valpara\u00edso Creativo","twitter_card":"summary_large_image","twitter_misc":{"Escrito por":"Valpara\u00edso Creativo","Tiempo de lectura":"1 minuto"},"schema":{"@context":"https:\/\/schema.org","@graph":[{"@type":"Article","@id":"https:\/\/dev.antudigital.cl\/sites\/vc\/tercer-forum-internacional-musica-ciencias-y-nuevas-tecnologias-valparaiso-2022\/#article","isPartOf":{"@id":"https:\/\/dev.antudigital.cl\/sites\/vc\/tercer-forum-internacional-musica-ciencias-y-nuevas-tecnologias-valparaiso-2022\/"},"author":{"name":"Valpara\u00edso Creativo","@id":"https:\/\/dev.antudigital.cl\/sites\/vc\/#\/schema\/person\/c2b9da8dd545e27166fc5ab232837318"},"headline":"Tercer F\u00f3rum Internacional M\u00fasica, Ciencias y Nuevas Tecnolog\u00edas &#8211; Valpara\u00edso 2022","datePublished":"2022-11-29T18:44:48+00:00","dateModified":"2022-11-29T18:44:51+00:00","mainEntityOfPage":{"@id":"https:\/\/dev.antudigital.cl\/sites\/vc\/tercer-forum-internacional-musica-ciencias-y-nuevas-tecnologias-valparaiso-2022\/"},"wordCount":94,"commentCount":0,"image":{"@id":"https:\/\/dev.antudigital.cl\/sites\/vc\/tercer-forum-internacional-musica-ciencias-y-nuevas-tecnologias-valparaiso-2022\/#primaryimage"},"thumbnailUrl":"https:\/\/dev.antudigital.cl\/sites\/vc\/wp-content\/uploads\/2022\/11\/Captura-de-Pantalla-2022-11-29-a-las-15.42.21.png","articleSection":["Noticia"],"inLanguage":"es","potentialAction":[{"@type":"CommentAction","name":"Comment","target":["https:\/\/dev.antudigital.cl\/sites\/vc\/tercer-forum-internacional-musica-ciencias-y-nuevas-tecnologias-valparaiso-2022\/#respond"]}]},{"@type":"WebPage","@id":"https:\/\/dev.antudigital.cl\/sites\/vc\/tercer-forum-internacional-musica-ciencias-y-nuevas-tecnologias-valparaiso-2022\/","url":"https:\/\/dev.antudigital.cl\/sites\/vc\/tercer-forum-internacional-musica-ciencias-y-nuevas-tecnologias-valparaiso-2022\/","name":"Tercer F\u00f3rum Internacional M\u00fasica, Ciencias y Nuevas Tecnolog\u00edas - Valpara\u00edso 2022 - Valpara\u00ed\u00adso Creativo","isPartOf":{"@id":"https:\/\/dev.antudigital.cl\/sites\/vc\/#website"},"primaryImageOfPage":{"@id":"https:\/\/dev.antudigital.cl\/sites\/vc\/tercer-forum-internacional-musica-ciencias-y-nuevas-tecnologias-valparaiso-2022\/#primaryimage"},"image":{"@id":"https:\/\/dev.antudigital.cl\/sites\/vc\/tercer-forum-internacional-musica-ciencias-y-nuevas-tecnologias-valparaiso-2022\/#primaryimage"},"thumbnailUrl":"https:\/\/dev.antudigital.cl\/sites\/vc\/wp-content\/uploads\/2022\/11\/Captura-de-Pantalla-2022-11-29-a-las-15.42.21.png","datePublished":"2022-11-29T18:44:48+00:00","dateModified":"2022-11-29T18:44:51+00:00","author":{"@id":"https:\/\/dev.antudigital.cl\/sites\/vc\/#\/schema\/person\/c2b9da8dd545e27166fc5ab232837318"},"breadcrumb":{"@id":"https:\/\/dev.antudigital.cl\/sites\/vc\/tercer-forum-internacional-musica-ciencias-y-nuevas-tecnologias-valparaiso-2022\/#breadcrumb"},"inLanguage":"es","potentialAction":[{"@type":"ReadAction","target":["https:\/\/dev.antudigital.cl\/sites\/vc\/tercer-forum-internacional-musica-ciencias-y-nuevas-tecnologias-valparaiso-2022\/"]}]},{"@type":"ImageObject","inLanguage":"es","@id":"https:\/\/dev.antudigital.cl\/sites\/vc\/tercer-forum-internacional-musica-ciencias-y-nuevas-tecnologias-valparaiso-2022\/#primaryimage","url":"https:\/\/dev.antudigital.cl\/sites\/vc\/wp-content\/uploads\/2022\/11\/Captura-de-Pantalla-2022-11-29-a-las-15.42.21.png","contentUrl":"https:\/\/dev.antudigital.cl\/sites\/vc\/wp-content\/uploads\/2022\/11\/Captura-de-Pantalla-2022-11-29-a-las-15.42.21.png","width":752,"height":463},{"@type":"BreadcrumbList","@id":"https:\/\/dev.antudigital.cl\/sites\/vc\/tercer-forum-internacional-musica-ciencias-y-nuevas-tecnologias-valparaiso-2022\/#breadcrumb","itemListElement":[{"@type":"ListItem","position":1,"name":"Home","item":"https:\/\/dev.antudigital.cl\/sites\/vc\/"},{"@type":"ListItem","position":2,"name":"Tercer F\u00f3rum Internacional M\u00fasica, Ciencias y Nuevas Tecnolog\u00edas &#8211; Valpara\u00edso 2022"}]},{"@type":"WebSite","@id":"https:\/\/dev.antudigital.cl\/sites\/vc\/#website","url":"https:\/\/dev.antudigital.cl\/sites\/vc\/","name":"Valpara\u00ed\u00adso Creativo","description":"","potentialAction":[{"@type":"SearchAction","target":{"@type":"EntryPoint","urlTemplate":"https:\/\/dev.antudigital.cl\/sites\/vc\/?s={search_term_string}"},"query-input":{"@type":"PropertyValueSpecification","valueRequired":true,"valueName":"search_term_string"}}],"inLanguage":"es"},{"@type":"Person","@id":"https:\/\/dev.antudigital.cl\/sites\/vc\/#\/schema\/person\/c2b9da8dd545e27166fc5ab232837318","name":"Valpara\u00edso Creativo","description":"Periodista de cultura en la Regi\u00f3n de Valpara\u00edso.","url":"https:\/\/dev.antudigital.cl\/sites\/vc\/author\/valpoadmin\/"}]}},"_links":{"self":[{"href":"https:\/\/dev.antudigital.cl\/sites\/vc\/wp-json\/wp\/v2\/posts\/12178","targetHints":{"allow":["GET"]}}],"collection":[{"href":"https:\/\/dev.antudigital.cl\/sites\/vc\/wp-json\/wp\/v2\/posts"}],"about":[{"href":"https:\/\/dev.antudigital.cl\/sites\/vc\/wp-json\/wp\/v2\/types\/post"}],"author":[{"embeddable":true,"href":"https:\/\/dev.antudigital.cl\/sites\/vc\/wp-json\/wp\/v2\/users\/1"}],"replies":[{"embeddable":true,"href":"https:\/\/dev.antudigital.cl\/sites\/vc\/wp-json\/wp\/v2\/comments?post=12178"}],"version-history":[{"count":1,"href":"https:\/\/dev.antudigital.cl\/sites\/vc\/wp-json\/wp\/v2\/posts\/12178\/revisions"}],"predecessor-version":[{"id":12181,"href":"https:\/\/dev.antudigital.cl\/sites\/vc\/wp-json\/wp\/v2\/posts\/12178\/revisions\/12181"}],"wp:featuredmedia":[{"embeddable":true,"href":"https:\/\/dev.antudigital.cl\/sites\/vc\/wp-json\/wp\/v2\/media\/12180"}],"wp:attachment":[{"href":"https:\/\/dev.antudigital.cl\/sites\/vc\/wp-json\/wp\/v2\/media?parent=12178"}],"wp:term":[{"taxonomy":"category","embeddable":true,"href":"https:\/\/dev.antudigital.cl\/sites\/vc\/wp-json\/wp\/v2\/categories?post=12178"},{"taxonomy":"post_tag","embeddable":true,"href":"https:\/\/dev.antudigital.cl\/sites\/vc\/wp-json\/wp\/v2\/tags?post=12178"}],"curies":[{"name":"wp","href":"https:\/\/api.w.org\/{rel}","templated":true}]}}