{"id":12205,"date":"2022-12-05T21:53:31","date_gmt":"2022-12-05T21:53:31","guid":{"rendered":"https:\/\/www.valparaisocreativo.cl\/?p=12205"},"modified":"2022-12-05T21:53:37","modified_gmt":"2022-12-05T21:53:37","slug":"villa-alemana-presenta-artistas-por-los-derechos-humanos","status":"publish","type":"post","link":"https:\/\/dev.antudigital.cl\/sites\/vc\/villa-alemana-presenta-artistas-por-los-derechos-humanos\/","title":{"rendered":"Villa Alemana presenta: artistas por los derechos humanos"},"content":{"rendered":"\n<p>En el marco de la conmemoraci\u00f3n del D\u00eda Internacional de los Derechos Humanos, diversos artistas locales, que formaron parte de la resistencia cultural en Dictadura, por la defensa de la libertad de expresi\u00f3n y el derecho a la vida, se reunir\u00e1n en torno a la m\u00fasica, la poes\u00eda y la pintura.<br><br>Se trata de 3 actividades gratuitas y abiertas al p\u00fablico, <strong>entre el 06 y el 10 de diciembre,<\/strong> que buscan rescatar y preservar la memoria hist\u00f3rica y derechos humanos en nuestro territorio.<br><br>\u00a1Revisa los puntos de encuentro! <a href=\"https:\/\/www.instagram.com\/ccgabrielamistral\/\">M\u00e1s detalles en la siguiente cuenta.<\/a><\/p>\n\n\n\n<figure class=\"wp-block-image size-full\"><img fetchpriority=\"high\" decoding=\"async\" width=\"597\" height=\"593\" src=\"https:\/\/www.valparaisocreativo.cl\/wp-content\/uploads\/2022\/12\/Captura-de-Pantalla-2022-12-05-a-las-18.51.32.png\" alt=\"\" class=\"wp-image-12206\" srcset=\"https:\/\/dev.antudigital.cl\/sites\/vc\/wp-content\/uploads\/2022\/12\/Captura-de-Pantalla-2022-12-05-a-las-18.51.32.png 597w, https:\/\/dev.antudigital.cl\/sites\/vc\/wp-content\/uploads\/2022\/12\/Captura-de-Pantalla-2022-12-05-a-las-18.51.32-300x298.png 300w, https:\/\/dev.antudigital.cl\/sites\/vc\/wp-content\/uploads\/2022\/12\/Captura-de-Pantalla-2022-12-05-a-las-18.51.32-150x150.png 150w, https:\/\/dev.antudigital.cl\/sites\/vc\/wp-content\/uploads\/2022\/12\/Captura-de-Pantalla-2022-12-05-a-las-18.51.32-480x477.png 480w\" sizes=\"(max-width: 597px) 100vw, 597px\" \/><\/figure>\n","protected":false},"excerpt":{"rendered":"<p>En el marco de la conmemoraci\u00f3n del D\u00eda Internacional de los Derechos Humanos, diversos artistas locales, que formaron parte de la resistencia cultural en Dictadura, por la defensa de la libertad de expresi\u00f3n y el derecho a la vida, se reunir\u00e1n en torno a la m\u00fasica, la poes\u00eda y la pintura. Se trata de 3 [&hellip;]<\/p>\n","protected":false},"author":1,"featured_media":12207,"comment_status":"open","ping_status":"closed","sticky":false,"template":"","format":"standard","meta":{"_acf_changed":false,"footnotes":""},"categories":[8],"tags":[],"class_list":["post-12205","post","type-post","status-publish","format-standard","has-post-thumbnail","hentry","category-noticia"],"acf":[],"yoast_head":"<!-- This site is optimized with the Yoast SEO plugin v27.1.1 - https:\/\/yoast.com\/product\/yoast-seo-wordpress\/ -->\n<title>Villa Alemana presenta: artistas por los derechos humanos - Valpara\u00ed\u00adso Creativo<\/title>\n<meta name=\"robots\" content=\"index, follow, max-snippet:-1, max-image-preview:large, max-video-preview:-1\" \/>\n<link rel=\"canonical\" href=\"https:\/\/dev.antudigital.cl\/sites\/vc\/villa-alemana-presenta-artistas-por-los-derechos-humanos\/\" \/>\n<meta property=\"og:locale\" content=\"es_ES\" \/>\n<meta property=\"og:type\" content=\"article\" \/>\n<meta property=\"og:title\" content=\"Villa Alemana presenta: artistas por los derechos humanos - Valpara\u00ed\u00adso Creativo\" \/>\n<meta property=\"og:description\" content=\"En el marco de la conmemoraci\u00f3n del D\u00eda Internacional de los Derechos Humanos, diversos artistas locales, que formaron parte de la resistencia cultural en Dictadura, por la defensa de la libertad de expresi\u00f3n y el derecho a la vida, se reunir\u00e1n en torno a la m\u00fasica, la poes\u00eda y la pintura. Se trata de 3 [&hellip;]\" \/>\n<meta property=\"og:url\" content=\"https:\/\/dev.antudigital.cl\/sites\/vc\/villa-alemana-presenta-artistas-por-los-derechos-humanos\/\" \/>\n<meta property=\"og:site_name\" content=\"Valpara\u00ed\u00adso Creativo\" \/>\n<meta property=\"article:published_time\" content=\"2022-12-05T21:53:31+00:00\" \/>\n<meta property=\"article:modified_time\" content=\"2022-12-05T21:53:37+00:00\" \/>\n<meta property=\"og:image\" content=\"https:\/\/dev.antudigital.cl\/sites\/vc\/wp-content\/uploads\/2022\/12\/Captura-de-Pantalla-2022-12-05-a-las-18.51.41.png\" \/>\n\t<meta property=\"og:image:width\" content=\"759\" \/>\n\t<meta property=\"og:image:height\" content=\"358\" \/>\n\t<meta property=\"og:image:type\" content=\"image\/png\" \/>\n<meta name=\"author\" content=\"Valpara\u00edso Creativo\" \/>\n<meta name=\"twitter:card\" content=\"summary_large_image\" \/>\n<meta name=\"twitter:label1\" content=\"Escrito por\" \/>\n\t<meta name=\"twitter:data1\" content=\"Valpara\u00edso Creativo\" \/>\n\t<meta name=\"twitter:label2\" content=\"Tiempo de lectura\" \/>\n\t<meta name=\"twitter:data2\" content=\"1 minuto\" \/>\n<script type=\"application\/ld+json\" class=\"yoast-schema-graph\">{\"@context\":\"https:\/\/schema.org\",\"@graph\":[{\"@type\":\"Article\",\"@id\":\"https:\/\/dev.antudigital.cl\/sites\/vc\/villa-alemana-presenta-artistas-por-los-derechos-humanos\/#article\",\"isPartOf\":{\"@id\":\"https:\/\/dev.antudigital.cl\/sites\/vc\/villa-alemana-presenta-artistas-por-los-derechos-humanos\/\"},\"author\":{\"name\":\"Valpara\u00edso Creativo\",\"@id\":\"https:\/\/dev.antudigital.cl\/sites\/vc\/#\/schema\/person\/c2b9da8dd545e27166fc5ab232837318\"},\"headline\":\"Villa Alemana presenta: artistas por los derechos humanos\",\"datePublished\":\"2022-12-05T21:53:31+00:00\",\"dateModified\":\"2022-12-05T21:53:37+00:00\",\"mainEntityOfPage\":{\"@id\":\"https:\/\/dev.antudigital.cl\/sites\/vc\/villa-alemana-presenta-artistas-por-los-derechos-humanos\/\"},\"wordCount\":108,\"commentCount\":0,\"image\":{\"@id\":\"https:\/\/dev.antudigital.cl\/sites\/vc\/villa-alemana-presenta-artistas-por-los-derechos-humanos\/#primaryimage\"},\"thumbnailUrl\":\"https:\/\/dev.antudigital.cl\/sites\/vc\/wp-content\/uploads\/2022\/12\/Captura-de-Pantalla-2022-12-05-a-las-18.51.41.png\",\"articleSection\":[\"Noticia\"],\"inLanguage\":\"es\",\"potentialAction\":[{\"@type\":\"CommentAction\",\"name\":\"Comment\",\"target\":[\"https:\/\/dev.antudigital.cl\/sites\/vc\/villa-alemana-presenta-artistas-por-los-derechos-humanos\/#respond\"]}]},{\"@type\":\"WebPage\",\"@id\":\"https:\/\/dev.antudigital.cl\/sites\/vc\/villa-alemana-presenta-artistas-por-los-derechos-humanos\/\",\"url\":\"https:\/\/dev.antudigital.cl\/sites\/vc\/villa-alemana-presenta-artistas-por-los-derechos-humanos\/\",\"name\":\"Villa Alemana presenta: artistas por los derechos humanos - Valpara\u00ed\u00adso Creativo\",\"isPartOf\":{\"@id\":\"https:\/\/dev.antudigital.cl\/sites\/vc\/#website\"},\"primaryImageOfPage\":{\"@id\":\"https:\/\/dev.antudigital.cl\/sites\/vc\/villa-alemana-presenta-artistas-por-los-derechos-humanos\/#primaryimage\"},\"image\":{\"@id\":\"https:\/\/dev.antudigital.cl\/sites\/vc\/villa-alemana-presenta-artistas-por-los-derechos-humanos\/#primaryimage\"},\"thumbnailUrl\":\"https:\/\/dev.antudigital.cl\/sites\/vc\/wp-content\/uploads\/2022\/12\/Captura-de-Pantalla-2022-12-05-a-las-18.51.41.png\",\"datePublished\":\"2022-12-05T21:53:31+00:00\",\"dateModified\":\"2022-12-05T21:53:37+00:00\",\"author\":{\"@id\":\"https:\/\/dev.antudigital.cl\/sites\/vc\/#\/schema\/person\/c2b9da8dd545e27166fc5ab232837318\"},\"breadcrumb\":{\"@id\":\"https:\/\/dev.antudigital.cl\/sites\/vc\/villa-alemana-presenta-artistas-por-los-derechos-humanos\/#breadcrumb\"},\"inLanguage\":\"es\",\"potentialAction\":[{\"@type\":\"ReadAction\",\"target\":[\"https:\/\/dev.antudigital.cl\/sites\/vc\/villa-alemana-presenta-artistas-por-los-derechos-humanos\/\"]}]},{\"@type\":\"ImageObject\",\"inLanguage\":\"es\",\"@id\":\"https:\/\/dev.antudigital.cl\/sites\/vc\/villa-alemana-presenta-artistas-por-los-derechos-humanos\/#primaryimage\",\"url\":\"https:\/\/dev.antudigital.cl\/sites\/vc\/wp-content\/uploads\/2022\/12\/Captura-de-Pantalla-2022-12-05-a-las-18.51.41.png\",\"contentUrl\":\"https:\/\/dev.antudigital.cl\/sites\/vc\/wp-content\/uploads\/2022\/12\/Captura-de-Pantalla-2022-12-05-a-las-18.51.41.png\",\"width\":759,\"height\":358},{\"@type\":\"BreadcrumbList\",\"@id\":\"https:\/\/dev.antudigital.cl\/sites\/vc\/villa-alemana-presenta-artistas-por-los-derechos-humanos\/#breadcrumb\",\"itemListElement\":[{\"@type\":\"ListItem\",\"position\":1,\"name\":\"Home\",\"item\":\"https:\/\/dev.antudigital.cl\/sites\/vc\/\"},{\"@type\":\"ListItem\",\"position\":2,\"name\":\"Villa Alemana presenta: artistas por los derechos humanos\"}]},{\"@type\":\"WebSite\",\"@id\":\"https:\/\/dev.antudigital.cl\/sites\/vc\/#website\",\"url\":\"https:\/\/dev.antudigital.cl\/sites\/vc\/\",\"name\":\"Valpara\u00ed\u00adso Creativo\",\"description\":\"\",\"potentialAction\":[{\"@type\":\"SearchAction\",\"target\":{\"@type\":\"EntryPoint\",\"urlTemplate\":\"https:\/\/dev.antudigital.cl\/sites\/vc\/?s={search_term_string}\"},\"query-input\":{\"@type\":\"PropertyValueSpecification\",\"valueRequired\":true,\"valueName\":\"search_term_string\"}}],\"inLanguage\":\"es\"},{\"@type\":\"Person\",\"@id\":\"https:\/\/dev.antudigital.cl\/sites\/vc\/#\/schema\/person\/c2b9da8dd545e27166fc5ab232837318\",\"name\":\"Valpara\u00edso Creativo\",\"description\":\"Periodista de cultura en la Regi\u00f3n de Valpara\u00edso.\",\"url\":\"https:\/\/dev.antudigital.cl\/sites\/vc\/author\/valpoadmin\/\"}]}<\/script>\n<!-- \/ Yoast SEO plugin. -->","yoast_head_json":{"title":"Villa Alemana presenta: artistas por los derechos humanos - Valpara\u00ed\u00adso Creativo","robots":{"index":"index","follow":"follow","max-snippet":"max-snippet:-1","max-image-preview":"max-image-preview:large","max-video-preview":"max-video-preview:-1"},"canonical":"https:\/\/dev.antudigital.cl\/sites\/vc\/villa-alemana-presenta-artistas-por-los-derechos-humanos\/","og_locale":"es_ES","og_type":"article","og_title":"Villa Alemana presenta: artistas por los derechos humanos - Valpara\u00ed\u00adso Creativo","og_description":"En el marco de la conmemoraci\u00f3n del D\u00eda Internacional de los Derechos Humanos, diversos artistas locales, que formaron parte de la resistencia cultural en Dictadura, por la defensa de la libertad de expresi\u00f3n y el derecho a la vida, se reunir\u00e1n en torno a la m\u00fasica, la poes\u00eda y la pintura. Se trata de 3 [&hellip;]","og_url":"https:\/\/dev.antudigital.cl\/sites\/vc\/villa-alemana-presenta-artistas-por-los-derechos-humanos\/","og_site_name":"Valpara\u00ed\u00adso Creativo","article_published_time":"2022-12-05T21:53:31+00:00","article_modified_time":"2022-12-05T21:53:37+00:00","og_image":[{"width":759,"height":358,"url":"https:\/\/dev.antudigital.cl\/sites\/vc\/wp-content\/uploads\/2022\/12\/Captura-de-Pantalla-2022-12-05-a-las-18.51.41.png","type":"image\/png"}],"author":"Valpara\u00edso Creativo","twitter_card":"summary_large_image","twitter_misc":{"Escrito por":"Valpara\u00edso Creativo","Tiempo de lectura":"1 minuto"},"schema":{"@context":"https:\/\/schema.org","@graph":[{"@type":"Article","@id":"https:\/\/dev.antudigital.cl\/sites\/vc\/villa-alemana-presenta-artistas-por-los-derechos-humanos\/#article","isPartOf":{"@id":"https:\/\/dev.antudigital.cl\/sites\/vc\/villa-alemana-presenta-artistas-por-los-derechos-humanos\/"},"author":{"name":"Valpara\u00edso Creativo","@id":"https:\/\/dev.antudigital.cl\/sites\/vc\/#\/schema\/person\/c2b9da8dd545e27166fc5ab232837318"},"headline":"Villa Alemana presenta: artistas por los derechos humanos","datePublished":"2022-12-05T21:53:31+00:00","dateModified":"2022-12-05T21:53:37+00:00","mainEntityOfPage":{"@id":"https:\/\/dev.antudigital.cl\/sites\/vc\/villa-alemana-presenta-artistas-por-los-derechos-humanos\/"},"wordCount":108,"commentCount":0,"image":{"@id":"https:\/\/dev.antudigital.cl\/sites\/vc\/villa-alemana-presenta-artistas-por-los-derechos-humanos\/#primaryimage"},"thumbnailUrl":"https:\/\/dev.antudigital.cl\/sites\/vc\/wp-content\/uploads\/2022\/12\/Captura-de-Pantalla-2022-12-05-a-las-18.51.41.png","articleSection":["Noticia"],"inLanguage":"es","potentialAction":[{"@type":"CommentAction","name":"Comment","target":["https:\/\/dev.antudigital.cl\/sites\/vc\/villa-alemana-presenta-artistas-por-los-derechos-humanos\/#respond"]}]},{"@type":"WebPage","@id":"https:\/\/dev.antudigital.cl\/sites\/vc\/villa-alemana-presenta-artistas-por-los-derechos-humanos\/","url":"https:\/\/dev.antudigital.cl\/sites\/vc\/villa-alemana-presenta-artistas-por-los-derechos-humanos\/","name":"Villa Alemana presenta: artistas por los derechos humanos - Valpara\u00ed\u00adso Creativo","isPartOf":{"@id":"https:\/\/dev.antudigital.cl\/sites\/vc\/#website"},"primaryImageOfPage":{"@id":"https:\/\/dev.antudigital.cl\/sites\/vc\/villa-alemana-presenta-artistas-por-los-derechos-humanos\/#primaryimage"},"image":{"@id":"https:\/\/dev.antudigital.cl\/sites\/vc\/villa-alemana-presenta-artistas-por-los-derechos-humanos\/#primaryimage"},"thumbnailUrl":"https:\/\/dev.antudigital.cl\/sites\/vc\/wp-content\/uploads\/2022\/12\/Captura-de-Pantalla-2022-12-05-a-las-18.51.41.png","datePublished":"2022-12-05T21:53:31+00:00","dateModified":"2022-12-05T21:53:37+00:00","author":{"@id":"https:\/\/dev.antudigital.cl\/sites\/vc\/#\/schema\/person\/c2b9da8dd545e27166fc5ab232837318"},"breadcrumb":{"@id":"https:\/\/dev.antudigital.cl\/sites\/vc\/villa-alemana-presenta-artistas-por-los-derechos-humanos\/#breadcrumb"},"inLanguage":"es","potentialAction":[{"@type":"ReadAction","target":["https:\/\/dev.antudigital.cl\/sites\/vc\/villa-alemana-presenta-artistas-por-los-derechos-humanos\/"]}]},{"@type":"ImageObject","inLanguage":"es","@id":"https:\/\/dev.antudigital.cl\/sites\/vc\/villa-alemana-presenta-artistas-por-los-derechos-humanos\/#primaryimage","url":"https:\/\/dev.antudigital.cl\/sites\/vc\/wp-content\/uploads\/2022\/12\/Captura-de-Pantalla-2022-12-05-a-las-18.51.41.png","contentUrl":"https:\/\/dev.antudigital.cl\/sites\/vc\/wp-content\/uploads\/2022\/12\/Captura-de-Pantalla-2022-12-05-a-las-18.51.41.png","width":759,"height":358},{"@type":"BreadcrumbList","@id":"https:\/\/dev.antudigital.cl\/sites\/vc\/villa-alemana-presenta-artistas-por-los-derechos-humanos\/#breadcrumb","itemListElement":[{"@type":"ListItem","position":1,"name":"Home","item":"https:\/\/dev.antudigital.cl\/sites\/vc\/"},{"@type":"ListItem","position":2,"name":"Villa Alemana presenta: artistas por los derechos humanos"}]},{"@type":"WebSite","@id":"https:\/\/dev.antudigital.cl\/sites\/vc\/#website","url":"https:\/\/dev.antudigital.cl\/sites\/vc\/","name":"Valpara\u00ed\u00adso Creativo","description":"","potentialAction":[{"@type":"SearchAction","target":{"@type":"EntryPoint","urlTemplate":"https:\/\/dev.antudigital.cl\/sites\/vc\/?s={search_term_string}"},"query-input":{"@type":"PropertyValueSpecification","valueRequired":true,"valueName":"search_term_string"}}],"inLanguage":"es"},{"@type":"Person","@id":"https:\/\/dev.antudigital.cl\/sites\/vc\/#\/schema\/person\/c2b9da8dd545e27166fc5ab232837318","name":"Valpara\u00edso Creativo","description":"Periodista de cultura en la Regi\u00f3n de Valpara\u00edso.","url":"https:\/\/dev.antudigital.cl\/sites\/vc\/author\/valpoadmin\/"}]}},"_links":{"self":[{"href":"https:\/\/dev.antudigital.cl\/sites\/vc\/wp-json\/wp\/v2\/posts\/12205","targetHints":{"allow":["GET"]}}],"collection":[{"href":"https:\/\/dev.antudigital.cl\/sites\/vc\/wp-json\/wp\/v2\/posts"}],"about":[{"href":"https:\/\/dev.antudigital.cl\/sites\/vc\/wp-json\/wp\/v2\/types\/post"}],"author":[{"embeddable":true,"href":"https:\/\/dev.antudigital.cl\/sites\/vc\/wp-json\/wp\/v2\/users\/1"}],"replies":[{"embeddable":true,"href":"https:\/\/dev.antudigital.cl\/sites\/vc\/wp-json\/wp\/v2\/comments?post=12205"}],"version-history":[{"count":1,"href":"https:\/\/dev.antudigital.cl\/sites\/vc\/wp-json\/wp\/v2\/posts\/12205\/revisions"}],"predecessor-version":[{"id":12208,"href":"https:\/\/dev.antudigital.cl\/sites\/vc\/wp-json\/wp\/v2\/posts\/12205\/revisions\/12208"}],"wp:featuredmedia":[{"embeddable":true,"href":"https:\/\/dev.antudigital.cl\/sites\/vc\/wp-json\/wp\/v2\/media\/12207"}],"wp:attachment":[{"href":"https:\/\/dev.antudigital.cl\/sites\/vc\/wp-json\/wp\/v2\/media?parent=12205"}],"wp:term":[{"taxonomy":"category","embeddable":true,"href":"https:\/\/dev.antudigital.cl\/sites\/vc\/wp-json\/wp\/v2\/categories?post=12205"},{"taxonomy":"post_tag","embeddable":true,"href":"https:\/\/dev.antudigital.cl\/sites\/vc\/wp-json\/wp\/v2\/tags?post=12205"}],"curies":[{"name":"wp","href":"https:\/\/api.w.org\/{rel}","templated":true}]}}