{"id":12209,"date":"2022-12-05T22:33:09","date_gmt":"2022-12-05T22:33:09","guid":{"rendered":"https:\/\/www.valparaisocreativo.cl\/?p=12209"},"modified":"2022-12-05T22:33:13","modified_gmt":"2022-12-05T22:33:13","slug":"activando-el-territorio-paso-a-paso-entrevista-a-instituto-arcos","status":"publish","type":"post","link":"https:\/\/dev.antudigital.cl\/sites\/vc\/activando-el-territorio-paso-a-paso-entrevista-a-instituto-arcos\/","title":{"rendered":"Activando el territorio paso a paso: entrevista a Instituto Arcos"},"content":{"rendered":"\n<p>Uno de nuestros aliados m\u00e1s importantes del \u00faltimo tiempo ha sido Instituto Profesional Arcos, junto a quienes hemos vivido diversas experiencias en torno a la econom\u00eda creativa. Ellos est\u00e1n enfocados en impactar con creatividad en el territorio, y tienen el capital humano para hacerlo.<\/p>\n\n\n\n<p>Conversamos con Rodrigo Morales, Jefe de Vinculaci\u00f3n con el Medio de la sede Vi\u00f1a del Mar, sobre su visi\u00f3n del Instituto y qu\u00e9 es lo que se viene con su traslado a Valpara\u00edso:<\/p>\n\n\n\n<p><strong>\u00bfC\u00f3mo se ven en la vinculaci\u00f3n con los territorios que abordan?<\/strong><\/p>\n\n\n\n<p>-Arcos desde hace m\u00e1s de 10 a\u00f1os entendi\u00f3 que el proceso de educar es m\u00e1s que solamente dentro de la sala, sino que tambi\u00e9n en la vinculaci\u00f3n con el medio, lo que comenzamos a hacer desde que est\u00e1bamos en la sede de Santiago Centro, donde fuimos pioneros en el trabajo con los barrios. Poniendo a disposici\u00f3n a los estudiantes desde las industrias creativas, cultura y creatividad con los negocios y emprendimientos locales.<\/p>\n\n\n\n<p>Luego, cuando llegamos a Pe\u00f1alol\u00e9n, sigui\u00f3 eso. Ya estaba m\u00e1s institucionalizado, y con Vi\u00f1a del Mar sucedi\u00f3 lo mismo y eso no se va a quedar solamente ac\u00e1 sino que lo llevaremos donde vayamos. Ya hemos hecho un proceso interno, que est\u00e1 en nuestro ADN la vinculaci\u00f3n con el territorio, pero tambi\u00e9n la docencia tiene que ver mucho con eso. Se trata de actividades e insumos, no s\u00f3lo iniciativas.<\/p>\n\n\n\n<p><strong>\u00bfCu\u00e1les son las maneras concretas en las que se relacionan con su entorno?<\/strong><\/p>\n\n\n\n<p>-Hemos hecho ciertos proyectos territoriales, que tienen ya cierta metodolog\u00eda, donde nosotros buscamos o levantamos brechas del territorio, como por ejemplo&nbsp; un canal de tv que necesite algo, desde la escuela de sonido podemos prestar apoyo. Ah\u00ed surgen cruces pr\u00e1cticos. Detectamos las dolencias del territorio a ver si encontramos alguna inspiraci\u00f3n sobre lo que nosotros podamos hacer como instituto, y ah\u00ed conectamos alumnos que se vinculan con la ciudad. En base a eso se genera una metodolog\u00eda de trabajo y tenemos unas herramientas concursables para que los chicos y chicas puedan levantar sus proyectos tambi\u00e9n. Y as\u00ed se benefician todos y todas.<\/p>\n\n\n\n<p><strong>En el fondo ustedes trabajan con oficios, \u00bfc\u00f3mo es esa relaci\u00f3n con la creatividad?<\/strong><\/p>\n\n\n\n<p>-Ha sido un trabajo bien largo, ARCOS por ejemplo fue la primera instituci\u00f3n que profesionaliz\u00f3 la carrera. Tambi\u00e9n nos pas\u00f3 con ilustraci\u00f3n. Eso involucr\u00f3 hartas conversaciones y procesos. Hemos ido proponiendo oficios art\u00edsticos y los hemos tomado y sistematizado y hecho una malla, resultando en un producto que es una carrera tanto t\u00e9cnica como profesional.<\/p>\n\n\n\n<p>En el d\u00eda a d\u00eda es un peque\u00f1o caos, pero es lindo. El arte es as\u00ed, espont\u00e1neo, hay mucha interacci\u00f3n. En el cotidiano siempre hay algo pasando. Hay gente grabando, sacando fotograf\u00edas, ilustrando, haciendo videojuegos, o exposiciones, y as\u00ed\u2026 Uno se termina acostumbrando. Y la identidad Arcos es eso: hacer y mostrar lo que hacemos, y por eso queremos mostrar ese potencial hacia afuera.<\/p>\n\n\n\n<p><strong>Recientemente tuvieron el Festival Sacapuntas<\/strong><\/p>\n\n\n\n<p>-S\u00ed ese es como nuestro caballito de batalla pues requiere un gran despliegue en distintos espacios. Activamos el territorio e integramos a la comunidad para que entiendan qu\u00e9 es la ilustraci\u00f3n. Intentamos abordar de todas las \u00e1reas y p\u00fablicos en la misma actividad. Este es uno de los eventos de ilustraci\u00f3n que hay en Chile hoy en d\u00eda, con feria, exposiciones, charlas y m\u00e1s que permiten que la gente admire lo que es la ilustraci\u00f3n y c\u00f3mo ha ido evolucionando.&nbsp;<\/p>\n\n\n\n<p>Otro caballito de batalla en la V Regi\u00f3n ser\u00eda el Festival Fotomarat\u00f3n, que es de las actividades m\u00e1s importantes de la sede Vi\u00f1a del Mar de Arcos.<\/p>\n\n\n\n<p><strong>\u00bfC\u00f3mo se viene su traslado a Valpara\u00edso? Entiendo que se vendr\u00e1n en etapas durante los pr\u00f3ximos a\u00f1os.<\/strong><\/p>\n\n\n\n<p>-As\u00ed es, primero se ir\u00e1 la Escuela de Sonido, que est\u00e1 en crecimiento, con la intenci\u00f3n de aportar a la nominaci\u00f3n de Valpara\u00edso Ciudad Creativa de la M\u00fasica, pues queremos vincularnos con sus m\u00fasicos y m\u00fasicas, acogiendo un modelo de brindar un Sello Discrogr\u00e1fico Comunitario que hemos implementado en Santiago, donde se brinda un espacio para bandas de la ciudad que necesiten alg\u00fan proceso de grabaci\u00f3n. Faltan estudios de calidad a bajo costo en Valpara\u00edso, por lo que identificamos esta necesidad y queremos aportar en ese sentido, generando pr\u00e1cticas que resultan en productos de buena calidad.<\/p>\n\n\n\n<p>Por otra parte, hay una sala del edificio nuevo que est\u00e1 destinada como sala de exposiciones, la sala del faro, una sala de inspiraci\u00f3n, de proponer para exhibir. Nos hemos posicionados en la econom\u00eda creativa, nos hemos vinculado en la creaci\u00f3n de distritos creativos. Por eso nos queremos vincular mucho por ejemplo con Playa Ancha a trav\u00e9s de estas acciones. Buscamos convertirnos en un foco de acci\u00f3n en la comuna de Valpara\u00edso.<\/p>\n\n\n\n<p>Tambi\u00e9n tendremos un escenario en el que queremos brindar un espacio de m\u00fasica a la comunidad y colaborar tambi\u00e9n en actividades con la Caleta del Membrillo, activando ese polo creativo, y que nos conozcan como un espacio donde la gente puede acceder y proveemos experiencias y actividades.<\/p>\n\n\n\n<p><\/p>\n\n\n\n<p><em>Para m\u00e1s informaci\u00f3n, visita<a href=\"https:\/\/www.arcos.cl\/\"> Arcos.cl<\/a><\/em><\/p>\n","protected":false},"excerpt":{"rendered":"<p>Uno de nuestros aliados m\u00e1s importantes del \u00faltimo tiempo ha sido Instituto Profesional Arcos, junto a quienes hemos vivido diversas experiencias en torno a la econom\u00eda creativa. Ellos est\u00e1n enfocados en impactar con creatividad en el territorio, y tienen el capital humano para hacerlo. Conversamos con Rodrigo Morales, Jefe de Vinculaci\u00f3n con el Medio de [&hellip;]<\/p>\n","protected":false},"author":1,"featured_media":12210,"comment_status":"open","ping_status":"closed","sticky":false,"template":"","format":"standard","meta":{"_acf_changed":false,"footnotes":""},"categories":[8],"tags":[],"class_list":["post-12209","post","type-post","status-publish","format-standard","has-post-thumbnail","hentry","category-noticia"],"acf":[],"yoast_head":"<!-- This site is optimized with the Yoast SEO plugin v27.1.1 - https:\/\/yoast.com\/product\/yoast-seo-wordpress\/ -->\n<title>Activando el territorio paso a paso: entrevista a Instituto Arcos - Valpara\u00ed\u00adso Creativo<\/title>\n<meta name=\"robots\" content=\"index, follow, max-snippet:-1, max-image-preview:large, max-video-preview:-1\" \/>\n<link rel=\"canonical\" href=\"https:\/\/dev.antudigital.cl\/sites\/vc\/activando-el-territorio-paso-a-paso-entrevista-a-instituto-arcos\/\" \/>\n<meta property=\"og:locale\" content=\"es_ES\" \/>\n<meta property=\"og:type\" content=\"article\" \/>\n<meta property=\"og:title\" content=\"Activando el territorio paso a paso: entrevista a Instituto Arcos - Valpara\u00ed\u00adso Creativo\" \/>\n<meta property=\"og:description\" content=\"Uno de nuestros aliados m\u00e1s importantes del \u00faltimo tiempo ha sido Instituto Profesional Arcos, junto a quienes hemos vivido diversas experiencias en torno a la econom\u00eda creativa. Ellos est\u00e1n enfocados en impactar con creatividad en el territorio, y tienen el capital humano para hacerlo. Conversamos con Rodrigo Morales, Jefe de Vinculaci\u00f3n con el Medio de [&hellip;]\" \/>\n<meta property=\"og:url\" content=\"https:\/\/dev.antudigital.cl\/sites\/vc\/activando-el-territorio-paso-a-paso-entrevista-a-instituto-arcos\/\" \/>\n<meta property=\"og:site_name\" content=\"Valpara\u00ed\u00adso Creativo\" \/>\n<meta property=\"article:published_time\" content=\"2022-12-05T22:33:09+00:00\" \/>\n<meta property=\"article:modified_time\" content=\"2022-12-05T22:33:13+00:00\" \/>\n<meta property=\"og:image\" content=\"https:\/\/dev.antudigital.cl\/sites\/vc\/wp-content\/uploads\/2022\/12\/ARCOSFIN.jpg\" \/>\n\t<meta property=\"og:image:width\" content=\"1024\" \/>\n\t<meta property=\"og:image:height\" content=\"576\" \/>\n\t<meta property=\"og:image:type\" content=\"image\/jpeg\" \/>\n<meta name=\"author\" content=\"Valpara\u00edso Creativo\" \/>\n<meta name=\"twitter:card\" content=\"summary_large_image\" \/>\n<meta name=\"twitter:label1\" content=\"Escrito por\" \/>\n\t<meta name=\"twitter:data1\" content=\"Valpara\u00edso Creativo\" \/>\n\t<meta name=\"twitter:label2\" content=\"Tiempo de lectura\" \/>\n\t<meta name=\"twitter:data2\" content=\"4 minutos\" \/>\n<script type=\"application\/ld+json\" class=\"yoast-schema-graph\">{\"@context\":\"https:\/\/schema.org\",\"@graph\":[{\"@type\":\"Article\",\"@id\":\"https:\/\/dev.antudigital.cl\/sites\/vc\/activando-el-territorio-paso-a-paso-entrevista-a-instituto-arcos\/#article\",\"isPartOf\":{\"@id\":\"https:\/\/dev.antudigital.cl\/sites\/vc\/activando-el-territorio-paso-a-paso-entrevista-a-instituto-arcos\/\"},\"author\":{\"name\":\"Valpara\u00edso Creativo\",\"@id\":\"https:\/\/dev.antudigital.cl\/sites\/vc\/#\/schema\/person\/c2b9da8dd545e27166fc5ab232837318\"},\"headline\":\"Activando el territorio paso a paso: entrevista a Instituto Arcos\",\"datePublished\":\"2022-12-05T22:33:09+00:00\",\"dateModified\":\"2022-12-05T22:33:13+00:00\",\"mainEntityOfPage\":{\"@id\":\"https:\/\/dev.antudigital.cl\/sites\/vc\/activando-el-territorio-paso-a-paso-entrevista-a-instituto-arcos\/\"},\"wordCount\":919,\"commentCount\":0,\"image\":{\"@id\":\"https:\/\/dev.antudigital.cl\/sites\/vc\/activando-el-territorio-paso-a-paso-entrevista-a-instituto-arcos\/#primaryimage\"},\"thumbnailUrl\":\"https:\/\/dev.antudigital.cl\/sites\/vc\/wp-content\/uploads\/2022\/12\/ARCOSFIN.jpg\",\"articleSection\":[\"Noticia\"],\"inLanguage\":\"es\",\"potentialAction\":[{\"@type\":\"CommentAction\",\"name\":\"Comment\",\"target\":[\"https:\/\/dev.antudigital.cl\/sites\/vc\/activando-el-territorio-paso-a-paso-entrevista-a-instituto-arcos\/#respond\"]}]},{\"@type\":\"WebPage\",\"@id\":\"https:\/\/dev.antudigital.cl\/sites\/vc\/activando-el-territorio-paso-a-paso-entrevista-a-instituto-arcos\/\",\"url\":\"https:\/\/dev.antudigital.cl\/sites\/vc\/activando-el-territorio-paso-a-paso-entrevista-a-instituto-arcos\/\",\"name\":\"Activando el territorio paso a paso: entrevista a Instituto Arcos - Valpara\u00ed\u00adso Creativo\",\"isPartOf\":{\"@id\":\"https:\/\/dev.antudigital.cl\/sites\/vc\/#website\"},\"primaryImageOfPage\":{\"@id\":\"https:\/\/dev.antudigital.cl\/sites\/vc\/activando-el-territorio-paso-a-paso-entrevista-a-instituto-arcos\/#primaryimage\"},\"image\":{\"@id\":\"https:\/\/dev.antudigital.cl\/sites\/vc\/activando-el-territorio-paso-a-paso-entrevista-a-instituto-arcos\/#primaryimage\"},\"thumbnailUrl\":\"https:\/\/dev.antudigital.cl\/sites\/vc\/wp-content\/uploads\/2022\/12\/ARCOSFIN.jpg\",\"datePublished\":\"2022-12-05T22:33:09+00:00\",\"dateModified\":\"2022-12-05T22:33:13+00:00\",\"author\":{\"@id\":\"https:\/\/dev.antudigital.cl\/sites\/vc\/#\/schema\/person\/c2b9da8dd545e27166fc5ab232837318\"},\"breadcrumb\":{\"@id\":\"https:\/\/dev.antudigital.cl\/sites\/vc\/activando-el-territorio-paso-a-paso-entrevista-a-instituto-arcos\/#breadcrumb\"},\"inLanguage\":\"es\",\"potentialAction\":[{\"@type\":\"ReadAction\",\"target\":[\"https:\/\/dev.antudigital.cl\/sites\/vc\/activando-el-territorio-paso-a-paso-entrevista-a-instituto-arcos\/\"]}]},{\"@type\":\"ImageObject\",\"inLanguage\":\"es\",\"@id\":\"https:\/\/dev.antudigital.cl\/sites\/vc\/activando-el-territorio-paso-a-paso-entrevista-a-instituto-arcos\/#primaryimage\",\"url\":\"https:\/\/dev.antudigital.cl\/sites\/vc\/wp-content\/uploads\/2022\/12\/ARCOSFIN.jpg\",\"contentUrl\":\"https:\/\/dev.antudigital.cl\/sites\/vc\/wp-content\/uploads\/2022\/12\/ARCOSFIN.jpg\",\"width\":1024,\"height\":576},{\"@type\":\"BreadcrumbList\",\"@id\":\"https:\/\/dev.antudigital.cl\/sites\/vc\/activando-el-territorio-paso-a-paso-entrevista-a-instituto-arcos\/#breadcrumb\",\"itemListElement\":[{\"@type\":\"ListItem\",\"position\":1,\"name\":\"Home\",\"item\":\"https:\/\/dev.antudigital.cl\/sites\/vc\/\"},{\"@type\":\"ListItem\",\"position\":2,\"name\":\"Activando el territorio paso a paso: entrevista a Instituto Arcos\"}]},{\"@type\":\"WebSite\",\"@id\":\"https:\/\/dev.antudigital.cl\/sites\/vc\/#website\",\"url\":\"https:\/\/dev.antudigital.cl\/sites\/vc\/\",\"name\":\"Valpara\u00ed\u00adso Creativo\",\"description\":\"\",\"potentialAction\":[{\"@type\":\"SearchAction\",\"target\":{\"@type\":\"EntryPoint\",\"urlTemplate\":\"https:\/\/dev.antudigital.cl\/sites\/vc\/?s={search_term_string}\"},\"query-input\":{\"@type\":\"PropertyValueSpecification\",\"valueRequired\":true,\"valueName\":\"search_term_string\"}}],\"inLanguage\":\"es\"},{\"@type\":\"Person\",\"@id\":\"https:\/\/dev.antudigital.cl\/sites\/vc\/#\/schema\/person\/c2b9da8dd545e27166fc5ab232837318\",\"name\":\"Valpara\u00edso Creativo\",\"description\":\"Periodista de cultura en la Regi\u00f3n de Valpara\u00edso.\",\"url\":\"https:\/\/dev.antudigital.cl\/sites\/vc\/author\/valpoadmin\/\"}]}<\/script>\n<!-- \/ Yoast SEO plugin. -->","yoast_head_json":{"title":"Activando el territorio paso a paso: entrevista a Instituto Arcos - Valpara\u00ed\u00adso Creativo","robots":{"index":"index","follow":"follow","max-snippet":"max-snippet:-1","max-image-preview":"max-image-preview:large","max-video-preview":"max-video-preview:-1"},"canonical":"https:\/\/dev.antudigital.cl\/sites\/vc\/activando-el-territorio-paso-a-paso-entrevista-a-instituto-arcos\/","og_locale":"es_ES","og_type":"article","og_title":"Activando el territorio paso a paso: entrevista a Instituto Arcos - Valpara\u00ed\u00adso Creativo","og_description":"Uno de nuestros aliados m\u00e1s importantes del \u00faltimo tiempo ha sido Instituto Profesional Arcos, junto a quienes hemos vivido diversas experiencias en torno a la econom\u00eda creativa. Ellos est\u00e1n enfocados en impactar con creatividad en el territorio, y tienen el capital humano para hacerlo. Conversamos con Rodrigo Morales, Jefe de Vinculaci\u00f3n con el Medio de [&hellip;]","og_url":"https:\/\/dev.antudigital.cl\/sites\/vc\/activando-el-territorio-paso-a-paso-entrevista-a-instituto-arcos\/","og_site_name":"Valpara\u00ed\u00adso Creativo","article_published_time":"2022-12-05T22:33:09+00:00","article_modified_time":"2022-12-05T22:33:13+00:00","og_image":[{"width":1024,"height":576,"url":"https:\/\/dev.antudigital.cl\/sites\/vc\/wp-content\/uploads\/2022\/12\/ARCOSFIN.jpg","type":"image\/jpeg"}],"author":"Valpara\u00edso Creativo","twitter_card":"summary_large_image","twitter_misc":{"Escrito por":"Valpara\u00edso Creativo","Tiempo de lectura":"4 minutos"},"schema":{"@context":"https:\/\/schema.org","@graph":[{"@type":"Article","@id":"https:\/\/dev.antudigital.cl\/sites\/vc\/activando-el-territorio-paso-a-paso-entrevista-a-instituto-arcos\/#article","isPartOf":{"@id":"https:\/\/dev.antudigital.cl\/sites\/vc\/activando-el-territorio-paso-a-paso-entrevista-a-instituto-arcos\/"},"author":{"name":"Valpara\u00edso Creativo","@id":"https:\/\/dev.antudigital.cl\/sites\/vc\/#\/schema\/person\/c2b9da8dd545e27166fc5ab232837318"},"headline":"Activando el territorio paso a paso: entrevista a Instituto Arcos","datePublished":"2022-12-05T22:33:09+00:00","dateModified":"2022-12-05T22:33:13+00:00","mainEntityOfPage":{"@id":"https:\/\/dev.antudigital.cl\/sites\/vc\/activando-el-territorio-paso-a-paso-entrevista-a-instituto-arcos\/"},"wordCount":919,"commentCount":0,"image":{"@id":"https:\/\/dev.antudigital.cl\/sites\/vc\/activando-el-territorio-paso-a-paso-entrevista-a-instituto-arcos\/#primaryimage"},"thumbnailUrl":"https:\/\/dev.antudigital.cl\/sites\/vc\/wp-content\/uploads\/2022\/12\/ARCOSFIN.jpg","articleSection":["Noticia"],"inLanguage":"es","potentialAction":[{"@type":"CommentAction","name":"Comment","target":["https:\/\/dev.antudigital.cl\/sites\/vc\/activando-el-territorio-paso-a-paso-entrevista-a-instituto-arcos\/#respond"]}]},{"@type":"WebPage","@id":"https:\/\/dev.antudigital.cl\/sites\/vc\/activando-el-territorio-paso-a-paso-entrevista-a-instituto-arcos\/","url":"https:\/\/dev.antudigital.cl\/sites\/vc\/activando-el-territorio-paso-a-paso-entrevista-a-instituto-arcos\/","name":"Activando el territorio paso a paso: entrevista a Instituto Arcos - Valpara\u00ed\u00adso Creativo","isPartOf":{"@id":"https:\/\/dev.antudigital.cl\/sites\/vc\/#website"},"primaryImageOfPage":{"@id":"https:\/\/dev.antudigital.cl\/sites\/vc\/activando-el-territorio-paso-a-paso-entrevista-a-instituto-arcos\/#primaryimage"},"image":{"@id":"https:\/\/dev.antudigital.cl\/sites\/vc\/activando-el-territorio-paso-a-paso-entrevista-a-instituto-arcos\/#primaryimage"},"thumbnailUrl":"https:\/\/dev.antudigital.cl\/sites\/vc\/wp-content\/uploads\/2022\/12\/ARCOSFIN.jpg","datePublished":"2022-12-05T22:33:09+00:00","dateModified":"2022-12-05T22:33:13+00:00","author":{"@id":"https:\/\/dev.antudigital.cl\/sites\/vc\/#\/schema\/person\/c2b9da8dd545e27166fc5ab232837318"},"breadcrumb":{"@id":"https:\/\/dev.antudigital.cl\/sites\/vc\/activando-el-territorio-paso-a-paso-entrevista-a-instituto-arcos\/#breadcrumb"},"inLanguage":"es","potentialAction":[{"@type":"ReadAction","target":["https:\/\/dev.antudigital.cl\/sites\/vc\/activando-el-territorio-paso-a-paso-entrevista-a-instituto-arcos\/"]}]},{"@type":"ImageObject","inLanguage":"es","@id":"https:\/\/dev.antudigital.cl\/sites\/vc\/activando-el-territorio-paso-a-paso-entrevista-a-instituto-arcos\/#primaryimage","url":"https:\/\/dev.antudigital.cl\/sites\/vc\/wp-content\/uploads\/2022\/12\/ARCOSFIN.jpg","contentUrl":"https:\/\/dev.antudigital.cl\/sites\/vc\/wp-content\/uploads\/2022\/12\/ARCOSFIN.jpg","width":1024,"height":576},{"@type":"BreadcrumbList","@id":"https:\/\/dev.antudigital.cl\/sites\/vc\/activando-el-territorio-paso-a-paso-entrevista-a-instituto-arcos\/#breadcrumb","itemListElement":[{"@type":"ListItem","position":1,"name":"Home","item":"https:\/\/dev.antudigital.cl\/sites\/vc\/"},{"@type":"ListItem","position":2,"name":"Activando el territorio paso a paso: entrevista a Instituto Arcos"}]},{"@type":"WebSite","@id":"https:\/\/dev.antudigital.cl\/sites\/vc\/#website","url":"https:\/\/dev.antudigital.cl\/sites\/vc\/","name":"Valpara\u00ed\u00adso Creativo","description":"","potentialAction":[{"@type":"SearchAction","target":{"@type":"EntryPoint","urlTemplate":"https:\/\/dev.antudigital.cl\/sites\/vc\/?s={search_term_string}"},"query-input":{"@type":"PropertyValueSpecification","valueRequired":true,"valueName":"search_term_string"}}],"inLanguage":"es"},{"@type":"Person","@id":"https:\/\/dev.antudigital.cl\/sites\/vc\/#\/schema\/person\/c2b9da8dd545e27166fc5ab232837318","name":"Valpara\u00edso Creativo","description":"Periodista de cultura en la Regi\u00f3n de Valpara\u00edso.","url":"https:\/\/dev.antudigital.cl\/sites\/vc\/author\/valpoadmin\/"}]}},"_links":{"self":[{"href":"https:\/\/dev.antudigital.cl\/sites\/vc\/wp-json\/wp\/v2\/posts\/12209","targetHints":{"allow":["GET"]}}],"collection":[{"href":"https:\/\/dev.antudigital.cl\/sites\/vc\/wp-json\/wp\/v2\/posts"}],"about":[{"href":"https:\/\/dev.antudigital.cl\/sites\/vc\/wp-json\/wp\/v2\/types\/post"}],"author":[{"embeddable":true,"href":"https:\/\/dev.antudigital.cl\/sites\/vc\/wp-json\/wp\/v2\/users\/1"}],"replies":[{"embeddable":true,"href":"https:\/\/dev.antudigital.cl\/sites\/vc\/wp-json\/wp\/v2\/comments?post=12209"}],"version-history":[{"count":1,"href":"https:\/\/dev.antudigital.cl\/sites\/vc\/wp-json\/wp\/v2\/posts\/12209\/revisions"}],"predecessor-version":[{"id":12211,"href":"https:\/\/dev.antudigital.cl\/sites\/vc\/wp-json\/wp\/v2\/posts\/12209\/revisions\/12211"}],"wp:featuredmedia":[{"embeddable":true,"href":"https:\/\/dev.antudigital.cl\/sites\/vc\/wp-json\/wp\/v2\/media\/12210"}],"wp:attachment":[{"href":"https:\/\/dev.antudigital.cl\/sites\/vc\/wp-json\/wp\/v2\/media?parent=12209"}],"wp:term":[{"taxonomy":"category","embeddable":true,"href":"https:\/\/dev.antudigital.cl\/sites\/vc\/wp-json\/wp\/v2\/categories?post=12209"},{"taxonomy":"post_tag","embeddable":true,"href":"https:\/\/dev.antudigital.cl\/sites\/vc\/wp-json\/wp\/v2\/tags?post=12209"}],"curies":[{"name":"wp","href":"https:\/\/api.w.org\/{rel}","templated":true}]}}