{"id":12230,"date":"2022-12-12T20:58:33","date_gmt":"2022-12-12T20:58:33","guid":{"rendered":"https:\/\/www.valparaisocreativo.cl\/?p=12230"},"modified":"2022-12-12T21:00:04","modified_gmt":"2022-12-12T21:00:04","slug":"postula-a-la-nueva-version-del-laboratorio-de-critica-cultural-de-baj-valparaiso","status":"publish","type":"post","link":"https:\/\/dev.antudigital.cl\/sites\/vc\/postula-a-la-nueva-version-del-laboratorio-de-critica-cultural-de-baj-valparaiso\/","title":{"rendered":"Postula a la nueva versi\u00f3n del Laboratorio de Cr\u00edtica Cultural de BAJ Valpara\u00edso"},"content":{"rendered":"\n<p>BAJ Valpara\u00edso dar\u00e1 inicio a la nueva programaci\u00f3n de actividades formativas del a\u00f1o 2023, la cual comenzar\u00e1 con la versi\u00f3n XI del <strong>Laboratorio de Cr\u00edtica Cultural<\/strong>, espacio dedicado a la revisi\u00f3n cr\u00edtica de las artes, que regresa con instancias formativas y reflexivas dirigidas a j\u00f3venes de la regi\u00f3n de Valpara\u00edso, de entre 18 a 29 a\u00f1os.<\/p>\n\n\n\n<p>Esta nueva edici\u00f3n del <strong>LCC<\/strong><strong><em>, Teatro entre revuelta y pandemia<\/em><\/strong>, se desarrollar\u00e1 en ocho sesiones intensivas de reflexi\u00f3n en torno a diversas problem\u00e1ticas de la pr\u00e1ctica teatral contempor\u00e1nea revisando diversas pr\u00e1cticas que permitir\u00e1n hacer \u00e9nfasis reflexivo en la relaci\u00f3n entre teatro y calle, entre sala de teatro y espacio abierto, entre virtualidad y presencialidad, etc. Adem\u00e1s, el laboratorio contempla la visita de destacadxs profesionales de los campos de la cr\u00edtica y las artes esc\u00e9nicas contempor\u00e1neas.<\/p>\n\n\n\n<p>El espacio ser\u00e1 coordinado por <strong>Sebasti\u00e1n P\u00e9rez Rouliez<\/strong>, co-fundador y director de Revista Hiedra. Actor, diplomado en Periodismo Cultural y Cr\u00edtica Universidad de Chile, docente de las Escuelas de Teatro de la U. Mayor y U. de Valpara\u00edso. Coordinador y docente del Diplomado en Cr\u00edtica, Teor\u00eda y An\u00e1lisis de Artes Esc\u00e9nicas Contempor\u00e1neas de la U. de Chile.<\/p>\n\n\n\n<p>Esta versi\u00f3n tiene por objetivo invitar a conocer y reflexionar el presente de las pr\u00e1cticas teatrales luego de vivir entre revuelta y pandemia. Sabemos que, por su naturaleza presencial y gregaria, el teatro ha vivido con particular intensidad los avatares de este \u00faltimo tiempo, primero, durante la revuelta, donde la urgencia de la protesta moviliz\u00f3 tanto a artistas al como p\u00fablico a las calles dejando los teatros vac\u00edos, y luego, durante la pandemia, cuando la totalidad de los teatros fueron obligados a cerrar y reducir aforos.<\/p>\n\n\n\n<p>Sabemos tambi\u00e9n que, fruto de la pandemia, desde el teatro hubo pr\u00e1cticas art\u00edsticas que buscaron relacionar presencialidad y virtualidad, cuerpo y tecnolog\u00edas. \u00bfQu\u00e9 de eso queda hoy a casi tres a\u00f1os del inicio de la pandemia? \u00bfC\u00f3mo afecto la revuelta al teatro? \u00bfEn qu\u00e9 est\u00e1 hoy la escena?<\/p>\n\n\n\n<p>La posibilidad de elaborar respuestas a estas preguntas se juega en conocer el trabajo de teatristas que han transitado por estos lugares, ya sea desde la pr\u00e1ctica o desde la teor\u00eda.&nbsp;<\/p>\n\n\n\n<p>El <strong>XI Laboratorio de Cr\u00edtica Cultural (LCC) <\/strong>se llevar\u00e1 a cabo del <strong>09 al 19 de enero de 2023<\/strong>, los d\u00edas Lunes, martes, mi\u00e9rcoles y jueves de 15:30 a 18:30 horas en BAJValpo (Santa Isabel 739, cerro Alegre, Valpara\u00edso). En tanto, las postulaciones ser\u00e1n a trav\u00e9s del formulario en la p\u00e1gina de BAJValpo, hasta el 21 de diciembre (14:00 hrs).&nbsp;<\/p>\n\n\n\n<p>Los <strong>resultados<\/strong> se publicar\u00e1n el <strong>martes 27 de diciembre<\/strong>. Se seleccionar\u00e1n a 25 j\u00f3venes, privilegiando a quienes no hayan participado en versiones anteriores, quienes ser\u00e1n notificados\/as, adem\u00e1s, v\u00eda correo electr\u00f3nico.<\/p>\n\n\n\n<figure class=\"wp-block-image size-large\"><img fetchpriority=\"high\" decoding=\"async\" width=\"1024\" height=\"1024\" src=\"https:\/\/www.valparaisocreativo.cl\/wp-content\/uploads\/2022\/12\/XI-LCC-FEED-1024x1024.jpg\" alt=\"\" class=\"wp-image-12232\" srcset=\"https:\/\/dev.antudigital.cl\/sites\/vc\/wp-content\/uploads\/2022\/12\/XI-LCC-FEED-1024x1024.jpg 1024w, https:\/\/dev.antudigital.cl\/sites\/vc\/wp-content\/uploads\/2022\/12\/XI-LCC-FEED-300x300.jpg 300w, https:\/\/dev.antudigital.cl\/sites\/vc\/wp-content\/uploads\/2022\/12\/XI-LCC-FEED-150x150.jpg 150w, https:\/\/dev.antudigital.cl\/sites\/vc\/wp-content\/uploads\/2022\/12\/XI-LCC-FEED-768x768.jpg 768w, https:\/\/dev.antudigital.cl\/sites\/vc\/wp-content\/uploads\/2022\/12\/XI-LCC-FEED-1080x1080.jpg 1080w, https:\/\/dev.antudigital.cl\/sites\/vc\/wp-content\/uploads\/2022\/12\/XI-LCC-FEED-980x980.jpg 980w, https:\/\/dev.antudigital.cl\/sites\/vc\/wp-content\/uploads\/2022\/12\/XI-LCC-FEED-480x480.jpg 480w, https:\/\/dev.antudigital.cl\/sites\/vc\/wp-content\/uploads\/2022\/12\/XI-LCC-FEED.jpg 1200w\" sizes=\"(max-width: 1024px) 100vw, 1024px\" \/><\/figure>\n","protected":false},"excerpt":{"rendered":"<p>BAJ Valpara\u00edso dar\u00e1 inicio a la nueva programaci\u00f3n de actividades formativas del a\u00f1o 2023, la cual comenzar\u00e1 con la versi\u00f3n XI del Laboratorio de Cr\u00edtica Cultural, espacio dedicado a la revisi\u00f3n cr\u00edtica de las artes, que regresa con instancias formativas y reflexivas dirigidas a j\u00f3venes de la regi\u00f3n de Valpara\u00edso, de entre 18 a 29 [&hellip;]<\/p>\n","protected":false},"author":1,"featured_media":12232,"comment_status":"open","ping_status":"closed","sticky":false,"template":"","format":"standard","meta":{"_acf_changed":false,"footnotes":""},"categories":[8],"tags":[],"class_list":["post-12230","post","type-post","status-publish","format-standard","has-post-thumbnail","hentry","category-noticia"],"acf":[],"yoast_head":"<!-- This site is optimized with the Yoast SEO plugin v27.1.1 - https:\/\/yoast.com\/product\/yoast-seo-wordpress\/ -->\n<title>Postula a la nueva versi\u00f3n del Laboratorio de Cr\u00edtica Cultural de BAJ Valpara\u00edso - Valpara\u00ed\u00adso Creativo<\/title>\n<meta name=\"robots\" content=\"index, follow, max-snippet:-1, max-image-preview:large, max-video-preview:-1\" \/>\n<link rel=\"canonical\" href=\"https:\/\/dev.antudigital.cl\/sites\/vc\/postula-a-la-nueva-version-del-laboratorio-de-critica-cultural-de-baj-valparaiso\/\" \/>\n<meta property=\"og:locale\" content=\"es_ES\" \/>\n<meta property=\"og:type\" content=\"article\" \/>\n<meta property=\"og:title\" content=\"Postula a la nueva versi\u00f3n del Laboratorio de Cr\u00edtica Cultural de BAJ Valpara\u00edso - Valpara\u00ed\u00adso Creativo\" \/>\n<meta property=\"og:description\" content=\"BAJ Valpara\u00edso dar\u00e1 inicio a la nueva programaci\u00f3n de actividades formativas del a\u00f1o 2023, la cual comenzar\u00e1 con la versi\u00f3n XI del Laboratorio de Cr\u00edtica Cultural, espacio dedicado a la revisi\u00f3n cr\u00edtica de las artes, que regresa con instancias formativas y reflexivas dirigidas a j\u00f3venes de la regi\u00f3n de Valpara\u00edso, de entre 18 a 29 [&hellip;]\" \/>\n<meta property=\"og:url\" content=\"https:\/\/dev.antudigital.cl\/sites\/vc\/postula-a-la-nueva-version-del-laboratorio-de-critica-cultural-de-baj-valparaiso\/\" \/>\n<meta property=\"og:site_name\" content=\"Valpara\u00ed\u00adso Creativo\" \/>\n<meta property=\"article:published_time\" content=\"2022-12-12T20:58:33+00:00\" \/>\n<meta property=\"article:modified_time\" content=\"2022-12-12T21:00:04+00:00\" \/>\n<meta property=\"og:image\" content=\"https:\/\/dev.antudigital.cl\/sites\/vc\/wp-content\/uploads\/2022\/12\/XI-LCC-FEED.jpg\" \/>\n\t<meta property=\"og:image:width\" content=\"1200\" \/>\n\t<meta property=\"og:image:height\" content=\"1200\" \/>\n\t<meta property=\"og:image:type\" content=\"image\/jpeg\" \/>\n<meta name=\"author\" content=\"Valpara\u00edso Creativo\" \/>\n<meta name=\"twitter:card\" content=\"summary_large_image\" \/>\n<meta name=\"twitter:label1\" content=\"Escrito por\" \/>\n\t<meta name=\"twitter:data1\" content=\"Valpara\u00edso Creativo\" \/>\n\t<meta name=\"twitter:label2\" content=\"Tiempo de lectura\" \/>\n\t<meta name=\"twitter:data2\" content=\"3 minutos\" \/>\n<script type=\"application\/ld+json\" class=\"yoast-schema-graph\">{\"@context\":\"https:\/\/schema.org\",\"@graph\":[{\"@type\":\"Article\",\"@id\":\"https:\/\/dev.antudigital.cl\/sites\/vc\/postula-a-la-nueva-version-del-laboratorio-de-critica-cultural-de-baj-valparaiso\/#article\",\"isPartOf\":{\"@id\":\"https:\/\/dev.antudigital.cl\/sites\/vc\/postula-a-la-nueva-version-del-laboratorio-de-critica-cultural-de-baj-valparaiso\/\"},\"author\":{\"name\":\"Valpara\u00edso Creativo\",\"@id\":\"https:\/\/dev.antudigital.cl\/sites\/vc\/#\/schema\/person\/c2b9da8dd545e27166fc5ab232837318\"},\"headline\":\"Postula a la nueva versi\u00f3n del Laboratorio de Cr\u00edtica Cultural de BAJ Valpara\u00edso\",\"datePublished\":\"2022-12-12T20:58:33+00:00\",\"dateModified\":\"2022-12-12T21:00:04+00:00\",\"mainEntityOfPage\":{\"@id\":\"https:\/\/dev.antudigital.cl\/sites\/vc\/postula-a-la-nueva-version-del-laboratorio-de-critica-cultural-de-baj-valparaiso\/\"},\"wordCount\":507,\"commentCount\":0,\"image\":{\"@id\":\"https:\/\/dev.antudigital.cl\/sites\/vc\/postula-a-la-nueva-version-del-laboratorio-de-critica-cultural-de-baj-valparaiso\/#primaryimage\"},\"thumbnailUrl\":\"https:\/\/dev.antudigital.cl\/sites\/vc\/wp-content\/uploads\/2022\/12\/XI-LCC-FEED.jpg\",\"articleSection\":[\"Noticia\"],\"inLanguage\":\"es\",\"potentialAction\":[{\"@type\":\"CommentAction\",\"name\":\"Comment\",\"target\":[\"https:\/\/dev.antudigital.cl\/sites\/vc\/postula-a-la-nueva-version-del-laboratorio-de-critica-cultural-de-baj-valparaiso\/#respond\"]}]},{\"@type\":\"WebPage\",\"@id\":\"https:\/\/dev.antudigital.cl\/sites\/vc\/postula-a-la-nueva-version-del-laboratorio-de-critica-cultural-de-baj-valparaiso\/\",\"url\":\"https:\/\/dev.antudigital.cl\/sites\/vc\/postula-a-la-nueva-version-del-laboratorio-de-critica-cultural-de-baj-valparaiso\/\",\"name\":\"Postula a la nueva versi\u00f3n del Laboratorio de Cr\u00edtica Cultural de BAJ Valpara\u00edso - Valpara\u00ed\u00adso Creativo\",\"isPartOf\":{\"@id\":\"https:\/\/dev.antudigital.cl\/sites\/vc\/#website\"},\"primaryImageOfPage\":{\"@id\":\"https:\/\/dev.antudigital.cl\/sites\/vc\/postula-a-la-nueva-version-del-laboratorio-de-critica-cultural-de-baj-valparaiso\/#primaryimage\"},\"image\":{\"@id\":\"https:\/\/dev.antudigital.cl\/sites\/vc\/postula-a-la-nueva-version-del-laboratorio-de-critica-cultural-de-baj-valparaiso\/#primaryimage\"},\"thumbnailUrl\":\"https:\/\/dev.antudigital.cl\/sites\/vc\/wp-content\/uploads\/2022\/12\/XI-LCC-FEED.jpg\",\"datePublished\":\"2022-12-12T20:58:33+00:00\",\"dateModified\":\"2022-12-12T21:00:04+00:00\",\"author\":{\"@id\":\"https:\/\/dev.antudigital.cl\/sites\/vc\/#\/schema\/person\/c2b9da8dd545e27166fc5ab232837318\"},\"breadcrumb\":{\"@id\":\"https:\/\/dev.antudigital.cl\/sites\/vc\/postula-a-la-nueva-version-del-laboratorio-de-critica-cultural-de-baj-valparaiso\/#breadcrumb\"},\"inLanguage\":\"es\",\"potentialAction\":[{\"@type\":\"ReadAction\",\"target\":[\"https:\/\/dev.antudigital.cl\/sites\/vc\/postula-a-la-nueva-version-del-laboratorio-de-critica-cultural-de-baj-valparaiso\/\"]}]},{\"@type\":\"ImageObject\",\"inLanguage\":\"es\",\"@id\":\"https:\/\/dev.antudigital.cl\/sites\/vc\/postula-a-la-nueva-version-del-laboratorio-de-critica-cultural-de-baj-valparaiso\/#primaryimage\",\"url\":\"https:\/\/dev.antudigital.cl\/sites\/vc\/wp-content\/uploads\/2022\/12\/XI-LCC-FEED.jpg\",\"contentUrl\":\"https:\/\/dev.antudigital.cl\/sites\/vc\/wp-content\/uploads\/2022\/12\/XI-LCC-FEED.jpg\",\"width\":1200,\"height\":1200},{\"@type\":\"BreadcrumbList\",\"@id\":\"https:\/\/dev.antudigital.cl\/sites\/vc\/postula-a-la-nueva-version-del-laboratorio-de-critica-cultural-de-baj-valparaiso\/#breadcrumb\",\"itemListElement\":[{\"@type\":\"ListItem\",\"position\":1,\"name\":\"Home\",\"item\":\"https:\/\/dev.antudigital.cl\/sites\/vc\/\"},{\"@type\":\"ListItem\",\"position\":2,\"name\":\"Postula a la nueva versi\u00f3n del Laboratorio de Cr\u00edtica Cultural de BAJ Valpara\u00edso\"}]},{\"@type\":\"WebSite\",\"@id\":\"https:\/\/dev.antudigital.cl\/sites\/vc\/#website\",\"url\":\"https:\/\/dev.antudigital.cl\/sites\/vc\/\",\"name\":\"Valpara\u00ed\u00adso Creativo\",\"description\":\"\",\"potentialAction\":[{\"@type\":\"SearchAction\",\"target\":{\"@type\":\"EntryPoint\",\"urlTemplate\":\"https:\/\/dev.antudigital.cl\/sites\/vc\/?s={search_term_string}\"},\"query-input\":{\"@type\":\"PropertyValueSpecification\",\"valueRequired\":true,\"valueName\":\"search_term_string\"}}],\"inLanguage\":\"es\"},{\"@type\":\"Person\",\"@id\":\"https:\/\/dev.antudigital.cl\/sites\/vc\/#\/schema\/person\/c2b9da8dd545e27166fc5ab232837318\",\"name\":\"Valpara\u00edso Creativo\",\"description\":\"Periodista de cultura en la Regi\u00f3n de Valpara\u00edso.\",\"url\":\"https:\/\/dev.antudigital.cl\/sites\/vc\/author\/valpoadmin\/\"}]}<\/script>\n<!-- \/ Yoast SEO plugin. -->","yoast_head_json":{"title":"Postula a la nueva versi\u00f3n del Laboratorio de Cr\u00edtica Cultural de BAJ Valpara\u00edso - Valpara\u00ed\u00adso Creativo","robots":{"index":"index","follow":"follow","max-snippet":"max-snippet:-1","max-image-preview":"max-image-preview:large","max-video-preview":"max-video-preview:-1"},"canonical":"https:\/\/dev.antudigital.cl\/sites\/vc\/postula-a-la-nueva-version-del-laboratorio-de-critica-cultural-de-baj-valparaiso\/","og_locale":"es_ES","og_type":"article","og_title":"Postula a la nueva versi\u00f3n del Laboratorio de Cr\u00edtica Cultural de BAJ Valpara\u00edso - Valpara\u00ed\u00adso Creativo","og_description":"BAJ Valpara\u00edso dar\u00e1 inicio a la nueva programaci\u00f3n de actividades formativas del a\u00f1o 2023, la cual comenzar\u00e1 con la versi\u00f3n XI del Laboratorio de Cr\u00edtica Cultural, espacio dedicado a la revisi\u00f3n cr\u00edtica de las artes, que regresa con instancias formativas y reflexivas dirigidas a j\u00f3venes de la regi\u00f3n de Valpara\u00edso, de entre 18 a 29 [&hellip;]","og_url":"https:\/\/dev.antudigital.cl\/sites\/vc\/postula-a-la-nueva-version-del-laboratorio-de-critica-cultural-de-baj-valparaiso\/","og_site_name":"Valpara\u00ed\u00adso Creativo","article_published_time":"2022-12-12T20:58:33+00:00","article_modified_time":"2022-12-12T21:00:04+00:00","og_image":[{"width":1200,"height":1200,"url":"https:\/\/dev.antudigital.cl\/sites\/vc\/wp-content\/uploads\/2022\/12\/XI-LCC-FEED.jpg","type":"image\/jpeg"}],"author":"Valpara\u00edso Creativo","twitter_card":"summary_large_image","twitter_misc":{"Escrito por":"Valpara\u00edso Creativo","Tiempo de lectura":"3 minutos"},"schema":{"@context":"https:\/\/schema.org","@graph":[{"@type":"Article","@id":"https:\/\/dev.antudigital.cl\/sites\/vc\/postula-a-la-nueva-version-del-laboratorio-de-critica-cultural-de-baj-valparaiso\/#article","isPartOf":{"@id":"https:\/\/dev.antudigital.cl\/sites\/vc\/postula-a-la-nueva-version-del-laboratorio-de-critica-cultural-de-baj-valparaiso\/"},"author":{"name":"Valpara\u00edso Creativo","@id":"https:\/\/dev.antudigital.cl\/sites\/vc\/#\/schema\/person\/c2b9da8dd545e27166fc5ab232837318"},"headline":"Postula a la nueva versi\u00f3n del Laboratorio de Cr\u00edtica Cultural de BAJ Valpara\u00edso","datePublished":"2022-12-12T20:58:33+00:00","dateModified":"2022-12-12T21:00:04+00:00","mainEntityOfPage":{"@id":"https:\/\/dev.antudigital.cl\/sites\/vc\/postula-a-la-nueva-version-del-laboratorio-de-critica-cultural-de-baj-valparaiso\/"},"wordCount":507,"commentCount":0,"image":{"@id":"https:\/\/dev.antudigital.cl\/sites\/vc\/postula-a-la-nueva-version-del-laboratorio-de-critica-cultural-de-baj-valparaiso\/#primaryimage"},"thumbnailUrl":"https:\/\/dev.antudigital.cl\/sites\/vc\/wp-content\/uploads\/2022\/12\/XI-LCC-FEED.jpg","articleSection":["Noticia"],"inLanguage":"es","potentialAction":[{"@type":"CommentAction","name":"Comment","target":["https:\/\/dev.antudigital.cl\/sites\/vc\/postula-a-la-nueva-version-del-laboratorio-de-critica-cultural-de-baj-valparaiso\/#respond"]}]},{"@type":"WebPage","@id":"https:\/\/dev.antudigital.cl\/sites\/vc\/postula-a-la-nueva-version-del-laboratorio-de-critica-cultural-de-baj-valparaiso\/","url":"https:\/\/dev.antudigital.cl\/sites\/vc\/postula-a-la-nueva-version-del-laboratorio-de-critica-cultural-de-baj-valparaiso\/","name":"Postula a la nueva versi\u00f3n del Laboratorio de Cr\u00edtica Cultural de BAJ Valpara\u00edso - Valpara\u00ed\u00adso Creativo","isPartOf":{"@id":"https:\/\/dev.antudigital.cl\/sites\/vc\/#website"},"primaryImageOfPage":{"@id":"https:\/\/dev.antudigital.cl\/sites\/vc\/postula-a-la-nueva-version-del-laboratorio-de-critica-cultural-de-baj-valparaiso\/#primaryimage"},"image":{"@id":"https:\/\/dev.antudigital.cl\/sites\/vc\/postula-a-la-nueva-version-del-laboratorio-de-critica-cultural-de-baj-valparaiso\/#primaryimage"},"thumbnailUrl":"https:\/\/dev.antudigital.cl\/sites\/vc\/wp-content\/uploads\/2022\/12\/XI-LCC-FEED.jpg","datePublished":"2022-12-12T20:58:33+00:00","dateModified":"2022-12-12T21:00:04+00:00","author":{"@id":"https:\/\/dev.antudigital.cl\/sites\/vc\/#\/schema\/person\/c2b9da8dd545e27166fc5ab232837318"},"breadcrumb":{"@id":"https:\/\/dev.antudigital.cl\/sites\/vc\/postula-a-la-nueva-version-del-laboratorio-de-critica-cultural-de-baj-valparaiso\/#breadcrumb"},"inLanguage":"es","potentialAction":[{"@type":"ReadAction","target":["https:\/\/dev.antudigital.cl\/sites\/vc\/postula-a-la-nueva-version-del-laboratorio-de-critica-cultural-de-baj-valparaiso\/"]}]},{"@type":"ImageObject","inLanguage":"es","@id":"https:\/\/dev.antudigital.cl\/sites\/vc\/postula-a-la-nueva-version-del-laboratorio-de-critica-cultural-de-baj-valparaiso\/#primaryimage","url":"https:\/\/dev.antudigital.cl\/sites\/vc\/wp-content\/uploads\/2022\/12\/XI-LCC-FEED.jpg","contentUrl":"https:\/\/dev.antudigital.cl\/sites\/vc\/wp-content\/uploads\/2022\/12\/XI-LCC-FEED.jpg","width":1200,"height":1200},{"@type":"BreadcrumbList","@id":"https:\/\/dev.antudigital.cl\/sites\/vc\/postula-a-la-nueva-version-del-laboratorio-de-critica-cultural-de-baj-valparaiso\/#breadcrumb","itemListElement":[{"@type":"ListItem","position":1,"name":"Home","item":"https:\/\/dev.antudigital.cl\/sites\/vc\/"},{"@type":"ListItem","position":2,"name":"Postula a la nueva versi\u00f3n del Laboratorio de Cr\u00edtica Cultural de BAJ Valpara\u00edso"}]},{"@type":"WebSite","@id":"https:\/\/dev.antudigital.cl\/sites\/vc\/#website","url":"https:\/\/dev.antudigital.cl\/sites\/vc\/","name":"Valpara\u00ed\u00adso Creativo","description":"","potentialAction":[{"@type":"SearchAction","target":{"@type":"EntryPoint","urlTemplate":"https:\/\/dev.antudigital.cl\/sites\/vc\/?s={search_term_string}"},"query-input":{"@type":"PropertyValueSpecification","valueRequired":true,"valueName":"search_term_string"}}],"inLanguage":"es"},{"@type":"Person","@id":"https:\/\/dev.antudigital.cl\/sites\/vc\/#\/schema\/person\/c2b9da8dd545e27166fc5ab232837318","name":"Valpara\u00edso Creativo","description":"Periodista de cultura en la Regi\u00f3n de Valpara\u00edso.","url":"https:\/\/dev.antudigital.cl\/sites\/vc\/author\/valpoadmin\/"}]}},"_links":{"self":[{"href":"https:\/\/dev.antudigital.cl\/sites\/vc\/wp-json\/wp\/v2\/posts\/12230","targetHints":{"allow":["GET"]}}],"collection":[{"href":"https:\/\/dev.antudigital.cl\/sites\/vc\/wp-json\/wp\/v2\/posts"}],"about":[{"href":"https:\/\/dev.antudigital.cl\/sites\/vc\/wp-json\/wp\/v2\/types\/post"}],"author":[{"embeddable":true,"href":"https:\/\/dev.antudigital.cl\/sites\/vc\/wp-json\/wp\/v2\/users\/1"}],"replies":[{"embeddable":true,"href":"https:\/\/dev.antudigital.cl\/sites\/vc\/wp-json\/wp\/v2\/comments?post=12230"}],"version-history":[{"count":2,"href":"https:\/\/dev.antudigital.cl\/sites\/vc\/wp-json\/wp\/v2\/posts\/12230\/revisions"}],"predecessor-version":[{"id":12235,"href":"https:\/\/dev.antudigital.cl\/sites\/vc\/wp-json\/wp\/v2\/posts\/12230\/revisions\/12235"}],"wp:featuredmedia":[{"embeddable":true,"href":"https:\/\/dev.antudigital.cl\/sites\/vc\/wp-json\/wp\/v2\/media\/12232"}],"wp:attachment":[{"href":"https:\/\/dev.antudigital.cl\/sites\/vc\/wp-json\/wp\/v2\/media?parent=12230"}],"wp:term":[{"taxonomy":"category","embeddable":true,"href":"https:\/\/dev.antudigital.cl\/sites\/vc\/wp-json\/wp\/v2\/categories?post=12230"},{"taxonomy":"post_tag","embeddable":true,"href":"https:\/\/dev.antudigital.cl\/sites\/vc\/wp-json\/wp\/v2\/tags?post=12230"}],"curies":[{"name":"wp","href":"https:\/\/api.w.org\/{rel}","templated":true}]}}