{"id":12234,"date":"2022-12-12T21:10:07","date_gmt":"2022-12-12T21:10:07","guid":{"rendered":"https:\/\/www.valparaisocreativo.cl\/?p=12234"},"modified":"2022-12-12T21:10:11","modified_gmt":"2022-12-12T21:10:11","slug":"ministerio-de-las-cultura-las-artes-y-el-patrimonio-invita-a-la-sexta-version-del-encuentro-de-las-economias-creativas-de-chile-chec-2022","status":"publish","type":"post","link":"https:\/\/dev.antudigital.cl\/sites\/vc\/ministerio-de-las-cultura-las-artes-y-el-patrimonio-invita-a-la-sexta-version-del-encuentro-de-las-economias-creativas-de-chile-chec-2022\/","title":{"rendered":"Ministerio de las Cultura, las Artes y el Patrimonio invita a la sexta versi\u00f3n del Encuentro de las Econom\u00edas Creativas de Chile, CHEC 2022"},"content":{"rendered":"\n<p>El Ministerio de las Culturas, las Artes y el Patrimonio lanzar\u00e1 la sexta versi\u00f3n del Encuentro de las Econom\u00edas Creativas de Chile (CHEC), que se llevar\u00e1 a cabo de manera presencial los d\u00edas 12 y 13 de diciembre en el Centro Gabriela Mistral (GAM). Este a\u00f1o, CHEC se da como parte de la agenda de las pol\u00edticas culturales internacionales, que se ve marcada por la celebraci\u00f3n de Mondiacult (Conferencia Mundial UNESCO) en M\u00e9xico y la puesta en marcha de MICSUR (Mercado de Industrias Culturales del Sur) 2023, del cual Chile ser\u00e1 anfitri\u00f3n.<\/p>\n\n\n\n<p>CHEC 2022 se dispone como un espacio de reflexi\u00f3n, an\u00e1lisis y visibilizaci\u00f3n de las distintas acciones emprendidas desde el sector cultural, que este a\u00f1o cont\u00f3 con la reapertura de espacios culturales y la vuelta a la presencialidad.<\/p>\n\n\n\n<p>Bajo una l\u00f3gica colaborativa, CHEC 2022 ser\u00e1 un encuentro para todas y todos los agentes vinculados a la Econom\u00eda Creativa. A trav\u00e9s de sus actividades permitir\u00e1 proponer l\u00edneas de vinculaci\u00f3n entre la Econom\u00eda Creativa y tem\u00e1ticas como econom\u00eda solidaria y cooperativismo, sostenibilidad, medioambiente, nuevas tecnolog\u00edas, condiciones laborales, desarrollo territorial y comunitario, patrimonio, generaci\u00f3n de redes y circuitos locales, entre otras.<\/p>\n\n\n\n<p>En su sexta edici\u00f3n CHEC contar\u00e1 con charlas de expertas y expertos nacionales e internacionales, paneles de conversaci\u00f3n, talleres pr\u00e1cticos y mentor\u00edas, adem\u00e1s de conciertos did\u00e1cticos en vivo, mesas de trabajo y un mercado para la venta de bienes y servicios del sector creativo con enfoque pedag\u00f3gico.<\/p>\n\n\n\n<p>Este encuentro se enmarca dentro de las actividades de la Secretaria Ejecutiva de Econom\u00eda Creativa, que busca generar iniciativas que fomenten el desarrollo de la gobernanza, el flujo de bienes y profesionales, as\u00ed como tambi\u00e9n, el desarrollo sostenible, tres \u00e1reas recomendadas por UNESCO. Esta disciplina es entendida a partir de la propuesta de la Conferencia de las Naciones Unidas sobre Comercio y Desarrollo (UNCTAD), donde se incluyen actividades que poseen el \u201cpotencial de fomentar el crecimiento econ\u00f3mico, la creaci\u00f3n de empleos y ganancias de exportaci\u00f3n y, a la vez, promover la inclusi\u00f3n social, la diversidad cultural y el desarrollo humano\u201d.<\/p>\n\n\n\n<p><strong>Encuentra toda la programaci\u00f3n en https: <a href=\"https:\/\/ec.cultura.gob.cl\/chec\/\">https:\/\/ec.cultura.gob.cl\/chec\/<\/a><\/strong><\/p>\n","protected":false},"excerpt":{"rendered":"<p>El Ministerio de las Culturas, las Artes y el Patrimonio lanzar\u00e1 la sexta versi\u00f3n del Encuentro de las Econom\u00edas Creativas de Chile (CHEC), que se llevar\u00e1 a cabo de manera presencial los d\u00edas 12 y 13 de diciembre en el Centro Gabriela Mistral (GAM). Este a\u00f1o, CHEC se da como parte de la agenda de [&hellip;]<\/p>\n","protected":false},"author":1,"featured_media":12237,"comment_status":"open","ping_status":"closed","sticky":false,"template":"","format":"standard","meta":{"_acf_changed":false,"footnotes":""},"categories":[8],"tags":[],"class_list":["post-12234","post","type-post","status-publish","format-standard","has-post-thumbnail","hentry","category-noticia"],"acf":[],"yoast_head":"<!-- This site is optimized with the Yoast SEO plugin v27.1.1 - https:\/\/yoast.com\/product\/yoast-seo-wordpress\/ -->\n<title>Ministerio de las Cultura, las Artes y el Patrimonio invita a la sexta versi\u00f3n del Encuentro de las Econom\u00edas Creativas de Chile, CHEC 2022 - Valpara\u00ed\u00adso Creativo<\/title>\n<meta name=\"robots\" content=\"index, follow, max-snippet:-1, max-image-preview:large, max-video-preview:-1\" \/>\n<link rel=\"canonical\" href=\"https:\/\/dev.antudigital.cl\/sites\/vc\/ministerio-de-las-cultura-las-artes-y-el-patrimonio-invita-a-la-sexta-version-del-encuentro-de-las-economias-creativas-de-chile-chec-2022\/\" \/>\n<meta property=\"og:locale\" content=\"es_ES\" \/>\n<meta property=\"og:type\" content=\"article\" \/>\n<meta property=\"og:title\" content=\"Ministerio de las Cultura, las Artes y el Patrimonio invita a la sexta versi\u00f3n del Encuentro de las Econom\u00edas Creativas de Chile, CHEC 2022 - Valpara\u00ed\u00adso Creativo\" \/>\n<meta property=\"og:description\" content=\"El Ministerio de las Culturas, las Artes y el Patrimonio lanzar\u00e1 la sexta versi\u00f3n del Encuentro de las Econom\u00edas Creativas de Chile (CHEC), que se llevar\u00e1 a cabo de manera presencial los d\u00edas 12 y 13 de diciembre en el Centro Gabriela Mistral (GAM). Este a\u00f1o, CHEC se da como parte de la agenda de [&hellip;]\" \/>\n<meta property=\"og:url\" content=\"https:\/\/dev.antudigital.cl\/sites\/vc\/ministerio-de-las-cultura-las-artes-y-el-patrimonio-invita-a-la-sexta-version-del-encuentro-de-las-economias-creativas-de-chile-chec-2022\/\" \/>\n<meta property=\"og:site_name\" content=\"Valpara\u00ed\u00adso Creativo\" \/>\n<meta property=\"article:published_time\" content=\"2022-12-12T21:10:07+00:00\" \/>\n<meta property=\"article:modified_time\" content=\"2022-12-12T21:10:11+00:00\" \/>\n<meta property=\"og:image\" content=\"https:\/\/dev.antudigital.cl\/sites\/vc\/wp-content\/uploads\/2022\/12\/unnamed.png\" \/>\n\t<meta property=\"og:image:width\" content=\"1760\" \/>\n\t<meta property=\"og:image:height\" content=\"336\" \/>\n\t<meta property=\"og:image:type\" content=\"image\/png\" \/>\n<meta name=\"author\" content=\"Valpara\u00edso Creativo\" \/>\n<meta name=\"twitter:card\" content=\"summary_large_image\" \/>\n<meta name=\"twitter:label1\" content=\"Escrito por\" \/>\n\t<meta name=\"twitter:data1\" content=\"Valpara\u00edso Creativo\" \/>\n\t<meta name=\"twitter:label2\" content=\"Tiempo de lectura\" \/>\n\t<meta name=\"twitter:data2\" content=\"2 minutos\" \/>\n<script type=\"application\/ld+json\" class=\"yoast-schema-graph\">{\"@context\":\"https:\/\/schema.org\",\"@graph\":[{\"@type\":\"Article\",\"@id\":\"https:\/\/dev.antudigital.cl\/sites\/vc\/ministerio-de-las-cultura-las-artes-y-el-patrimonio-invita-a-la-sexta-version-del-encuentro-de-las-economias-creativas-de-chile-chec-2022\/#article\",\"isPartOf\":{\"@id\":\"https:\/\/dev.antudigital.cl\/sites\/vc\/ministerio-de-las-cultura-las-artes-y-el-patrimonio-invita-a-la-sexta-version-del-encuentro-de-las-economias-creativas-de-chile-chec-2022\/\"},\"author\":{\"name\":\"Valpara\u00edso Creativo\",\"@id\":\"https:\/\/dev.antudigital.cl\/sites\/vc\/#\/schema\/person\/c2b9da8dd545e27166fc5ab232837318\"},\"headline\":\"Ministerio de las Cultura, las Artes y el Patrimonio invita a la sexta versi\u00f3n del Encuentro de las Econom\u00edas Creativas de Chile, CHEC 2022\",\"datePublished\":\"2022-12-12T21:10:07+00:00\",\"dateModified\":\"2022-12-12T21:10:11+00:00\",\"mainEntityOfPage\":{\"@id\":\"https:\/\/dev.antudigital.cl\/sites\/vc\/ministerio-de-las-cultura-las-artes-y-el-patrimonio-invita-a-la-sexta-version-del-encuentro-de-las-economias-creativas-de-chile-chec-2022\/\"},\"wordCount\":404,\"commentCount\":0,\"image\":{\"@id\":\"https:\/\/dev.antudigital.cl\/sites\/vc\/ministerio-de-las-cultura-las-artes-y-el-patrimonio-invita-a-la-sexta-version-del-encuentro-de-las-economias-creativas-de-chile-chec-2022\/#primaryimage\"},\"thumbnailUrl\":\"https:\/\/dev.antudigital.cl\/sites\/vc\/wp-content\/uploads\/2022\/12\/unnamed.png\",\"articleSection\":[\"Noticia\"],\"inLanguage\":\"es\",\"potentialAction\":[{\"@type\":\"CommentAction\",\"name\":\"Comment\",\"target\":[\"https:\/\/dev.antudigital.cl\/sites\/vc\/ministerio-de-las-cultura-las-artes-y-el-patrimonio-invita-a-la-sexta-version-del-encuentro-de-las-economias-creativas-de-chile-chec-2022\/#respond\"]}]},{\"@type\":\"WebPage\",\"@id\":\"https:\/\/dev.antudigital.cl\/sites\/vc\/ministerio-de-las-cultura-las-artes-y-el-patrimonio-invita-a-la-sexta-version-del-encuentro-de-las-economias-creativas-de-chile-chec-2022\/\",\"url\":\"https:\/\/dev.antudigital.cl\/sites\/vc\/ministerio-de-las-cultura-las-artes-y-el-patrimonio-invita-a-la-sexta-version-del-encuentro-de-las-economias-creativas-de-chile-chec-2022\/\",\"name\":\"Ministerio de las Cultura, las Artes y el Patrimonio invita a la sexta versi\u00f3n del Encuentro de las Econom\u00edas Creativas de Chile, CHEC 2022 - Valpara\u00ed\u00adso Creativo\",\"isPartOf\":{\"@id\":\"https:\/\/dev.antudigital.cl\/sites\/vc\/#website\"},\"primaryImageOfPage\":{\"@id\":\"https:\/\/dev.antudigital.cl\/sites\/vc\/ministerio-de-las-cultura-las-artes-y-el-patrimonio-invita-a-la-sexta-version-del-encuentro-de-las-economias-creativas-de-chile-chec-2022\/#primaryimage\"},\"image\":{\"@id\":\"https:\/\/dev.antudigital.cl\/sites\/vc\/ministerio-de-las-cultura-las-artes-y-el-patrimonio-invita-a-la-sexta-version-del-encuentro-de-las-economias-creativas-de-chile-chec-2022\/#primaryimage\"},\"thumbnailUrl\":\"https:\/\/dev.antudigital.cl\/sites\/vc\/wp-content\/uploads\/2022\/12\/unnamed.png\",\"datePublished\":\"2022-12-12T21:10:07+00:00\",\"dateModified\":\"2022-12-12T21:10:11+00:00\",\"author\":{\"@id\":\"https:\/\/dev.antudigital.cl\/sites\/vc\/#\/schema\/person\/c2b9da8dd545e27166fc5ab232837318\"},\"breadcrumb\":{\"@id\":\"https:\/\/dev.antudigital.cl\/sites\/vc\/ministerio-de-las-cultura-las-artes-y-el-patrimonio-invita-a-la-sexta-version-del-encuentro-de-las-economias-creativas-de-chile-chec-2022\/#breadcrumb\"},\"inLanguage\":\"es\",\"potentialAction\":[{\"@type\":\"ReadAction\",\"target\":[\"https:\/\/dev.antudigital.cl\/sites\/vc\/ministerio-de-las-cultura-las-artes-y-el-patrimonio-invita-a-la-sexta-version-del-encuentro-de-las-economias-creativas-de-chile-chec-2022\/\"]}]},{\"@type\":\"ImageObject\",\"inLanguage\":\"es\",\"@id\":\"https:\/\/dev.antudigital.cl\/sites\/vc\/ministerio-de-las-cultura-las-artes-y-el-patrimonio-invita-a-la-sexta-version-del-encuentro-de-las-economias-creativas-de-chile-chec-2022\/#primaryimage\",\"url\":\"https:\/\/dev.antudigital.cl\/sites\/vc\/wp-content\/uploads\/2022\/12\/unnamed.png\",\"contentUrl\":\"https:\/\/dev.antudigital.cl\/sites\/vc\/wp-content\/uploads\/2022\/12\/unnamed.png\",\"width\":1760,\"height\":336},{\"@type\":\"BreadcrumbList\",\"@id\":\"https:\/\/dev.antudigital.cl\/sites\/vc\/ministerio-de-las-cultura-las-artes-y-el-patrimonio-invita-a-la-sexta-version-del-encuentro-de-las-economias-creativas-de-chile-chec-2022\/#breadcrumb\",\"itemListElement\":[{\"@type\":\"ListItem\",\"position\":1,\"name\":\"Home\",\"item\":\"https:\/\/dev.antudigital.cl\/sites\/vc\/\"},{\"@type\":\"ListItem\",\"position\":2,\"name\":\"Ministerio de las Cultura, las Artes y el Patrimonio invita a la sexta versi\u00f3n del Encuentro de las Econom\u00edas Creativas de Chile, CHEC 2022\"}]},{\"@type\":\"WebSite\",\"@id\":\"https:\/\/dev.antudigital.cl\/sites\/vc\/#website\",\"url\":\"https:\/\/dev.antudigital.cl\/sites\/vc\/\",\"name\":\"Valpara\u00ed\u00adso Creativo\",\"description\":\"\",\"potentialAction\":[{\"@type\":\"SearchAction\",\"target\":{\"@type\":\"EntryPoint\",\"urlTemplate\":\"https:\/\/dev.antudigital.cl\/sites\/vc\/?s={search_term_string}\"},\"query-input\":{\"@type\":\"PropertyValueSpecification\",\"valueRequired\":true,\"valueName\":\"search_term_string\"}}],\"inLanguage\":\"es\"},{\"@type\":\"Person\",\"@id\":\"https:\/\/dev.antudigital.cl\/sites\/vc\/#\/schema\/person\/c2b9da8dd545e27166fc5ab232837318\",\"name\":\"Valpara\u00edso Creativo\",\"description\":\"Periodista de cultura en la Regi\u00f3n de Valpara\u00edso.\",\"url\":\"https:\/\/dev.antudigital.cl\/sites\/vc\/author\/valpoadmin\/\"}]}<\/script>\n<!-- \/ Yoast SEO plugin. -->","yoast_head_json":{"title":"Ministerio de las Cultura, las Artes y el Patrimonio invita a la sexta versi\u00f3n del Encuentro de las Econom\u00edas Creativas de Chile, CHEC 2022 - Valpara\u00ed\u00adso Creativo","robots":{"index":"index","follow":"follow","max-snippet":"max-snippet:-1","max-image-preview":"max-image-preview:large","max-video-preview":"max-video-preview:-1"},"canonical":"https:\/\/dev.antudigital.cl\/sites\/vc\/ministerio-de-las-cultura-las-artes-y-el-patrimonio-invita-a-la-sexta-version-del-encuentro-de-las-economias-creativas-de-chile-chec-2022\/","og_locale":"es_ES","og_type":"article","og_title":"Ministerio de las Cultura, las Artes y el Patrimonio invita a la sexta versi\u00f3n del Encuentro de las Econom\u00edas Creativas de Chile, CHEC 2022 - Valpara\u00ed\u00adso Creativo","og_description":"El Ministerio de las Culturas, las Artes y el Patrimonio lanzar\u00e1 la sexta versi\u00f3n del Encuentro de las Econom\u00edas Creativas de Chile (CHEC), que se llevar\u00e1 a cabo de manera presencial los d\u00edas 12 y 13 de diciembre en el Centro Gabriela Mistral (GAM). Este a\u00f1o, CHEC se da como parte de la agenda de [&hellip;]","og_url":"https:\/\/dev.antudigital.cl\/sites\/vc\/ministerio-de-las-cultura-las-artes-y-el-patrimonio-invita-a-la-sexta-version-del-encuentro-de-las-economias-creativas-de-chile-chec-2022\/","og_site_name":"Valpara\u00ed\u00adso Creativo","article_published_time":"2022-12-12T21:10:07+00:00","article_modified_time":"2022-12-12T21:10:11+00:00","og_image":[{"width":1760,"height":336,"url":"https:\/\/dev.antudigital.cl\/sites\/vc\/wp-content\/uploads\/2022\/12\/unnamed.png","type":"image\/png"}],"author":"Valpara\u00edso Creativo","twitter_card":"summary_large_image","twitter_misc":{"Escrito por":"Valpara\u00edso Creativo","Tiempo de lectura":"2 minutos"},"schema":{"@context":"https:\/\/schema.org","@graph":[{"@type":"Article","@id":"https:\/\/dev.antudigital.cl\/sites\/vc\/ministerio-de-las-cultura-las-artes-y-el-patrimonio-invita-a-la-sexta-version-del-encuentro-de-las-economias-creativas-de-chile-chec-2022\/#article","isPartOf":{"@id":"https:\/\/dev.antudigital.cl\/sites\/vc\/ministerio-de-las-cultura-las-artes-y-el-patrimonio-invita-a-la-sexta-version-del-encuentro-de-las-economias-creativas-de-chile-chec-2022\/"},"author":{"name":"Valpara\u00edso Creativo","@id":"https:\/\/dev.antudigital.cl\/sites\/vc\/#\/schema\/person\/c2b9da8dd545e27166fc5ab232837318"},"headline":"Ministerio de las Cultura, las Artes y el Patrimonio invita a la sexta versi\u00f3n del Encuentro de las Econom\u00edas Creativas de Chile, CHEC 2022","datePublished":"2022-12-12T21:10:07+00:00","dateModified":"2022-12-12T21:10:11+00:00","mainEntityOfPage":{"@id":"https:\/\/dev.antudigital.cl\/sites\/vc\/ministerio-de-las-cultura-las-artes-y-el-patrimonio-invita-a-la-sexta-version-del-encuentro-de-las-economias-creativas-de-chile-chec-2022\/"},"wordCount":404,"commentCount":0,"image":{"@id":"https:\/\/dev.antudigital.cl\/sites\/vc\/ministerio-de-las-cultura-las-artes-y-el-patrimonio-invita-a-la-sexta-version-del-encuentro-de-las-economias-creativas-de-chile-chec-2022\/#primaryimage"},"thumbnailUrl":"https:\/\/dev.antudigital.cl\/sites\/vc\/wp-content\/uploads\/2022\/12\/unnamed.png","articleSection":["Noticia"],"inLanguage":"es","potentialAction":[{"@type":"CommentAction","name":"Comment","target":["https:\/\/dev.antudigital.cl\/sites\/vc\/ministerio-de-las-cultura-las-artes-y-el-patrimonio-invita-a-la-sexta-version-del-encuentro-de-las-economias-creativas-de-chile-chec-2022\/#respond"]}]},{"@type":"WebPage","@id":"https:\/\/dev.antudigital.cl\/sites\/vc\/ministerio-de-las-cultura-las-artes-y-el-patrimonio-invita-a-la-sexta-version-del-encuentro-de-las-economias-creativas-de-chile-chec-2022\/","url":"https:\/\/dev.antudigital.cl\/sites\/vc\/ministerio-de-las-cultura-las-artes-y-el-patrimonio-invita-a-la-sexta-version-del-encuentro-de-las-economias-creativas-de-chile-chec-2022\/","name":"Ministerio de las Cultura, las Artes y el Patrimonio invita a la sexta versi\u00f3n del Encuentro de las Econom\u00edas Creativas de Chile, CHEC 2022 - Valpara\u00ed\u00adso Creativo","isPartOf":{"@id":"https:\/\/dev.antudigital.cl\/sites\/vc\/#website"},"primaryImageOfPage":{"@id":"https:\/\/dev.antudigital.cl\/sites\/vc\/ministerio-de-las-cultura-las-artes-y-el-patrimonio-invita-a-la-sexta-version-del-encuentro-de-las-economias-creativas-de-chile-chec-2022\/#primaryimage"},"image":{"@id":"https:\/\/dev.antudigital.cl\/sites\/vc\/ministerio-de-las-cultura-las-artes-y-el-patrimonio-invita-a-la-sexta-version-del-encuentro-de-las-economias-creativas-de-chile-chec-2022\/#primaryimage"},"thumbnailUrl":"https:\/\/dev.antudigital.cl\/sites\/vc\/wp-content\/uploads\/2022\/12\/unnamed.png","datePublished":"2022-12-12T21:10:07+00:00","dateModified":"2022-12-12T21:10:11+00:00","author":{"@id":"https:\/\/dev.antudigital.cl\/sites\/vc\/#\/schema\/person\/c2b9da8dd545e27166fc5ab232837318"},"breadcrumb":{"@id":"https:\/\/dev.antudigital.cl\/sites\/vc\/ministerio-de-las-cultura-las-artes-y-el-patrimonio-invita-a-la-sexta-version-del-encuentro-de-las-economias-creativas-de-chile-chec-2022\/#breadcrumb"},"inLanguage":"es","potentialAction":[{"@type":"ReadAction","target":["https:\/\/dev.antudigital.cl\/sites\/vc\/ministerio-de-las-cultura-las-artes-y-el-patrimonio-invita-a-la-sexta-version-del-encuentro-de-las-economias-creativas-de-chile-chec-2022\/"]}]},{"@type":"ImageObject","inLanguage":"es","@id":"https:\/\/dev.antudigital.cl\/sites\/vc\/ministerio-de-las-cultura-las-artes-y-el-patrimonio-invita-a-la-sexta-version-del-encuentro-de-las-economias-creativas-de-chile-chec-2022\/#primaryimage","url":"https:\/\/dev.antudigital.cl\/sites\/vc\/wp-content\/uploads\/2022\/12\/unnamed.png","contentUrl":"https:\/\/dev.antudigital.cl\/sites\/vc\/wp-content\/uploads\/2022\/12\/unnamed.png","width":1760,"height":336},{"@type":"BreadcrumbList","@id":"https:\/\/dev.antudigital.cl\/sites\/vc\/ministerio-de-las-cultura-las-artes-y-el-patrimonio-invita-a-la-sexta-version-del-encuentro-de-las-economias-creativas-de-chile-chec-2022\/#breadcrumb","itemListElement":[{"@type":"ListItem","position":1,"name":"Home","item":"https:\/\/dev.antudigital.cl\/sites\/vc\/"},{"@type":"ListItem","position":2,"name":"Ministerio de las Cultura, las Artes y el Patrimonio invita a la sexta versi\u00f3n del Encuentro de las Econom\u00edas Creativas de Chile, CHEC 2022"}]},{"@type":"WebSite","@id":"https:\/\/dev.antudigital.cl\/sites\/vc\/#website","url":"https:\/\/dev.antudigital.cl\/sites\/vc\/","name":"Valpara\u00ed\u00adso Creativo","description":"","potentialAction":[{"@type":"SearchAction","target":{"@type":"EntryPoint","urlTemplate":"https:\/\/dev.antudigital.cl\/sites\/vc\/?s={search_term_string}"},"query-input":{"@type":"PropertyValueSpecification","valueRequired":true,"valueName":"search_term_string"}}],"inLanguage":"es"},{"@type":"Person","@id":"https:\/\/dev.antudigital.cl\/sites\/vc\/#\/schema\/person\/c2b9da8dd545e27166fc5ab232837318","name":"Valpara\u00edso Creativo","description":"Periodista de cultura en la Regi\u00f3n de Valpara\u00edso.","url":"https:\/\/dev.antudigital.cl\/sites\/vc\/author\/valpoadmin\/"}]}},"_links":{"self":[{"href":"https:\/\/dev.antudigital.cl\/sites\/vc\/wp-json\/wp\/v2\/posts\/12234","targetHints":{"allow":["GET"]}}],"collection":[{"href":"https:\/\/dev.antudigital.cl\/sites\/vc\/wp-json\/wp\/v2\/posts"}],"about":[{"href":"https:\/\/dev.antudigital.cl\/sites\/vc\/wp-json\/wp\/v2\/types\/post"}],"author":[{"embeddable":true,"href":"https:\/\/dev.antudigital.cl\/sites\/vc\/wp-json\/wp\/v2\/users\/1"}],"replies":[{"embeddable":true,"href":"https:\/\/dev.antudigital.cl\/sites\/vc\/wp-json\/wp\/v2\/comments?post=12234"}],"version-history":[{"count":1,"href":"https:\/\/dev.antudigital.cl\/sites\/vc\/wp-json\/wp\/v2\/posts\/12234\/revisions"}],"predecessor-version":[{"id":12238,"href":"https:\/\/dev.antudigital.cl\/sites\/vc\/wp-json\/wp\/v2\/posts\/12234\/revisions\/12238"}],"wp:featuredmedia":[{"embeddable":true,"href":"https:\/\/dev.antudigital.cl\/sites\/vc\/wp-json\/wp\/v2\/media\/12237"}],"wp:attachment":[{"href":"https:\/\/dev.antudigital.cl\/sites\/vc\/wp-json\/wp\/v2\/media?parent=12234"}],"wp:term":[{"taxonomy":"category","embeddable":true,"href":"https:\/\/dev.antudigital.cl\/sites\/vc\/wp-json\/wp\/v2\/categories?post=12234"},{"taxonomy":"post_tag","embeddable":true,"href":"https:\/\/dev.antudigital.cl\/sites\/vc\/wp-json\/wp\/v2\/tags?post=12234"}],"curies":[{"name":"wp","href":"https:\/\/api.w.org\/{rel}","templated":true}]}}