{"id":12251,"date":"2022-12-12T21:50:14","date_gmt":"2022-12-12T21:50:14","guid":{"rendered":"https:\/\/www.valparaisocreativo.cl\/?p=12251"},"modified":"2022-12-12T21:50:18","modified_gmt":"2022-12-12T21:50:18","slug":"lanzamiento-pymelabs-de-la-universidad-de-valparaiso","status":"publish","type":"post","link":"https:\/\/dev.antudigital.cl\/sites\/vc\/lanzamiento-pymelabs-de-la-universidad-de-valparaiso\/","title":{"rendered":"Lanzamiento Pymelabs de la Universidad de Valpara\u00edso"},"content":{"rendered":"\n<p>Este martes 13 a las 17:30hrs. ser\u00e1 el lanzamiento de los espacios PYMELABS de #100E de la Universidad de Valpara\u00edso. La actividad se realizar\u00e1 en la Vicerrector\u00eda de Vinculaci\u00f3n con el Medio, ubicada en 2 norte 802 Vi\u00f1a del Mar.<\/p>\n\n\n\n<p>Este es un proyecto que se ha estado trabajando a pulso y que habilitar\u00e1 una serie de espacios cowork para emprendedores y emprendedoras de la Regi\u00f3n. <\/p>\n\n\n\n<p>El link de inscripci\u00f3n es el siguiente:&nbsp;<a href=\"https:\/\/forms.office.com\/pages\/responsepage.aspx?id=TP54dIpYkkiouCoCFcelBwM3YGr3YQxHgc5VYc-eErNUMlhGRDkySjJXMk1SOFBFU0JWVFIzRTM2Qi4u\" target=\"_blank\" rel=\"noreferrer noopener\">PINCHA AQU\u00cd<\/a><\/p>\n\n\n\n<figure class=\"wp-block-image size-large\"><img fetchpriority=\"high\" decoding=\"async\" width=\"1024\" height=\"1024\" src=\"https:\/\/www.valparaisocreativo.cl\/wp-content\/uploads\/2022\/12\/INVITACION-LANZAMIENTO-ESPACIOS-PYMELABS-1024x1024.png\" alt=\"\" class=\"wp-image-12252\" srcset=\"https:\/\/dev.antudigital.cl\/sites\/vc\/wp-content\/uploads\/2022\/12\/INVITACION-LANZAMIENTO-ESPACIOS-PYMELABS-1024x1024.png 1024w, https:\/\/dev.antudigital.cl\/sites\/vc\/wp-content\/uploads\/2022\/12\/INVITACION-LANZAMIENTO-ESPACIOS-PYMELABS-300x300.png 300w, https:\/\/dev.antudigital.cl\/sites\/vc\/wp-content\/uploads\/2022\/12\/INVITACION-LANZAMIENTO-ESPACIOS-PYMELABS-150x150.png 150w, https:\/\/dev.antudigital.cl\/sites\/vc\/wp-content\/uploads\/2022\/12\/INVITACION-LANZAMIENTO-ESPACIOS-PYMELABS-768x768.png 768w, https:\/\/dev.antudigital.cl\/sites\/vc\/wp-content\/uploads\/2022\/12\/INVITACION-LANZAMIENTO-ESPACIOS-PYMELABS-980x980.png 980w, https:\/\/dev.antudigital.cl\/sites\/vc\/wp-content\/uploads\/2022\/12\/INVITACION-LANZAMIENTO-ESPACIOS-PYMELABS-480x480.png 480w, https:\/\/dev.antudigital.cl\/sites\/vc\/wp-content\/uploads\/2022\/12\/INVITACION-LANZAMIENTO-ESPACIOS-PYMELABS.png 1081w\" sizes=\"(max-width: 1024px) 100vw, 1024px\" \/><\/figure>\n","protected":false},"excerpt":{"rendered":"<p>Este martes 13 a las 17:30hrs. ser\u00e1 el lanzamiento de los espacios PYMELABS de #100E de la Universidad de Valpara\u00edso. La actividad se realizar\u00e1 en la Vicerrector\u00eda de Vinculaci\u00f3n con el Medio, ubicada en 2 norte 802 Vi\u00f1a del Mar. Este es un proyecto que se ha estado trabajando a pulso y que habilitar\u00e1 una [&hellip;]<\/p>\n","protected":false},"author":1,"featured_media":12253,"comment_status":"open","ping_status":"closed","sticky":false,"template":"","format":"standard","meta":{"_acf_changed":false,"footnotes":""},"categories":[8],"tags":[],"class_list":["post-12251","post","type-post","status-publish","format-standard","has-post-thumbnail","hentry","category-noticia"],"acf":[],"yoast_head":"<!-- This site is optimized with the Yoast SEO plugin v27.1.1 - https:\/\/yoast.com\/product\/yoast-seo-wordpress\/ -->\n<title>Lanzamiento Pymelabs de la Universidad de Valpara\u00edso - Valpara\u00ed\u00adso Creativo<\/title>\n<meta name=\"robots\" content=\"index, follow, max-snippet:-1, max-image-preview:large, max-video-preview:-1\" \/>\n<link rel=\"canonical\" href=\"https:\/\/dev.antudigital.cl\/sites\/vc\/lanzamiento-pymelabs-de-la-universidad-de-valparaiso\/\" \/>\n<meta property=\"og:locale\" content=\"es_ES\" \/>\n<meta property=\"og:type\" content=\"article\" \/>\n<meta property=\"og:title\" content=\"Lanzamiento Pymelabs de la Universidad de Valpara\u00edso - Valpara\u00ed\u00adso Creativo\" \/>\n<meta property=\"og:description\" content=\"Este martes 13 a las 17:30hrs. ser\u00e1 el lanzamiento de los espacios PYMELABS de #100E de la Universidad de Valpara\u00edso. La actividad se realizar\u00e1 en la Vicerrector\u00eda de Vinculaci\u00f3n con el Medio, ubicada en 2 norte 802 Vi\u00f1a del Mar. Este es un proyecto que se ha estado trabajando a pulso y que habilitar\u00e1 una [&hellip;]\" \/>\n<meta property=\"og:url\" content=\"https:\/\/dev.antudigital.cl\/sites\/vc\/lanzamiento-pymelabs-de-la-universidad-de-valparaiso\/\" \/>\n<meta property=\"og:site_name\" content=\"Valpara\u00ed\u00adso Creativo\" \/>\n<meta property=\"article:published_time\" content=\"2022-12-12T21:50:14+00:00\" \/>\n<meta property=\"article:modified_time\" content=\"2022-12-12T21:50:18+00:00\" \/>\n<meta property=\"og:image\" content=\"https:\/\/dev.antudigital.cl\/sites\/vc\/wp-content\/uploads\/2022\/12\/maxresdefault.jpg\" \/>\n\t<meta property=\"og:image:width\" content=\"1280\" \/>\n\t<meta property=\"og:image:height\" content=\"720\" \/>\n\t<meta property=\"og:image:type\" content=\"image\/jpeg\" \/>\n<meta name=\"author\" content=\"Valpara\u00edso Creativo\" \/>\n<meta name=\"twitter:card\" content=\"summary_large_image\" \/>\n<meta name=\"twitter:label1\" content=\"Escrito por\" \/>\n\t<meta name=\"twitter:data1\" content=\"Valpara\u00edso Creativo\" \/>\n\t<meta name=\"twitter:label2\" content=\"Tiempo de lectura\" \/>\n\t<meta name=\"twitter:data2\" content=\"1 minuto\" \/>\n<script type=\"application\/ld+json\" class=\"yoast-schema-graph\">{\"@context\":\"https:\/\/schema.org\",\"@graph\":[{\"@type\":\"Article\",\"@id\":\"https:\/\/dev.antudigital.cl\/sites\/vc\/lanzamiento-pymelabs-de-la-universidad-de-valparaiso\/#article\",\"isPartOf\":{\"@id\":\"https:\/\/dev.antudigital.cl\/sites\/vc\/lanzamiento-pymelabs-de-la-universidad-de-valparaiso\/\"},\"author\":{\"name\":\"Valpara\u00edso Creativo\",\"@id\":\"https:\/\/dev.antudigital.cl\/sites\/vc\/#\/schema\/person\/c2b9da8dd545e27166fc5ab232837318\"},\"headline\":\"Lanzamiento Pymelabs de la Universidad de Valpara\u00edso\",\"datePublished\":\"2022-12-12T21:50:14+00:00\",\"dateModified\":\"2022-12-12T21:50:18+00:00\",\"mainEntityOfPage\":{\"@id\":\"https:\/\/dev.antudigital.cl\/sites\/vc\/lanzamiento-pymelabs-de-la-universidad-de-valparaiso\/\"},\"wordCount\":87,\"commentCount\":0,\"image\":{\"@id\":\"https:\/\/dev.antudigital.cl\/sites\/vc\/lanzamiento-pymelabs-de-la-universidad-de-valparaiso\/#primaryimage\"},\"thumbnailUrl\":\"https:\/\/dev.antudigital.cl\/sites\/vc\/wp-content\/uploads\/2022\/12\/maxresdefault.jpg\",\"articleSection\":[\"Noticia\"],\"inLanguage\":\"es\",\"potentialAction\":[{\"@type\":\"CommentAction\",\"name\":\"Comment\",\"target\":[\"https:\/\/dev.antudigital.cl\/sites\/vc\/lanzamiento-pymelabs-de-la-universidad-de-valparaiso\/#respond\"]}]},{\"@type\":\"WebPage\",\"@id\":\"https:\/\/dev.antudigital.cl\/sites\/vc\/lanzamiento-pymelabs-de-la-universidad-de-valparaiso\/\",\"url\":\"https:\/\/dev.antudigital.cl\/sites\/vc\/lanzamiento-pymelabs-de-la-universidad-de-valparaiso\/\",\"name\":\"Lanzamiento Pymelabs de la Universidad de Valpara\u00edso - Valpara\u00ed\u00adso Creativo\",\"isPartOf\":{\"@id\":\"https:\/\/dev.antudigital.cl\/sites\/vc\/#website\"},\"primaryImageOfPage\":{\"@id\":\"https:\/\/dev.antudigital.cl\/sites\/vc\/lanzamiento-pymelabs-de-la-universidad-de-valparaiso\/#primaryimage\"},\"image\":{\"@id\":\"https:\/\/dev.antudigital.cl\/sites\/vc\/lanzamiento-pymelabs-de-la-universidad-de-valparaiso\/#primaryimage\"},\"thumbnailUrl\":\"https:\/\/dev.antudigital.cl\/sites\/vc\/wp-content\/uploads\/2022\/12\/maxresdefault.jpg\",\"datePublished\":\"2022-12-12T21:50:14+00:00\",\"dateModified\":\"2022-12-12T21:50:18+00:00\",\"author\":{\"@id\":\"https:\/\/dev.antudigital.cl\/sites\/vc\/#\/schema\/person\/c2b9da8dd545e27166fc5ab232837318\"},\"breadcrumb\":{\"@id\":\"https:\/\/dev.antudigital.cl\/sites\/vc\/lanzamiento-pymelabs-de-la-universidad-de-valparaiso\/#breadcrumb\"},\"inLanguage\":\"es\",\"potentialAction\":[{\"@type\":\"ReadAction\",\"target\":[\"https:\/\/dev.antudigital.cl\/sites\/vc\/lanzamiento-pymelabs-de-la-universidad-de-valparaiso\/\"]}]},{\"@type\":\"ImageObject\",\"inLanguage\":\"es\",\"@id\":\"https:\/\/dev.antudigital.cl\/sites\/vc\/lanzamiento-pymelabs-de-la-universidad-de-valparaiso\/#primaryimage\",\"url\":\"https:\/\/dev.antudigital.cl\/sites\/vc\/wp-content\/uploads\/2022\/12\/maxresdefault.jpg\",\"contentUrl\":\"https:\/\/dev.antudigital.cl\/sites\/vc\/wp-content\/uploads\/2022\/12\/maxresdefault.jpg\",\"width\":1280,\"height\":720},{\"@type\":\"BreadcrumbList\",\"@id\":\"https:\/\/dev.antudigital.cl\/sites\/vc\/lanzamiento-pymelabs-de-la-universidad-de-valparaiso\/#breadcrumb\",\"itemListElement\":[{\"@type\":\"ListItem\",\"position\":1,\"name\":\"Home\",\"item\":\"https:\/\/dev.antudigital.cl\/sites\/vc\/\"},{\"@type\":\"ListItem\",\"position\":2,\"name\":\"Lanzamiento Pymelabs de la Universidad de Valpara\u00edso\"}]},{\"@type\":\"WebSite\",\"@id\":\"https:\/\/dev.antudigital.cl\/sites\/vc\/#website\",\"url\":\"https:\/\/dev.antudigital.cl\/sites\/vc\/\",\"name\":\"Valpara\u00ed\u00adso Creativo\",\"description\":\"\",\"potentialAction\":[{\"@type\":\"SearchAction\",\"target\":{\"@type\":\"EntryPoint\",\"urlTemplate\":\"https:\/\/dev.antudigital.cl\/sites\/vc\/?s={search_term_string}\"},\"query-input\":{\"@type\":\"PropertyValueSpecification\",\"valueRequired\":true,\"valueName\":\"search_term_string\"}}],\"inLanguage\":\"es\"},{\"@type\":\"Person\",\"@id\":\"https:\/\/dev.antudigital.cl\/sites\/vc\/#\/schema\/person\/c2b9da8dd545e27166fc5ab232837318\",\"name\":\"Valpara\u00edso Creativo\",\"description\":\"Periodista de cultura en la Regi\u00f3n de Valpara\u00edso.\",\"url\":\"https:\/\/dev.antudigital.cl\/sites\/vc\/author\/valpoadmin\/\"}]}<\/script>\n<!-- \/ Yoast SEO plugin. -->","yoast_head_json":{"title":"Lanzamiento Pymelabs de la Universidad de Valpara\u00edso - Valpara\u00ed\u00adso Creativo","robots":{"index":"index","follow":"follow","max-snippet":"max-snippet:-1","max-image-preview":"max-image-preview:large","max-video-preview":"max-video-preview:-1"},"canonical":"https:\/\/dev.antudigital.cl\/sites\/vc\/lanzamiento-pymelabs-de-la-universidad-de-valparaiso\/","og_locale":"es_ES","og_type":"article","og_title":"Lanzamiento Pymelabs de la Universidad de Valpara\u00edso - Valpara\u00ed\u00adso Creativo","og_description":"Este martes 13 a las 17:30hrs. ser\u00e1 el lanzamiento de los espacios PYMELABS de #100E de la Universidad de Valpara\u00edso. La actividad se realizar\u00e1 en la Vicerrector\u00eda de Vinculaci\u00f3n con el Medio, ubicada en 2 norte 802 Vi\u00f1a del Mar. Este es un proyecto que se ha estado trabajando a pulso y que habilitar\u00e1 una [&hellip;]","og_url":"https:\/\/dev.antudigital.cl\/sites\/vc\/lanzamiento-pymelabs-de-la-universidad-de-valparaiso\/","og_site_name":"Valpara\u00ed\u00adso Creativo","article_published_time":"2022-12-12T21:50:14+00:00","article_modified_time":"2022-12-12T21:50:18+00:00","og_image":[{"width":1280,"height":720,"url":"https:\/\/dev.antudigital.cl\/sites\/vc\/wp-content\/uploads\/2022\/12\/maxresdefault.jpg","type":"image\/jpeg"}],"author":"Valpara\u00edso Creativo","twitter_card":"summary_large_image","twitter_misc":{"Escrito por":"Valpara\u00edso Creativo","Tiempo de lectura":"1 minuto"},"schema":{"@context":"https:\/\/schema.org","@graph":[{"@type":"Article","@id":"https:\/\/dev.antudigital.cl\/sites\/vc\/lanzamiento-pymelabs-de-la-universidad-de-valparaiso\/#article","isPartOf":{"@id":"https:\/\/dev.antudigital.cl\/sites\/vc\/lanzamiento-pymelabs-de-la-universidad-de-valparaiso\/"},"author":{"name":"Valpara\u00edso Creativo","@id":"https:\/\/dev.antudigital.cl\/sites\/vc\/#\/schema\/person\/c2b9da8dd545e27166fc5ab232837318"},"headline":"Lanzamiento Pymelabs de la Universidad de Valpara\u00edso","datePublished":"2022-12-12T21:50:14+00:00","dateModified":"2022-12-12T21:50:18+00:00","mainEntityOfPage":{"@id":"https:\/\/dev.antudigital.cl\/sites\/vc\/lanzamiento-pymelabs-de-la-universidad-de-valparaiso\/"},"wordCount":87,"commentCount":0,"image":{"@id":"https:\/\/dev.antudigital.cl\/sites\/vc\/lanzamiento-pymelabs-de-la-universidad-de-valparaiso\/#primaryimage"},"thumbnailUrl":"https:\/\/dev.antudigital.cl\/sites\/vc\/wp-content\/uploads\/2022\/12\/maxresdefault.jpg","articleSection":["Noticia"],"inLanguage":"es","potentialAction":[{"@type":"CommentAction","name":"Comment","target":["https:\/\/dev.antudigital.cl\/sites\/vc\/lanzamiento-pymelabs-de-la-universidad-de-valparaiso\/#respond"]}]},{"@type":"WebPage","@id":"https:\/\/dev.antudigital.cl\/sites\/vc\/lanzamiento-pymelabs-de-la-universidad-de-valparaiso\/","url":"https:\/\/dev.antudigital.cl\/sites\/vc\/lanzamiento-pymelabs-de-la-universidad-de-valparaiso\/","name":"Lanzamiento Pymelabs de la Universidad de Valpara\u00edso - Valpara\u00ed\u00adso Creativo","isPartOf":{"@id":"https:\/\/dev.antudigital.cl\/sites\/vc\/#website"},"primaryImageOfPage":{"@id":"https:\/\/dev.antudigital.cl\/sites\/vc\/lanzamiento-pymelabs-de-la-universidad-de-valparaiso\/#primaryimage"},"image":{"@id":"https:\/\/dev.antudigital.cl\/sites\/vc\/lanzamiento-pymelabs-de-la-universidad-de-valparaiso\/#primaryimage"},"thumbnailUrl":"https:\/\/dev.antudigital.cl\/sites\/vc\/wp-content\/uploads\/2022\/12\/maxresdefault.jpg","datePublished":"2022-12-12T21:50:14+00:00","dateModified":"2022-12-12T21:50:18+00:00","author":{"@id":"https:\/\/dev.antudigital.cl\/sites\/vc\/#\/schema\/person\/c2b9da8dd545e27166fc5ab232837318"},"breadcrumb":{"@id":"https:\/\/dev.antudigital.cl\/sites\/vc\/lanzamiento-pymelabs-de-la-universidad-de-valparaiso\/#breadcrumb"},"inLanguage":"es","potentialAction":[{"@type":"ReadAction","target":["https:\/\/dev.antudigital.cl\/sites\/vc\/lanzamiento-pymelabs-de-la-universidad-de-valparaiso\/"]}]},{"@type":"ImageObject","inLanguage":"es","@id":"https:\/\/dev.antudigital.cl\/sites\/vc\/lanzamiento-pymelabs-de-la-universidad-de-valparaiso\/#primaryimage","url":"https:\/\/dev.antudigital.cl\/sites\/vc\/wp-content\/uploads\/2022\/12\/maxresdefault.jpg","contentUrl":"https:\/\/dev.antudigital.cl\/sites\/vc\/wp-content\/uploads\/2022\/12\/maxresdefault.jpg","width":1280,"height":720},{"@type":"BreadcrumbList","@id":"https:\/\/dev.antudigital.cl\/sites\/vc\/lanzamiento-pymelabs-de-la-universidad-de-valparaiso\/#breadcrumb","itemListElement":[{"@type":"ListItem","position":1,"name":"Home","item":"https:\/\/dev.antudigital.cl\/sites\/vc\/"},{"@type":"ListItem","position":2,"name":"Lanzamiento Pymelabs de la Universidad de Valpara\u00edso"}]},{"@type":"WebSite","@id":"https:\/\/dev.antudigital.cl\/sites\/vc\/#website","url":"https:\/\/dev.antudigital.cl\/sites\/vc\/","name":"Valpara\u00ed\u00adso Creativo","description":"","potentialAction":[{"@type":"SearchAction","target":{"@type":"EntryPoint","urlTemplate":"https:\/\/dev.antudigital.cl\/sites\/vc\/?s={search_term_string}"},"query-input":{"@type":"PropertyValueSpecification","valueRequired":true,"valueName":"search_term_string"}}],"inLanguage":"es"},{"@type":"Person","@id":"https:\/\/dev.antudigital.cl\/sites\/vc\/#\/schema\/person\/c2b9da8dd545e27166fc5ab232837318","name":"Valpara\u00edso Creativo","description":"Periodista de cultura en la Regi\u00f3n de Valpara\u00edso.","url":"https:\/\/dev.antudigital.cl\/sites\/vc\/author\/valpoadmin\/"}]}},"_links":{"self":[{"href":"https:\/\/dev.antudigital.cl\/sites\/vc\/wp-json\/wp\/v2\/posts\/12251","targetHints":{"allow":["GET"]}}],"collection":[{"href":"https:\/\/dev.antudigital.cl\/sites\/vc\/wp-json\/wp\/v2\/posts"}],"about":[{"href":"https:\/\/dev.antudigital.cl\/sites\/vc\/wp-json\/wp\/v2\/types\/post"}],"author":[{"embeddable":true,"href":"https:\/\/dev.antudigital.cl\/sites\/vc\/wp-json\/wp\/v2\/users\/1"}],"replies":[{"embeddable":true,"href":"https:\/\/dev.antudigital.cl\/sites\/vc\/wp-json\/wp\/v2\/comments?post=12251"}],"version-history":[{"count":1,"href":"https:\/\/dev.antudigital.cl\/sites\/vc\/wp-json\/wp\/v2\/posts\/12251\/revisions"}],"predecessor-version":[{"id":12254,"href":"https:\/\/dev.antudigital.cl\/sites\/vc\/wp-json\/wp\/v2\/posts\/12251\/revisions\/12254"}],"wp:featuredmedia":[{"embeddable":true,"href":"https:\/\/dev.antudigital.cl\/sites\/vc\/wp-json\/wp\/v2\/media\/12253"}],"wp:attachment":[{"href":"https:\/\/dev.antudigital.cl\/sites\/vc\/wp-json\/wp\/v2\/media?parent=12251"}],"wp:term":[{"taxonomy":"category","embeddable":true,"href":"https:\/\/dev.antudigital.cl\/sites\/vc\/wp-json\/wp\/v2\/categories?post=12251"},{"taxonomy":"post_tag","embeddable":true,"href":"https:\/\/dev.antudigital.cl\/sites\/vc\/wp-json\/wp\/v2\/tags?post=12251"}],"curies":[{"name":"wp","href":"https:\/\/api.w.org\/{rel}","templated":true}]}}