{"id":12255,"date":"2022-12-12T22:59:01","date_gmt":"2022-12-12T22:59:01","guid":{"rendered":"https:\/\/www.valparaisocreativo.cl\/?p=12255"},"modified":"2022-12-14T15:51:16","modified_gmt":"2022-12-14T15:51:16","slug":"difundiendo-el-arte-contemporaneo-desde-el-puerto-entrevista-a-valparaiso-arte-contemporaneo","status":"publish","type":"post","link":"https:\/\/dev.antudigital.cl\/sites\/vc\/difundiendo-el-arte-contemporaneo-desde-el-puerto-entrevista-a-valparaiso-arte-contemporaneo\/","title":{"rendered":"Difundiendo el arte contempor\u00e1neo desde el puerto: entrevista a Valpara\u00edso Arte Contempor\u00e1neo"},"content":{"rendered":"\n<p>Por: Valentinne Rudolphy.<\/p>\n\n\n\n<p><strong>Este viernes 16 ser\u00e1 <\/strong>el lanzamiento oficial de Valpara\u00edso Arte Contempor\u00e1neo, VAC, plataforma y red que re\u00fane a 16 espacios en torno al arte contempor\u00e1neo con sus diversas expresiones y disciplinas, y que pretende ser un aporte para la escena cultural regional.\u00a0<\/p>\n\n\n\n<p>Ante este hito, quisimos entrevistar a dos de sus miembros: Rafael Torres de Museo Baburizza y Roberto Acosta de Casaplan, quienes est\u00e1n en la directiva de VAC, que est\u00e1 conformado por <a href=\"https:\/\/www.instagram.com\/museobaburizza\/\">Museo Baburizza<\/a>, <a href=\"https:\/\/www.instagram.com\/galeriabahiautopica\/\">Galer\u00eda Bah\u00eda Ut\u00f3pica<\/a>, <a href=\"https:\/\/www.instagram.com\/judasgaleria\/\">Judas Galer\u00eda<\/a> <a href=\"https:\/\/www.instagram.com\/camaralucidachile\/\">C\u00e1mara L\u00facida,<\/a> <a href=\"https:\/\/www.instagram.com\/wormgallery\/\">Worm Gallery,<\/a> <a href=\"https:\/\/www.instagram.com\/espacio_warhola\/\">Espacio Ex Hotel Royal<\/a>, <a href=\"https:\/\/www.instagram.com\/isabel_rosas_contemporary\/\">Isabel Rosas Contemporary<\/a><a href=\"https:\/\/www.instagram.com\/parqueculturaldevalparaiso\/\">, Parque Cultural de Valpara\u00edso,<\/a> Sala el Farol, Casaplan, Colecci\u00f3n Eulogio Rojas Dur\u00e1n, Bravo Por Chile, La F\u00e1brika, Espacio Rojo, Fundaci\u00f3n Santos Ch\u00e1vez y la Galer\u00eda Municipal de Artes de Valpara\u00edso.<\/p>\n\n\n\n<p><strong>\u00bfC\u00f3mo han sido estos meses de conformaci\u00f3n de VAC?<\/strong><\/p>\n\n\n\n<p>-En junio realizamos la firma en la Municipalidad y a\u00fan estamos en tr\u00e1mites para que el Registro Civil finalmente de luz verde al inicio formal de la organizaci\u00f3n. Estamos en la \u00faltima etapa de ese proceso. En paralelo, ha sido bien din\u00e1mico todo, pues uno de los ejes de acci\u00f3n principales de acci\u00f3n que tenemos es difundir el arte contempor\u00e1neo de Valpara\u00edso dentro y fuera de la comuna y la regi\u00f3n, incluso fuera del pa\u00eds. Tuvimos instancias que nos permitieron consolidar esto un poco, que fueron dos visitas: una a Buenos Aires y otra a Bogot\u00e1, a ArteBA y ArteBO respectivamente, una misi\u00f3n de ProChile que ten\u00eda como objetivo ver los posibles mercados del arte de Valpara\u00edso fuera de Chile. Eso fue bastante significativo para saber qu\u00e9 tan bien est\u00e1 la actividad de las artes en otras ciudades, ver qu\u00e9 est\u00e1 pasando y eso arroj\u00f3 harta informaci\u00f3n que ha consolidado lo que hemos hecho con la Red. Han sido meses interesantes.<\/p>\n\n\n\n<p><strong>\u00bfC\u00f3mo fue la experiencia de estas \u201cmisiones\u201d?&nbsp;<\/strong><\/p>\n\n\n\n<p>-ProChile lanz\u00f3 una convocatoria para seis galer\u00edas de Valpara\u00edso, y de esa manera gestionamos los viajes. Esto es aparte de la conformaci\u00f3n de la Red. Cuando lo hicimos, abrimos la invitaci\u00f3n a espacios con los que nos relacionamos usualmente, y este viaje involucr\u00f3 a espacios que luego se integraron, por ejemplo, lo que ha sido muy enriquecedor.&nbsp;<\/p>\n\n\n\n<p><strong>Actualmente se encuentran en ejecuci\u00f3n de un proyecto de Comit\u00e9 Gestor con Valpara\u00edso Creativo, \u00bfde qu\u00e9 trata el proyecto?<\/strong><\/p>\n\n\n\n<p>-Nosotros postulamos a la convocatoria de Valpara\u00edso Creativo con la intenci\u00f3n de potenciar a las Industrias Creativas, donde llevamos a la mesa la presentaci\u00f3n oficial de la plataforma VAC. Queremos que la sociedad en general, en especial medios de comunicaci\u00f3n, artistas, gestores y productores &#8211; quienes observan la escena cultural de Valpara\u00edso &#8211; sepan que se cre\u00f3 esta plataforma, que tiene 16 asociados que somos muy dis\u00edmiles, entre corporaciones, fundaciones, galer\u00edas, municipios y universidades. Habla de una identidad bastante amplia y de distinta naturaleza, que confluimos en la idea de hacer de Valpara\u00edso un espacio para el arte contempor\u00e1neo de manera firme, con el respaldo de acciones como los viajes a las ferias de las que participamos, de alguna manera.&nbsp;<\/p>\n\n\n\n<p>Una vez conformados jur\u00eddicamente se nos permitir\u00e1 participar en concursabilidades y otras iniciativas. Creemos que es una s\u00faper buena instancia contarle a la comunidad de esto y que de ahora en m\u00e1s, la mirada del arte contempor\u00e1neo en Valpara\u00edso tiene un agente id\u00f3neo y propio al cual concurrir cuando sea necesario.<\/p>\n\n\n\n<p><strong>&nbsp;\u00bfQu\u00e9 hitos pueden destacar sobre esta Red que conforman hoy en d\u00eda?<\/strong><\/p>\n\n\n\n<p>-Hay algunos momentos que han sido significativos y que son importantes de visibilizar, como la reciente noticia de que Judas Galer\u00eda fue elegida como la Mejor Galer\u00eda en Feria ChACO, lo que es muy simb\u00f3lico, identificar a Valpara\u00edso como una ciudad donde efectivamente se pueden levantar proyectos con un nivel de profesionalismo alto y que decantan en estos reconocimientos. Le da valor a la red.<\/p>\n\n\n\n<p>Por otra parte, Galer\u00eda Bah\u00eda Ut\u00f3pica pudo abrir una vitrina en Par\u00eds, trabajando como galer\u00eda desde all\u00e1 tambi\u00e9n, participando en Paris Art Fair. Cabe destacar que este es el segundo o tercer a\u00f1o que viajan a Par\u00eds a mostrar artistas desde la ciudad puerto.<\/p>\n\n\n\n<p>Finalmente, Eulogio Rojas viaj\u00f3 a Art Basel en Miami, donde no fue como expositor pero s\u00ed como galerista y le extendieron una invitaci\u00f3n que significa mucho. Estos son hitos interesantes, pues difunden lo que hacemos junto a VAC.&nbsp;<\/p>\n\n\n\n<figure class=\"wp-block-image size-full\"><img fetchpriority=\"high\" decoding=\"async\" width=\"907\" height=\"585\" src=\"https:\/\/www.valparaisocreativo.cl\/wp-content\/uploads\/2022\/12\/Captura-de-Pantalla-2022-12-12-a-las-19.00.13-1.png\" alt=\"\" class=\"wp-image-12258\" srcset=\"https:\/\/dev.antudigital.cl\/sites\/vc\/wp-content\/uploads\/2022\/12\/Captura-de-Pantalla-2022-12-12-a-las-19.00.13-1.png 907w, https:\/\/dev.antudigital.cl\/sites\/vc\/wp-content\/uploads\/2022\/12\/Captura-de-Pantalla-2022-12-12-a-las-19.00.13-1-300x193.png 300w, https:\/\/dev.antudigital.cl\/sites\/vc\/wp-content\/uploads\/2022\/12\/Captura-de-Pantalla-2022-12-12-a-las-19.00.13-1-768x495.png 768w, https:\/\/dev.antudigital.cl\/sites\/vc\/wp-content\/uploads\/2022\/12\/Captura-de-Pantalla-2022-12-12-a-las-19.00.13-1-480x310.png 480w\" sizes=\"(max-width: 907px) 100vw, 907px\" \/><\/figure>\n\n\n\n<p><strong>\u00bfCu\u00e1les son sus expectativas con el lanzamiento de este viernes?<\/strong><\/p>\n\n\n\n<p>-Fundamentalmente tiene que ver con presentarse y posicionarse como plataforma, que nos agrupa a todos quienes hacemos arte contempor\u00e1neo en Valpara\u00edso. Refuerza nuestro entusiasmo por la asociatividad, que de ah\u00ed nace todo: juntarnos con una idea com\u00fan de puesta en valor y reconocimiento al trabajo que hacemos como Valpara\u00edso como ciudad del arte contempor\u00e1neo. Luego, que la gente concerniente a la materia, sepa que estamos, y que cuando busque a VAC, encontrar\u00e1 a estas 16 iniciativas que hay detr\u00e1s. <\/p>\n\n\n\n<p>Tambi\u00e9n queremos contribuir a lo que el programa hace, el reconocimiento de las industrias creativas y culturales en la ciudad. VAC suma 16 entidades y miles de metros cuadrados dedicados a la exhibici\u00f3n que tiene, en lo que va del a\u00f1o, casi 100.000 personas que van a esos lugares, y que tiene presencia nacional e internacional. Tenemos entidades de larga trayectoria y reconocimiento, por lo que se trata de decir: ac\u00e1 estamos, y de ahora en m\u00e1s somos una agrupaci\u00f3n y queremos ponernos al servicio de la comunidad art\u00edstica y el circuito de galer\u00edas, fortaleciendo a las econom\u00edas creativas, donde Valpara\u00edso tiene mucho que aportar.<\/p>\n\n\n\n<p><strong>\u00bfCreen que la conformaci\u00f3n de VAC genera un precedente en el arte contempor\u00e1neo de Valpara\u00edso?<\/strong><\/p>\n\n\n\n<p>-Esperamos que as\u00ed sea, es parte de nuestros objetivos. Han habido otras oportunidades similares, hace a\u00f1os. Hemos abierto el espectro y creo que eso se transmite. Ojal\u00e1 decirle a la gente: esta es una Red de galer\u00edas de Valpara\u00edso, y empezar a instalar la idea de que ac\u00e1 si bien pueden fallar muchas cosas, a\u00fan as\u00ed tenemos una oferta de alto nivel en t\u00e9rminos de arte contempor\u00e1neo.&nbsp;<\/p>\n\n\n\n<p>Adem\u00e1s tiene que ver con la maduraci\u00f3n de los espacios que est\u00e1n asociados. Creo que hay una madurez que permite decidir ser parte de esta plataforma y, m\u00e1s que un antes y un despu\u00e9s, es un momento de inflexi\u00f3n, ya que hay tantas instancias con proyecci\u00f3n y trabajo, que nos parece oportuno estar asociados. Esto puede ser c\u00edclico, pero de todas maneras es un aporte.&nbsp;<\/p>\n\n\n\n<p>Uno de nuestros objetivos es, ojal\u00e1, tener una feria de arte contempor\u00e1neo en Valpara\u00edso, pues ac\u00e1 se est\u00e1 trabajando en activar la antigua Bienal de arte que se hac\u00eda anteriormente, pero es diverso al formato feria, por lo que nos gustar\u00eda generar esa actividad con la institucionalidad y con el sector privado tambi\u00e9n.<\/p>\n\n\n\n<p><strong>\u00bfY cu\u00e1les son sus planes a mediano plazo?<\/strong><\/p>\n\n\n\n<p>-No hay nada definido a corto plazo, primero queremos difundir y promocionar a cada galer\u00eda y espacio. Lo m\u00e1s probable es que el 2023 podremos tener stands como VAC, idealmente, en las ferias nacionales e internacionales. Ojal\u00e1 tambi\u00e9n generar rutas que tengan que ver con el turismo y aportar en ese sentido, y mostrar al mundo lo que se hace desde Valpara\u00edso.<\/p>\n\n\n\n<p><strong>\u00bfC\u00f3mo ven a Valpara\u00edso dentro del pa\u00eds en torno al arte contempor\u00e1neo?<\/strong><\/p>\n\n\n\n<p>-Siempre ha sido una ciudad referente en temas culturales, y en lo contempor\u00e1neo creo que es parte de esa naturaleza. Se tiene el concurso de arte contempor\u00e1neo &#8211; Arte Joven &#8211; m\u00e1s longevo de Chile; tambi\u00e9n tuvo la Bienal de arte que ha sido un momento de vanguardia. Tenemos salones regionales, y much\u00edsimos festivales, lo que refiere a una b\u00fasqueda que hay ac\u00e1 en la ciudad. Tiene una riqueza y propicia el arte contempor\u00e1neo. <\/p>\n\n\n\n<p>Tambi\u00e9n tenemos artistas consagrados, por supuesto, pero el espacio de la b\u00fasqueda ac\u00e1 es algo muy natural, cuando revisamos proyectos como Worm o Judas Galer\u00eda dan con esa esencia, y hay vitrina para que cada uno muestre lo que est\u00e1 haciendo, en materia de artes. S\u00ed es Valpo el lugar, tiene referencias que la escena nacional en este sentido. Ac\u00e1 hay m\u00e1s de 60 festivales culturales al a\u00f1o, por lo que todo indica que es el lugar propicio para conformar esta red.<\/p>\n\n\n\n<p><\/p>\n\n\n\n<p>Puedes saber m\u00e1s de <a href=\"http:\/\/instagram.com\/vac.valparaiso\/\">VAC (Valpara\u00edso Arte Contempor\u00e1neo)<\/a> en sus redes sociales. <\/p>\n","protected":false},"excerpt":{"rendered":"<p>Por: Valentinne Rudolphy. Este viernes 16 ser\u00e1 el lanzamiento oficial de Valpara\u00edso Arte Contempor\u00e1neo, VAC, plataforma y red que re\u00fane a 16 espacios en torno al arte contempor\u00e1neo con sus diversas expresiones y disciplinas, y que pretende ser un aporte para la escena cultural regional.\u00a0 Ante este hito, quisimos entrevistar a dos de sus miembros: [&hellip;]<\/p>\n","protected":false},"author":1,"featured_media":12256,"comment_status":"open","ping_status":"closed","sticky":false,"template":"","format":"standard","meta":{"_acf_changed":false,"footnotes":""},"categories":[8],"tags":[],"class_list":["post-12255","post","type-post","status-publish","format-standard","has-post-thumbnail","hentry","category-noticia"],"acf":[],"yoast_head":"<!-- This site is optimized with the Yoast SEO plugin v27.1.1 - https:\/\/yoast.com\/product\/yoast-seo-wordpress\/ -->\n<title>Difundiendo el arte contempor\u00e1neo desde el puerto: entrevista a Valpara\u00edso Arte Contempor\u00e1neo - Valpara\u00ed\u00adso Creativo<\/title>\n<meta name=\"robots\" content=\"index, follow, max-snippet:-1, max-image-preview:large, max-video-preview:-1\" \/>\n<link rel=\"canonical\" href=\"https:\/\/dev.antudigital.cl\/sites\/vc\/difundiendo-el-arte-contemporaneo-desde-el-puerto-entrevista-a-valparaiso-arte-contemporaneo\/\" \/>\n<meta property=\"og:locale\" content=\"es_ES\" \/>\n<meta property=\"og:type\" content=\"article\" \/>\n<meta property=\"og:title\" content=\"Difundiendo el arte contempor\u00e1neo desde el puerto: entrevista a Valpara\u00edso Arte Contempor\u00e1neo - Valpara\u00ed\u00adso Creativo\" \/>\n<meta property=\"og:description\" content=\"Por: Valentinne Rudolphy. Este viernes 16 ser\u00e1 el lanzamiento oficial de Valpara\u00edso Arte Contempor\u00e1neo, VAC, plataforma y red que re\u00fane a 16 espacios en torno al arte contempor\u00e1neo con sus diversas expresiones y disciplinas, y que pretende ser un aporte para la escena cultural regional.\u00a0 Ante este hito, quisimos entrevistar a dos de sus miembros: [&hellip;]\" \/>\n<meta property=\"og:url\" content=\"https:\/\/dev.antudigital.cl\/sites\/vc\/difundiendo-el-arte-contemporaneo-desde-el-puerto-entrevista-a-valparaiso-arte-contemporaneo\/\" \/>\n<meta property=\"og:site_name\" content=\"Valpara\u00ed\u00adso Creativo\" \/>\n<meta property=\"article:published_time\" content=\"2022-12-12T22:59:01+00:00\" \/>\n<meta property=\"article:modified_time\" content=\"2022-12-14T15:51:16+00:00\" \/>\n<meta property=\"og:image\" content=\"https:\/\/dev.antudigital.cl\/sites\/vc\/wp-content\/uploads\/2022\/12\/Captura-de-Pantalla-2022-12-12-a-las-19.00.21.png\" \/>\n\t<meta property=\"og:image:width\" content=\"909\" \/>\n\t<meta property=\"og:image:height\" content=\"680\" \/>\n\t<meta property=\"og:image:type\" content=\"image\/png\" \/>\n<meta name=\"author\" content=\"Valpara\u00edso Creativo\" \/>\n<meta name=\"twitter:card\" content=\"summary_large_image\" \/>\n<meta name=\"twitter:label1\" content=\"Escrito por\" \/>\n\t<meta name=\"twitter:data1\" content=\"Valpara\u00edso Creativo\" \/>\n\t<meta name=\"twitter:label2\" content=\"Tiempo de lectura\" \/>\n\t<meta name=\"twitter:data2\" content=\"7 minutos\" \/>\n<script type=\"application\/ld+json\" class=\"yoast-schema-graph\">{\"@context\":\"https:\/\/schema.org\",\"@graph\":[{\"@type\":\"Article\",\"@id\":\"https:\/\/dev.antudigital.cl\/sites\/vc\/difundiendo-el-arte-contemporaneo-desde-el-puerto-entrevista-a-valparaiso-arte-contemporaneo\/#article\",\"isPartOf\":{\"@id\":\"https:\/\/dev.antudigital.cl\/sites\/vc\/difundiendo-el-arte-contemporaneo-desde-el-puerto-entrevista-a-valparaiso-arte-contemporaneo\/\"},\"author\":{\"name\":\"Valpara\u00edso Creativo\",\"@id\":\"https:\/\/dev.antudigital.cl\/sites\/vc\/#\/schema\/person\/c2b9da8dd545e27166fc5ab232837318\"},\"headline\":\"Difundiendo el arte contempor\u00e1neo desde el puerto: entrevista a Valpara\u00edso Arte Contempor\u00e1neo\",\"datePublished\":\"2022-12-12T22:59:01+00:00\",\"dateModified\":\"2022-12-14T15:51:16+00:00\",\"mainEntityOfPage\":{\"@id\":\"https:\/\/dev.antudigital.cl\/sites\/vc\/difundiendo-el-arte-contemporaneo-desde-el-puerto-entrevista-a-valparaiso-arte-contemporaneo\/\"},\"wordCount\":1498,\"commentCount\":0,\"image\":{\"@id\":\"https:\/\/dev.antudigital.cl\/sites\/vc\/difundiendo-el-arte-contemporaneo-desde-el-puerto-entrevista-a-valparaiso-arte-contemporaneo\/#primaryimage\"},\"thumbnailUrl\":\"https:\/\/dev.antudigital.cl\/sites\/vc\/wp-content\/uploads\/2022\/12\/Captura-de-Pantalla-2022-12-12-a-las-19.00.21.png\",\"articleSection\":[\"Noticia\"],\"inLanguage\":\"es\",\"potentialAction\":[{\"@type\":\"CommentAction\",\"name\":\"Comment\",\"target\":[\"https:\/\/dev.antudigital.cl\/sites\/vc\/difundiendo-el-arte-contemporaneo-desde-el-puerto-entrevista-a-valparaiso-arte-contemporaneo\/#respond\"]}]},{\"@type\":\"WebPage\",\"@id\":\"https:\/\/dev.antudigital.cl\/sites\/vc\/difundiendo-el-arte-contemporaneo-desde-el-puerto-entrevista-a-valparaiso-arte-contemporaneo\/\",\"url\":\"https:\/\/dev.antudigital.cl\/sites\/vc\/difundiendo-el-arte-contemporaneo-desde-el-puerto-entrevista-a-valparaiso-arte-contemporaneo\/\",\"name\":\"Difundiendo el arte contempor\u00e1neo desde el puerto: entrevista a Valpara\u00edso Arte Contempor\u00e1neo - Valpara\u00ed\u00adso Creativo\",\"isPartOf\":{\"@id\":\"https:\/\/dev.antudigital.cl\/sites\/vc\/#website\"},\"primaryImageOfPage\":{\"@id\":\"https:\/\/dev.antudigital.cl\/sites\/vc\/difundiendo-el-arte-contemporaneo-desde-el-puerto-entrevista-a-valparaiso-arte-contemporaneo\/#primaryimage\"},\"image\":{\"@id\":\"https:\/\/dev.antudigital.cl\/sites\/vc\/difundiendo-el-arte-contemporaneo-desde-el-puerto-entrevista-a-valparaiso-arte-contemporaneo\/#primaryimage\"},\"thumbnailUrl\":\"https:\/\/dev.antudigital.cl\/sites\/vc\/wp-content\/uploads\/2022\/12\/Captura-de-Pantalla-2022-12-12-a-las-19.00.21.png\",\"datePublished\":\"2022-12-12T22:59:01+00:00\",\"dateModified\":\"2022-12-14T15:51:16+00:00\",\"author\":{\"@id\":\"https:\/\/dev.antudigital.cl\/sites\/vc\/#\/schema\/person\/c2b9da8dd545e27166fc5ab232837318\"},\"breadcrumb\":{\"@id\":\"https:\/\/dev.antudigital.cl\/sites\/vc\/difundiendo-el-arte-contemporaneo-desde-el-puerto-entrevista-a-valparaiso-arte-contemporaneo\/#breadcrumb\"},\"inLanguage\":\"es\",\"potentialAction\":[{\"@type\":\"ReadAction\",\"target\":[\"https:\/\/dev.antudigital.cl\/sites\/vc\/difundiendo-el-arte-contemporaneo-desde-el-puerto-entrevista-a-valparaiso-arte-contemporaneo\/\"]}]},{\"@type\":\"ImageObject\",\"inLanguage\":\"es\",\"@id\":\"https:\/\/dev.antudigital.cl\/sites\/vc\/difundiendo-el-arte-contemporaneo-desde-el-puerto-entrevista-a-valparaiso-arte-contemporaneo\/#primaryimage\",\"url\":\"https:\/\/dev.antudigital.cl\/sites\/vc\/wp-content\/uploads\/2022\/12\/Captura-de-Pantalla-2022-12-12-a-las-19.00.21.png\",\"contentUrl\":\"https:\/\/dev.antudigital.cl\/sites\/vc\/wp-content\/uploads\/2022\/12\/Captura-de-Pantalla-2022-12-12-a-las-19.00.21.png\",\"width\":909,\"height\":680},{\"@type\":\"BreadcrumbList\",\"@id\":\"https:\/\/dev.antudigital.cl\/sites\/vc\/difundiendo-el-arte-contemporaneo-desde-el-puerto-entrevista-a-valparaiso-arte-contemporaneo\/#breadcrumb\",\"itemListElement\":[{\"@type\":\"ListItem\",\"position\":1,\"name\":\"Home\",\"item\":\"https:\/\/dev.antudigital.cl\/sites\/vc\/\"},{\"@type\":\"ListItem\",\"position\":2,\"name\":\"Difundiendo el arte contempor\u00e1neo desde el puerto: entrevista a Valpara\u00edso Arte Contempor\u00e1neo\"}]},{\"@type\":\"WebSite\",\"@id\":\"https:\/\/dev.antudigital.cl\/sites\/vc\/#website\",\"url\":\"https:\/\/dev.antudigital.cl\/sites\/vc\/\",\"name\":\"Valpara\u00ed\u00adso Creativo\",\"description\":\"\",\"potentialAction\":[{\"@type\":\"SearchAction\",\"target\":{\"@type\":\"EntryPoint\",\"urlTemplate\":\"https:\/\/dev.antudigital.cl\/sites\/vc\/?s={search_term_string}\"},\"query-input\":{\"@type\":\"PropertyValueSpecification\",\"valueRequired\":true,\"valueName\":\"search_term_string\"}}],\"inLanguage\":\"es\"},{\"@type\":\"Person\",\"@id\":\"https:\/\/dev.antudigital.cl\/sites\/vc\/#\/schema\/person\/c2b9da8dd545e27166fc5ab232837318\",\"name\":\"Valpara\u00edso Creativo\",\"description\":\"Periodista de cultura en la Regi\u00f3n de Valpara\u00edso.\",\"url\":\"https:\/\/dev.antudigital.cl\/sites\/vc\/author\/valpoadmin\/\"}]}<\/script>\n<!-- \/ Yoast SEO plugin. -->","yoast_head_json":{"title":"Difundiendo el arte contempor\u00e1neo desde el puerto: entrevista a Valpara\u00edso Arte Contempor\u00e1neo - Valpara\u00ed\u00adso Creativo","robots":{"index":"index","follow":"follow","max-snippet":"max-snippet:-1","max-image-preview":"max-image-preview:large","max-video-preview":"max-video-preview:-1"},"canonical":"https:\/\/dev.antudigital.cl\/sites\/vc\/difundiendo-el-arte-contemporaneo-desde-el-puerto-entrevista-a-valparaiso-arte-contemporaneo\/","og_locale":"es_ES","og_type":"article","og_title":"Difundiendo el arte contempor\u00e1neo desde el puerto: entrevista a Valpara\u00edso Arte Contempor\u00e1neo - Valpara\u00ed\u00adso Creativo","og_description":"Por: Valentinne Rudolphy. Este viernes 16 ser\u00e1 el lanzamiento oficial de Valpara\u00edso Arte Contempor\u00e1neo, VAC, plataforma y red que re\u00fane a 16 espacios en torno al arte contempor\u00e1neo con sus diversas expresiones y disciplinas, y que pretende ser un aporte para la escena cultural regional.\u00a0 Ante este hito, quisimos entrevistar a dos de sus miembros: [&hellip;]","og_url":"https:\/\/dev.antudigital.cl\/sites\/vc\/difundiendo-el-arte-contemporaneo-desde-el-puerto-entrevista-a-valparaiso-arte-contemporaneo\/","og_site_name":"Valpara\u00ed\u00adso Creativo","article_published_time":"2022-12-12T22:59:01+00:00","article_modified_time":"2022-12-14T15:51:16+00:00","og_image":[{"width":909,"height":680,"url":"https:\/\/dev.antudigital.cl\/sites\/vc\/wp-content\/uploads\/2022\/12\/Captura-de-Pantalla-2022-12-12-a-las-19.00.21.png","type":"image\/png"}],"author":"Valpara\u00edso Creativo","twitter_card":"summary_large_image","twitter_misc":{"Escrito por":"Valpara\u00edso Creativo","Tiempo de lectura":"7 minutos"},"schema":{"@context":"https:\/\/schema.org","@graph":[{"@type":"Article","@id":"https:\/\/dev.antudigital.cl\/sites\/vc\/difundiendo-el-arte-contemporaneo-desde-el-puerto-entrevista-a-valparaiso-arte-contemporaneo\/#article","isPartOf":{"@id":"https:\/\/dev.antudigital.cl\/sites\/vc\/difundiendo-el-arte-contemporaneo-desde-el-puerto-entrevista-a-valparaiso-arte-contemporaneo\/"},"author":{"name":"Valpara\u00edso Creativo","@id":"https:\/\/dev.antudigital.cl\/sites\/vc\/#\/schema\/person\/c2b9da8dd545e27166fc5ab232837318"},"headline":"Difundiendo el arte contempor\u00e1neo desde el puerto: entrevista a Valpara\u00edso Arte Contempor\u00e1neo","datePublished":"2022-12-12T22:59:01+00:00","dateModified":"2022-12-14T15:51:16+00:00","mainEntityOfPage":{"@id":"https:\/\/dev.antudigital.cl\/sites\/vc\/difundiendo-el-arte-contemporaneo-desde-el-puerto-entrevista-a-valparaiso-arte-contemporaneo\/"},"wordCount":1498,"commentCount":0,"image":{"@id":"https:\/\/dev.antudigital.cl\/sites\/vc\/difundiendo-el-arte-contemporaneo-desde-el-puerto-entrevista-a-valparaiso-arte-contemporaneo\/#primaryimage"},"thumbnailUrl":"https:\/\/dev.antudigital.cl\/sites\/vc\/wp-content\/uploads\/2022\/12\/Captura-de-Pantalla-2022-12-12-a-las-19.00.21.png","articleSection":["Noticia"],"inLanguage":"es","potentialAction":[{"@type":"CommentAction","name":"Comment","target":["https:\/\/dev.antudigital.cl\/sites\/vc\/difundiendo-el-arte-contemporaneo-desde-el-puerto-entrevista-a-valparaiso-arte-contemporaneo\/#respond"]}]},{"@type":"WebPage","@id":"https:\/\/dev.antudigital.cl\/sites\/vc\/difundiendo-el-arte-contemporaneo-desde-el-puerto-entrevista-a-valparaiso-arte-contemporaneo\/","url":"https:\/\/dev.antudigital.cl\/sites\/vc\/difundiendo-el-arte-contemporaneo-desde-el-puerto-entrevista-a-valparaiso-arte-contemporaneo\/","name":"Difundiendo el arte contempor\u00e1neo desde el puerto: entrevista a Valpara\u00edso Arte Contempor\u00e1neo - Valpara\u00ed\u00adso Creativo","isPartOf":{"@id":"https:\/\/dev.antudigital.cl\/sites\/vc\/#website"},"primaryImageOfPage":{"@id":"https:\/\/dev.antudigital.cl\/sites\/vc\/difundiendo-el-arte-contemporaneo-desde-el-puerto-entrevista-a-valparaiso-arte-contemporaneo\/#primaryimage"},"image":{"@id":"https:\/\/dev.antudigital.cl\/sites\/vc\/difundiendo-el-arte-contemporaneo-desde-el-puerto-entrevista-a-valparaiso-arte-contemporaneo\/#primaryimage"},"thumbnailUrl":"https:\/\/dev.antudigital.cl\/sites\/vc\/wp-content\/uploads\/2022\/12\/Captura-de-Pantalla-2022-12-12-a-las-19.00.21.png","datePublished":"2022-12-12T22:59:01+00:00","dateModified":"2022-12-14T15:51:16+00:00","author":{"@id":"https:\/\/dev.antudigital.cl\/sites\/vc\/#\/schema\/person\/c2b9da8dd545e27166fc5ab232837318"},"breadcrumb":{"@id":"https:\/\/dev.antudigital.cl\/sites\/vc\/difundiendo-el-arte-contemporaneo-desde-el-puerto-entrevista-a-valparaiso-arte-contemporaneo\/#breadcrumb"},"inLanguage":"es","potentialAction":[{"@type":"ReadAction","target":["https:\/\/dev.antudigital.cl\/sites\/vc\/difundiendo-el-arte-contemporaneo-desde-el-puerto-entrevista-a-valparaiso-arte-contemporaneo\/"]}]},{"@type":"ImageObject","inLanguage":"es","@id":"https:\/\/dev.antudigital.cl\/sites\/vc\/difundiendo-el-arte-contemporaneo-desde-el-puerto-entrevista-a-valparaiso-arte-contemporaneo\/#primaryimage","url":"https:\/\/dev.antudigital.cl\/sites\/vc\/wp-content\/uploads\/2022\/12\/Captura-de-Pantalla-2022-12-12-a-las-19.00.21.png","contentUrl":"https:\/\/dev.antudigital.cl\/sites\/vc\/wp-content\/uploads\/2022\/12\/Captura-de-Pantalla-2022-12-12-a-las-19.00.21.png","width":909,"height":680},{"@type":"BreadcrumbList","@id":"https:\/\/dev.antudigital.cl\/sites\/vc\/difundiendo-el-arte-contemporaneo-desde-el-puerto-entrevista-a-valparaiso-arte-contemporaneo\/#breadcrumb","itemListElement":[{"@type":"ListItem","position":1,"name":"Home","item":"https:\/\/dev.antudigital.cl\/sites\/vc\/"},{"@type":"ListItem","position":2,"name":"Difundiendo el arte contempor\u00e1neo desde el puerto: entrevista a Valpara\u00edso Arte Contempor\u00e1neo"}]},{"@type":"WebSite","@id":"https:\/\/dev.antudigital.cl\/sites\/vc\/#website","url":"https:\/\/dev.antudigital.cl\/sites\/vc\/","name":"Valpara\u00ed\u00adso Creativo","description":"","potentialAction":[{"@type":"SearchAction","target":{"@type":"EntryPoint","urlTemplate":"https:\/\/dev.antudigital.cl\/sites\/vc\/?s={search_term_string}"},"query-input":{"@type":"PropertyValueSpecification","valueRequired":true,"valueName":"search_term_string"}}],"inLanguage":"es"},{"@type":"Person","@id":"https:\/\/dev.antudigital.cl\/sites\/vc\/#\/schema\/person\/c2b9da8dd545e27166fc5ab232837318","name":"Valpara\u00edso Creativo","description":"Periodista de cultura en la Regi\u00f3n de Valpara\u00edso.","url":"https:\/\/dev.antudigital.cl\/sites\/vc\/author\/valpoadmin\/"}]}},"_links":{"self":[{"href":"https:\/\/dev.antudigital.cl\/sites\/vc\/wp-json\/wp\/v2\/posts\/12255","targetHints":{"allow":["GET"]}}],"collection":[{"href":"https:\/\/dev.antudigital.cl\/sites\/vc\/wp-json\/wp\/v2\/posts"}],"about":[{"href":"https:\/\/dev.antudigital.cl\/sites\/vc\/wp-json\/wp\/v2\/types\/post"}],"author":[{"embeddable":true,"href":"https:\/\/dev.antudigital.cl\/sites\/vc\/wp-json\/wp\/v2\/users\/1"}],"replies":[{"embeddable":true,"href":"https:\/\/dev.antudigital.cl\/sites\/vc\/wp-json\/wp\/v2\/comments?post=12255"}],"version-history":[{"count":4,"href":"https:\/\/dev.antudigital.cl\/sites\/vc\/wp-json\/wp\/v2\/posts\/12255\/revisions"}],"predecessor-version":[{"id":12262,"href":"https:\/\/dev.antudigital.cl\/sites\/vc\/wp-json\/wp\/v2\/posts\/12255\/revisions\/12262"}],"wp:featuredmedia":[{"embeddable":true,"href":"https:\/\/dev.antudigital.cl\/sites\/vc\/wp-json\/wp\/v2\/media\/12256"}],"wp:attachment":[{"href":"https:\/\/dev.antudigital.cl\/sites\/vc\/wp-json\/wp\/v2\/media?parent=12255"}],"wp:term":[{"taxonomy":"category","embeddable":true,"href":"https:\/\/dev.antudigital.cl\/sites\/vc\/wp-json\/wp\/v2\/categories?post=12255"},{"taxonomy":"post_tag","embeddable":true,"href":"https:\/\/dev.antudigital.cl\/sites\/vc\/wp-json\/wp\/v2\/tags?post=12255"}],"curies":[{"name":"wp","href":"https:\/\/api.w.org\/{rel}","templated":true}]}}