{"id":12264,"date":"2022-12-20T00:48:28","date_gmt":"2022-12-20T00:48:28","guid":{"rendered":"https:\/\/www.valparaisocreativo.cl\/?p=12264"},"modified":"2022-12-20T02:42:09","modified_gmt":"2022-12-20T02:42:09","slug":"reconociendo-patrimonio-maritimo","status":"publish","type":"post","link":"https:\/\/dev.antudigital.cl\/sites\/vc\/reconociendo-patrimonio-maritimo\/","title":{"rendered":"Reconociendo patrimonio mar\u00edtimo"},"content":{"rendered":"\n<p><em>Por: Valentinne Rudolphy<\/em><\/p>\n\n\n\n<p><em>Fotograf\u00eda de: Rodolfo Mu\u00f1oz<\/em><\/p>\n\n\n\n<p><strong>Mar\u00eda Jos\u00e9 Larrondo participa desde el 2013 en el Centro Interdisciplinario de Estudios Oce\u00e1nicos de la Universidad de Valpara\u00edso. Desde ac\u00e1 buscan siempre impulsar instancias que acerquen a la comunidad al mar, y ahora se vincularon con Valpara\u00edso Creativo a trav\u00e9s del proyecto Fragmentos de Mar. Hablamos en profundidad de esto con ella:<\/strong><\/p>\n\n\n\n<p><strong>Puedes contarnos un poco sobre c\u00f3mo naci\u00f3 esta ruta tur\u00edstica de naufragios, proyecto que se est\u00e1 desarrollando a trav\u00e9s del Comit\u00e9 Gestor de Valpara\u00edso Creativo.<\/strong><\/p>\n\n\n\n<p>-Yo pertenezco al Centro Interdisciplinarios de Estudios Oce\u00e1nicos de la Universidad de Valpara\u00edso. Y ah\u00ed apoyo hace tiempo de maneras distintas, y desde que los conozco ten\u00edan esta idea, que primero se plasm\u00f3 en un libro, que lo hizo un historiador, que tiene que ver justo con los naufragios que en alg\u00fan momento quedaron en tierra, cuando Valpara\u00edso le gana terreno al mar. Se comenz\u00f3 con una idea que en su momento no lleg\u00f3 a puerto, pero quedamos con las ganas de armar esta ruta.&nbsp;<\/p>\n\n\n\n<p>Aparte continuamos trabajando con la ruta de los naufragios pero por mar, lo que ten\u00eda por objetivo dar a conocer el patrimonio oce\u00e1nico de la ciudad, y darla a entender como una comuna mar\u00edtima, y no solo vincularla con los cerros o el puerto.&nbsp;<\/p>\n\n\n\n<p>Desde hace tiempo con Ernesto G\u00f3mez del Centro, quer\u00edamos hacer esta ruta por tierra, colocando algo en el espacio p\u00fablico que nos vinculara con la comunidad. Que no termine como una placa m\u00e1s que nadie entiende. Y buscamos de qu\u00e9 manera hacer esto, generando algo en el entorno. Surgi\u00f3 la posibilidad entonces de postular con Valpara\u00edso Creativo, lo que nos permite entender estos naufragios no solo como puntos en un plano, sino tambi\u00e9n a trav\u00e9s de estos puntos, generar socios estrat\u00e9gicos alrededor de los naufragios para contar su historia. A la vez, armar rutas donde estos actores den a conocer otros lugares, armando una actividad tur\u00edstica m\u00e1s amplia.\u00a0\u00a0Esto a trav\u00e9s de rutas complementadas por c\u00f3digos QR que estar\u00edan en diversas locaciones.<\/p>\n\n\n\n<p>Lo entretenido es que, hablar de naufragios tiene mucho de t\u00e9cnico, como el libro que est\u00e1 publicado, lo que es un poco alejado de la comunidad, y queremos llegar a ella haci\u00e9ndolo m\u00e1s entretenido, desde lo arquitect\u00f3nico y m\u00e1s que nos hacen entender c\u00f3mo la ciudad creci\u00f3 desde el mar.&nbsp;<\/p>\n\n\n\n<p>Queremos motivar a que desde la tierra reconozcamos la ciudad en el mar. El circuito empieza en el Muelle Prat y termina en el Muelle Bar\u00f3n.<\/p>\n\n\n\n<p><strong>Como lo ven ustedes, \u00bfesta ciudad se vincula al mar o no? \u00bfo c\u00f3mo se vincula?<\/strong><\/p>\n\n\n\n<p>-Yo siento que vendemos la vista al mar, desde una perspectiva inmobiliaria, pero somos una ciudad oce\u00e1nica: tenemos dos puntos por donde salir al mar, del centro hist\u00f3rico donde por ejemplo est\u00e1 el Muelle Bar\u00f3n como polo deportivo, lo que no explotamos tanto ni conocemos demasiado. Por el Muelle Prat lo mismo, y hay que empezar a reconocernos como ciudad oce\u00e1nica, de eso mismo da cuenta que nos vinculemos con otros proyectos.&nbsp;<\/p>\n\n\n\n<p>Pretendemos tambi\u00e9n generar una cooperativa de actores que ocupan el mar, que son parte de la actividad oce\u00e1nica, como Waterman por ejemplo, y que finalmente los desconocemos o los utilizamos muy poco.&nbsp;<\/p>\n\n\n\n<p><strong>\u00bfCon qu\u00e9 otros actores se est\u00e1n vinculando con este proyecto?<\/strong><\/p>\n\n\n\n<p>-En este sentido los actores a\u00fan est\u00e1n en etapa de gesti\u00f3n, pero por ejemplo, uno de los naufragios est\u00e1 en Urriola y buscamos actores que est\u00e1n cerca de este sector como restaurantes u otros, para relacionarnos con ellos. Asimismo con la Direcci\u00f3n de Vinculaci\u00f3n con el Medio de la USM, que est\u00e1 ubicado en la Bolsa de Valores, que tiene una gran historia portuaria.<\/p>\n\n\n\n<p>Tambi\u00e9n hay tres naufragios que est\u00e1n en la zona de la Biblioteca Sever\u00edn, donde la biblioteca tambi\u00e9n podr\u00eda ser un actor estrat\u00e9gico que visitar. Queremos utilizar actores que ya tienen un valor agregado y vincularlos a otros. Son actores que est\u00e1n en el territorio, y que se pueden relacionar entre s\u00ed.&nbsp;<\/p>\n\n\n\n<p>El actor m\u00e1s importante ser\u00eda en el punto de mayor valor de esta ruta tur\u00edstica es el naufragio de la Primera Esmeralda, que est\u00e1 en el Museo de Sitio en la plaza Sotomayor. Ellos tienen un proyecto de recuperaci\u00f3n junto a la Corporaci\u00f3n de Patrimonio Mar\u00edtimo, donde han puesto en valor la historia de manera arqueol\u00f3gica, ya que hay restos de la embarcaci\u00f3n. Entonces de esa manera estamos relacion\u00e1ndonos para hacer cosas juntos. Hay que recordar que ac\u00e1 fue el primer puerto de Valpara\u00edso, entonces es un punto que tiene mucho relato, en un sitio patrimonial que tiene que ver con el puerto del S. XIX, no con la ciudad actual: y en eso est\u00e1 su riqueza, es un fragmento de mar que cuenta de un Valpara\u00edso mar\u00edtimo, no habla de los cerros.&nbsp;<\/p>\n\n\n\n<p>Apuntamos a dar a conocer muchos temas de manera simple, para acercar a la comunidad al mar, en un lenguaje mucho m\u00e1s simple para motivar a reconocerse como ciudad.<\/p>\n\n\n\n<p><strong>En ese sentido, \u00bfcu\u00e1l es el impacto que Fragmentos del mar tiene para la ciudadan\u00eda?<\/strong><\/p>\n\n\n\n<p>-El impacto principalmente es volver a conocerse desde relatos hist\u00f3ricos como una ciudad de mar, que tiene que ver con reconocer a trav\u00e9s de datos hist\u00f3ricos cu\u00e1l era ese v\u00ednculo con el mar y salir por estos dos puntos de salida al mar que tenemos y descubrirlos. Es una invitaci\u00f3n a volver al agua.<\/p>\n\n\n\n<p><strong>\u00bfCu\u00e1l es el prop\u00f3sito del Centro Interdisciplinario de Estudios de la UV?<\/strong><\/p>\n\n\n\n<p>-Principalmente se trata de un grupo de profesionales de diversas disciplinas, dirigido por Ernesto G\u00f3mez, donde hay bi\u00f3logos marinos, est\u00e1 la Armada, hay arque\u00f3logos, y todos buscamos a trav\u00e9s de este patrimonio oce\u00e1nico (todos sus atributos) y reconocernos no como una angosta franja de tierra, sino como un ancho y enorme oc\u00e9ano. Somos un pa\u00eds tricontinental, y eso no lo reconocemos como nuestro. Ah\u00ed est\u00e1 nuestra funci\u00f3n. No es s\u00f3lo una costa, sino que llegamos tambi\u00e9n a la Ant\u00e1rtida y Rapa Nui, somos un todo.<\/p>\n\n\n\n<p><\/p>\n\n\n\n<p>* Actualmente el proyecto sigue en desarrollo, estaremos anunciando m\u00e1s a trav\u00e9s de nuestras comunicaciones.<\/p>\n","protected":false},"excerpt":{"rendered":"<p>Por: Valentinne Rudolphy Fotograf\u00eda de: Rodolfo Mu\u00f1oz Mar\u00eda Jos\u00e9 Larrondo participa desde el 2013 en el Centro Interdisciplinario de Estudios Oce\u00e1nicos de la Universidad de Valpara\u00edso. Desde ac\u00e1 buscan siempre impulsar instancias que acerquen a la comunidad al mar, y ahora se vincularon con Valpara\u00edso Creativo a trav\u00e9s del proyecto Fragmentos de Mar. Hablamos en [&hellip;]<\/p>\n","protected":false},"author":1,"featured_media":12266,"comment_status":"open","ping_status":"closed","sticky":false,"template":"","format":"standard","meta":{"_acf_changed":false,"footnotes":""},"categories":[8],"tags":[],"class_list":["post-12264","post","type-post","status-publish","format-standard","has-post-thumbnail","hentry","category-noticia"],"acf":[],"yoast_head":"<!-- This site is optimized with the Yoast SEO plugin v27.1.1 - https:\/\/yoast.com\/product\/yoast-seo-wordpress\/ -->\n<title>Reconociendo patrimonio mar\u00edtimo - Valpara\u00ed\u00adso Creativo<\/title>\n<meta name=\"robots\" content=\"index, follow, max-snippet:-1, max-image-preview:large, max-video-preview:-1\" \/>\n<link rel=\"canonical\" href=\"https:\/\/dev.antudigital.cl\/sites\/vc\/reconociendo-patrimonio-maritimo\/\" \/>\n<meta property=\"og:locale\" content=\"es_ES\" \/>\n<meta property=\"og:type\" content=\"article\" \/>\n<meta property=\"og:title\" content=\"Reconociendo patrimonio mar\u00edtimo - Valpara\u00ed\u00adso Creativo\" \/>\n<meta property=\"og:description\" content=\"Por: Valentinne Rudolphy Fotograf\u00eda de: Rodolfo Mu\u00f1oz Mar\u00eda Jos\u00e9 Larrondo participa desde el 2013 en el Centro Interdisciplinario de Estudios Oce\u00e1nicos de la Universidad de Valpara\u00edso. Desde ac\u00e1 buscan siempre impulsar instancias que acerquen a la comunidad al mar, y ahora se vincularon con Valpara\u00edso Creativo a trav\u00e9s del proyecto Fragmentos de Mar. Hablamos en [&hellip;]\" \/>\n<meta property=\"og:url\" content=\"https:\/\/dev.antudigital.cl\/sites\/vc\/reconociendo-patrimonio-maritimo\/\" \/>\n<meta property=\"og:site_name\" content=\"Valpara\u00ed\u00adso Creativo\" \/>\n<meta property=\"article:published_time\" content=\"2022-12-20T00:48:28+00:00\" \/>\n<meta property=\"article:modified_time\" content=\"2022-12-20T02:42:09+00:00\" \/>\n<meta property=\"og:image\" content=\"https:\/\/dev.antudigital.cl\/sites\/vc\/wp-content\/uploads\/2022\/12\/PRIMERA-ENTREGA-17-scaled.jpg\" \/>\n\t<meta property=\"og:image:width\" content=\"2560\" \/>\n\t<meta property=\"og:image:height\" content=\"1707\" \/>\n\t<meta property=\"og:image:type\" content=\"image\/jpeg\" \/>\n<meta name=\"author\" content=\"Valpara\u00edso Creativo\" \/>\n<meta name=\"twitter:card\" content=\"summary_large_image\" \/>\n<meta name=\"twitter:label1\" content=\"Escrito por\" \/>\n\t<meta name=\"twitter:data1\" content=\"Valpara\u00edso Creativo\" \/>\n\t<meta name=\"twitter:label2\" content=\"Tiempo de lectura\" \/>\n\t<meta name=\"twitter:data2\" content=\"5 minutos\" \/>\n<script type=\"application\/ld+json\" class=\"yoast-schema-graph\">{\"@context\":\"https:\/\/schema.org\",\"@graph\":[{\"@type\":\"Article\",\"@id\":\"https:\/\/dev.antudigital.cl\/sites\/vc\/reconociendo-patrimonio-maritimo\/#article\",\"isPartOf\":{\"@id\":\"https:\/\/dev.antudigital.cl\/sites\/vc\/reconociendo-patrimonio-maritimo\/\"},\"author\":{\"name\":\"Valpara\u00edso Creativo\",\"@id\":\"https:\/\/dev.antudigital.cl\/sites\/vc\/#\/schema\/person\/c2b9da8dd545e27166fc5ab232837318\"},\"headline\":\"Reconociendo patrimonio mar\u00edtimo\",\"datePublished\":\"2022-12-20T00:48:28+00:00\",\"dateModified\":\"2022-12-20T02:42:09+00:00\",\"mainEntityOfPage\":{\"@id\":\"https:\/\/dev.antudigital.cl\/sites\/vc\/reconociendo-patrimonio-maritimo\/\"},\"wordCount\":1105,\"commentCount\":0,\"image\":{\"@id\":\"https:\/\/dev.antudigital.cl\/sites\/vc\/reconociendo-patrimonio-maritimo\/#primaryimage\"},\"thumbnailUrl\":\"https:\/\/dev.antudigital.cl\/sites\/vc\/wp-content\/uploads\/2022\/12\/PRIMERA-ENTREGA-17-scaled.jpg\",\"articleSection\":[\"Noticia\"],\"inLanguage\":\"es\",\"potentialAction\":[{\"@type\":\"CommentAction\",\"name\":\"Comment\",\"target\":[\"https:\/\/dev.antudigital.cl\/sites\/vc\/reconociendo-patrimonio-maritimo\/#respond\"]}]},{\"@type\":\"WebPage\",\"@id\":\"https:\/\/dev.antudigital.cl\/sites\/vc\/reconociendo-patrimonio-maritimo\/\",\"url\":\"https:\/\/dev.antudigital.cl\/sites\/vc\/reconociendo-patrimonio-maritimo\/\",\"name\":\"Reconociendo patrimonio mar\u00edtimo - Valpara\u00ed\u00adso Creativo\",\"isPartOf\":{\"@id\":\"https:\/\/dev.antudigital.cl\/sites\/vc\/#website\"},\"primaryImageOfPage\":{\"@id\":\"https:\/\/dev.antudigital.cl\/sites\/vc\/reconociendo-patrimonio-maritimo\/#primaryimage\"},\"image\":{\"@id\":\"https:\/\/dev.antudigital.cl\/sites\/vc\/reconociendo-patrimonio-maritimo\/#primaryimage\"},\"thumbnailUrl\":\"https:\/\/dev.antudigital.cl\/sites\/vc\/wp-content\/uploads\/2022\/12\/PRIMERA-ENTREGA-17-scaled.jpg\",\"datePublished\":\"2022-12-20T00:48:28+00:00\",\"dateModified\":\"2022-12-20T02:42:09+00:00\",\"author\":{\"@id\":\"https:\/\/dev.antudigital.cl\/sites\/vc\/#\/schema\/person\/c2b9da8dd545e27166fc5ab232837318\"},\"breadcrumb\":{\"@id\":\"https:\/\/dev.antudigital.cl\/sites\/vc\/reconociendo-patrimonio-maritimo\/#breadcrumb\"},\"inLanguage\":\"es\",\"potentialAction\":[{\"@type\":\"ReadAction\",\"target\":[\"https:\/\/dev.antudigital.cl\/sites\/vc\/reconociendo-patrimonio-maritimo\/\"]}]},{\"@type\":\"ImageObject\",\"inLanguage\":\"es\",\"@id\":\"https:\/\/dev.antudigital.cl\/sites\/vc\/reconociendo-patrimonio-maritimo\/#primaryimage\",\"url\":\"https:\/\/dev.antudigital.cl\/sites\/vc\/wp-content\/uploads\/2022\/12\/PRIMERA-ENTREGA-17-scaled.jpg\",\"contentUrl\":\"https:\/\/dev.antudigital.cl\/sites\/vc\/wp-content\/uploads\/2022\/12\/PRIMERA-ENTREGA-17-scaled.jpg\",\"width\":2560,\"height\":1707},{\"@type\":\"BreadcrumbList\",\"@id\":\"https:\/\/dev.antudigital.cl\/sites\/vc\/reconociendo-patrimonio-maritimo\/#breadcrumb\",\"itemListElement\":[{\"@type\":\"ListItem\",\"position\":1,\"name\":\"Home\",\"item\":\"https:\/\/dev.antudigital.cl\/sites\/vc\/\"},{\"@type\":\"ListItem\",\"position\":2,\"name\":\"Reconociendo patrimonio mar\u00edtimo\"}]},{\"@type\":\"WebSite\",\"@id\":\"https:\/\/dev.antudigital.cl\/sites\/vc\/#website\",\"url\":\"https:\/\/dev.antudigital.cl\/sites\/vc\/\",\"name\":\"Valpara\u00ed\u00adso Creativo\",\"description\":\"\",\"potentialAction\":[{\"@type\":\"SearchAction\",\"target\":{\"@type\":\"EntryPoint\",\"urlTemplate\":\"https:\/\/dev.antudigital.cl\/sites\/vc\/?s={search_term_string}\"},\"query-input\":{\"@type\":\"PropertyValueSpecification\",\"valueRequired\":true,\"valueName\":\"search_term_string\"}}],\"inLanguage\":\"es\"},{\"@type\":\"Person\",\"@id\":\"https:\/\/dev.antudigital.cl\/sites\/vc\/#\/schema\/person\/c2b9da8dd545e27166fc5ab232837318\",\"name\":\"Valpara\u00edso Creativo\",\"description\":\"Periodista de cultura en la Regi\u00f3n de Valpara\u00edso.\",\"url\":\"https:\/\/dev.antudigital.cl\/sites\/vc\/author\/valpoadmin\/\"}]}<\/script>\n<!-- \/ Yoast SEO plugin. -->","yoast_head_json":{"title":"Reconociendo patrimonio mar\u00edtimo - Valpara\u00ed\u00adso Creativo","robots":{"index":"index","follow":"follow","max-snippet":"max-snippet:-1","max-image-preview":"max-image-preview:large","max-video-preview":"max-video-preview:-1"},"canonical":"https:\/\/dev.antudigital.cl\/sites\/vc\/reconociendo-patrimonio-maritimo\/","og_locale":"es_ES","og_type":"article","og_title":"Reconociendo patrimonio mar\u00edtimo - Valpara\u00ed\u00adso Creativo","og_description":"Por: Valentinne Rudolphy Fotograf\u00eda de: Rodolfo Mu\u00f1oz Mar\u00eda Jos\u00e9 Larrondo participa desde el 2013 en el Centro Interdisciplinario de Estudios Oce\u00e1nicos de la Universidad de Valpara\u00edso. Desde ac\u00e1 buscan siempre impulsar instancias que acerquen a la comunidad al mar, y ahora se vincularon con Valpara\u00edso Creativo a trav\u00e9s del proyecto Fragmentos de Mar. Hablamos en [&hellip;]","og_url":"https:\/\/dev.antudigital.cl\/sites\/vc\/reconociendo-patrimonio-maritimo\/","og_site_name":"Valpara\u00ed\u00adso Creativo","article_published_time":"2022-12-20T00:48:28+00:00","article_modified_time":"2022-12-20T02:42:09+00:00","og_image":[{"width":2560,"height":1707,"url":"https:\/\/dev.antudigital.cl\/sites\/vc\/wp-content\/uploads\/2022\/12\/PRIMERA-ENTREGA-17-scaled.jpg","type":"image\/jpeg"}],"author":"Valpara\u00edso Creativo","twitter_card":"summary_large_image","twitter_misc":{"Escrito por":"Valpara\u00edso Creativo","Tiempo de lectura":"5 minutos"},"schema":{"@context":"https:\/\/schema.org","@graph":[{"@type":"Article","@id":"https:\/\/dev.antudigital.cl\/sites\/vc\/reconociendo-patrimonio-maritimo\/#article","isPartOf":{"@id":"https:\/\/dev.antudigital.cl\/sites\/vc\/reconociendo-patrimonio-maritimo\/"},"author":{"name":"Valpara\u00edso Creativo","@id":"https:\/\/dev.antudigital.cl\/sites\/vc\/#\/schema\/person\/c2b9da8dd545e27166fc5ab232837318"},"headline":"Reconociendo patrimonio mar\u00edtimo","datePublished":"2022-12-20T00:48:28+00:00","dateModified":"2022-12-20T02:42:09+00:00","mainEntityOfPage":{"@id":"https:\/\/dev.antudigital.cl\/sites\/vc\/reconociendo-patrimonio-maritimo\/"},"wordCount":1105,"commentCount":0,"image":{"@id":"https:\/\/dev.antudigital.cl\/sites\/vc\/reconociendo-patrimonio-maritimo\/#primaryimage"},"thumbnailUrl":"https:\/\/dev.antudigital.cl\/sites\/vc\/wp-content\/uploads\/2022\/12\/PRIMERA-ENTREGA-17-scaled.jpg","articleSection":["Noticia"],"inLanguage":"es","potentialAction":[{"@type":"CommentAction","name":"Comment","target":["https:\/\/dev.antudigital.cl\/sites\/vc\/reconociendo-patrimonio-maritimo\/#respond"]}]},{"@type":"WebPage","@id":"https:\/\/dev.antudigital.cl\/sites\/vc\/reconociendo-patrimonio-maritimo\/","url":"https:\/\/dev.antudigital.cl\/sites\/vc\/reconociendo-patrimonio-maritimo\/","name":"Reconociendo patrimonio mar\u00edtimo - Valpara\u00ed\u00adso Creativo","isPartOf":{"@id":"https:\/\/dev.antudigital.cl\/sites\/vc\/#website"},"primaryImageOfPage":{"@id":"https:\/\/dev.antudigital.cl\/sites\/vc\/reconociendo-patrimonio-maritimo\/#primaryimage"},"image":{"@id":"https:\/\/dev.antudigital.cl\/sites\/vc\/reconociendo-patrimonio-maritimo\/#primaryimage"},"thumbnailUrl":"https:\/\/dev.antudigital.cl\/sites\/vc\/wp-content\/uploads\/2022\/12\/PRIMERA-ENTREGA-17-scaled.jpg","datePublished":"2022-12-20T00:48:28+00:00","dateModified":"2022-12-20T02:42:09+00:00","author":{"@id":"https:\/\/dev.antudigital.cl\/sites\/vc\/#\/schema\/person\/c2b9da8dd545e27166fc5ab232837318"},"breadcrumb":{"@id":"https:\/\/dev.antudigital.cl\/sites\/vc\/reconociendo-patrimonio-maritimo\/#breadcrumb"},"inLanguage":"es","potentialAction":[{"@type":"ReadAction","target":["https:\/\/dev.antudigital.cl\/sites\/vc\/reconociendo-patrimonio-maritimo\/"]}]},{"@type":"ImageObject","inLanguage":"es","@id":"https:\/\/dev.antudigital.cl\/sites\/vc\/reconociendo-patrimonio-maritimo\/#primaryimage","url":"https:\/\/dev.antudigital.cl\/sites\/vc\/wp-content\/uploads\/2022\/12\/PRIMERA-ENTREGA-17-scaled.jpg","contentUrl":"https:\/\/dev.antudigital.cl\/sites\/vc\/wp-content\/uploads\/2022\/12\/PRIMERA-ENTREGA-17-scaled.jpg","width":2560,"height":1707},{"@type":"BreadcrumbList","@id":"https:\/\/dev.antudigital.cl\/sites\/vc\/reconociendo-patrimonio-maritimo\/#breadcrumb","itemListElement":[{"@type":"ListItem","position":1,"name":"Home","item":"https:\/\/dev.antudigital.cl\/sites\/vc\/"},{"@type":"ListItem","position":2,"name":"Reconociendo patrimonio mar\u00edtimo"}]},{"@type":"WebSite","@id":"https:\/\/dev.antudigital.cl\/sites\/vc\/#website","url":"https:\/\/dev.antudigital.cl\/sites\/vc\/","name":"Valpara\u00ed\u00adso Creativo","description":"","potentialAction":[{"@type":"SearchAction","target":{"@type":"EntryPoint","urlTemplate":"https:\/\/dev.antudigital.cl\/sites\/vc\/?s={search_term_string}"},"query-input":{"@type":"PropertyValueSpecification","valueRequired":true,"valueName":"search_term_string"}}],"inLanguage":"es"},{"@type":"Person","@id":"https:\/\/dev.antudigital.cl\/sites\/vc\/#\/schema\/person\/c2b9da8dd545e27166fc5ab232837318","name":"Valpara\u00edso Creativo","description":"Periodista de cultura en la Regi\u00f3n de Valpara\u00edso.","url":"https:\/\/dev.antudigital.cl\/sites\/vc\/author\/valpoadmin\/"}]}},"_links":{"self":[{"href":"https:\/\/dev.antudigital.cl\/sites\/vc\/wp-json\/wp\/v2\/posts\/12264","targetHints":{"allow":["GET"]}}],"collection":[{"href":"https:\/\/dev.antudigital.cl\/sites\/vc\/wp-json\/wp\/v2\/posts"}],"about":[{"href":"https:\/\/dev.antudigital.cl\/sites\/vc\/wp-json\/wp\/v2\/types\/post"}],"author":[{"embeddable":true,"href":"https:\/\/dev.antudigital.cl\/sites\/vc\/wp-json\/wp\/v2\/users\/1"}],"replies":[{"embeddable":true,"href":"https:\/\/dev.antudigital.cl\/sites\/vc\/wp-json\/wp\/v2\/comments?post=12264"}],"version-history":[{"count":3,"href":"https:\/\/dev.antudigital.cl\/sites\/vc\/wp-json\/wp\/v2\/posts\/12264\/revisions"}],"predecessor-version":[{"id":12295,"href":"https:\/\/dev.antudigital.cl\/sites\/vc\/wp-json\/wp\/v2\/posts\/12264\/revisions\/12295"}],"wp:featuredmedia":[{"embeddable":true,"href":"https:\/\/dev.antudigital.cl\/sites\/vc\/wp-json\/wp\/v2\/media\/12266"}],"wp:attachment":[{"href":"https:\/\/dev.antudigital.cl\/sites\/vc\/wp-json\/wp\/v2\/media?parent=12264"}],"wp:term":[{"taxonomy":"category","embeddable":true,"href":"https:\/\/dev.antudigital.cl\/sites\/vc\/wp-json\/wp\/v2\/categories?post=12264"},{"taxonomy":"post_tag","embeddable":true,"href":"https:\/\/dev.antudigital.cl\/sites\/vc\/wp-json\/wp\/v2\/tags?post=12264"}],"curies":[{"name":"wp","href":"https:\/\/api.w.org\/{rel}","templated":true}]}}